{"id":1101,"date":"2017-01-25T10:29:01","date_gmt":"2017-01-25T08:29:01","guid":{"rendered":"https:\/\/magdacesti.md\/?p=1101"},"modified":"2017-01-25T10:29:01","modified_gmt":"2017-01-25T08:29:01","slug":"camere-de-supraveghere-pe-strazile-din-magdacesti","status":"publish","type":"post","link":"https:\/\/magdacesti.md\/?p=1101","title":{"rendered":"Camere de supraveghere pe str\u0103zile din M\u0103gd\u0103ce\u0219ti"},"content":{"rendered":"<p><a href=\"https:\/\/magdacesti.md\/wp-content\/uploads\/2017\/01\/CAMERE.jpg\"><img loading=\"lazy\" decoding=\"async\" class=\"alignleft wp-image-1102\" style=\"border: 0pt none; float: left; padding-right: 10px; padding-bottom: 10px;\" src=\"https:\/\/magdacesti.md\/wp-content\/uploads\/2017\/01\/CAMERE-300x225.jpg\" alt=\"\" width=\"372\" height=\"279\" \/><\/a>\u00a0 Primarul satului M\u0103gd\u0103ce\u0219ti, Liuba Cojocaru, a convocat pe 24.01.2017 o \u0219edin\u021b\u0103 \u00een cadrul Prim\u0103riei, cu un grup de consilieri \u0219i func\u021bionari publici, unde s-a discutat despre proiectul instal\u0103rii camerelor de supraveghere pe \u00eentreg teritoriul satului.<br \/>\nPrima etap\u0103 a proiectului, constituie montarea camerelor pe traiectul celor 3 intr\u0103ri \u00een sat \u0219i pe intersec\u021biile centrale ale localit\u0103\u021bii. Aici, sunt zonele cele mai aglomerate, motiv pentru care decizia de montare a unor dispozitive de supraveghere este necesar\u0103. Administra\u021bia public\u0103 local\u0103 are ca obiectiv prioritar, \u00eembun\u0103t\u0103\u021birea siguran\u021bei cet\u0103\u021benilor, reducerea num\u0103rului de infrac\u021biuni \u0219i men\u021binerea ordinii publice. Astfel, camerele de supraveghere, sunt considerate ca fiind solu\u021bii eficiente \u0219i sigure.<\/p>\n","protected":false},"excerpt":{"rendered":"<p>\u00a0 Primarul satului M\u0103gd\u0103ce\u0219ti, Liuba Cojocaru, a convocat pe 24.01.2017 o \u0219edin\u021b\u0103 \u00een cadrul Prim\u0103riei, cu un grup de consilieri \u0219i func\u021bionari publici, unde s-a discutat despre proiectul instal\u0103rii camerelor de supraveghere pe \u00eentreg teritoriul satului. Prima etap\u0103 a proiectului, constituie montarea camerelor pe traiectul celor 3 intr\u0103ri \u00een sat \u0219i pe intersec\u021biile centrale ale [&#8230;]\n","protected":false},"author":1,"featured_media":0,"comment_status":"closed","ping_status":"closed","sticky":false,"template":"","format":"standard","meta":{"ngg_post_thumbnail":0,"footnotes":""},"categories":[4],"tags":[],"class_list":["post-1101","post","type-post","status-publish","format-standard","hentry","category-stiri"],"yoast_head":"<!-- This site is optimized with the Yoast SEO plugin v23.3 - https:\/\/yoast.com\/wordpress\/plugins\/seo\/ -->\n<title>Camere de supraveghere pe str\u0103zile din M\u0103gd\u0103ce\u0219ti - M\u0103gd\u0103ce\u0219ti<\/title>\n<meta name=\"description\" content=\"Bine ati venit pe pagina oficiala a Primariei Magdacesti.\" \/>\n<meta name=\"robots\" content=\"index, follow, max-snippet:-1, max-image-preview:large, max-video-preview:-1\" \/>\n<link rel=\"canonical\" href=\"https:\/\/magdacesti.md\/?p=1101\" \/>\n<meta property=\"og:locale\" content=\"en_US\" \/>\n<meta property=\"og:type\" content=\"article\" \/>\n<meta property=\"og:title\" content=\"Camere de supraveghere pe str\u0103zile din M\u0103gd\u0103ce\u0219ti - M\u0103gd\u0103ce\u0219ti\" \/>\n<meta property=\"og:description\" content=\"Bine ati venit pe pagina oficiala a Primariei Magdacesti.\" \/>\n<meta property=\"og:url\" content=\"https:\/\/magdacesti.md\/?p=1101\" \/>\n<meta property=\"og:site_name\" content=\"M\u0103gd\u0103ce\u0219ti\" \/>\n<meta property=\"article:publisher\" content=\"https:\/\/www.facebook.com\/magdacesti.md\/\" \/>\n<meta property=\"article:published_time\" content=\"2017-01-25T08:29:01+00:00\" \/>\n<meta property=\"og:image\" content=\"https:\/\/magdacesti.md\/wp-content\/uploads\/2017\/01\/CAMERE-300x225.jpg\" \/>\n<meta name=\"author\" content=\"magdacesti\" \/>\n<meta name=\"twitter:card\" content=\"summary_large_image\" \/>\n<meta name=\"twitter:label1\" content=\"Written by\" \/>\n\t<meta name=\"twitter:data1\" content=\"magdacesti\" \/>\n\t<meta name=\"twitter:label2\" content=\"Est. reading time\" \/>\n\t<meta name=\"twitter:data2\" content=\"1 minute\" \/>\n<script type=\"application\/ld+json\" class=\"yoast-schema-graph\">{\"@context\":\"https:\/\/schema.org\",\"@graph\":[{\"@type\":\"Article\",\"@id\":\"https:\/\/magdacesti.md\/?p=1101#article\",\"isPartOf\":{\"@id\":\"https:\/\/magdacesti.md\/?p=1101\"},\"author\":{\"name\":\"magdacesti\",\"@id\":\"https:\/\/magdacesti.md\/#\/schema\/person\/ee6a6d0a5f0b0cb676ac992c8e414842\"},\"headline\":\"Camere de supraveghere pe str\u0103zile din M\u0103gd\u0103ce\u0219ti\",\"datePublished\":\"2017-01-25T08:29:01+00:00\",\"dateModified\":\"2017-01-25T08:29:01+00:00\",\"mainEntityOfPage\":{\"@id\":\"https:\/\/magdacesti.md\/?p=1101\"},\"wordCount\":131,\"publisher\":{\"@id\":\"https:\/\/magdacesti.md\/#organization\"},\"image\":{\"@id\":\"https:\/\/magdacesti.md\/?p=1101#primaryimage\"},\"thumbnailUrl\":\"https:\/\/magdacesti.md\/wp-content\/uploads\/2017\/01\/CAMERE-300x225.jpg\",\"articleSection\":[\"Stiri\"],\"inLanguage\":\"en-US\"},{\"@type\":\"WebPage\",\"@id\":\"https:\/\/magdacesti.md\/?p=1101\",\"url\":\"https:\/\/magdacesti.md\/?p=1101\",\"name\":\"Camere de supraveghere pe str\u0103zile din M\u0103gd\u0103ce\u0219ti - M\u0103gd\u0103ce\u0219ti\",\"isPartOf\":{\"@id\":\"https:\/\/magdacesti.md\/#website\"},\"primaryImageOfPage\":{\"@id\":\"https:\/\/magdacesti.md\/?p=1101#primaryimage\"},\"image\":{\"@id\":\"https:\/\/magdacesti.md\/?p=1101#primaryimage\"},\"thumbnailUrl\":\"https:\/\/magdacesti.md\/wp-content\/uploads\/2017\/01\/CAMERE-300x225.jpg\",\"datePublished\":\"2017-01-25T08:29:01+00:00\",\"dateModified\":\"2017-01-25T08:29:01+00:00\",\"description\":\"Bine ati venit pe pagina oficiala a Primariei Magdacesti.\",\"breadcrumb\":{\"@id\":\"https:\/\/magdacesti.md\/?p=1101#breadcrumb\"},\"inLanguage\":\"en-US\",\"potentialAction\":[{\"@type\":\"ReadAction\",\"target\":[\"https:\/\/magdacesti.md\/?p=1101\"]}]},{\"@type\":\"ImageObject\",\"inLanguage\":\"en-US\",\"@id\":\"https:\/\/magdacesti.md\/?p=1101#primaryimage\",\"url\":\"https:\/\/magdacesti.md\/wp-content\/uploads\/2017\/01\/CAMERE-300x225.jpg\",\"contentUrl\":\"https:\/\/magdacesti.md\/wp-content\/uploads\/2017\/01\/CAMERE-300x225.jpg\"},{\"@type\":\"BreadcrumbList\",\"@id\":\"https:\/\/magdacesti.md\/?p=1101#breadcrumb\",\"itemListElement\":[{\"@type\":\"ListItem\",\"position\":1,\"name\":\"Home\",\"item\":\"https:\/\/magdacesti.md\/\"},{\"@type\":\"ListItem\",\"position\":2,\"name\":\"Camere de supraveghere pe str\u0103zile din M\u0103gd\u0103ce\u0219ti\"}]},{\"@type\":\"WebSite\",\"@id\":\"https:\/\/magdacesti.md\/#website\",\"url\":\"https:\/\/magdacesti.md\/\",\"name\":\"M\u0103gd\u0103ce\u0219ti\",\"description\":\"Un or\u0103\u0219el cu condi\u021bii decente de trai!\",\"publisher\":{\"@id\":\"https:\/\/magdacesti.md\/#organization\"},\"potentialAction\":[{\"@type\":\"SearchAction\",\"target\":{\"@type\":\"EntryPoint\",\"urlTemplate\":\"https:\/\/magdacesti.md\/?s={search_term_string}\"},\"query-input\":\"required name=search_term_string\"}],\"inLanguage\":\"en-US\"},{\"@type\":\"Organization\",\"@id\":\"https:\/\/magdacesti.md\/#organization\",\"name\":\"M\u0103gd\u0103ce\u0219ti\",\"url\":\"https:\/\/magdacesti.md\/\",\"logo\":{\"@type\":\"ImageObject\",\"inLanguage\":\"en-US\",\"@id\":\"https:\/\/magdacesti.md\/#\/schema\/logo\/image\/\",\"url\":\"https:\/\/magdacesti.md\/wp-content\/uploads\/2021\/03\/Foto-514-scaled.jpg\",\"contentUrl\":\"https:\/\/magdacesti.md\/wp-content\/uploads\/2021\/03\/Foto-514-scaled.jpg\",\"width\":2560,\"height\":1707,\"caption\":\"M\u0103gd\u0103ce\u0219ti\"},\"image\":{\"@id\":\"https:\/\/magdacesti.md\/#\/schema\/logo\/image\/\"},\"sameAs\":[\"https:\/\/www.facebook.com\/magdacesti.md\/\"]},{\"@type\":\"Person\",\"@id\":\"https:\/\/magdacesti.md\/#\/schema\/person\/ee6a6d0a5f0b0cb676ac992c8e414842\",\"name\":\"magdacesti\",\"sameAs\":[\"https:\/\/magdacesti.md\"],\"url\":\"https:\/\/magdacesti.md\/?author=1\"}]}<\/script>\n<!-- \/ Yoast SEO plugin. -->","yoast_head_json":{"title":"Camere de supraveghere pe str\u0103zile din M\u0103gd\u0103ce\u0219ti - M\u0103gd\u0103ce\u0219ti","description":"Bine ati venit pe pagina oficiala a Primariei Magdacesti.","robots":{"index":"index","follow":"follow","max-snippet":"max-snippet:-1","max-image-preview":"max-image-preview:large","max-video-preview":"max-video-preview:-1"},"canonical":"https:\/\/magdacesti.md\/?p=1101","og_locale":"en_US","og_type":"article","og_title":"Camere de supraveghere pe str\u0103zile din M\u0103gd\u0103ce\u0219ti - M\u0103gd\u0103ce\u0219ti","og_description":"Bine ati venit pe pagina oficiala a Primariei Magdacesti.","og_url":"https:\/\/magdacesti.md\/?p=1101","og_site_name":"M\u0103gd\u0103ce\u0219ti","article_publisher":"https:\/\/www.facebook.com\/magdacesti.md\/","article_published_time":"2017-01-25T08:29:01+00:00","og_image":[{"url":"https:\/\/magdacesti.md\/wp-content\/uploads\/2017\/01\/CAMERE-300x225.jpg"}],"author":"magdacesti","twitter_card":"summary_large_image","twitter_misc":{"Written by":"magdacesti","Est. reading time":"1 minute"},"schema":{"@context":"https:\/\/schema.org","@graph":[{"@type":"Article","@id":"https:\/\/magdacesti.md\/?p=1101#article","isPartOf":{"@id":"https:\/\/magdacesti.md\/?p=1101"},"author":{"name":"magdacesti","@id":"https:\/\/magdacesti.md\/#\/schema\/person\/ee6a6d0a5f0b0cb676ac992c8e414842"},"headline":"Camere de supraveghere pe str\u0103zile din M\u0103gd\u0103ce\u0219ti","datePublished":"2017-01-25T08:29:01+00:00","dateModified":"2017-01-25T08:29:01+00:00","mainEntityOfPage":{"@id":"https:\/\/magdacesti.md\/?p=1101"},"wordCount":131,"publisher":{"@id":"https:\/\/magdacesti.md\/#organization"},"image":{"@id":"https:\/\/magdacesti.md\/?p=1101#primaryimage"},"thumbnailUrl":"https:\/\/magdacesti.md\/wp-content\/uploads\/2017\/01\/CAMERE-300x225.jpg","articleSection":["Stiri"],"inLanguage":"en-US"},{"@type":"WebPage","@id":"https:\/\/magdacesti.md\/?p=1101","url":"https:\/\/magdacesti.md\/?p=1101","name":"Camere de supraveghere pe str\u0103zile din M\u0103gd\u0103ce\u0219ti - M\u0103gd\u0103ce\u0219ti","isPartOf":{"@id":"https:\/\/magdacesti.md\/#website"},"primaryImageOfPage":{"@id":"https:\/\/magdacesti.md\/?p=1101#primaryimage"},"image":{"@id":"https:\/\/magdacesti.md\/?p=1101#primaryimage"},"thumbnailUrl":"https:\/\/magdacesti.md\/wp-content\/uploads\/2017\/01\/CAMERE-300x225.jpg","datePublished":"2017-01-25T08:29:01+00:00","dateModified":"2017-01-25T08:29:01+00:00","description":"Bine ati venit pe pagina oficiala a Primariei Magdacesti.","breadcrumb":{"@id":"https:\/\/magdacesti.md\/?p=1101#breadcrumb"},"inLanguage":"en-US","potentialAction":[{"@type":"ReadAction","target":["https:\/\/magdacesti.md\/?p=1101"]}]},{"@type":"ImageObject","inLanguage":"en-US","@id":"https:\/\/magdacesti.md\/?p=1101#primaryimage","url":"https:\/\/magdacesti.md\/wp-content\/uploads\/2017\/01\/CAMERE-300x225.jpg","contentUrl":"https:\/\/magdacesti.md\/wp-content\/uploads\/2017\/01\/CAMERE-300x225.jpg"},{"@type":"BreadcrumbList","@id":"https:\/\/magdacesti.md\/?p=1101#breadcrumb","itemListElement":[{"@type":"ListItem","position":1,"name":"Home","item":"https:\/\/magdacesti.md\/"},{"@type":"ListItem","position":2,"name":"Camere de supraveghere pe str\u0103zile din M\u0103gd\u0103ce\u0219ti"}]},{"@type":"WebSite","@id":"https:\/\/magdacesti.md\/#website","url":"https:\/\/magdacesti.md\/","name":"M\u0103gd\u0103ce\u0219ti","description":"Un or\u0103\u0219el cu condi\u021bii decente de trai!","publisher":{"@id":"https:\/\/magdacesti.md\/#organization"},"potentialAction":[{"@type":"SearchAction","target":{"@type":"EntryPoint","urlTemplate":"https:\/\/magdacesti.md\/?s={search_term_string}"},"query-input":"required name=search_term_string"}],"inLanguage":"en-US"},{"@type":"Organization","@id":"https:\/\/magdacesti.md\/#organization","name":"M\u0103gd\u0103ce\u0219ti","url":"https:\/\/magdacesti.md\/","logo":{"@type":"ImageObject","inLanguage":"en-US","@id":"https:\/\/magdacesti.md\/#\/schema\/logo\/image\/","url":"https:\/\/magdacesti.md\/wp-content\/uploads\/2021\/03\/Foto-514-scaled.jpg","contentUrl":"https:\/\/magdacesti.md\/wp-content\/uploads\/2021\/03\/Foto-514-scaled.jpg","width":2560,"height":1707,"caption":"M\u0103gd\u0103ce\u0219ti"},"image":{"@id":"https:\/\/magdacesti.md\/#\/schema\/logo\/image\/"},"sameAs":["https:\/\/www.facebook.com\/magdacesti.md\/"]},{"@type":"Person","@id":"https:\/\/magdacesti.md\/#\/schema\/person\/ee6a6d0a5f0b0cb676ac992c8e414842","name":"magdacesti","sameAs":["https:\/\/magdacesti.md"],"url":"https:\/\/magdacesti.md\/?author=1"}]}},"_links":{"self":[{"href":"https:\/\/magdacesti.md\/index.php?rest_route=\/wp\/v2\/posts\/1101","targetHints":{"allow":["GET"]}}],"collection":[{"href":"https:\/\/magdacesti.md\/index.php?rest_route=\/wp\/v2\/posts"}],"about":[{"href":"https:\/\/magdacesti.md\/index.php?rest_route=\/wp\/v2\/types\/post"}],"author":[{"embeddable":true,"href":"https:\/\/magdacesti.md\/index.php?rest_route=\/wp\/v2\/users\/1"}],"replies":[{"embeddable":true,"href":"https:\/\/magdacesti.md\/index.php?rest_route=%2Fwp%2Fv2%2Fcomments&post=1101"}],"version-history":[{"count":0,"href":"https:\/\/magdacesti.md\/index.php?rest_route=\/wp\/v2\/posts\/1101\/revisions"}],"wp:attachment":[{"href":"https:\/\/magdacesti.md\/index.php?rest_route=%2Fwp%2Fv2%2Fmedia&parent=1101"}],"wp:term":[{"taxonomy":"category","embeddable":true,"href":"https:\/\/magdacesti.md\/index.php?rest_route=%2Fwp%2Fv2%2Fcategories&post=1101"},{"taxonomy":"post_tag","embeddable":true,"href":"https:\/\/magdacesti.md\/index.php?rest_route=%2Fwp%2Fv2%2Ftags&post=1101"}],"curies":[{"name":"wp","href":"https:\/\/api.w.org\/{rel}","templated":true}]}}