{"id":1107,"date":"2017-01-25T10:51:02","date_gmt":"2017-01-25T08:51:02","guid":{"rendered":"https:\/\/magdacesti.md\/?p=1107"},"modified":"2017-01-25T10:51:02","modified_gmt":"2017-01-25T08:51:02","slug":"garda-populara-siguranta-cetatenilor","status":"publish","type":"post","link":"https:\/\/magdacesti.md\/?p=1107","title":{"rendered":"Garda popular\u0103 &#8211; siguran\u021ba cet\u0103\u021benilor!"},"content":{"rendered":"<p><a href=\"https:\/\/magdacesti.md\/wp-content\/uploads\/2017\/01\/dima1640_2874771.jpg\"><img loading=\"lazy\" decoding=\"async\" class=\"alignleft wp-image-1108\" style=\"border: 15pt none; float: left; padding-right: 10px; padding-bottom: 0px; padding-top: 5px;\" src=\"https:\/\/magdacesti.md\/wp-content\/uploads\/2017\/01\/dima1640_2874771-300x200.jpg\" alt=\"\" width=\"318\" height=\"226\" \/><\/a>Pe parcursul anului 2016, \u00een localitatea noastr\u0103 s-a \u00eenregistrat o cre\u0219tere a num\u0103rului de infrac\u021biuni stradale, comparativ cu anii preceden\u021bi. Aceste fapte pun \u00een pericol siguran\u021ba locuitorilor, dar \u0219i imaginea satului nostru.<br \/>\nAdministra\u021bia public\u0103 local\u0103 \u00eempreun\u0103 cu Sectorul de Poli\u021bie, fac un apel c\u0103tre dumneavoastr\u0103, de a constitui &#8220;Garda popular\u0103&#8221; a satului M\u0103gd\u0103ce\u0219ti. Rug\u0103m to\u021bi doritorii de a se \u00eenscrie \u00een acest proiect, s\u0103 v\u0103 prezenta\u021bi la prim\u0103rie, pentru a implimenta un plan de ac\u021biuni. \u00cen baza cererilor personale, pot fi \u00eenrola\u021bi, to\u021bi cet\u0103\u0163enii de la v\u00e2rsta de 18 ani care, din punctul de vedere al s\u0103n\u0103t\u0103\u0163ii, al calit\u0103\u0163ilor profesionale \u015fi morale, sunt capabili s\u0103 \u00eendeplineasc\u0103 sarcinile \u00eencredin\u0163ate.<\/p>\n<p>G\u0103rzile populare sunt o ini\u021biativ\u0103 a societ\u0103\u021bii civile \u0219i nu se subordoneaz\u0103 poli\u021biei, este doar la nivel de colaborare. Membrii g\u0103rzilor sunt instrui\u021bi \u0219i li se ofer\u0103 informa\u021biile necesare la poli\u021bie \u0219i merg, de obicei, cu agen\u021bi de poli\u021bie \u00een teritoriu. Nu exist\u0103 o or\u0103 sau un regim de lucru, acestea se stabilesc implicit de membrii g\u0103rzilor.<br \/>\nAcest sistem va func\u021biona conform legisla\u021biei \u00een vigoare pentru asigurarea securit\u0103\u021bii cet\u0103\u021benilor, cu sus\u021binerea tuturor organelor de drept.<\/p>\n","protected":false},"excerpt":{"rendered":"<p>Pe parcursul anului 2016, \u00een localitatea noastr\u0103 s-a \u00eenregistrat o cre\u0219tere a num\u0103rului de infrac\u021biuni stradale, comparativ cu anii preceden\u021bi. Aceste fapte pun \u00een pericol siguran\u021ba locuitorilor, dar \u0219i imaginea satului nostru. Administra\u021bia public\u0103 local\u0103 \u00eempreun\u0103 cu Sectorul de Poli\u021bie, fac un apel c\u0103tre dumneavoastr\u0103, de a constitui &#8220;Garda popular\u0103&#8221; a satului M\u0103gd\u0103ce\u0219ti. Rug\u0103m to\u021bi [&#8230;]\n","protected":false},"author":1,"featured_media":0,"comment_status":"closed","ping_status":"closed","sticky":false,"template":"","format":"standard","meta":{"ngg_post_thumbnail":0,"footnotes":""},"categories":[4],"tags":[],"class_list":["post-1107","post","type-post","status-publish","format-standard","hentry","category-stiri"],"yoast_head":"<!-- This site is optimized with the Yoast SEO plugin v23.3 - https:\/\/yoast.com\/wordpress\/plugins\/seo\/ -->\n<title>Garda popular\u0103 - siguran\u021ba cet\u0103\u021benilor! - M\u0103gd\u0103ce\u0219ti<\/title>\n<meta name=\"description\" content=\"Bine ati venit pe pagina oficiala a Primariei Magdacesti.\" \/>\n<meta name=\"robots\" content=\"index, follow, max-snippet:-1, max-image-preview:large, max-video-preview:-1\" \/>\n<link rel=\"canonical\" href=\"https:\/\/magdacesti.md\/?p=1107\" \/>\n<meta property=\"og:locale\" content=\"en_US\" \/>\n<meta property=\"og:type\" content=\"article\" \/>\n<meta property=\"og:title\" content=\"Garda popular\u0103 - siguran\u021ba cet\u0103\u021benilor! - M\u0103gd\u0103ce\u0219ti\" \/>\n<meta property=\"og:description\" content=\"Bine ati venit pe pagina oficiala a Primariei Magdacesti.\" \/>\n<meta property=\"og:url\" content=\"https:\/\/magdacesti.md\/?p=1107\" \/>\n<meta property=\"og:site_name\" content=\"M\u0103gd\u0103ce\u0219ti\" \/>\n<meta property=\"article:publisher\" content=\"https:\/\/www.facebook.com\/magdacesti.md\/\" \/>\n<meta property=\"article:published_time\" content=\"2017-01-25T08:51:02+00:00\" \/>\n<meta property=\"og:image\" content=\"https:\/\/magdacesti.md\/wp-content\/uploads\/2017\/01\/dima1640_2874771-300x200.jpg\" \/>\n<meta name=\"author\" content=\"magdacesti\" \/>\n<meta name=\"twitter:card\" content=\"summary_large_image\" \/>\n<meta name=\"twitter:label1\" content=\"Written by\" \/>\n\t<meta name=\"twitter:data1\" content=\"magdacesti\" \/>\n\t<meta name=\"twitter:label2\" content=\"Est. reading time\" \/>\n\t<meta name=\"twitter:data2\" content=\"1 minute\" \/>\n<script type=\"application\/ld+json\" class=\"yoast-schema-graph\">{\"@context\":\"https:\/\/schema.org\",\"@graph\":[{\"@type\":\"Article\",\"@id\":\"https:\/\/magdacesti.md\/?p=1107#article\",\"isPartOf\":{\"@id\":\"https:\/\/magdacesti.md\/?p=1107\"},\"author\":{\"name\":\"magdacesti\",\"@id\":\"https:\/\/magdacesti.md\/#\/schema\/person\/ee6a6d0a5f0b0cb676ac992c8e414842\"},\"headline\":\"Garda popular\u0103 &#8211; siguran\u021ba cet\u0103\u021benilor!\",\"datePublished\":\"2017-01-25T08:51:02+00:00\",\"dateModified\":\"2017-01-25T08:51:02+00:00\",\"mainEntityOfPage\":{\"@id\":\"https:\/\/magdacesti.md\/?p=1107\"},\"wordCount\":229,\"publisher\":{\"@id\":\"https:\/\/magdacesti.md\/#organization\"},\"image\":{\"@id\":\"https:\/\/magdacesti.md\/?p=1107#primaryimage\"},\"thumbnailUrl\":\"https:\/\/magdacesti.md\/wp-content\/uploads\/2017\/01\/dima1640_2874771-300x200.jpg\",\"articleSection\":[\"Stiri\"],\"inLanguage\":\"en-US\"},{\"@type\":\"WebPage\",\"@id\":\"https:\/\/magdacesti.md\/?p=1107\",\"url\":\"https:\/\/magdacesti.md\/?p=1107\",\"name\":\"Garda popular\u0103 - siguran\u021ba cet\u0103\u021benilor! - M\u0103gd\u0103ce\u0219ti\",\"isPartOf\":{\"@id\":\"https:\/\/magdacesti.md\/#website\"},\"primaryImageOfPage\":{\"@id\":\"https:\/\/magdacesti.md\/?p=1107#primaryimage\"},\"image\":{\"@id\":\"https:\/\/magdacesti.md\/?p=1107#primaryimage\"},\"thumbnailUrl\":\"https:\/\/magdacesti.md\/wp-content\/uploads\/2017\/01\/dima1640_2874771-300x200.jpg\",\"datePublished\":\"2017-01-25T08:51:02+00:00\",\"dateModified\":\"2017-01-25T08:51:02+00:00\",\"description\":\"Bine ati venit pe pagina oficiala a Primariei Magdacesti.\",\"breadcrumb\":{\"@id\":\"https:\/\/magdacesti.md\/?p=1107#breadcrumb\"},\"inLanguage\":\"en-US\",\"potentialAction\":[{\"@type\":\"ReadAction\",\"target\":[\"https:\/\/magdacesti.md\/?p=1107\"]}]},{\"@type\":\"ImageObject\",\"inLanguage\":\"en-US\",\"@id\":\"https:\/\/magdacesti.md\/?p=1107#primaryimage\",\"url\":\"https:\/\/magdacesti.md\/wp-content\/uploads\/2017\/01\/dima1640_2874771-300x200.jpg\",\"contentUrl\":\"https:\/\/magdacesti.md\/wp-content\/uploads\/2017\/01\/dima1640_2874771-300x200.jpg\"},{\"@type\":\"BreadcrumbList\",\"@id\":\"https:\/\/magdacesti.md\/?p=1107#breadcrumb\",\"itemListElement\":[{\"@type\":\"ListItem\",\"position\":1,\"name\":\"Home\",\"item\":\"https:\/\/magdacesti.md\/\"},{\"@type\":\"ListItem\",\"position\":2,\"name\":\"Garda popular\u0103 &#8211; siguran\u021ba cet\u0103\u021benilor!\"}]},{\"@type\":\"WebSite\",\"@id\":\"https:\/\/magdacesti.md\/#website\",\"url\":\"https:\/\/magdacesti.md\/\",\"name\":\"M\u0103gd\u0103ce\u0219ti\",\"description\":\"Un or\u0103\u0219el cu condi\u021bii decente de trai!\",\"publisher\":{\"@id\":\"https:\/\/magdacesti.md\/#organization\"},\"potentialAction\":[{\"@type\":\"SearchAction\",\"target\":{\"@type\":\"EntryPoint\",\"urlTemplate\":\"https:\/\/magdacesti.md\/?s={search_term_string}\"},\"query-input\":\"required name=search_term_string\"}],\"inLanguage\":\"en-US\"},{\"@type\":\"Organization\",\"@id\":\"https:\/\/magdacesti.md\/#organization\",\"name\":\"M\u0103gd\u0103ce\u0219ti\",\"url\":\"https:\/\/magdacesti.md\/\",\"logo\":{\"@type\":\"ImageObject\",\"inLanguage\":\"en-US\",\"@id\":\"https:\/\/magdacesti.md\/#\/schema\/logo\/image\/\",\"url\":\"https:\/\/magdacesti.md\/wp-content\/uploads\/2021\/03\/Foto-514-scaled.jpg\",\"contentUrl\":\"https:\/\/magdacesti.md\/wp-content\/uploads\/2021\/03\/Foto-514-scaled.jpg\",\"width\":2560,\"height\":1707,\"caption\":\"M\u0103gd\u0103ce\u0219ti\"},\"image\":{\"@id\":\"https:\/\/magdacesti.md\/#\/schema\/logo\/image\/\"},\"sameAs\":[\"https:\/\/www.facebook.com\/magdacesti.md\/\"]},{\"@type\":\"Person\",\"@id\":\"https:\/\/magdacesti.md\/#\/schema\/person\/ee6a6d0a5f0b0cb676ac992c8e414842\",\"name\":\"magdacesti\",\"sameAs\":[\"https:\/\/magdacesti.md\"],\"url\":\"https:\/\/magdacesti.md\/?author=1\"}]}<\/script>\n<!-- \/ Yoast SEO plugin. -->","yoast_head_json":{"title":"Garda popular\u0103 - siguran\u021ba cet\u0103\u021benilor! - M\u0103gd\u0103ce\u0219ti","description":"Bine ati venit pe pagina oficiala a Primariei Magdacesti.","robots":{"index":"index","follow":"follow","max-snippet":"max-snippet:-1","max-image-preview":"max-image-preview:large","max-video-preview":"max-video-preview:-1"},"canonical":"https:\/\/magdacesti.md\/?p=1107","og_locale":"en_US","og_type":"article","og_title":"Garda popular\u0103 - siguran\u021ba cet\u0103\u021benilor! - M\u0103gd\u0103ce\u0219ti","og_description":"Bine ati venit pe pagina oficiala a Primariei Magdacesti.","og_url":"https:\/\/magdacesti.md\/?p=1107","og_site_name":"M\u0103gd\u0103ce\u0219ti","article_publisher":"https:\/\/www.facebook.com\/magdacesti.md\/","article_published_time":"2017-01-25T08:51:02+00:00","og_image":[{"url":"https:\/\/magdacesti.md\/wp-content\/uploads\/2017\/01\/dima1640_2874771-300x200.jpg"}],"author":"magdacesti","twitter_card":"summary_large_image","twitter_misc":{"Written by":"magdacesti","Est. reading time":"1 minute"},"schema":{"@context":"https:\/\/schema.org","@graph":[{"@type":"Article","@id":"https:\/\/magdacesti.md\/?p=1107#article","isPartOf":{"@id":"https:\/\/magdacesti.md\/?p=1107"},"author":{"name":"magdacesti","@id":"https:\/\/magdacesti.md\/#\/schema\/person\/ee6a6d0a5f0b0cb676ac992c8e414842"},"headline":"Garda popular\u0103 &#8211; siguran\u021ba cet\u0103\u021benilor!","datePublished":"2017-01-25T08:51:02+00:00","dateModified":"2017-01-25T08:51:02+00:00","mainEntityOfPage":{"@id":"https:\/\/magdacesti.md\/?p=1107"},"wordCount":229,"publisher":{"@id":"https:\/\/magdacesti.md\/#organization"},"image":{"@id":"https:\/\/magdacesti.md\/?p=1107#primaryimage"},"thumbnailUrl":"https:\/\/magdacesti.md\/wp-content\/uploads\/2017\/01\/dima1640_2874771-300x200.jpg","articleSection":["Stiri"],"inLanguage":"en-US"},{"@type":"WebPage","@id":"https:\/\/magdacesti.md\/?p=1107","url":"https:\/\/magdacesti.md\/?p=1107","name":"Garda popular\u0103 - siguran\u021ba cet\u0103\u021benilor! - M\u0103gd\u0103ce\u0219ti","isPartOf":{"@id":"https:\/\/magdacesti.md\/#website"},"primaryImageOfPage":{"@id":"https:\/\/magdacesti.md\/?p=1107#primaryimage"},"image":{"@id":"https:\/\/magdacesti.md\/?p=1107#primaryimage"},"thumbnailUrl":"https:\/\/magdacesti.md\/wp-content\/uploads\/2017\/01\/dima1640_2874771-300x200.jpg","datePublished":"2017-01-25T08:51:02+00:00","dateModified":"2017-01-25T08:51:02+00:00","description":"Bine ati venit pe pagina oficiala a Primariei Magdacesti.","breadcrumb":{"@id":"https:\/\/magdacesti.md\/?p=1107#breadcrumb"},"inLanguage":"en-US","potentialAction":[{"@type":"ReadAction","target":["https:\/\/magdacesti.md\/?p=1107"]}]},{"@type":"ImageObject","inLanguage":"en-US","@id":"https:\/\/magdacesti.md\/?p=1107#primaryimage","url":"https:\/\/magdacesti.md\/wp-content\/uploads\/2017\/01\/dima1640_2874771-300x200.jpg","contentUrl":"https:\/\/magdacesti.md\/wp-content\/uploads\/2017\/01\/dima1640_2874771-300x200.jpg"},{"@type":"BreadcrumbList","@id":"https:\/\/magdacesti.md\/?p=1107#breadcrumb","itemListElement":[{"@type":"ListItem","position":1,"name":"Home","item":"https:\/\/magdacesti.md\/"},{"@type":"ListItem","position":2,"name":"Garda popular\u0103 &#8211; siguran\u021ba cet\u0103\u021benilor!"}]},{"@type":"WebSite","@id":"https:\/\/magdacesti.md\/#website","url":"https:\/\/magdacesti.md\/","name":"M\u0103gd\u0103ce\u0219ti","description":"Un or\u0103\u0219el cu condi\u021bii decente de trai!","publisher":{"@id":"https:\/\/magdacesti.md\/#organization"},"potentialAction":[{"@type":"SearchAction","target":{"@type":"EntryPoint","urlTemplate":"https:\/\/magdacesti.md\/?s={search_term_string}"},"query-input":"required name=search_term_string"}],"inLanguage":"en-US"},{"@type":"Organization","@id":"https:\/\/magdacesti.md\/#organization","name":"M\u0103gd\u0103ce\u0219ti","url":"https:\/\/magdacesti.md\/","logo":{"@type":"ImageObject","inLanguage":"en-US","@id":"https:\/\/magdacesti.md\/#\/schema\/logo\/image\/","url":"https:\/\/magdacesti.md\/wp-content\/uploads\/2021\/03\/Foto-514-scaled.jpg","contentUrl":"https:\/\/magdacesti.md\/wp-content\/uploads\/2021\/03\/Foto-514-scaled.jpg","width":2560,"height":1707,"caption":"M\u0103gd\u0103ce\u0219ti"},"image":{"@id":"https:\/\/magdacesti.md\/#\/schema\/logo\/image\/"},"sameAs":["https:\/\/www.facebook.com\/magdacesti.md\/"]},{"@type":"Person","@id":"https:\/\/magdacesti.md\/#\/schema\/person\/ee6a6d0a5f0b0cb676ac992c8e414842","name":"magdacesti","sameAs":["https:\/\/magdacesti.md"],"url":"https:\/\/magdacesti.md\/?author=1"}]}},"_links":{"self":[{"href":"https:\/\/magdacesti.md\/index.php?rest_route=\/wp\/v2\/posts\/1107","targetHints":{"allow":["GET"]}}],"collection":[{"href":"https:\/\/magdacesti.md\/index.php?rest_route=\/wp\/v2\/posts"}],"about":[{"href":"https:\/\/magdacesti.md\/index.php?rest_route=\/wp\/v2\/types\/post"}],"author":[{"embeddable":true,"href":"https:\/\/magdacesti.md\/index.php?rest_route=\/wp\/v2\/users\/1"}],"replies":[{"embeddable":true,"href":"https:\/\/magdacesti.md\/index.php?rest_route=%2Fwp%2Fv2%2Fcomments&post=1107"}],"version-history":[{"count":0,"href":"https:\/\/magdacesti.md\/index.php?rest_route=\/wp\/v2\/posts\/1107\/revisions"}],"wp:attachment":[{"href":"https:\/\/magdacesti.md\/index.php?rest_route=%2Fwp%2Fv2%2Fmedia&parent=1107"}],"wp:term":[{"taxonomy":"category","embeddable":true,"href":"https:\/\/magdacesti.md\/index.php?rest_route=%2Fwp%2Fv2%2Fcategories&post=1107"},{"taxonomy":"post_tag","embeddable":true,"href":"https:\/\/magdacesti.md\/index.php?rest_route=%2Fwp%2Fv2%2Ftags&post=1107"}],"curies":[{"name":"wp","href":"https:\/\/api.w.org\/{rel}","templated":true}]}}