{"id":1126,"date":"2017-01-25T14:37:33","date_gmt":"2017-01-25T12:37:33","guid":{"rendered":"https:\/\/magdacesti.md\/?p=1126"},"modified":"2017-01-25T14:37:33","modified_gmt":"2017-01-25T12:37:33","slug":"ultimele-doua-sectoare-din-magdacesti-vor-fi-conectate-la-apeduct-si-canalizare","status":"publish","type":"post","link":"https:\/\/magdacesti.md\/?p=1126","title":{"rendered":"\u00cenc\u0103 dou\u0103 sectoare din M\u0103gd\u0103ce\u0219ti vor fi conectate la apeduct \u0219i canalizare."},"content":{"rendered":"<p><a href=\"https:\/\/magdacesti.md\/wp-content\/uploads\/2017\/01\/news749.jpg\"><img loading=\"lazy\" decoding=\"async\" class=\"alignleft wp-image-1127\" style=\"border: 0pt black; float: left; padding-right: 10px; padding-bottom: 10px;\" src=\"https:\/\/magdacesti.md\/wp-content\/uploads\/2017\/01\/news749-300x226.jpg\" alt=\"\" width=\"266\" height=\"201\" \/><\/a><\/p>\n<p style=\"text-align: left;\">Pe 24 ianuarie 2017, primarul de M\u0103gd\u0103ce\u0219ti, Liuba Cojocaru a avut o \u00eentrevedere cu speciali\u0219tii-proiectan\u021bi, \u00een cadrul prim\u0103riei, unde s-a dat start realiz\u0103rii proiectului tehnic pentru noi re\u021bele de apeduct \u0219i canalizare. Acesta include cartierul nou de l\u00e2ng\u0103 livad\u0103 \u0219i ultima por\u021biune din cartierul &#8220;fundac&#8221;, p\u00e2n\u0103 la Androni Sp\u00eenu. Men\u021bion\u0103m c\u0103 o dat\u0103 cu finisarea acestei lucr\u0103ri, satul M\u0103gd\u0103ce\u0219ti va fi conectat integral la sistemul de canalizare \u0219i aprovizionarea cu ap\u0103 potabil\u0103.<\/p>\n","protected":false},"excerpt":{"rendered":"<p>Pe 24 ianuarie 2017, primarul de M\u0103gd\u0103ce\u0219ti, Liuba Cojocaru a avut o \u00eentrevedere cu speciali\u0219tii-proiectan\u021bi, \u00een cadrul prim\u0103riei, unde s-a dat start realiz\u0103rii proiectului tehnic pentru noi re\u021bele de apeduct \u0219i canalizare. Acesta include cartierul nou de l\u00e2ng\u0103 livad\u0103 \u0219i ultima por\u021biune din cartierul &#8220;fundac&#8221;, p\u00e2n\u0103 la Androni Sp\u00eenu. Men\u021bion\u0103m c\u0103 o dat\u0103 cu finisarea [&#8230;]\n","protected":false},"author":1,"featured_media":0,"comment_status":"closed","ping_status":"closed","sticky":false,"template":"","format":"standard","meta":{"ngg_post_thumbnail":0,"footnotes":""},"categories":[4],"tags":[],"class_list":["post-1126","post","type-post","status-publish","format-standard","hentry","category-stiri"],"yoast_head":"<!-- This site is optimized with the Yoast SEO plugin v23.3 - https:\/\/yoast.com\/wordpress\/plugins\/seo\/ -->\n<title>\u00cenc\u0103 dou\u0103 sectoare din M\u0103gd\u0103ce\u0219ti vor fi conectate la apeduct \u0219i canalizare. - M\u0103gd\u0103ce\u0219ti<\/title>\n<meta name=\"description\" content=\"Bine ati venit pe pagina oficiala a Primariei Magdacesti.\" \/>\n<meta name=\"robots\" content=\"index, follow, max-snippet:-1, max-image-preview:large, max-video-preview:-1\" \/>\n<link rel=\"canonical\" href=\"https:\/\/magdacesti.md\/?p=1126\" \/>\n<meta property=\"og:locale\" content=\"en_US\" \/>\n<meta property=\"og:type\" content=\"article\" \/>\n<meta property=\"og:title\" content=\"\u00cenc\u0103 dou\u0103 sectoare din M\u0103gd\u0103ce\u0219ti vor fi conectate la apeduct \u0219i canalizare. - M\u0103gd\u0103ce\u0219ti\" \/>\n<meta property=\"og:description\" content=\"Bine ati venit pe pagina oficiala a Primariei Magdacesti.\" \/>\n<meta property=\"og:url\" content=\"https:\/\/magdacesti.md\/?p=1126\" \/>\n<meta property=\"og:site_name\" content=\"M\u0103gd\u0103ce\u0219ti\" \/>\n<meta property=\"article:publisher\" content=\"https:\/\/www.facebook.com\/magdacesti.md\/\" \/>\n<meta property=\"article:published_time\" content=\"2017-01-25T12:37:33+00:00\" \/>\n<meta property=\"og:image\" content=\"https:\/\/magdacesti.md\/wp-content\/uploads\/2017\/01\/news749-300x226.jpg\" \/>\n<meta name=\"author\" content=\"magdacesti\" \/>\n<meta name=\"twitter:card\" content=\"summary_large_image\" \/>\n<meta name=\"twitter:label1\" content=\"Written by\" \/>\n\t<meta name=\"twitter:data1\" content=\"magdacesti\" \/>\n<script type=\"application\/ld+json\" class=\"yoast-schema-graph\">{\"@context\":\"https:\/\/schema.org\",\"@graph\":[{\"@type\":\"Article\",\"@id\":\"https:\/\/magdacesti.md\/?p=1126#article\",\"isPartOf\":{\"@id\":\"https:\/\/magdacesti.md\/?p=1126\"},\"author\":{\"name\":\"magdacesti\",\"@id\":\"https:\/\/magdacesti.md\/#\/schema\/person\/ee6a6d0a5f0b0cb676ac992c8e414842\"},\"headline\":\"\u00cenc\u0103 dou\u0103 sectoare din M\u0103gd\u0103ce\u0219ti vor fi conectate la apeduct \u0219i canalizare.\",\"datePublished\":\"2017-01-25T12:37:33+00:00\",\"dateModified\":\"2017-01-25T12:37:33+00:00\",\"mainEntityOfPage\":{\"@id\":\"https:\/\/magdacesti.md\/?p=1126\"},\"wordCount\":103,\"publisher\":{\"@id\":\"https:\/\/magdacesti.md\/#organization\"},\"image\":{\"@id\":\"https:\/\/magdacesti.md\/?p=1126#primaryimage\"},\"thumbnailUrl\":\"https:\/\/magdacesti.md\/wp-content\/uploads\/2017\/01\/news749-300x226.jpg\",\"articleSection\":[\"Stiri\"],\"inLanguage\":\"en-US\"},{\"@type\":\"WebPage\",\"@id\":\"https:\/\/magdacesti.md\/?p=1126\",\"url\":\"https:\/\/magdacesti.md\/?p=1126\",\"name\":\"\u00cenc\u0103 dou\u0103 sectoare din M\u0103gd\u0103ce\u0219ti vor fi conectate la apeduct \u0219i canalizare. - M\u0103gd\u0103ce\u0219ti\",\"isPartOf\":{\"@id\":\"https:\/\/magdacesti.md\/#website\"},\"primaryImageOfPage\":{\"@id\":\"https:\/\/magdacesti.md\/?p=1126#primaryimage\"},\"image\":{\"@id\":\"https:\/\/magdacesti.md\/?p=1126#primaryimage\"},\"thumbnailUrl\":\"https:\/\/magdacesti.md\/wp-content\/uploads\/2017\/01\/news749-300x226.jpg\",\"datePublished\":\"2017-01-25T12:37:33+00:00\",\"dateModified\":\"2017-01-25T12:37:33+00:00\",\"description\":\"Bine ati venit pe pagina oficiala a Primariei Magdacesti.\",\"breadcrumb\":{\"@id\":\"https:\/\/magdacesti.md\/?p=1126#breadcrumb\"},\"inLanguage\":\"en-US\",\"potentialAction\":[{\"@type\":\"ReadAction\",\"target\":[\"https:\/\/magdacesti.md\/?p=1126\"]}]},{\"@type\":\"ImageObject\",\"inLanguage\":\"en-US\",\"@id\":\"https:\/\/magdacesti.md\/?p=1126#primaryimage\",\"url\":\"https:\/\/magdacesti.md\/wp-content\/uploads\/2017\/01\/news749-300x226.jpg\",\"contentUrl\":\"https:\/\/magdacesti.md\/wp-content\/uploads\/2017\/01\/news749-300x226.jpg\"},{\"@type\":\"BreadcrumbList\",\"@id\":\"https:\/\/magdacesti.md\/?p=1126#breadcrumb\",\"itemListElement\":[{\"@type\":\"ListItem\",\"position\":1,\"name\":\"Home\",\"item\":\"https:\/\/magdacesti.md\/\"},{\"@type\":\"ListItem\",\"position\":2,\"name\":\"\u00cenc\u0103 dou\u0103 sectoare din M\u0103gd\u0103ce\u0219ti vor fi conectate la apeduct \u0219i canalizare.\"}]},{\"@type\":\"WebSite\",\"@id\":\"https:\/\/magdacesti.md\/#website\",\"url\":\"https:\/\/magdacesti.md\/\",\"name\":\"M\u0103gd\u0103ce\u0219ti\",\"description\":\"Un or\u0103\u0219el cu condi\u021bii decente de trai!\",\"publisher\":{\"@id\":\"https:\/\/magdacesti.md\/#organization\"},\"potentialAction\":[{\"@type\":\"SearchAction\",\"target\":{\"@type\":\"EntryPoint\",\"urlTemplate\":\"https:\/\/magdacesti.md\/?s={search_term_string}\"},\"query-input\":\"required name=search_term_string\"}],\"inLanguage\":\"en-US\"},{\"@type\":\"Organization\",\"@id\":\"https:\/\/magdacesti.md\/#organization\",\"name\":\"M\u0103gd\u0103ce\u0219ti\",\"url\":\"https:\/\/magdacesti.md\/\",\"logo\":{\"@type\":\"ImageObject\",\"inLanguage\":\"en-US\",\"@id\":\"https:\/\/magdacesti.md\/#\/schema\/logo\/image\/\",\"url\":\"https:\/\/magdacesti.md\/wp-content\/uploads\/2021\/03\/Foto-514-scaled.jpg\",\"contentUrl\":\"https:\/\/magdacesti.md\/wp-content\/uploads\/2021\/03\/Foto-514-scaled.jpg\",\"width\":2560,\"height\":1707,\"caption\":\"M\u0103gd\u0103ce\u0219ti\"},\"image\":{\"@id\":\"https:\/\/magdacesti.md\/#\/schema\/logo\/image\/\"},\"sameAs\":[\"https:\/\/www.facebook.com\/magdacesti.md\/\"]},{\"@type\":\"Person\",\"@id\":\"https:\/\/magdacesti.md\/#\/schema\/person\/ee6a6d0a5f0b0cb676ac992c8e414842\",\"name\":\"magdacesti\",\"sameAs\":[\"https:\/\/magdacesti.md\"],\"url\":\"https:\/\/magdacesti.md\/?author=1\"}]}<\/script>\n<!-- \/ Yoast SEO plugin. -->","yoast_head_json":{"title":"\u00cenc\u0103 dou\u0103 sectoare din M\u0103gd\u0103ce\u0219ti vor fi conectate la apeduct \u0219i canalizare. - M\u0103gd\u0103ce\u0219ti","description":"Bine ati venit pe pagina oficiala a Primariei Magdacesti.","robots":{"index":"index","follow":"follow","max-snippet":"max-snippet:-1","max-image-preview":"max-image-preview:large","max-video-preview":"max-video-preview:-1"},"canonical":"https:\/\/magdacesti.md\/?p=1126","og_locale":"en_US","og_type":"article","og_title":"\u00cenc\u0103 dou\u0103 sectoare din M\u0103gd\u0103ce\u0219ti vor fi conectate la apeduct \u0219i canalizare. - M\u0103gd\u0103ce\u0219ti","og_description":"Bine ati venit pe pagina oficiala a Primariei Magdacesti.","og_url":"https:\/\/magdacesti.md\/?p=1126","og_site_name":"M\u0103gd\u0103ce\u0219ti","article_publisher":"https:\/\/www.facebook.com\/magdacesti.md\/","article_published_time":"2017-01-25T12:37:33+00:00","og_image":[{"url":"https:\/\/magdacesti.md\/wp-content\/uploads\/2017\/01\/news749-300x226.jpg"}],"author":"magdacesti","twitter_card":"summary_large_image","twitter_misc":{"Written by":"magdacesti"},"schema":{"@context":"https:\/\/schema.org","@graph":[{"@type":"Article","@id":"https:\/\/magdacesti.md\/?p=1126#article","isPartOf":{"@id":"https:\/\/magdacesti.md\/?p=1126"},"author":{"name":"magdacesti","@id":"https:\/\/magdacesti.md\/#\/schema\/person\/ee6a6d0a5f0b0cb676ac992c8e414842"},"headline":"\u00cenc\u0103 dou\u0103 sectoare din M\u0103gd\u0103ce\u0219ti vor fi conectate la apeduct \u0219i canalizare.","datePublished":"2017-01-25T12:37:33+00:00","dateModified":"2017-01-25T12:37:33+00:00","mainEntityOfPage":{"@id":"https:\/\/magdacesti.md\/?p=1126"},"wordCount":103,"publisher":{"@id":"https:\/\/magdacesti.md\/#organization"},"image":{"@id":"https:\/\/magdacesti.md\/?p=1126#primaryimage"},"thumbnailUrl":"https:\/\/magdacesti.md\/wp-content\/uploads\/2017\/01\/news749-300x226.jpg","articleSection":["Stiri"],"inLanguage":"en-US"},{"@type":"WebPage","@id":"https:\/\/magdacesti.md\/?p=1126","url":"https:\/\/magdacesti.md\/?p=1126","name":"\u00cenc\u0103 dou\u0103 sectoare din M\u0103gd\u0103ce\u0219ti vor fi conectate la apeduct \u0219i canalizare. - M\u0103gd\u0103ce\u0219ti","isPartOf":{"@id":"https:\/\/magdacesti.md\/#website"},"primaryImageOfPage":{"@id":"https:\/\/magdacesti.md\/?p=1126#primaryimage"},"image":{"@id":"https:\/\/magdacesti.md\/?p=1126#primaryimage"},"thumbnailUrl":"https:\/\/magdacesti.md\/wp-content\/uploads\/2017\/01\/news749-300x226.jpg","datePublished":"2017-01-25T12:37:33+00:00","dateModified":"2017-01-25T12:37:33+00:00","description":"Bine ati venit pe pagina oficiala a Primariei Magdacesti.","breadcrumb":{"@id":"https:\/\/magdacesti.md\/?p=1126#breadcrumb"},"inLanguage":"en-US","potentialAction":[{"@type":"ReadAction","target":["https:\/\/magdacesti.md\/?p=1126"]}]},{"@type":"ImageObject","inLanguage":"en-US","@id":"https:\/\/magdacesti.md\/?p=1126#primaryimage","url":"https:\/\/magdacesti.md\/wp-content\/uploads\/2017\/01\/news749-300x226.jpg","contentUrl":"https:\/\/magdacesti.md\/wp-content\/uploads\/2017\/01\/news749-300x226.jpg"},{"@type":"BreadcrumbList","@id":"https:\/\/magdacesti.md\/?p=1126#breadcrumb","itemListElement":[{"@type":"ListItem","position":1,"name":"Home","item":"https:\/\/magdacesti.md\/"},{"@type":"ListItem","position":2,"name":"\u00cenc\u0103 dou\u0103 sectoare din M\u0103gd\u0103ce\u0219ti vor fi conectate la apeduct \u0219i canalizare."}]},{"@type":"WebSite","@id":"https:\/\/magdacesti.md\/#website","url":"https:\/\/magdacesti.md\/","name":"M\u0103gd\u0103ce\u0219ti","description":"Un or\u0103\u0219el cu condi\u021bii decente de trai!","publisher":{"@id":"https:\/\/magdacesti.md\/#organization"},"potentialAction":[{"@type":"SearchAction","target":{"@type":"EntryPoint","urlTemplate":"https:\/\/magdacesti.md\/?s={search_term_string}"},"query-input":"required name=search_term_string"}],"inLanguage":"en-US"},{"@type":"Organization","@id":"https:\/\/magdacesti.md\/#organization","name":"M\u0103gd\u0103ce\u0219ti","url":"https:\/\/magdacesti.md\/","logo":{"@type":"ImageObject","inLanguage":"en-US","@id":"https:\/\/magdacesti.md\/#\/schema\/logo\/image\/","url":"https:\/\/magdacesti.md\/wp-content\/uploads\/2021\/03\/Foto-514-scaled.jpg","contentUrl":"https:\/\/magdacesti.md\/wp-content\/uploads\/2021\/03\/Foto-514-scaled.jpg","width":2560,"height":1707,"caption":"M\u0103gd\u0103ce\u0219ti"},"image":{"@id":"https:\/\/magdacesti.md\/#\/schema\/logo\/image\/"},"sameAs":["https:\/\/www.facebook.com\/magdacesti.md\/"]},{"@type":"Person","@id":"https:\/\/magdacesti.md\/#\/schema\/person\/ee6a6d0a5f0b0cb676ac992c8e414842","name":"magdacesti","sameAs":["https:\/\/magdacesti.md"],"url":"https:\/\/magdacesti.md\/?author=1"}]}},"_links":{"self":[{"href":"https:\/\/magdacesti.md\/index.php?rest_route=\/wp\/v2\/posts\/1126","targetHints":{"allow":["GET"]}}],"collection":[{"href":"https:\/\/magdacesti.md\/index.php?rest_route=\/wp\/v2\/posts"}],"about":[{"href":"https:\/\/magdacesti.md\/index.php?rest_route=\/wp\/v2\/types\/post"}],"author":[{"embeddable":true,"href":"https:\/\/magdacesti.md\/index.php?rest_route=\/wp\/v2\/users\/1"}],"replies":[{"embeddable":true,"href":"https:\/\/magdacesti.md\/index.php?rest_route=%2Fwp%2Fv2%2Fcomments&post=1126"}],"version-history":[{"count":0,"href":"https:\/\/magdacesti.md\/index.php?rest_route=\/wp\/v2\/posts\/1126\/revisions"}],"wp:attachment":[{"href":"https:\/\/magdacesti.md\/index.php?rest_route=%2Fwp%2Fv2%2Fmedia&parent=1126"}],"wp:term":[{"taxonomy":"category","embeddable":true,"href":"https:\/\/magdacesti.md\/index.php?rest_route=%2Fwp%2Fv2%2Fcategories&post=1126"},{"taxonomy":"post_tag","embeddable":true,"href":"https:\/\/magdacesti.md\/index.php?rest_route=%2Fwp%2Fv2%2Ftags&post=1126"}],"curies":[{"name":"wp","href":"https:\/\/api.w.org\/{rel}","templated":true}]}}