{"id":1209,"date":"2017-01-30T15:57:46","date_gmt":"2017-01-30T13:57:46","guid":{"rendered":"https:\/\/magdacesti.md\/?p=1209"},"modified":"2017-01-30T15:57:46","modified_gmt":"2017-01-30T13:57:46","slug":"cantina-sociala-sustine-locuitorii-din-s-magdacesti","status":"publish","type":"post","link":"https:\/\/magdacesti.md\/?p=1209","title":{"rendered":"Cantina social\u0103 sus\u021bine locuitorii satului M\u0103gd\u0103ce\u0219ti."},"content":{"rendered":"<p>Peste sat se las\u0103 lini\u0219tea iernii, o t\u0103cere care de cele mai multe ori, te duce cu g\u00e2ndul la vatra buneilor. Acolo g\u0103sim tihna, pe care deseori o c\u0103ut\u0103m \u00een alt\u0103 parte. \u00cen satul nostru sunt case, unde b\u0103tr\u00e2nii pl\u00e2ng \u0219i sufer\u0103 de singur\u0103tate. Via\u021ba le-a oferit cea mai dur\u0103 lec\u021bie de supravie\u021buire \u2013 b\u0103tr\u00e2ne\u021bea. Pentru unii, aceast\u0103 etap\u0103 a vie\u021bii nu a venit cu m\u00e2na goal\u0103, ci \u00eenc\u0103rcat\u0103 cu chinuri, s\u0103r\u0103cie, singur\u0103tate \u0219i dezn\u0103dejde. Cumin\u021bi, de cele mai multe ori t\u0103cu\u021bi, ei nu se pot l\u0103uda cu averi agonisite. Au \u00een schimb, mult\u0103 credin\u021b\u0103 \u0219i cu rug\u0103ciunile lor, str\u0103bat cerurile. Fiecare cas\u0103 ascunde o poveste trist\u0103, iar cele zece minute petrecute cu fiecare din ei, \u00ee\u021bi rupe sufletul \u00een buc\u0103\u021bi. Rareori con\u0219tientiz\u0103m c\u0103 suntem \u00eenconjura\u021bi de oameni care tr\u0103iesc la limita s\u0103r\u0103ciei. B\u0103tr\u00e2ni care-\u0219i petrec b\u0103tr\u00e2ne\u021bile pe paturi de suferin\u021b\u0103, lacrimi amare \u0219terse pe furi\u0219, ofturi lungi de chinuri provocate de problemele de s\u0103n\u0103tate, s\u0103r\u0103cia care-i oblig\u0103 s\u0103-\u0219i \u00eempart\u0103 o farfurie cu m\u00e2ncare \u00een 3 por\u021bii. Acesta este tabloul sumbru al realit\u0103\u021bii \u00een care tr\u0103im.<\/p>\n<p>Ei au nevoie de sus\u021binere, de oameni care s\u0103 le \u00eentind\u0103 o m\u00e2n\u0103 de ajutor.<\/p>\n<p>Ace\u0219ti b\u0103tr\u00e2ni \u00ee\u0219i doreau demult un spa\u021biu, care s\u0103 le desc\u0103tu\u0219eze sufletul \u0219i s\u0103-\u0219i povesteasc\u0103 necazul cu cei, care \u00eempart aceea\u0219i suferin\u021b\u0103.<\/p>\n<p>Cu aproape cinci ani \u00een urm\u0103, doamna Liuba Cojocaru, primarul satului M\u0103gd\u0103ce\u015fti, \u0219i-a dorit enorm s\u0103 le aduc\u0103 acestor suflete nec\u0103jite, un lic\u0103r de speran\u021b\u0103. A visat pentru ei, a muncit pe rupte \u0219i \u00eempreun\u0103 cu localnicii, au pus bazele construc\u021biei unei cantine sociale \u00een localitatea noastr\u0103. De aproape un an, \u00een aceast\u0103 \u00eenc\u0103pere persoanele cu venituri mici, familiile modeste \u0219i cei cu probleme grave de s\u0103n\u0103tate s-au ales cu o nou\u0103 familie. Administra\u021bia public\u0103 local\u0103 deserve\u0219te zilnic peste 25 de nevoia\u0219i din satul M\u0103gd\u0103ce\u015fti. Doamna Primar are grij\u0103 ca 5 zile pe s\u0103pt\u0103m\u00e2n\u0103, \u00eentre orele 12.00 \u2013 14.00, b\u0103tr\u00e2nii \u0219i persoanele cu dezabilit\u0103\u021bi s\u0103 se bucure de un pr\u00e2nz delicios, ca acas\u0103. Beneficiarii cu probleme severe sunt deservi\u021bi zilnic la domiciliu. S\u0103 auzi \u00een fiecare zi cuv\u00e2ntul \u201emul\u021bumesc\u201d \u0219i s\u0103 vezi lacrimi de bucurie pe chipurile br\u0103zdate de timp \u0219i durere a acestor oameni, este o adev\u0103rat\u0103 realizare. S\u0103 dai hran\u0103 celui fl\u0103m\u00e2nd este un angajament \u0219i o responsabilitate civic\u0103, pe care Prim\u0103ria o va continua \u0219i pe viitor.<\/p>\n<p><a href=\"https:\/\/magdacesti.md\/wp-content\/uploads\/2017\/01\/Cantina-sociala_.jpg\"><img loading=\"lazy\" decoding=\"async\" class=\"aligncenter size-full wp-image-1216\" style=\"border: 0pt black; float: left; padding-right: 0px; padding-bottom: 10px;\" src=\"https:\/\/magdacesti.md\/wp-content\/uploads\/2017\/01\/Cantina-sociala_.jpg\" alt=\"\" width=\"800\" height=\"533\" \/><\/a> <a href=\"https:\/\/magdacesti.md\/wp-content\/uploads\/2017\/01\/Cantina-sociala1_.jpg\"><img loading=\"lazy\" decoding=\"async\" class=\"aligncenter wp-image-1217 size-full\" style=\"border: 0pt black; float: left; padding-right: 0px; padding-bottom: 10px;\" src=\"https:\/\/magdacesti.md\/wp-content\/uploads\/2017\/01\/Cantina-sociala1_.jpg\" width=\"800\" height=\"533\" \/><\/a> <a href=\"https:\/\/magdacesti.md\/wp-content\/uploads\/2017\/01\/Cantina-sociala2_.jpg\"><img loading=\"lazy\" decoding=\"async\" class=\"aligncenter wp-image-1218 size-full\" style=\"border: 0pt black; float: left; padding-right: 0px; padding-bottom: 10px;\" src=\"https:\/\/magdacesti.md\/wp-content\/uploads\/2017\/01\/Cantina-sociala2_.jpg\" width=\"800\" height=\"533\" \/><\/a><\/p>\n<p>&nbsp;<\/p>\n<h4><strong>Urm\u0103ri\u021bi mai jos un reportaj video la acest subiect.<br \/>\n<\/strong><\/h4>\n[youtube id=&#8221;43wdLoAAyRM&#8221;]\n","protected":false},"excerpt":{"rendered":"<p>Peste sat se las\u0103 lini\u0219tea iernii, o t\u0103cere care de cele mai multe ori, te duce cu g\u00e2ndul la vatra buneilor. Acolo g\u0103sim tihna, pe care deseori o c\u0103ut\u0103m \u00een alt\u0103 parte. \u00cen satul nostru sunt case, unde b\u0103tr\u00e2nii pl\u00e2ng \u0219i sufer\u0103 de singur\u0103tate. Via\u021ba le-a oferit cea mai dur\u0103 lec\u021bie de supravie\u021buire \u2013 b\u0103tr\u00e2ne\u021bea. [&#8230;]\n","protected":false},"author":1,"featured_media":0,"comment_status":"open","ping_status":"closed","sticky":false,"template":"","format":"standard","meta":{"ngg_post_thumbnail":0,"footnotes":""},"categories":[4],"tags":[],"class_list":["post-1209","post","type-post","status-publish","format-standard","hentry","category-stiri"],"yoast_head":"<!-- This site is optimized with the Yoast SEO plugin v23.3 - https:\/\/yoast.com\/wordpress\/plugins\/seo\/ -->\n<title>Cantina social\u0103 sus\u021bine locuitorii satului M\u0103gd\u0103ce\u0219ti. - M\u0103gd\u0103ce\u0219ti<\/title>\n<meta name=\"description\" content=\"Bine ati venit pe pagina oficiala a Primariei Magdacesti.\" \/>\n<meta name=\"robots\" content=\"index, follow, max-snippet:-1, max-image-preview:large, max-video-preview:-1\" \/>\n<link rel=\"canonical\" href=\"https:\/\/magdacesti.md\/?p=1209\" \/>\n<meta property=\"og:locale\" content=\"en_US\" \/>\n<meta property=\"og:type\" content=\"article\" \/>\n<meta property=\"og:title\" content=\"Cantina social\u0103 sus\u021bine locuitorii satului M\u0103gd\u0103ce\u0219ti. - M\u0103gd\u0103ce\u0219ti\" \/>\n<meta property=\"og:description\" content=\"Bine ati venit pe pagina oficiala a Primariei Magdacesti.\" \/>\n<meta property=\"og:url\" content=\"https:\/\/magdacesti.md\/?p=1209\" \/>\n<meta property=\"og:site_name\" content=\"M\u0103gd\u0103ce\u0219ti\" \/>\n<meta property=\"article:publisher\" content=\"https:\/\/www.facebook.com\/magdacesti.md\/\" \/>\n<meta property=\"article:published_time\" content=\"2017-01-30T13:57:46+00:00\" \/>\n<meta property=\"og:image\" content=\"https:\/\/magdacesti.md\/wp-content\/uploads\/2017\/01\/Cantina-sociala_.jpg\" \/>\n<meta name=\"author\" content=\"magdacesti\" \/>\n<meta name=\"twitter:card\" content=\"summary_large_image\" \/>\n<meta name=\"twitter:label1\" content=\"Written by\" \/>\n\t<meta name=\"twitter:data1\" content=\"magdacesti\" \/>\n\t<meta name=\"twitter:label2\" content=\"Est. reading time\" \/>\n\t<meta name=\"twitter:data2\" content=\"2 minutes\" \/>\n<script type=\"application\/ld+json\" class=\"yoast-schema-graph\">{\"@context\":\"https:\/\/schema.org\",\"@graph\":[{\"@type\":\"Article\",\"@id\":\"https:\/\/magdacesti.md\/?p=1209#article\",\"isPartOf\":{\"@id\":\"https:\/\/magdacesti.md\/?p=1209\"},\"author\":{\"name\":\"magdacesti\",\"@id\":\"https:\/\/magdacesti.md\/#\/schema\/person\/ee6a6d0a5f0b0cb676ac992c8e414842\"},\"headline\":\"Cantina social\u0103 sus\u021bine locuitorii satului M\u0103gd\u0103ce\u0219ti.\",\"datePublished\":\"2017-01-30T13:57:46+00:00\",\"dateModified\":\"2017-01-30T13:57:46+00:00\",\"mainEntityOfPage\":{\"@id\":\"https:\/\/magdacesti.md\/?p=1209\"},\"wordCount\":494,\"commentCount\":0,\"publisher\":{\"@id\":\"https:\/\/magdacesti.md\/#organization\"},\"image\":{\"@id\":\"https:\/\/magdacesti.md\/?p=1209#primaryimage\"},\"thumbnailUrl\":\"https:\/\/magdacesti.md\/wp-content\/uploads\/2017\/01\/Cantina-sociala_.jpg\",\"articleSection\":[\"Stiri\"],\"inLanguage\":\"en-US\",\"potentialAction\":[{\"@type\":\"CommentAction\",\"name\":\"Comment\",\"target\":[\"https:\/\/magdacesti.md\/?p=1209#respond\"]}]},{\"@type\":\"WebPage\",\"@id\":\"https:\/\/magdacesti.md\/?p=1209\",\"url\":\"https:\/\/magdacesti.md\/?p=1209\",\"name\":\"Cantina social\u0103 sus\u021bine locuitorii satului M\u0103gd\u0103ce\u0219ti. - M\u0103gd\u0103ce\u0219ti\",\"isPartOf\":{\"@id\":\"https:\/\/magdacesti.md\/#website\"},\"primaryImageOfPage\":{\"@id\":\"https:\/\/magdacesti.md\/?p=1209#primaryimage\"},\"image\":{\"@id\":\"https:\/\/magdacesti.md\/?p=1209#primaryimage\"},\"thumbnailUrl\":\"https:\/\/magdacesti.md\/wp-content\/uploads\/2017\/01\/Cantina-sociala_.jpg\",\"datePublished\":\"2017-01-30T13:57:46+00:00\",\"dateModified\":\"2017-01-30T13:57:46+00:00\",\"description\":\"Bine ati venit pe pagina oficiala a Primariei Magdacesti.\",\"breadcrumb\":{\"@id\":\"https:\/\/magdacesti.md\/?p=1209#breadcrumb\"},\"inLanguage\":\"en-US\",\"potentialAction\":[{\"@type\":\"ReadAction\",\"target\":[\"https:\/\/magdacesti.md\/?p=1209\"]}]},{\"@type\":\"ImageObject\",\"inLanguage\":\"en-US\",\"@id\":\"https:\/\/magdacesti.md\/?p=1209#primaryimage\",\"url\":\"https:\/\/magdacesti.md\/wp-content\/uploads\/2017\/01\/Cantina-sociala_.jpg\",\"contentUrl\":\"https:\/\/magdacesti.md\/wp-content\/uploads\/2017\/01\/Cantina-sociala_.jpg\"},{\"@type\":\"BreadcrumbList\",\"@id\":\"https:\/\/magdacesti.md\/?p=1209#breadcrumb\",\"itemListElement\":[{\"@type\":\"ListItem\",\"position\":1,\"name\":\"Home\",\"item\":\"https:\/\/magdacesti.md\/\"},{\"@type\":\"ListItem\",\"position\":2,\"name\":\"Cantina social\u0103 sus\u021bine locuitorii satului M\u0103gd\u0103ce\u0219ti.\"}]},{\"@type\":\"WebSite\",\"@id\":\"https:\/\/magdacesti.md\/#website\",\"url\":\"https:\/\/magdacesti.md\/\",\"name\":\"M\u0103gd\u0103ce\u0219ti\",\"description\":\"Un or\u0103\u0219el cu condi\u021bii decente de trai!\",\"publisher\":{\"@id\":\"https:\/\/magdacesti.md\/#organization\"},\"potentialAction\":[{\"@type\":\"SearchAction\",\"target\":{\"@type\":\"EntryPoint\",\"urlTemplate\":\"https:\/\/magdacesti.md\/?s={search_term_string}\"},\"query-input\":\"required name=search_term_string\"}],\"inLanguage\":\"en-US\"},{\"@type\":\"Organization\",\"@id\":\"https:\/\/magdacesti.md\/#organization\",\"name\":\"M\u0103gd\u0103ce\u0219ti\",\"url\":\"https:\/\/magdacesti.md\/\",\"logo\":{\"@type\":\"ImageObject\",\"inLanguage\":\"en-US\",\"@id\":\"https:\/\/magdacesti.md\/#\/schema\/logo\/image\/\",\"url\":\"https:\/\/magdacesti.md\/wp-content\/uploads\/2021\/03\/Foto-514-scaled.jpg\",\"contentUrl\":\"https:\/\/magdacesti.md\/wp-content\/uploads\/2021\/03\/Foto-514-scaled.jpg\",\"width\":2560,\"height\":1707,\"caption\":\"M\u0103gd\u0103ce\u0219ti\"},\"image\":{\"@id\":\"https:\/\/magdacesti.md\/#\/schema\/logo\/image\/\"},\"sameAs\":[\"https:\/\/www.facebook.com\/magdacesti.md\/\"]},{\"@type\":\"Person\",\"@id\":\"https:\/\/magdacesti.md\/#\/schema\/person\/ee6a6d0a5f0b0cb676ac992c8e414842\",\"name\":\"magdacesti\",\"sameAs\":[\"https:\/\/magdacesti.md\"],\"url\":\"https:\/\/magdacesti.md\/?author=1\"}]}<\/script>\n<!-- \/ Yoast SEO plugin. -->","yoast_head_json":{"title":"Cantina social\u0103 sus\u021bine locuitorii satului M\u0103gd\u0103ce\u0219ti. - M\u0103gd\u0103ce\u0219ti","description":"Bine ati venit pe pagina oficiala a Primariei Magdacesti.","robots":{"index":"index","follow":"follow","max-snippet":"max-snippet:-1","max-image-preview":"max-image-preview:large","max-video-preview":"max-video-preview:-1"},"canonical":"https:\/\/magdacesti.md\/?p=1209","og_locale":"en_US","og_type":"article","og_title":"Cantina social\u0103 sus\u021bine locuitorii satului M\u0103gd\u0103ce\u0219ti. - M\u0103gd\u0103ce\u0219ti","og_description":"Bine ati venit pe pagina oficiala a Primariei Magdacesti.","og_url":"https:\/\/magdacesti.md\/?p=1209","og_site_name":"M\u0103gd\u0103ce\u0219ti","article_publisher":"https:\/\/www.facebook.com\/magdacesti.md\/","article_published_time":"2017-01-30T13:57:46+00:00","og_image":[{"url":"https:\/\/magdacesti.md\/wp-content\/uploads\/2017\/01\/Cantina-sociala_.jpg"}],"author":"magdacesti","twitter_card":"summary_large_image","twitter_misc":{"Written by":"magdacesti","Est. reading time":"2 minutes"},"schema":{"@context":"https:\/\/schema.org","@graph":[{"@type":"Article","@id":"https:\/\/magdacesti.md\/?p=1209#article","isPartOf":{"@id":"https:\/\/magdacesti.md\/?p=1209"},"author":{"name":"magdacesti","@id":"https:\/\/magdacesti.md\/#\/schema\/person\/ee6a6d0a5f0b0cb676ac992c8e414842"},"headline":"Cantina social\u0103 sus\u021bine locuitorii satului M\u0103gd\u0103ce\u0219ti.","datePublished":"2017-01-30T13:57:46+00:00","dateModified":"2017-01-30T13:57:46+00:00","mainEntityOfPage":{"@id":"https:\/\/magdacesti.md\/?p=1209"},"wordCount":494,"commentCount":0,"publisher":{"@id":"https:\/\/magdacesti.md\/#organization"},"image":{"@id":"https:\/\/magdacesti.md\/?p=1209#primaryimage"},"thumbnailUrl":"https:\/\/magdacesti.md\/wp-content\/uploads\/2017\/01\/Cantina-sociala_.jpg","articleSection":["Stiri"],"inLanguage":"en-US","potentialAction":[{"@type":"CommentAction","name":"Comment","target":["https:\/\/magdacesti.md\/?p=1209#respond"]}]},{"@type":"WebPage","@id":"https:\/\/magdacesti.md\/?p=1209","url":"https:\/\/magdacesti.md\/?p=1209","name":"Cantina social\u0103 sus\u021bine locuitorii satului M\u0103gd\u0103ce\u0219ti. - M\u0103gd\u0103ce\u0219ti","isPartOf":{"@id":"https:\/\/magdacesti.md\/#website"},"primaryImageOfPage":{"@id":"https:\/\/magdacesti.md\/?p=1209#primaryimage"},"image":{"@id":"https:\/\/magdacesti.md\/?p=1209#primaryimage"},"thumbnailUrl":"https:\/\/magdacesti.md\/wp-content\/uploads\/2017\/01\/Cantina-sociala_.jpg","datePublished":"2017-01-30T13:57:46+00:00","dateModified":"2017-01-30T13:57:46+00:00","description":"Bine ati venit pe pagina oficiala a Primariei Magdacesti.","breadcrumb":{"@id":"https:\/\/magdacesti.md\/?p=1209#breadcrumb"},"inLanguage":"en-US","potentialAction":[{"@type":"ReadAction","target":["https:\/\/magdacesti.md\/?p=1209"]}]},{"@type":"ImageObject","inLanguage":"en-US","@id":"https:\/\/magdacesti.md\/?p=1209#primaryimage","url":"https:\/\/magdacesti.md\/wp-content\/uploads\/2017\/01\/Cantina-sociala_.jpg","contentUrl":"https:\/\/magdacesti.md\/wp-content\/uploads\/2017\/01\/Cantina-sociala_.jpg"},{"@type":"BreadcrumbList","@id":"https:\/\/magdacesti.md\/?p=1209#breadcrumb","itemListElement":[{"@type":"ListItem","position":1,"name":"Home","item":"https:\/\/magdacesti.md\/"},{"@type":"ListItem","position":2,"name":"Cantina social\u0103 sus\u021bine locuitorii satului M\u0103gd\u0103ce\u0219ti."}]},{"@type":"WebSite","@id":"https:\/\/magdacesti.md\/#website","url":"https:\/\/magdacesti.md\/","name":"M\u0103gd\u0103ce\u0219ti","description":"Un or\u0103\u0219el cu condi\u021bii decente de trai!","publisher":{"@id":"https:\/\/magdacesti.md\/#organization"},"potentialAction":[{"@type":"SearchAction","target":{"@type":"EntryPoint","urlTemplate":"https:\/\/magdacesti.md\/?s={search_term_string}"},"query-input":"required name=search_term_string"}],"inLanguage":"en-US"},{"@type":"Organization","@id":"https:\/\/magdacesti.md\/#organization","name":"M\u0103gd\u0103ce\u0219ti","url":"https:\/\/magdacesti.md\/","logo":{"@type":"ImageObject","inLanguage":"en-US","@id":"https:\/\/magdacesti.md\/#\/schema\/logo\/image\/","url":"https:\/\/magdacesti.md\/wp-content\/uploads\/2021\/03\/Foto-514-scaled.jpg","contentUrl":"https:\/\/magdacesti.md\/wp-content\/uploads\/2021\/03\/Foto-514-scaled.jpg","width":2560,"height":1707,"caption":"M\u0103gd\u0103ce\u0219ti"},"image":{"@id":"https:\/\/magdacesti.md\/#\/schema\/logo\/image\/"},"sameAs":["https:\/\/www.facebook.com\/magdacesti.md\/"]},{"@type":"Person","@id":"https:\/\/magdacesti.md\/#\/schema\/person\/ee6a6d0a5f0b0cb676ac992c8e414842","name":"magdacesti","sameAs":["https:\/\/magdacesti.md"],"url":"https:\/\/magdacesti.md\/?author=1"}]}},"_links":{"self":[{"href":"https:\/\/magdacesti.md\/index.php?rest_route=\/wp\/v2\/posts\/1209","targetHints":{"allow":["GET"]}}],"collection":[{"href":"https:\/\/magdacesti.md\/index.php?rest_route=\/wp\/v2\/posts"}],"about":[{"href":"https:\/\/magdacesti.md\/index.php?rest_route=\/wp\/v2\/types\/post"}],"author":[{"embeddable":true,"href":"https:\/\/magdacesti.md\/index.php?rest_route=\/wp\/v2\/users\/1"}],"replies":[{"embeddable":true,"href":"https:\/\/magdacesti.md\/index.php?rest_route=%2Fwp%2Fv2%2Fcomments&post=1209"}],"version-history":[{"count":0,"href":"https:\/\/magdacesti.md\/index.php?rest_route=\/wp\/v2\/posts\/1209\/revisions"}],"wp:attachment":[{"href":"https:\/\/magdacesti.md\/index.php?rest_route=%2Fwp%2Fv2%2Fmedia&parent=1209"}],"wp:term":[{"taxonomy":"category","embeddable":true,"href":"https:\/\/magdacesti.md\/index.php?rest_route=%2Fwp%2Fv2%2Fcategories&post=1209"},{"taxonomy":"post_tag","embeddable":true,"href":"https:\/\/magdacesti.md\/index.php?rest_route=%2Fwp%2Fv2%2Ftags&post=1209"}],"curies":[{"name":"wp","href":"https:\/\/api.w.org\/{rel}","templated":true}]}}