{"id":1368,"date":"2017-02-01T12:41:10","date_gmt":"2017-02-01T10:41:10","guid":{"rendered":"https:\/\/magdacesti.md\/?p=1368"},"modified":"2017-02-01T12:41:10","modified_gmt":"2017-02-01T10:41:10","slug":"1-februarie-ziua-lucratorului-din-administratia-publica-locala","status":"publish","type":"post","link":"https:\/\/magdacesti.md\/?p=1368","title":{"rendered":"1 februarie &#8211; ziua lucr\u0103torului din Administra\u021bia public\u0103 local\u0103"},"content":{"rendered":"<p><em>La 1 februarie este marcat\u0103 ziua profesional\u0103 a Autonomiei Locale \u0219i a lucr\u0103torului din Administra\u021bia Public\u0103 Local\u0103. <\/em>Acest eveniment constituie o recunoa\u0219tere a eforturilor comune, pe care reprezentan\u021bii Prim\u0103riilor, le \u00eentreprind zilnic pentru solu\u021bionarea problemelor cet\u0103\u021benilor \u0219i dezvoltarea social-economic\u0103 a satelor \u0219i comunelor.<br \/>\nS\u0103 lucrezi cu oamenii, nu e un lucru at\u00eet de u\u0219or, \u00eens\u0103 primarul satului M\u0103gd\u0103ce\u0219ti, Liuba Cojocaru \u00eempreun\u0103 cu angaja\u021bii s\u0103i,\u00a0 tind s\u0103 realizeze lucruri frumoase, s\u0103 ini\u021bieze proiecte, s\u0103 stabileasc\u0103 rela\u021bii de conlucrare, \u00eendreptate spre binele cet\u0103\u021benilor satului M\u0103gd\u0103ce\u0219ti.<br \/>\nProiectele sunt realizate, gra\u021bie profesionalismului speciali\u0219tilor, secretarului Consiliului, a consilierilor, care, form\u00eend o echip\u0103, depun eforturi mari pentru \u00eendeplinirea obliga\u021biunilor zilnice. Cu aceast\u0103 ocazie, le transmitem \u0219i \u00een continuare, aspira\u021bii de a realiza progrese \u0219i fermitate \u00een luarea deciziilor. Le ur\u0103m de s\u0103n\u0103tate, succese mari, perseveren\u021b\u0103 \u00een activitatea pe care o desf\u0103\u0219oar\u0103 \u0219i s\u0103 fie onora\u021bi cu mult respect, de c\u0103tre localnici.<\/p>\n<p><img loading=\"lazy\" decoding=\"async\" class=\"\" src=\"https:\/\/magdacesti.md\/wp-content\/uploads\/2017\/02\/Foto-134.jpg\" alt=\"\" width=\"605\" height=\"453\" \/><\/p>\n","protected":false},"excerpt":{"rendered":"<p>La 1 februarie este marcat\u0103 ziua profesional\u0103 a Autonomiei Locale \u0219i a lucr\u0103torului din Administra\u021bia Public\u0103 Local\u0103. Acest eveniment constituie o recunoa\u0219tere a eforturilor comune, pe care reprezentan\u021bii Prim\u0103riilor, le \u00eentreprind zilnic pentru solu\u021bionarea problemelor cet\u0103\u021benilor \u0219i dezvoltarea social-economic\u0103 a satelor \u0219i comunelor. S\u0103 lucrezi cu oamenii, nu e un lucru at\u00eet de u\u0219or, \u00eens\u0103 [&#8230;]\n","protected":false},"author":1,"featured_media":0,"comment_status":"closed","ping_status":"closed","sticky":false,"template":"","format":"standard","meta":{"ngg_post_thumbnail":0,"footnotes":""},"categories":[4],"tags":[],"class_list":["post-1368","post","type-post","status-publish","format-standard","hentry","category-stiri"],"yoast_head":"<!-- This site is optimized with the Yoast SEO plugin v23.3 - https:\/\/yoast.com\/wordpress\/plugins\/seo\/ -->\n<title>1 februarie - ziua lucr\u0103torului din Administra\u021bia public\u0103 local\u0103 - M\u0103gd\u0103ce\u0219ti<\/title>\n<meta name=\"description\" content=\"Bine ati venit pe pagina oficiala a Primariei Magdacesti.\" \/>\n<meta name=\"robots\" content=\"index, follow, max-snippet:-1, max-image-preview:large, max-video-preview:-1\" \/>\n<link rel=\"canonical\" href=\"https:\/\/magdacesti.md\/?p=1368\" \/>\n<meta property=\"og:locale\" content=\"en_US\" \/>\n<meta property=\"og:type\" content=\"article\" \/>\n<meta property=\"og:title\" content=\"1 februarie - ziua lucr\u0103torului din Administra\u021bia public\u0103 local\u0103 - M\u0103gd\u0103ce\u0219ti\" \/>\n<meta property=\"og:description\" content=\"Bine ati venit pe pagina oficiala a Primariei Magdacesti.\" \/>\n<meta property=\"og:url\" content=\"https:\/\/magdacesti.md\/?p=1368\" \/>\n<meta property=\"og:site_name\" content=\"M\u0103gd\u0103ce\u0219ti\" \/>\n<meta property=\"article:publisher\" content=\"https:\/\/www.facebook.com\/magdacesti.md\/\" \/>\n<meta property=\"article:published_time\" content=\"2017-02-01T10:41:10+00:00\" \/>\n<meta property=\"og:image\" content=\"https:\/\/magdacesti.md\/wp-content\/uploads\/2017\/02\/Foto-134.jpg\" \/>\n<meta name=\"author\" content=\"magdacesti\" \/>\n<meta name=\"twitter:card\" content=\"summary_large_image\" \/>\n<meta name=\"twitter:label1\" content=\"Written by\" \/>\n\t<meta name=\"twitter:data1\" content=\"magdacesti\" \/>\n\t<meta name=\"twitter:label2\" content=\"Est. reading time\" \/>\n\t<meta name=\"twitter:data2\" content=\"1 minute\" \/>\n<script type=\"application\/ld+json\" class=\"yoast-schema-graph\">{\"@context\":\"https:\/\/schema.org\",\"@graph\":[{\"@type\":\"Article\",\"@id\":\"https:\/\/magdacesti.md\/?p=1368#article\",\"isPartOf\":{\"@id\":\"https:\/\/magdacesti.md\/?p=1368\"},\"author\":{\"name\":\"magdacesti\",\"@id\":\"https:\/\/magdacesti.md\/#\/schema\/person\/ee6a6d0a5f0b0cb676ac992c8e414842\"},\"headline\":\"1 februarie &#8211; ziua lucr\u0103torului din Administra\u021bia public\u0103 local\u0103\",\"datePublished\":\"2017-02-01T10:41:10+00:00\",\"dateModified\":\"2017-02-01T10:41:10+00:00\",\"mainEntityOfPage\":{\"@id\":\"https:\/\/magdacesti.md\/?p=1368\"},\"wordCount\":185,\"publisher\":{\"@id\":\"https:\/\/magdacesti.md\/#organization\"},\"image\":{\"@id\":\"https:\/\/magdacesti.md\/?p=1368#primaryimage\"},\"thumbnailUrl\":\"https:\/\/magdacesti.md\/wp-content\/uploads\/2017\/02\/Foto-134.jpg\",\"articleSection\":[\"Stiri\"],\"inLanguage\":\"en-US\"},{\"@type\":\"WebPage\",\"@id\":\"https:\/\/magdacesti.md\/?p=1368\",\"url\":\"https:\/\/magdacesti.md\/?p=1368\",\"name\":\"1 februarie - ziua lucr\u0103torului din Administra\u021bia public\u0103 local\u0103 - M\u0103gd\u0103ce\u0219ti\",\"isPartOf\":{\"@id\":\"https:\/\/magdacesti.md\/#website\"},\"primaryImageOfPage\":{\"@id\":\"https:\/\/magdacesti.md\/?p=1368#primaryimage\"},\"image\":{\"@id\":\"https:\/\/magdacesti.md\/?p=1368#primaryimage\"},\"thumbnailUrl\":\"https:\/\/magdacesti.md\/wp-content\/uploads\/2017\/02\/Foto-134.jpg\",\"datePublished\":\"2017-02-01T10:41:10+00:00\",\"dateModified\":\"2017-02-01T10:41:10+00:00\",\"description\":\"Bine ati venit pe pagina oficiala a Primariei Magdacesti.\",\"breadcrumb\":{\"@id\":\"https:\/\/magdacesti.md\/?p=1368#breadcrumb\"},\"inLanguage\":\"en-US\",\"potentialAction\":[{\"@type\":\"ReadAction\",\"target\":[\"https:\/\/magdacesti.md\/?p=1368\"]}]},{\"@type\":\"ImageObject\",\"inLanguage\":\"en-US\",\"@id\":\"https:\/\/magdacesti.md\/?p=1368#primaryimage\",\"url\":\"https:\/\/magdacesti.md\/wp-content\/uploads\/2017\/02\/Foto-134.jpg\",\"contentUrl\":\"https:\/\/magdacesti.md\/wp-content\/uploads\/2017\/02\/Foto-134.jpg\"},{\"@type\":\"BreadcrumbList\",\"@id\":\"https:\/\/magdacesti.md\/?p=1368#breadcrumb\",\"itemListElement\":[{\"@type\":\"ListItem\",\"position\":1,\"name\":\"Home\",\"item\":\"https:\/\/magdacesti.md\/\"},{\"@type\":\"ListItem\",\"position\":2,\"name\":\"1 februarie &#8211; ziua lucr\u0103torului din Administra\u021bia public\u0103 local\u0103\"}]},{\"@type\":\"WebSite\",\"@id\":\"https:\/\/magdacesti.md\/#website\",\"url\":\"https:\/\/magdacesti.md\/\",\"name\":\"M\u0103gd\u0103ce\u0219ti\",\"description\":\"Un or\u0103\u0219el cu condi\u021bii decente de trai!\",\"publisher\":{\"@id\":\"https:\/\/magdacesti.md\/#organization\"},\"potentialAction\":[{\"@type\":\"SearchAction\",\"target\":{\"@type\":\"EntryPoint\",\"urlTemplate\":\"https:\/\/magdacesti.md\/?s={search_term_string}\"},\"query-input\":\"required name=search_term_string\"}],\"inLanguage\":\"en-US\"},{\"@type\":\"Organization\",\"@id\":\"https:\/\/magdacesti.md\/#organization\",\"name\":\"M\u0103gd\u0103ce\u0219ti\",\"url\":\"https:\/\/magdacesti.md\/\",\"logo\":{\"@type\":\"ImageObject\",\"inLanguage\":\"en-US\",\"@id\":\"https:\/\/magdacesti.md\/#\/schema\/logo\/image\/\",\"url\":\"https:\/\/magdacesti.md\/wp-content\/uploads\/2021\/03\/Foto-514-scaled.jpg\",\"contentUrl\":\"https:\/\/magdacesti.md\/wp-content\/uploads\/2021\/03\/Foto-514-scaled.jpg\",\"width\":2560,\"height\":1707,\"caption\":\"M\u0103gd\u0103ce\u0219ti\"},\"image\":{\"@id\":\"https:\/\/magdacesti.md\/#\/schema\/logo\/image\/\"},\"sameAs\":[\"https:\/\/www.facebook.com\/magdacesti.md\/\"]},{\"@type\":\"Person\",\"@id\":\"https:\/\/magdacesti.md\/#\/schema\/person\/ee6a6d0a5f0b0cb676ac992c8e414842\",\"name\":\"magdacesti\",\"sameAs\":[\"https:\/\/magdacesti.md\"],\"url\":\"https:\/\/magdacesti.md\/?author=1\"}]}<\/script>\n<!-- \/ Yoast SEO plugin. -->","yoast_head_json":{"title":"1 februarie - ziua lucr\u0103torului din Administra\u021bia public\u0103 local\u0103 - M\u0103gd\u0103ce\u0219ti","description":"Bine ati venit pe pagina oficiala a Primariei Magdacesti.","robots":{"index":"index","follow":"follow","max-snippet":"max-snippet:-1","max-image-preview":"max-image-preview:large","max-video-preview":"max-video-preview:-1"},"canonical":"https:\/\/magdacesti.md\/?p=1368","og_locale":"en_US","og_type":"article","og_title":"1 februarie - ziua lucr\u0103torului din Administra\u021bia public\u0103 local\u0103 - M\u0103gd\u0103ce\u0219ti","og_description":"Bine ati venit pe pagina oficiala a Primariei Magdacesti.","og_url":"https:\/\/magdacesti.md\/?p=1368","og_site_name":"M\u0103gd\u0103ce\u0219ti","article_publisher":"https:\/\/www.facebook.com\/magdacesti.md\/","article_published_time":"2017-02-01T10:41:10+00:00","og_image":[{"url":"https:\/\/magdacesti.md\/wp-content\/uploads\/2017\/02\/Foto-134.jpg"}],"author":"magdacesti","twitter_card":"summary_large_image","twitter_misc":{"Written by":"magdacesti","Est. reading time":"1 minute"},"schema":{"@context":"https:\/\/schema.org","@graph":[{"@type":"Article","@id":"https:\/\/magdacesti.md\/?p=1368#article","isPartOf":{"@id":"https:\/\/magdacesti.md\/?p=1368"},"author":{"name":"magdacesti","@id":"https:\/\/magdacesti.md\/#\/schema\/person\/ee6a6d0a5f0b0cb676ac992c8e414842"},"headline":"1 februarie &#8211; ziua lucr\u0103torului din Administra\u021bia public\u0103 local\u0103","datePublished":"2017-02-01T10:41:10+00:00","dateModified":"2017-02-01T10:41:10+00:00","mainEntityOfPage":{"@id":"https:\/\/magdacesti.md\/?p=1368"},"wordCount":185,"publisher":{"@id":"https:\/\/magdacesti.md\/#organization"},"image":{"@id":"https:\/\/magdacesti.md\/?p=1368#primaryimage"},"thumbnailUrl":"https:\/\/magdacesti.md\/wp-content\/uploads\/2017\/02\/Foto-134.jpg","articleSection":["Stiri"],"inLanguage":"en-US"},{"@type":"WebPage","@id":"https:\/\/magdacesti.md\/?p=1368","url":"https:\/\/magdacesti.md\/?p=1368","name":"1 februarie - ziua lucr\u0103torului din Administra\u021bia public\u0103 local\u0103 - M\u0103gd\u0103ce\u0219ti","isPartOf":{"@id":"https:\/\/magdacesti.md\/#website"},"primaryImageOfPage":{"@id":"https:\/\/magdacesti.md\/?p=1368#primaryimage"},"image":{"@id":"https:\/\/magdacesti.md\/?p=1368#primaryimage"},"thumbnailUrl":"https:\/\/magdacesti.md\/wp-content\/uploads\/2017\/02\/Foto-134.jpg","datePublished":"2017-02-01T10:41:10+00:00","dateModified":"2017-02-01T10:41:10+00:00","description":"Bine ati venit pe pagina oficiala a Primariei Magdacesti.","breadcrumb":{"@id":"https:\/\/magdacesti.md\/?p=1368#breadcrumb"},"inLanguage":"en-US","potentialAction":[{"@type":"ReadAction","target":["https:\/\/magdacesti.md\/?p=1368"]}]},{"@type":"ImageObject","inLanguage":"en-US","@id":"https:\/\/magdacesti.md\/?p=1368#primaryimage","url":"https:\/\/magdacesti.md\/wp-content\/uploads\/2017\/02\/Foto-134.jpg","contentUrl":"https:\/\/magdacesti.md\/wp-content\/uploads\/2017\/02\/Foto-134.jpg"},{"@type":"BreadcrumbList","@id":"https:\/\/magdacesti.md\/?p=1368#breadcrumb","itemListElement":[{"@type":"ListItem","position":1,"name":"Home","item":"https:\/\/magdacesti.md\/"},{"@type":"ListItem","position":2,"name":"1 februarie &#8211; ziua lucr\u0103torului din Administra\u021bia public\u0103 local\u0103"}]},{"@type":"WebSite","@id":"https:\/\/magdacesti.md\/#website","url":"https:\/\/magdacesti.md\/","name":"M\u0103gd\u0103ce\u0219ti","description":"Un or\u0103\u0219el cu condi\u021bii decente de trai!","publisher":{"@id":"https:\/\/magdacesti.md\/#organization"},"potentialAction":[{"@type":"SearchAction","target":{"@type":"EntryPoint","urlTemplate":"https:\/\/magdacesti.md\/?s={search_term_string}"},"query-input":"required name=search_term_string"}],"inLanguage":"en-US"},{"@type":"Organization","@id":"https:\/\/magdacesti.md\/#organization","name":"M\u0103gd\u0103ce\u0219ti","url":"https:\/\/magdacesti.md\/","logo":{"@type":"ImageObject","inLanguage":"en-US","@id":"https:\/\/magdacesti.md\/#\/schema\/logo\/image\/","url":"https:\/\/magdacesti.md\/wp-content\/uploads\/2021\/03\/Foto-514-scaled.jpg","contentUrl":"https:\/\/magdacesti.md\/wp-content\/uploads\/2021\/03\/Foto-514-scaled.jpg","width":2560,"height":1707,"caption":"M\u0103gd\u0103ce\u0219ti"},"image":{"@id":"https:\/\/magdacesti.md\/#\/schema\/logo\/image\/"},"sameAs":["https:\/\/www.facebook.com\/magdacesti.md\/"]},{"@type":"Person","@id":"https:\/\/magdacesti.md\/#\/schema\/person\/ee6a6d0a5f0b0cb676ac992c8e414842","name":"magdacesti","sameAs":["https:\/\/magdacesti.md"],"url":"https:\/\/magdacesti.md\/?author=1"}]}},"_links":{"self":[{"href":"https:\/\/magdacesti.md\/index.php?rest_route=\/wp\/v2\/posts\/1368","targetHints":{"allow":["GET"]}}],"collection":[{"href":"https:\/\/magdacesti.md\/index.php?rest_route=\/wp\/v2\/posts"}],"about":[{"href":"https:\/\/magdacesti.md\/index.php?rest_route=\/wp\/v2\/types\/post"}],"author":[{"embeddable":true,"href":"https:\/\/magdacesti.md\/index.php?rest_route=\/wp\/v2\/users\/1"}],"replies":[{"embeddable":true,"href":"https:\/\/magdacesti.md\/index.php?rest_route=%2Fwp%2Fv2%2Fcomments&post=1368"}],"version-history":[{"count":0,"href":"https:\/\/magdacesti.md\/index.php?rest_route=\/wp\/v2\/posts\/1368\/revisions"}],"wp:attachment":[{"href":"https:\/\/magdacesti.md\/index.php?rest_route=%2Fwp%2Fv2%2Fmedia&parent=1368"}],"wp:term":[{"taxonomy":"category","embeddable":true,"href":"https:\/\/magdacesti.md\/index.php?rest_route=%2Fwp%2Fv2%2Fcategories&post=1368"},{"taxonomy":"post_tag","embeddable":true,"href":"https:\/\/magdacesti.md\/index.php?rest_route=%2Fwp%2Fv2%2Ftags&post=1368"}],"curies":[{"name":"wp","href":"https:\/\/api.w.org\/{rel}","templated":true}]}}