{"id":1387,"date":"2017-02-03T11:51:35","date_gmt":"2017-02-03T09:51:35","guid":{"rendered":"https:\/\/magdacesti.md\/?p=1387"},"modified":"2017-02-03T11:51:35","modified_gmt":"2017-02-03T09:51:35","slug":"fanfara-satului-magdacesti-5-ani-de-activitate","status":"publish","type":"post","link":"https:\/\/magdacesti.md\/?p=1387","title":{"rendered":"Fanfara satului M\u0103gd\u0103ce\u0219ti &#8211; 5 ani de activitate"},"content":{"rendered":"<p><strong><em> Luna februarie este declarat\u0103 ca fiind luna dragostei. Pentru cineva , dragostea se ascunde \u00een dans, pictur\u0103, me\u0219te\u0219ug\u0103rit, pentru altcineva &#8211; muzica este via\u021b\u0103. <\/em><\/strong><br \/>\n<strong><em> Muzica reprezint\u0103 cea mai pur\u0103 \u0219i delicat\u0103 art\u0103. Este, de asemenea, cea mai complex\u0103 form\u0103 de manifestare a frumosului \u0219i a sentimentelor. Nichita St\u0103nescu define\u0219te aceast\u0103 art\u0103 ca fiind &#8220;un r\u0103spuns c\u0103ruia nu i s-a pus nicio \u00eentrebare&#8221;.<\/em> <\/strong><\/p>\n<p>Marea dragostea a celor 16 instrumenti\u0219ti din Fanfara satului M\u0103gd\u0103ce\u015fti a rotunjit de cur\u00e2nd, al cincilea an de existen\u021b\u0103. Cinci ani de muzic\u0103 interpretat\u0103 din pur\u0103 pl\u0103cere \u0219i cu mult\u0103 d\u0103ruire pentru localnici. \u00cen localitatea noastr\u0103, fanfara este aproape o institu\u021bie social\u0103. Nu exist\u0103 s\u0103rb\u0103toare unde s\u0103 nu se aud\u0103 sunetul instrumentelor aerofone. La c\u0103s\u0103torii, \u00eenmorm\u00e2nt\u0103ri, s\u0103rb\u0103tori, petreceri, concerte de Cr\u0103ciun, toat\u0103 suflarea se adun\u0103 \u00een jurul c\u00e2nt\u0103re\u021bilor.<\/p>\n<p><img loading=\"lazy\" decoding=\"async\" class=\"aligncenter\" src=\"https:\/\/magdacesti.md\/wp-content\/uploads\/2017\/02\/fanfara-1.jpg\" alt=\"Antalya, Turcia.\" width=\"600\" height=\"400\" \/><\/p>\n<p>Fanfara satului M\u0103gd\u0103ce\u015fti a fost \u00eenfiin\u021bat\u0103 la \u00eenceputul anului 2012, la ini\u021biativa primarului Liuba Cojocaru, care a dorit s\u0103 renasc\u0103 tradi\u021bia c\u00e2ntecului de orchestr\u0103, reunind \u00eentreaga echip\u0103 ce-\u0219i aveau r\u0103d\u0103cinile \u00eenc\u0103 pe c\u00e2nd exista un astfel de ansamblu \u00een satul Dr\u0103sliceni. Acest proiect a fost sus\u021binut financiar de c\u0103tre agen\u021bii economici din localitate, dar \u0219i cu suportul prim\u0103riei, care a contribuit la procurarea mai multor instrumente muzicale. Pe parcursul celor 5 ani de munc\u0103 asidu\u0103, fanfara a str\u00e2ns laurii mai multor concursuri \u0219i festivaluri na\u021bionale \u0219i interna\u021bionale, cum ar fi:\u00a0 \u00a0Festivalul \u201eFanfara Argintie\u201d, din or. Soroca, anul 2013-2016, unde a fost premiat\u0103 cu locul II.<\/p>\n<p><img loading=\"lazy\" decoding=\"async\" class=\"aligncenter\" src=\"https:\/\/magdacesti.md\/wp-content\/uploads\/2017\/02\/fanfara4.jpg\" alt=\"\" width=\"600\" height=\"338\" \/><\/p>\n<p>Festivalul \u201cDuelul Fanfarelor\u201d, care a avut loc \u00een or. Chi\u0219in\u0103u, \u00een cadrul Zilelor Na\u021bionale a Vinului, anul 2015.<\/p>\n<p>\u201cFestivalul Interna\u021bional al Fanfarelor\u201ddin Antalya (Turcia)<\/p>\n<p><img loading=\"lazy\" decoding=\"async\" class=\"aligncenter\" src=\"https:\/\/magdacesti.md\/wp-content\/uploads\/2017\/02\/fanfara-2.jpg\" alt=\"\" width=\"600\" height=\"400\" \/><\/p>\n<p>Au participat \u0219i la concertele de binefacere din Tallinn (Estonia), anul 2014.<\/p>\n<p><img loading=\"lazy\" decoding=\"async\" class=\"aligncenter\" src=\"https:\/\/magdacesti.md\/wp-content\/uploads\/2017\/02\/Fanfara-Magdacesti-1.jpg\" alt=\"\" width=\"800\" height=\"516\" \/><\/p>\n<p>Concursul de Caritate \u201cFlac\u0103ra Speran\u021bei\u201d, care s-a desf\u0103\u0219urat la Filarmonica Na\u021bional\u0103, \u00een 2016.<\/p>\n<p>Sub bagheta dirijorului, Valeriu Nirca, fanfara abordeaz\u0103 un spectru larg de genuri, cum ar fi: polka, valsul, s\u00e2rbe, hore, mar\u0219uri jubiliare \u0219i diverse \u0219lag\u0103re.<\/p>\n<p style=\"text-align: center;\"><iframe loading=\"lazy\" src=\"\/\/www.youtube.com\/embed\/VlSJCKUriH8\" width=\"560\" height=\"314\" allowfullscreen=\"allowfullscreen\"><\/iframe><\/p>\n<p>Viata arti\u0219tilor no\u0219tri este un c\u00e2ntec m\u0103re\u021b . Le dorim ca acest c\u00e2ntec frumos s\u0103 aib\u0103 continuitate \u0219i s\u0103 ajung\u0103 pe cele mai mari scene. Sincere ur\u0103ri de s\u0103n\u0103tate, fericire \u0219i c\u00e2t mai multe realiz\u0103ri artistice.<\/p>\n<p>La mul\u021bi ani, stima\u021bi instrumenti\u0219ti!<\/p>\n<p>&nbsp;<\/p>\n<p>&nbsp;<\/p>\n","protected":false},"excerpt":{"rendered":"<p>Luna februarie este declarat\u0103 ca fiind luna dragostei. Pentru cineva , dragostea se ascunde \u00een dans, pictur\u0103, me\u0219te\u0219ug\u0103rit, pentru altcineva &#8211; muzica este via\u021b\u0103. Muzica reprezint\u0103 cea mai pur\u0103 \u0219i delicat\u0103 art\u0103. Este, de asemenea, cea mai complex\u0103 form\u0103 de manifestare a frumosului \u0219i a sentimentelor. Nichita St\u0103nescu define\u0219te aceast\u0103 art\u0103 ca fiind &#8220;un r\u0103spuns [&#8230;]\n","protected":false},"author":1,"featured_media":0,"comment_status":"closed","ping_status":"closed","sticky":false,"template":"","format":"standard","meta":{"ngg_post_thumbnail":0,"footnotes":""},"categories":[4],"tags":[],"class_list":["post-1387","post","type-post","status-publish","format-standard","hentry","category-stiri"],"yoast_head":"<!-- This site is optimized with the Yoast SEO plugin v23.3 - https:\/\/yoast.com\/wordpress\/plugins\/seo\/ -->\n<title>Fanfara satului M\u0103gd\u0103ce\u0219ti - 5 ani de activitate - M\u0103gd\u0103ce\u0219ti<\/title>\n<meta name=\"description\" content=\"Bine ati venit pe pagina oficiala a Primariei Magdacesti.\" \/>\n<meta name=\"robots\" content=\"index, follow, max-snippet:-1, max-image-preview:large, max-video-preview:-1\" \/>\n<link rel=\"canonical\" href=\"https:\/\/magdacesti.md\/?p=1387\" \/>\n<meta property=\"og:locale\" content=\"en_US\" \/>\n<meta property=\"og:type\" content=\"article\" \/>\n<meta property=\"og:title\" content=\"Fanfara satului M\u0103gd\u0103ce\u0219ti - 5 ani de activitate - M\u0103gd\u0103ce\u0219ti\" \/>\n<meta property=\"og:description\" content=\"Bine ati venit pe pagina oficiala a Primariei Magdacesti.\" \/>\n<meta property=\"og:url\" content=\"https:\/\/magdacesti.md\/?p=1387\" \/>\n<meta property=\"og:site_name\" content=\"M\u0103gd\u0103ce\u0219ti\" \/>\n<meta property=\"article:publisher\" content=\"https:\/\/www.facebook.com\/magdacesti.md\/\" \/>\n<meta property=\"article:published_time\" content=\"2017-02-03T09:51:35+00:00\" \/>\n<meta property=\"og:image\" content=\"https:\/\/magdacesti.md\/wp-content\/uploads\/2017\/02\/fanfara-1.jpg\" \/>\n<meta name=\"author\" content=\"magdacesti\" \/>\n<meta name=\"twitter:card\" content=\"summary_large_image\" \/>\n<meta name=\"twitter:label1\" content=\"Written by\" \/>\n\t<meta name=\"twitter:data1\" content=\"magdacesti\" \/>\n\t<meta name=\"twitter:label2\" content=\"Est. reading time\" \/>\n\t<meta name=\"twitter:data2\" content=\"2 minutes\" \/>\n<script type=\"application\/ld+json\" class=\"yoast-schema-graph\">{\"@context\":\"https:\/\/schema.org\",\"@graph\":[{\"@type\":\"Article\",\"@id\":\"https:\/\/magdacesti.md\/?p=1387#article\",\"isPartOf\":{\"@id\":\"https:\/\/magdacesti.md\/?p=1387\"},\"author\":{\"name\":\"magdacesti\",\"@id\":\"https:\/\/magdacesti.md\/#\/schema\/person\/ee6a6d0a5f0b0cb676ac992c8e414842\"},\"headline\":\"Fanfara satului M\u0103gd\u0103ce\u0219ti &#8211; 5 ani de activitate\",\"datePublished\":\"2017-02-03T09:51:35+00:00\",\"dateModified\":\"2017-02-03T09:51:35+00:00\",\"mainEntityOfPage\":{\"@id\":\"https:\/\/magdacesti.md\/?p=1387\"},\"wordCount\":424,\"publisher\":{\"@id\":\"https:\/\/magdacesti.md\/#organization\"},\"image\":{\"@id\":\"https:\/\/magdacesti.md\/?p=1387#primaryimage\"},\"thumbnailUrl\":\"https:\/\/magdacesti.md\/wp-content\/uploads\/2017\/02\/fanfara-1.jpg\",\"articleSection\":[\"Stiri\"],\"inLanguage\":\"en-US\"},{\"@type\":\"WebPage\",\"@id\":\"https:\/\/magdacesti.md\/?p=1387\",\"url\":\"https:\/\/magdacesti.md\/?p=1387\",\"name\":\"Fanfara satului M\u0103gd\u0103ce\u0219ti - 5 ani de activitate - M\u0103gd\u0103ce\u0219ti\",\"isPartOf\":{\"@id\":\"https:\/\/magdacesti.md\/#website\"},\"primaryImageOfPage\":{\"@id\":\"https:\/\/magdacesti.md\/?p=1387#primaryimage\"},\"image\":{\"@id\":\"https:\/\/magdacesti.md\/?p=1387#primaryimage\"},\"thumbnailUrl\":\"https:\/\/magdacesti.md\/wp-content\/uploads\/2017\/02\/fanfara-1.jpg\",\"datePublished\":\"2017-02-03T09:51:35+00:00\",\"dateModified\":\"2017-02-03T09:51:35+00:00\",\"description\":\"Bine ati venit pe pagina oficiala a Primariei Magdacesti.\",\"breadcrumb\":{\"@id\":\"https:\/\/magdacesti.md\/?p=1387#breadcrumb\"},\"inLanguage\":\"en-US\",\"potentialAction\":[{\"@type\":\"ReadAction\",\"target\":[\"https:\/\/magdacesti.md\/?p=1387\"]}]},{\"@type\":\"ImageObject\",\"inLanguage\":\"en-US\",\"@id\":\"https:\/\/magdacesti.md\/?p=1387#primaryimage\",\"url\":\"https:\/\/magdacesti.md\/wp-content\/uploads\/2017\/02\/fanfara-1.jpg\",\"contentUrl\":\"https:\/\/magdacesti.md\/wp-content\/uploads\/2017\/02\/fanfara-1.jpg\"},{\"@type\":\"BreadcrumbList\",\"@id\":\"https:\/\/magdacesti.md\/?p=1387#breadcrumb\",\"itemListElement\":[{\"@type\":\"ListItem\",\"position\":1,\"name\":\"Home\",\"item\":\"https:\/\/magdacesti.md\/\"},{\"@type\":\"ListItem\",\"position\":2,\"name\":\"Fanfara satului M\u0103gd\u0103ce\u0219ti &#8211; 5 ani de activitate\"}]},{\"@type\":\"WebSite\",\"@id\":\"https:\/\/magdacesti.md\/#website\",\"url\":\"https:\/\/magdacesti.md\/\",\"name\":\"M\u0103gd\u0103ce\u0219ti\",\"description\":\"Un or\u0103\u0219el cu condi\u021bii decente de trai!\",\"publisher\":{\"@id\":\"https:\/\/magdacesti.md\/#organization\"},\"potentialAction\":[{\"@type\":\"SearchAction\",\"target\":{\"@type\":\"EntryPoint\",\"urlTemplate\":\"https:\/\/magdacesti.md\/?s={search_term_string}\"},\"query-input\":\"required name=search_term_string\"}],\"inLanguage\":\"en-US\"},{\"@type\":\"Organization\",\"@id\":\"https:\/\/magdacesti.md\/#organization\",\"name\":\"M\u0103gd\u0103ce\u0219ti\",\"url\":\"https:\/\/magdacesti.md\/\",\"logo\":{\"@type\":\"ImageObject\",\"inLanguage\":\"en-US\",\"@id\":\"https:\/\/magdacesti.md\/#\/schema\/logo\/image\/\",\"url\":\"https:\/\/magdacesti.md\/wp-content\/uploads\/2021\/03\/Foto-514-scaled.jpg\",\"contentUrl\":\"https:\/\/magdacesti.md\/wp-content\/uploads\/2021\/03\/Foto-514-scaled.jpg\",\"width\":2560,\"height\":1707,\"caption\":\"M\u0103gd\u0103ce\u0219ti\"},\"image\":{\"@id\":\"https:\/\/magdacesti.md\/#\/schema\/logo\/image\/\"},\"sameAs\":[\"https:\/\/www.facebook.com\/magdacesti.md\/\"]},{\"@type\":\"Person\",\"@id\":\"https:\/\/magdacesti.md\/#\/schema\/person\/ee6a6d0a5f0b0cb676ac992c8e414842\",\"name\":\"magdacesti\",\"sameAs\":[\"https:\/\/magdacesti.md\"],\"url\":\"https:\/\/magdacesti.md\/?author=1\"}]}<\/script>\n<!-- \/ Yoast SEO plugin. -->","yoast_head_json":{"title":"Fanfara satului M\u0103gd\u0103ce\u0219ti - 5 ani de activitate - M\u0103gd\u0103ce\u0219ti","description":"Bine ati venit pe pagina oficiala a Primariei Magdacesti.","robots":{"index":"index","follow":"follow","max-snippet":"max-snippet:-1","max-image-preview":"max-image-preview:large","max-video-preview":"max-video-preview:-1"},"canonical":"https:\/\/magdacesti.md\/?p=1387","og_locale":"en_US","og_type":"article","og_title":"Fanfara satului M\u0103gd\u0103ce\u0219ti - 5 ani de activitate - M\u0103gd\u0103ce\u0219ti","og_description":"Bine ati venit pe pagina oficiala a Primariei Magdacesti.","og_url":"https:\/\/magdacesti.md\/?p=1387","og_site_name":"M\u0103gd\u0103ce\u0219ti","article_publisher":"https:\/\/www.facebook.com\/magdacesti.md\/","article_published_time":"2017-02-03T09:51:35+00:00","og_image":[{"url":"https:\/\/magdacesti.md\/wp-content\/uploads\/2017\/02\/fanfara-1.jpg"}],"author":"magdacesti","twitter_card":"summary_large_image","twitter_misc":{"Written by":"magdacesti","Est. reading time":"2 minutes"},"schema":{"@context":"https:\/\/schema.org","@graph":[{"@type":"Article","@id":"https:\/\/magdacesti.md\/?p=1387#article","isPartOf":{"@id":"https:\/\/magdacesti.md\/?p=1387"},"author":{"name":"magdacesti","@id":"https:\/\/magdacesti.md\/#\/schema\/person\/ee6a6d0a5f0b0cb676ac992c8e414842"},"headline":"Fanfara satului M\u0103gd\u0103ce\u0219ti &#8211; 5 ani de activitate","datePublished":"2017-02-03T09:51:35+00:00","dateModified":"2017-02-03T09:51:35+00:00","mainEntityOfPage":{"@id":"https:\/\/magdacesti.md\/?p=1387"},"wordCount":424,"publisher":{"@id":"https:\/\/magdacesti.md\/#organization"},"image":{"@id":"https:\/\/magdacesti.md\/?p=1387#primaryimage"},"thumbnailUrl":"https:\/\/magdacesti.md\/wp-content\/uploads\/2017\/02\/fanfara-1.jpg","articleSection":["Stiri"],"inLanguage":"en-US"},{"@type":"WebPage","@id":"https:\/\/magdacesti.md\/?p=1387","url":"https:\/\/magdacesti.md\/?p=1387","name":"Fanfara satului M\u0103gd\u0103ce\u0219ti - 5 ani de activitate - M\u0103gd\u0103ce\u0219ti","isPartOf":{"@id":"https:\/\/magdacesti.md\/#website"},"primaryImageOfPage":{"@id":"https:\/\/magdacesti.md\/?p=1387#primaryimage"},"image":{"@id":"https:\/\/magdacesti.md\/?p=1387#primaryimage"},"thumbnailUrl":"https:\/\/magdacesti.md\/wp-content\/uploads\/2017\/02\/fanfara-1.jpg","datePublished":"2017-02-03T09:51:35+00:00","dateModified":"2017-02-03T09:51:35+00:00","description":"Bine ati venit pe pagina oficiala a Primariei Magdacesti.","breadcrumb":{"@id":"https:\/\/magdacesti.md\/?p=1387#breadcrumb"},"inLanguage":"en-US","potentialAction":[{"@type":"ReadAction","target":["https:\/\/magdacesti.md\/?p=1387"]}]},{"@type":"ImageObject","inLanguage":"en-US","@id":"https:\/\/magdacesti.md\/?p=1387#primaryimage","url":"https:\/\/magdacesti.md\/wp-content\/uploads\/2017\/02\/fanfara-1.jpg","contentUrl":"https:\/\/magdacesti.md\/wp-content\/uploads\/2017\/02\/fanfara-1.jpg"},{"@type":"BreadcrumbList","@id":"https:\/\/magdacesti.md\/?p=1387#breadcrumb","itemListElement":[{"@type":"ListItem","position":1,"name":"Home","item":"https:\/\/magdacesti.md\/"},{"@type":"ListItem","position":2,"name":"Fanfara satului M\u0103gd\u0103ce\u0219ti &#8211; 5 ani de activitate"}]},{"@type":"WebSite","@id":"https:\/\/magdacesti.md\/#website","url":"https:\/\/magdacesti.md\/","name":"M\u0103gd\u0103ce\u0219ti","description":"Un or\u0103\u0219el cu condi\u021bii decente de trai!","publisher":{"@id":"https:\/\/magdacesti.md\/#organization"},"potentialAction":[{"@type":"SearchAction","target":{"@type":"EntryPoint","urlTemplate":"https:\/\/magdacesti.md\/?s={search_term_string}"},"query-input":"required name=search_term_string"}],"inLanguage":"en-US"},{"@type":"Organization","@id":"https:\/\/magdacesti.md\/#organization","name":"M\u0103gd\u0103ce\u0219ti","url":"https:\/\/magdacesti.md\/","logo":{"@type":"ImageObject","inLanguage":"en-US","@id":"https:\/\/magdacesti.md\/#\/schema\/logo\/image\/","url":"https:\/\/magdacesti.md\/wp-content\/uploads\/2021\/03\/Foto-514-scaled.jpg","contentUrl":"https:\/\/magdacesti.md\/wp-content\/uploads\/2021\/03\/Foto-514-scaled.jpg","width":2560,"height":1707,"caption":"M\u0103gd\u0103ce\u0219ti"},"image":{"@id":"https:\/\/magdacesti.md\/#\/schema\/logo\/image\/"},"sameAs":["https:\/\/www.facebook.com\/magdacesti.md\/"]},{"@type":"Person","@id":"https:\/\/magdacesti.md\/#\/schema\/person\/ee6a6d0a5f0b0cb676ac992c8e414842","name":"magdacesti","sameAs":["https:\/\/magdacesti.md"],"url":"https:\/\/magdacesti.md\/?author=1"}]}},"_links":{"self":[{"href":"https:\/\/magdacesti.md\/index.php?rest_route=\/wp\/v2\/posts\/1387","targetHints":{"allow":["GET"]}}],"collection":[{"href":"https:\/\/magdacesti.md\/index.php?rest_route=\/wp\/v2\/posts"}],"about":[{"href":"https:\/\/magdacesti.md\/index.php?rest_route=\/wp\/v2\/types\/post"}],"author":[{"embeddable":true,"href":"https:\/\/magdacesti.md\/index.php?rest_route=\/wp\/v2\/users\/1"}],"replies":[{"embeddable":true,"href":"https:\/\/magdacesti.md\/index.php?rest_route=%2Fwp%2Fv2%2Fcomments&post=1387"}],"version-history":[{"count":0,"href":"https:\/\/magdacesti.md\/index.php?rest_route=\/wp\/v2\/posts\/1387\/revisions"}],"wp:attachment":[{"href":"https:\/\/magdacesti.md\/index.php?rest_route=%2Fwp%2Fv2%2Fmedia&parent=1387"}],"wp:term":[{"taxonomy":"category","embeddable":true,"href":"https:\/\/magdacesti.md\/index.php?rest_route=%2Fwp%2Fv2%2Fcategories&post=1387"},{"taxonomy":"post_tag","embeddable":true,"href":"https:\/\/magdacesti.md\/index.php?rest_route=%2Fwp%2Fv2%2Ftags&post=1387"}],"curies":[{"name":"wp","href":"https:\/\/api.w.org\/{rel}","templated":true}]}}