{"id":1467,"date":"2017-02-09T09:34:16","date_gmt":"2017-02-09T07:34:16","guid":{"rendered":"https:\/\/magdacesti.md\/?p=1467"},"modified":"2017-02-09T09:34:16","modified_gmt":"2017-02-09T07:34:16","slug":"biblioteca-publica-tezaurul-cultural-al-satenilor","status":"publish","type":"post","link":"https:\/\/magdacesti.md\/?p=1467","title":{"rendered":"Biblioteca public\u0103 \u2013 tezaurul cultural al s\u0103tenilor."},"content":{"rendered":"<p>Adev\u0103rata universitate a viselor noastre este o bibliotec\u0103. Locul unde mergem sa citim, sa ascult\u0103m, s\u0103 discut\u0103m, s\u0103 ne \u00eent\u00e2lnim cu cartea, cu al\u021bi semeni de-ai no\u0219tri ingenio\u0219i, interesan\u021bi \u0219i seto\u0219i de a \u021bese noi performan\u021be. Biblioteca este locul care ne p\u0103streaz\u0103 amintirile, ne delecteaz\u0103 sufletul cu mul\u021bimea de tezaure, ce a\u0219teapt\u0103 sa fie r\u0103sfoite.<\/p>\n<p>Satul M\u0103gd\u0103ce\u015fti dispune de o bibliotec\u0103 spa\u021bioas\u0103, unde fiecare locuitor este a\u0219teptat sa-si savureze por\u021bia de lectur\u0103. &#8220;St\u0103p\u00e2na&#8221; acestei Institu\u021bii, este Antonina Sp\u00e2nu, cea care de 17 ani, nu este un simplu angajat ce difuzeaz\u0103 cartea sau informa\u0163ia \u00een format tip\u0103rit, ci mai degrab\u0103 un sf\u0103tuitor al celor care caut\u0103 \u00een car\u021bi, r\u0103spunsuri la marile probleme existentiale, sau care vor doar sa se delecteze cu literatura beletristic\u0103.<\/p>\n<figure style=\"width: 640px\" class=\"wp-caption aligncenter\"><img loading=\"lazy\" decoding=\"async\" src=\"https:\/\/magdacesti.md\/wp-content\/uploads\/2017\/02\/IMG_3250.jpg\" alt=\"Biblioteca satului M\u0103gd\u0103ce\u0219ti.\" width=\"640\" height=\"428\" \/><figcaption class=\"wp-caption-text\">Biblioteca satului M\u0103gd\u0103ce\u0219ti.<\/figcaption><\/figure>\n<p>Biblioteca din localitate, ad\u0103poste\u0219te un adev\u0103rat tezaur cultural. Fondul de carte a bibliotecii constituie 7069 de exemplare \u0219i 4890 titluri de carte.Fondul de carte este clasificat dup\u0103 ramurile de \u0219tiin\u021b\u0103. Bibliotec\u0103 are \u0219i un fond de referin\u021b\u0103, care i se mai spune \u0219i fondul de aur. Din aceste c\u0103r\u021bi se studiaz\u0103 doar \u00een bibliotec\u0103. Fondul de aur este completat anual cu Enciclopedii universale din diverse domenii: natur\u0103, botanic\u0103, zoologie, medicin\u0103, geografie, numeroase dic\u021bionare, ghiduri \u0219i alte c\u0103r\u021bi de valoare. Cititorii au posibilitatea de a \u00eemprumuta c\u0103r\u021bile la domiciliu, dar \u0219i s\u0103 studieze \u00een cadrul bibliotecii. Ei pot g\u0103si informa\u021bii din diverse ramuri: religie, \u00eenv\u0103\u021b\u0103m\u00e2nt, medicin\u0103, muzic\u0103, sport, scriitori clasici rom\u00e2ni, universali. Anual fondul de carte este \u00eembog\u0103\u021bit, prin achizi\u021bia de c\u0103r\u021bi noi, sus\u021binut financiar de c\u0103tre administra\u021bia public\u0103 local\u0103 , c\u00e2t \u0219i din dona\u021biile Bibliotecii or\u0103\u0219ene\u0219ti \u201eTamara Isac\u201d.<\/p>\n<p><img loading=\"lazy\" decoding=\"async\" class=\"aligncenter\" src=\"https:\/\/magdacesti.md\/wp-content\/uploads\/2017\/02\/publicate.jpg\" alt=\"\" width=\"640\" height=\"427\" \/><\/p>\n<p>Din 2015, luna octombrie, biblioteca localit\u0103\u021bii, \u0219i-a m\u0103rit considerabil num\u0103rul de vizitatori, datorit\u0103 programului \u201eNovateca\u201d. Acest proiect a fost implementat cu sus\u021binerea Funda\u021biei Bill &amp; Melinda Gates \u00een cooperare cu Agen\u021bia Statelor Unite pentru Dezvoltare Interna\u021bional\u0103, care sprijin\u0103 reforma sistemului de biblioteci din Republica Moldova. Scopul acestui proiect este de a deschide publicului, un acces mai mare la educa\u021bie, informa\u021bie \u0219i circula\u021bia ideilor. Datorit\u0103 acestui program, Biblioteca local\u0103 a beneficiat de 6 computere performante, precum \u0219i de o imprimant\u0103 multifunc\u021bional\u0103.<\/p>\n<p><img loading=\"lazy\" decoding=\"async\" class=\"aligncenter\" src=\"https:\/\/magdacesti.md\/wp-content\/uploads\/2017\/02\/IMG_3216.jpg\" alt=\"\" width=\"640\" height=\"480\" \/><\/p>\n<p>\u00cen anul 2016, biblioteca local\u0103 a fost vizitat\u0103 de 642 de persoane. Num\u0103rul de solicit\u0103ri de a primi o fi\u0219\u0103 de cititor permanent este 164 maturi \u0219i 478 de elevi, cu v\u00e2rst\u0103 de p\u00e2n\u0103 la 16 ani. Biblioteca public\u0103 deserve\u0219te zilnic circa 40 de persoane, marea majoritate dintre ei sunt liceeni. Aici vin \u015fi persoane adulte, care pe parcurs au devenit cititori fideli. Ace\u0219tia viziteaz\u0103 biblioteca pentru a \u00eemprumuta c\u0103r\u021bi (literatur\u0103 artistic\u0103 \u015fi \u015ftiin\u0163ific\u0103) , \u00eens\u0103 marea lor atrac\u021bie reprezint\u0103 accesul gratuit la internet.<\/p>\n<p>&nbsp;<\/p>\n<p>Pe parcursul anului trecut, biblioteca a organizat mai multe evenimente culturale, expozi\u021bii tematice, ore bibliografice, recitaluri de poezii, discu\u021bii \u0219i jocuri distractive. Biblioteca public\u0103 \u0219i Biblioteca Liceului Teoretic din localitate, particip\u0103 anual la Concursul literar-raional \u201cLa Ivoarele \u00cen\u021belepciunii\u201d,care se desf\u0103\u0219oar\u0103 \u00een luna aprilie, c\u00eet \u0219i la Concursul declamatorului\u00a0 &#8220;Noi nu suntem st\u0103p\u00e2nii limbii, ci limba e st\u0103p\u00e2na noastr\u0103\u201d, care se desf\u0103\u0219oar\u0103 anual, \u00een ultima lun\u0103 a verii.<\/p>\n<p><img loading=\"lazy\" decoding=\"async\" class=\"aligncenter\" src=\"https:\/\/magdacesti.md\/wp-content\/uploads\/2017\/02\/12795451_239731103030338_8708243582301375643_n.jpg\" alt=\"\" width=\"316\" height=\"477\" \/><\/p>\n<p>Biblioteca e o oaz\u0103 de lini\u0219te \u0219i frumos pentru suflet, iar cartea \u2013 oglind\u0103 \u0219i popas al spiritului. \u0218i \u00eentr-adev\u0103r, a\u0219a cum spunea \u0219i marele \u00een\u021belept Miron Costin: \u201eNu este alta, mai frumoas\u0103 \u0219i mai de folos \u00een toat\u0103 via\u0163a omului z\u0103bav\u0103, dec\u00eet cetitul c\u0103r\u0163ilor\u201d.<\/p>\n<p>Dac\u0103 vre\u021bi s\u0103 ob\u021bine\u021bi cheia succesului, r\u0103t\u0103ci\u021bi \u00een labirintul c\u0103r\u021bilor \u0219i sorbi\u021bi lacom din nectarul cuno\u0219tin\u021belor!<\/p>\n<p><iframe loading=\"lazy\" src=\"\/\/www.youtube.com\/embed\/Pt3Q1LkaKvU\" width=\"560\" height=\"314\" allowfullscreen=\"allowfullscreen\"><\/iframe><\/p>\n","protected":false},"excerpt":{"rendered":"<p>Adev\u0103rata universitate a viselor noastre este o bibliotec\u0103. Locul unde mergem sa citim, sa ascult\u0103m, s\u0103 discut\u0103m, s\u0103 ne \u00eent\u00e2lnim cu cartea, cu al\u021bi semeni de-ai no\u0219tri ingenio\u0219i, interesan\u021bi \u0219i seto\u0219i de a \u021bese noi performan\u021be. Biblioteca este locul care ne p\u0103streaz\u0103 amintirile, ne delecteaz\u0103 sufletul cu mul\u021bimea de tezaure, ce a\u0219teapt\u0103 sa fie r\u0103sfoite. [&#8230;]\n","protected":false},"author":1,"featured_media":0,"comment_status":"closed","ping_status":"closed","sticky":false,"template":"","format":"standard","meta":{"ngg_post_thumbnail":0,"footnotes":""},"categories":[4],"tags":[],"class_list":["post-1467","post","type-post","status-publish","format-standard","hentry","category-stiri"],"yoast_head":"<!-- This site is optimized with the Yoast SEO plugin v23.3 - https:\/\/yoast.com\/wordpress\/plugins\/seo\/ -->\n<title>Biblioteca public\u0103 \u2013 tezaurul cultural al s\u0103tenilor. - M\u0103gd\u0103ce\u0219ti<\/title>\n<meta name=\"description\" content=\"Bine ati venit pe pagina oficiala a Primariei Magdacesti.\" \/>\n<meta name=\"robots\" content=\"index, follow, max-snippet:-1, max-image-preview:large, max-video-preview:-1\" \/>\n<link rel=\"canonical\" href=\"https:\/\/magdacesti.md\/?p=1467\" \/>\n<meta property=\"og:locale\" content=\"en_US\" \/>\n<meta property=\"og:type\" content=\"article\" \/>\n<meta property=\"og:title\" content=\"Biblioteca public\u0103 \u2013 tezaurul cultural al s\u0103tenilor. - M\u0103gd\u0103ce\u0219ti\" \/>\n<meta property=\"og:description\" content=\"Bine ati venit pe pagina oficiala a Primariei Magdacesti.\" \/>\n<meta property=\"og:url\" content=\"https:\/\/magdacesti.md\/?p=1467\" \/>\n<meta property=\"og:site_name\" content=\"M\u0103gd\u0103ce\u0219ti\" \/>\n<meta property=\"article:publisher\" content=\"https:\/\/www.facebook.com\/magdacesti.md\/\" \/>\n<meta property=\"article:published_time\" content=\"2017-02-09T07:34:16+00:00\" \/>\n<meta property=\"og:image\" content=\"https:\/\/magdacesti.md\/wp-content\/uploads\/2017\/02\/IMG_3250.jpg\" \/>\n<meta name=\"author\" content=\"magdacesti\" \/>\n<meta name=\"twitter:card\" content=\"summary_large_image\" \/>\n<meta name=\"twitter:label1\" content=\"Written by\" \/>\n\t<meta name=\"twitter:data1\" content=\"magdacesti\" \/>\n\t<meta name=\"twitter:label2\" content=\"Est. reading time\" \/>\n\t<meta name=\"twitter:data2\" content=\"3 minutes\" \/>\n<script type=\"application\/ld+json\" class=\"yoast-schema-graph\">{\"@context\":\"https:\/\/schema.org\",\"@graph\":[{\"@type\":\"Article\",\"@id\":\"https:\/\/magdacesti.md\/?p=1467#article\",\"isPartOf\":{\"@id\":\"https:\/\/magdacesti.md\/?p=1467\"},\"author\":{\"name\":\"magdacesti\",\"@id\":\"https:\/\/magdacesti.md\/#\/schema\/person\/ee6a6d0a5f0b0cb676ac992c8e414842\"},\"headline\":\"Biblioteca public\u0103 \u2013 tezaurul cultural al s\u0103tenilor.\",\"datePublished\":\"2017-02-09T07:34:16+00:00\",\"dateModified\":\"2017-02-09T07:34:16+00:00\",\"mainEntityOfPage\":{\"@id\":\"https:\/\/magdacesti.md\/?p=1467\"},\"wordCount\":666,\"publisher\":{\"@id\":\"https:\/\/magdacesti.md\/#organization\"},\"image\":{\"@id\":\"https:\/\/magdacesti.md\/?p=1467#primaryimage\"},\"thumbnailUrl\":\"https:\/\/magdacesti.md\/wp-content\/uploads\/2017\/02\/IMG_3250.jpg\",\"articleSection\":[\"Stiri\"],\"inLanguage\":\"en-US\"},{\"@type\":\"WebPage\",\"@id\":\"https:\/\/magdacesti.md\/?p=1467\",\"url\":\"https:\/\/magdacesti.md\/?p=1467\",\"name\":\"Biblioteca public\u0103 \u2013 tezaurul cultural al s\u0103tenilor. - M\u0103gd\u0103ce\u0219ti\",\"isPartOf\":{\"@id\":\"https:\/\/magdacesti.md\/#website\"},\"primaryImageOfPage\":{\"@id\":\"https:\/\/magdacesti.md\/?p=1467#primaryimage\"},\"image\":{\"@id\":\"https:\/\/magdacesti.md\/?p=1467#primaryimage\"},\"thumbnailUrl\":\"https:\/\/magdacesti.md\/wp-content\/uploads\/2017\/02\/IMG_3250.jpg\",\"datePublished\":\"2017-02-09T07:34:16+00:00\",\"dateModified\":\"2017-02-09T07:34:16+00:00\",\"description\":\"Bine ati venit pe pagina oficiala a Primariei Magdacesti.\",\"breadcrumb\":{\"@id\":\"https:\/\/magdacesti.md\/?p=1467#breadcrumb\"},\"inLanguage\":\"en-US\",\"potentialAction\":[{\"@type\":\"ReadAction\",\"target\":[\"https:\/\/magdacesti.md\/?p=1467\"]}]},{\"@type\":\"ImageObject\",\"inLanguage\":\"en-US\",\"@id\":\"https:\/\/magdacesti.md\/?p=1467#primaryimage\",\"url\":\"https:\/\/magdacesti.md\/wp-content\/uploads\/2017\/02\/IMG_3250.jpg\",\"contentUrl\":\"https:\/\/magdacesti.md\/wp-content\/uploads\/2017\/02\/IMG_3250.jpg\"},{\"@type\":\"BreadcrumbList\",\"@id\":\"https:\/\/magdacesti.md\/?p=1467#breadcrumb\",\"itemListElement\":[{\"@type\":\"ListItem\",\"position\":1,\"name\":\"Home\",\"item\":\"https:\/\/magdacesti.md\/\"},{\"@type\":\"ListItem\",\"position\":2,\"name\":\"Biblioteca public\u0103 \u2013 tezaurul cultural al s\u0103tenilor.\"}]},{\"@type\":\"WebSite\",\"@id\":\"https:\/\/magdacesti.md\/#website\",\"url\":\"https:\/\/magdacesti.md\/\",\"name\":\"M\u0103gd\u0103ce\u0219ti\",\"description\":\"Un or\u0103\u0219el cu condi\u021bii decente de trai!\",\"publisher\":{\"@id\":\"https:\/\/magdacesti.md\/#organization\"},\"potentialAction\":[{\"@type\":\"SearchAction\",\"target\":{\"@type\":\"EntryPoint\",\"urlTemplate\":\"https:\/\/magdacesti.md\/?s={search_term_string}\"},\"query-input\":\"required name=search_term_string\"}],\"inLanguage\":\"en-US\"},{\"@type\":\"Organization\",\"@id\":\"https:\/\/magdacesti.md\/#organization\",\"name\":\"M\u0103gd\u0103ce\u0219ti\",\"url\":\"https:\/\/magdacesti.md\/\",\"logo\":{\"@type\":\"ImageObject\",\"inLanguage\":\"en-US\",\"@id\":\"https:\/\/magdacesti.md\/#\/schema\/logo\/image\/\",\"url\":\"https:\/\/magdacesti.md\/wp-content\/uploads\/2021\/03\/Foto-514-scaled.jpg\",\"contentUrl\":\"https:\/\/magdacesti.md\/wp-content\/uploads\/2021\/03\/Foto-514-scaled.jpg\",\"width\":2560,\"height\":1707,\"caption\":\"M\u0103gd\u0103ce\u0219ti\"},\"image\":{\"@id\":\"https:\/\/magdacesti.md\/#\/schema\/logo\/image\/\"},\"sameAs\":[\"https:\/\/www.facebook.com\/magdacesti.md\/\"]},{\"@type\":\"Person\",\"@id\":\"https:\/\/magdacesti.md\/#\/schema\/person\/ee6a6d0a5f0b0cb676ac992c8e414842\",\"name\":\"magdacesti\",\"sameAs\":[\"https:\/\/magdacesti.md\"],\"url\":\"https:\/\/magdacesti.md\/?author=1\"}]}<\/script>\n<!-- \/ Yoast SEO plugin. -->","yoast_head_json":{"title":"Biblioteca public\u0103 \u2013 tezaurul cultural al s\u0103tenilor. - M\u0103gd\u0103ce\u0219ti","description":"Bine ati venit pe pagina oficiala a Primariei Magdacesti.","robots":{"index":"index","follow":"follow","max-snippet":"max-snippet:-1","max-image-preview":"max-image-preview:large","max-video-preview":"max-video-preview:-1"},"canonical":"https:\/\/magdacesti.md\/?p=1467","og_locale":"en_US","og_type":"article","og_title":"Biblioteca public\u0103 \u2013 tezaurul cultural al s\u0103tenilor. - M\u0103gd\u0103ce\u0219ti","og_description":"Bine ati venit pe pagina oficiala a Primariei Magdacesti.","og_url":"https:\/\/magdacesti.md\/?p=1467","og_site_name":"M\u0103gd\u0103ce\u0219ti","article_publisher":"https:\/\/www.facebook.com\/magdacesti.md\/","article_published_time":"2017-02-09T07:34:16+00:00","og_image":[{"url":"https:\/\/magdacesti.md\/wp-content\/uploads\/2017\/02\/IMG_3250.jpg"}],"author":"magdacesti","twitter_card":"summary_large_image","twitter_misc":{"Written by":"magdacesti","Est. reading time":"3 minutes"},"schema":{"@context":"https:\/\/schema.org","@graph":[{"@type":"Article","@id":"https:\/\/magdacesti.md\/?p=1467#article","isPartOf":{"@id":"https:\/\/magdacesti.md\/?p=1467"},"author":{"name":"magdacesti","@id":"https:\/\/magdacesti.md\/#\/schema\/person\/ee6a6d0a5f0b0cb676ac992c8e414842"},"headline":"Biblioteca public\u0103 \u2013 tezaurul cultural al s\u0103tenilor.","datePublished":"2017-02-09T07:34:16+00:00","dateModified":"2017-02-09T07:34:16+00:00","mainEntityOfPage":{"@id":"https:\/\/magdacesti.md\/?p=1467"},"wordCount":666,"publisher":{"@id":"https:\/\/magdacesti.md\/#organization"},"image":{"@id":"https:\/\/magdacesti.md\/?p=1467#primaryimage"},"thumbnailUrl":"https:\/\/magdacesti.md\/wp-content\/uploads\/2017\/02\/IMG_3250.jpg","articleSection":["Stiri"],"inLanguage":"en-US"},{"@type":"WebPage","@id":"https:\/\/magdacesti.md\/?p=1467","url":"https:\/\/magdacesti.md\/?p=1467","name":"Biblioteca public\u0103 \u2013 tezaurul cultural al s\u0103tenilor. - M\u0103gd\u0103ce\u0219ti","isPartOf":{"@id":"https:\/\/magdacesti.md\/#website"},"primaryImageOfPage":{"@id":"https:\/\/magdacesti.md\/?p=1467#primaryimage"},"image":{"@id":"https:\/\/magdacesti.md\/?p=1467#primaryimage"},"thumbnailUrl":"https:\/\/magdacesti.md\/wp-content\/uploads\/2017\/02\/IMG_3250.jpg","datePublished":"2017-02-09T07:34:16+00:00","dateModified":"2017-02-09T07:34:16+00:00","description":"Bine ati venit pe pagina oficiala a Primariei Magdacesti.","breadcrumb":{"@id":"https:\/\/magdacesti.md\/?p=1467#breadcrumb"},"inLanguage":"en-US","potentialAction":[{"@type":"ReadAction","target":["https:\/\/magdacesti.md\/?p=1467"]}]},{"@type":"ImageObject","inLanguage":"en-US","@id":"https:\/\/magdacesti.md\/?p=1467#primaryimage","url":"https:\/\/magdacesti.md\/wp-content\/uploads\/2017\/02\/IMG_3250.jpg","contentUrl":"https:\/\/magdacesti.md\/wp-content\/uploads\/2017\/02\/IMG_3250.jpg"},{"@type":"BreadcrumbList","@id":"https:\/\/magdacesti.md\/?p=1467#breadcrumb","itemListElement":[{"@type":"ListItem","position":1,"name":"Home","item":"https:\/\/magdacesti.md\/"},{"@type":"ListItem","position":2,"name":"Biblioteca public\u0103 \u2013 tezaurul cultural al s\u0103tenilor."}]},{"@type":"WebSite","@id":"https:\/\/magdacesti.md\/#website","url":"https:\/\/magdacesti.md\/","name":"M\u0103gd\u0103ce\u0219ti","description":"Un or\u0103\u0219el cu condi\u021bii decente de trai!","publisher":{"@id":"https:\/\/magdacesti.md\/#organization"},"potentialAction":[{"@type":"SearchAction","target":{"@type":"EntryPoint","urlTemplate":"https:\/\/magdacesti.md\/?s={search_term_string}"},"query-input":"required name=search_term_string"}],"inLanguage":"en-US"},{"@type":"Organization","@id":"https:\/\/magdacesti.md\/#organization","name":"M\u0103gd\u0103ce\u0219ti","url":"https:\/\/magdacesti.md\/","logo":{"@type":"ImageObject","inLanguage":"en-US","@id":"https:\/\/magdacesti.md\/#\/schema\/logo\/image\/","url":"https:\/\/magdacesti.md\/wp-content\/uploads\/2021\/03\/Foto-514-scaled.jpg","contentUrl":"https:\/\/magdacesti.md\/wp-content\/uploads\/2021\/03\/Foto-514-scaled.jpg","width":2560,"height":1707,"caption":"M\u0103gd\u0103ce\u0219ti"},"image":{"@id":"https:\/\/magdacesti.md\/#\/schema\/logo\/image\/"},"sameAs":["https:\/\/www.facebook.com\/magdacesti.md\/"]},{"@type":"Person","@id":"https:\/\/magdacesti.md\/#\/schema\/person\/ee6a6d0a5f0b0cb676ac992c8e414842","name":"magdacesti","sameAs":["https:\/\/magdacesti.md"],"url":"https:\/\/magdacesti.md\/?author=1"}]}},"_links":{"self":[{"href":"https:\/\/magdacesti.md\/index.php?rest_route=\/wp\/v2\/posts\/1467","targetHints":{"allow":["GET"]}}],"collection":[{"href":"https:\/\/magdacesti.md\/index.php?rest_route=\/wp\/v2\/posts"}],"about":[{"href":"https:\/\/magdacesti.md\/index.php?rest_route=\/wp\/v2\/types\/post"}],"author":[{"embeddable":true,"href":"https:\/\/magdacesti.md\/index.php?rest_route=\/wp\/v2\/users\/1"}],"replies":[{"embeddable":true,"href":"https:\/\/magdacesti.md\/index.php?rest_route=%2Fwp%2Fv2%2Fcomments&post=1467"}],"version-history":[{"count":0,"href":"https:\/\/magdacesti.md\/index.php?rest_route=\/wp\/v2\/posts\/1467\/revisions"}],"wp:attachment":[{"href":"https:\/\/magdacesti.md\/index.php?rest_route=%2Fwp%2Fv2%2Fmedia&parent=1467"}],"wp:term":[{"taxonomy":"category","embeddable":true,"href":"https:\/\/magdacesti.md\/index.php?rest_route=%2Fwp%2Fv2%2Fcategories&post=1467"},{"taxonomy":"post_tag","embeddable":true,"href":"https:\/\/magdacesti.md\/index.php?rest_route=%2Fwp%2Fv2%2Ftags&post=1467"}],"curies":[{"name":"wp","href":"https:\/\/api.w.org\/{rel}","templated":true}]}}