{"id":1570,"date":"2017-02-24T14:03:54","date_gmt":"2017-02-24T12:03:54","guid":{"rendered":"https:\/\/magdacesti.md\/?p=1570"},"modified":"2017-02-24T14:03:54","modified_gmt":"2017-02-24T12:03:54","slug":"o-speranta-pentru-familiile-tinere-din-magdacesti","status":"publish","type":"post","link":"https:\/\/magdacesti.md\/?p=1570","title":{"rendered":"O speran\u021b\u0103 pentru familiile tinere din M\u0103gd\u0103ce\u015fti"},"content":{"rendered":"<p>Joi, 23 februarie, la solicitarea unui grup de cet\u0103\u021beni din localitate, primarul, Liuba Cojocaru a convocat o \u0219edin\u021b\u0103, \u00een incinta Prim\u0103riei M\u0103gd\u0103ce\u015fti. Aici s-a discutat despre cea mai stringent\u0103 \u0219i actual\u0103 problem\u0103 a locuitorilor &#8211; ob\u021binerea unui teren pentru construc\u021bia casei.<\/p>\n<p><img loading=\"lazy\" decoding=\"async\" class=\"aligncenter\" src=\"https:\/\/magdacesti.md\/wp-content\/uploads\/2017\/02\/IMG_3550.jpg\" alt=\"\" width=\"640\" height=\"487\" \/><\/p>\n<p>Tinerii \u00ee\u0219i doresc s\u0103 r\u0103m\u00e2n\u0103 \u00een satul de ba\u0219tin\u0103, dar din motiv c\u0103 toate terenurile cu destina\u021bie locativ\u0103 din Fondurile de rezerv\u0103 a prim\u0103riei sunt epuizate, iar num\u0103rul popula\u021biei este \u00een continu\u0103 cre\u0219tere, ei sunt nevoi\u021bi s\u0103 locuiasc\u0103 c\u00e2te 3-4\u00a0 familii \u00eentr-o cas\u0103 sau s\u0103 p\u0103r\u0103seasc\u0103 localitatea. La Prim\u0103rie au parvenit numeroase cereri din partea persoanelor care de\u021bin un teren privat cu destina\u021bie agricol\u0103, cu solicitarea de a fi transformat \u00een teren de construc\u021bie.<\/p>\n<p><img loading=\"lazy\" decoding=\"async\" class=\"aligncenter\" src=\"https:\/\/magdacesti.md\/wp-content\/uploads\/2017\/02\/IMG_3570.jpg\" alt=\"\" width=\"640\" height=\"339\" \/><\/p>\n<p>Acest subiect va fi discutat minu\u021bios \u00een \u0219edin\u021ba l\u0103rgit\u0103, care va avea loc \u00een luna martie, \u00een cadrul Prim\u0103riei, unde va participa \u00eentreaga conducere a raionului Criuleni, c\u00e2t \u0219i Conducerea Agen\u021biei de Reglementare \u00een Cadastru.<\/p>\n<p>Invit\u0103m to\u021bi locuitorii satului M\u0103gd\u0103ce\u015fti, care de\u021bin teren agricol inclus \u00een intravilan, s\u0103 participe \u00een num\u0103r c\u00e2t mai mare la aceast\u0103 \u00eentrunire. Cu detalii despre data, ziua \u0219i ora \u00een care va avea loc \u0219edin\u021ba, vom reveni \u00een urm\u0103toarele zile.<\/p>\n","protected":false},"excerpt":{"rendered":"<p>Joi, 23 februarie, la solicitarea unui grup de cet\u0103\u021beni din localitate, primarul, Liuba Cojocaru a convocat o \u0219edin\u021b\u0103, \u00een incinta Prim\u0103riei M\u0103gd\u0103ce\u015fti. Aici s-a discutat despre cea mai stringent\u0103 \u0219i actual\u0103 problem\u0103 a locuitorilor &#8211; ob\u021binerea unui teren pentru construc\u021bia casei. Tinerii \u00ee\u0219i doresc s\u0103 r\u0103m\u00e2n\u0103 \u00een satul de ba\u0219tin\u0103, dar din motiv c\u0103 toate [&#8230;]\n","protected":false},"author":1,"featured_media":0,"comment_status":"closed","ping_status":"closed","sticky":false,"template":"","format":"standard","meta":{"ngg_post_thumbnail":0,"footnotes":""},"categories":[4],"tags":[],"class_list":["post-1570","post","type-post","status-publish","format-standard","hentry","category-stiri"],"yoast_head":"<!-- This site is optimized with the Yoast SEO plugin v23.3 - https:\/\/yoast.com\/wordpress\/plugins\/seo\/ -->\n<title>O speran\u021b\u0103 pentru familiile tinere din M\u0103gd\u0103ce\u015fti - M\u0103gd\u0103ce\u0219ti<\/title>\n<meta name=\"description\" content=\"Bine ati venit pe pagina oficiala a Primariei Magdacesti.\" \/>\n<meta name=\"robots\" content=\"index, follow, max-snippet:-1, max-image-preview:large, max-video-preview:-1\" \/>\n<link rel=\"canonical\" href=\"https:\/\/magdacesti.md\/?p=1570\" \/>\n<meta property=\"og:locale\" content=\"en_US\" \/>\n<meta property=\"og:type\" content=\"article\" \/>\n<meta property=\"og:title\" content=\"O speran\u021b\u0103 pentru familiile tinere din M\u0103gd\u0103ce\u015fti - M\u0103gd\u0103ce\u0219ti\" \/>\n<meta property=\"og:description\" content=\"Bine ati venit pe pagina oficiala a Primariei Magdacesti.\" \/>\n<meta property=\"og:url\" content=\"https:\/\/magdacesti.md\/?p=1570\" \/>\n<meta property=\"og:site_name\" content=\"M\u0103gd\u0103ce\u0219ti\" \/>\n<meta property=\"article:publisher\" content=\"https:\/\/www.facebook.com\/magdacesti.md\/\" \/>\n<meta property=\"article:published_time\" content=\"2017-02-24T12:03:54+00:00\" \/>\n<meta property=\"og:image\" content=\"https:\/\/magdacesti.md\/wp-content\/uploads\/2017\/02\/IMG_3550.jpg\" \/>\n<meta name=\"author\" content=\"magdacesti\" \/>\n<meta name=\"twitter:card\" content=\"summary_large_image\" \/>\n<meta name=\"twitter:label1\" content=\"Written by\" \/>\n\t<meta name=\"twitter:data1\" content=\"magdacesti\" \/>\n\t<meta name=\"twitter:label2\" content=\"Est. reading time\" \/>\n\t<meta name=\"twitter:data2\" content=\"1 minute\" \/>\n<script type=\"application\/ld+json\" class=\"yoast-schema-graph\">{\"@context\":\"https:\/\/schema.org\",\"@graph\":[{\"@type\":\"Article\",\"@id\":\"https:\/\/magdacesti.md\/?p=1570#article\",\"isPartOf\":{\"@id\":\"https:\/\/magdacesti.md\/?p=1570\"},\"author\":{\"name\":\"magdacesti\",\"@id\":\"https:\/\/magdacesti.md\/#\/schema\/person\/ee6a6d0a5f0b0cb676ac992c8e414842\"},\"headline\":\"O speran\u021b\u0103 pentru familiile tinere din M\u0103gd\u0103ce\u015fti\",\"datePublished\":\"2017-02-24T12:03:54+00:00\",\"dateModified\":\"2017-02-24T12:03:54+00:00\",\"mainEntityOfPage\":{\"@id\":\"https:\/\/magdacesti.md\/?p=1570\"},\"wordCount\":238,\"publisher\":{\"@id\":\"https:\/\/magdacesti.md\/#organization\"},\"image\":{\"@id\":\"https:\/\/magdacesti.md\/?p=1570#primaryimage\"},\"thumbnailUrl\":\"https:\/\/magdacesti.md\/wp-content\/uploads\/2017\/02\/IMG_3550.jpg\",\"articleSection\":[\"Stiri\"],\"inLanguage\":\"en-US\"},{\"@type\":\"WebPage\",\"@id\":\"https:\/\/magdacesti.md\/?p=1570\",\"url\":\"https:\/\/magdacesti.md\/?p=1570\",\"name\":\"O speran\u021b\u0103 pentru familiile tinere din M\u0103gd\u0103ce\u015fti - M\u0103gd\u0103ce\u0219ti\",\"isPartOf\":{\"@id\":\"https:\/\/magdacesti.md\/#website\"},\"primaryImageOfPage\":{\"@id\":\"https:\/\/magdacesti.md\/?p=1570#primaryimage\"},\"image\":{\"@id\":\"https:\/\/magdacesti.md\/?p=1570#primaryimage\"},\"thumbnailUrl\":\"https:\/\/magdacesti.md\/wp-content\/uploads\/2017\/02\/IMG_3550.jpg\",\"datePublished\":\"2017-02-24T12:03:54+00:00\",\"dateModified\":\"2017-02-24T12:03:54+00:00\",\"description\":\"Bine ati venit pe pagina oficiala a Primariei Magdacesti.\",\"breadcrumb\":{\"@id\":\"https:\/\/magdacesti.md\/?p=1570#breadcrumb\"},\"inLanguage\":\"en-US\",\"potentialAction\":[{\"@type\":\"ReadAction\",\"target\":[\"https:\/\/magdacesti.md\/?p=1570\"]}]},{\"@type\":\"ImageObject\",\"inLanguage\":\"en-US\",\"@id\":\"https:\/\/magdacesti.md\/?p=1570#primaryimage\",\"url\":\"https:\/\/magdacesti.md\/wp-content\/uploads\/2017\/02\/IMG_3550.jpg\",\"contentUrl\":\"https:\/\/magdacesti.md\/wp-content\/uploads\/2017\/02\/IMG_3550.jpg\"},{\"@type\":\"BreadcrumbList\",\"@id\":\"https:\/\/magdacesti.md\/?p=1570#breadcrumb\",\"itemListElement\":[{\"@type\":\"ListItem\",\"position\":1,\"name\":\"Home\",\"item\":\"https:\/\/magdacesti.md\/\"},{\"@type\":\"ListItem\",\"position\":2,\"name\":\"O speran\u021b\u0103 pentru familiile tinere din M\u0103gd\u0103ce\u015fti\"}]},{\"@type\":\"WebSite\",\"@id\":\"https:\/\/magdacesti.md\/#website\",\"url\":\"https:\/\/magdacesti.md\/\",\"name\":\"M\u0103gd\u0103ce\u0219ti\",\"description\":\"Un or\u0103\u0219el cu condi\u021bii decente de trai!\",\"publisher\":{\"@id\":\"https:\/\/magdacesti.md\/#organization\"},\"potentialAction\":[{\"@type\":\"SearchAction\",\"target\":{\"@type\":\"EntryPoint\",\"urlTemplate\":\"https:\/\/magdacesti.md\/?s={search_term_string}\"},\"query-input\":\"required name=search_term_string\"}],\"inLanguage\":\"en-US\"},{\"@type\":\"Organization\",\"@id\":\"https:\/\/magdacesti.md\/#organization\",\"name\":\"M\u0103gd\u0103ce\u0219ti\",\"url\":\"https:\/\/magdacesti.md\/\",\"logo\":{\"@type\":\"ImageObject\",\"inLanguage\":\"en-US\",\"@id\":\"https:\/\/magdacesti.md\/#\/schema\/logo\/image\/\",\"url\":\"https:\/\/magdacesti.md\/wp-content\/uploads\/2021\/03\/Foto-514-scaled.jpg\",\"contentUrl\":\"https:\/\/magdacesti.md\/wp-content\/uploads\/2021\/03\/Foto-514-scaled.jpg\",\"width\":2560,\"height\":1707,\"caption\":\"M\u0103gd\u0103ce\u0219ti\"},\"image\":{\"@id\":\"https:\/\/magdacesti.md\/#\/schema\/logo\/image\/\"},\"sameAs\":[\"https:\/\/www.facebook.com\/magdacesti.md\/\"]},{\"@type\":\"Person\",\"@id\":\"https:\/\/magdacesti.md\/#\/schema\/person\/ee6a6d0a5f0b0cb676ac992c8e414842\",\"name\":\"magdacesti\",\"sameAs\":[\"https:\/\/magdacesti.md\"],\"url\":\"https:\/\/magdacesti.md\/?author=1\"}]}<\/script>\n<!-- \/ Yoast SEO plugin. -->","yoast_head_json":{"title":"O speran\u021b\u0103 pentru familiile tinere din M\u0103gd\u0103ce\u015fti - M\u0103gd\u0103ce\u0219ti","description":"Bine ati venit pe pagina oficiala a Primariei Magdacesti.","robots":{"index":"index","follow":"follow","max-snippet":"max-snippet:-1","max-image-preview":"max-image-preview:large","max-video-preview":"max-video-preview:-1"},"canonical":"https:\/\/magdacesti.md\/?p=1570","og_locale":"en_US","og_type":"article","og_title":"O speran\u021b\u0103 pentru familiile tinere din M\u0103gd\u0103ce\u015fti - M\u0103gd\u0103ce\u0219ti","og_description":"Bine ati venit pe pagina oficiala a Primariei Magdacesti.","og_url":"https:\/\/magdacesti.md\/?p=1570","og_site_name":"M\u0103gd\u0103ce\u0219ti","article_publisher":"https:\/\/www.facebook.com\/magdacesti.md\/","article_published_time":"2017-02-24T12:03:54+00:00","og_image":[{"url":"https:\/\/magdacesti.md\/wp-content\/uploads\/2017\/02\/IMG_3550.jpg"}],"author":"magdacesti","twitter_card":"summary_large_image","twitter_misc":{"Written by":"magdacesti","Est. reading time":"1 minute"},"schema":{"@context":"https:\/\/schema.org","@graph":[{"@type":"Article","@id":"https:\/\/magdacesti.md\/?p=1570#article","isPartOf":{"@id":"https:\/\/magdacesti.md\/?p=1570"},"author":{"name":"magdacesti","@id":"https:\/\/magdacesti.md\/#\/schema\/person\/ee6a6d0a5f0b0cb676ac992c8e414842"},"headline":"O speran\u021b\u0103 pentru familiile tinere din M\u0103gd\u0103ce\u015fti","datePublished":"2017-02-24T12:03:54+00:00","dateModified":"2017-02-24T12:03:54+00:00","mainEntityOfPage":{"@id":"https:\/\/magdacesti.md\/?p=1570"},"wordCount":238,"publisher":{"@id":"https:\/\/magdacesti.md\/#organization"},"image":{"@id":"https:\/\/magdacesti.md\/?p=1570#primaryimage"},"thumbnailUrl":"https:\/\/magdacesti.md\/wp-content\/uploads\/2017\/02\/IMG_3550.jpg","articleSection":["Stiri"],"inLanguage":"en-US"},{"@type":"WebPage","@id":"https:\/\/magdacesti.md\/?p=1570","url":"https:\/\/magdacesti.md\/?p=1570","name":"O speran\u021b\u0103 pentru familiile tinere din M\u0103gd\u0103ce\u015fti - M\u0103gd\u0103ce\u0219ti","isPartOf":{"@id":"https:\/\/magdacesti.md\/#website"},"primaryImageOfPage":{"@id":"https:\/\/magdacesti.md\/?p=1570#primaryimage"},"image":{"@id":"https:\/\/magdacesti.md\/?p=1570#primaryimage"},"thumbnailUrl":"https:\/\/magdacesti.md\/wp-content\/uploads\/2017\/02\/IMG_3550.jpg","datePublished":"2017-02-24T12:03:54+00:00","dateModified":"2017-02-24T12:03:54+00:00","description":"Bine ati venit pe pagina oficiala a Primariei Magdacesti.","breadcrumb":{"@id":"https:\/\/magdacesti.md\/?p=1570#breadcrumb"},"inLanguage":"en-US","potentialAction":[{"@type":"ReadAction","target":["https:\/\/magdacesti.md\/?p=1570"]}]},{"@type":"ImageObject","inLanguage":"en-US","@id":"https:\/\/magdacesti.md\/?p=1570#primaryimage","url":"https:\/\/magdacesti.md\/wp-content\/uploads\/2017\/02\/IMG_3550.jpg","contentUrl":"https:\/\/magdacesti.md\/wp-content\/uploads\/2017\/02\/IMG_3550.jpg"},{"@type":"BreadcrumbList","@id":"https:\/\/magdacesti.md\/?p=1570#breadcrumb","itemListElement":[{"@type":"ListItem","position":1,"name":"Home","item":"https:\/\/magdacesti.md\/"},{"@type":"ListItem","position":2,"name":"O speran\u021b\u0103 pentru familiile tinere din M\u0103gd\u0103ce\u015fti"}]},{"@type":"WebSite","@id":"https:\/\/magdacesti.md\/#website","url":"https:\/\/magdacesti.md\/","name":"M\u0103gd\u0103ce\u0219ti","description":"Un or\u0103\u0219el cu condi\u021bii decente de trai!","publisher":{"@id":"https:\/\/magdacesti.md\/#organization"},"potentialAction":[{"@type":"SearchAction","target":{"@type":"EntryPoint","urlTemplate":"https:\/\/magdacesti.md\/?s={search_term_string}"},"query-input":"required name=search_term_string"}],"inLanguage":"en-US"},{"@type":"Organization","@id":"https:\/\/magdacesti.md\/#organization","name":"M\u0103gd\u0103ce\u0219ti","url":"https:\/\/magdacesti.md\/","logo":{"@type":"ImageObject","inLanguage":"en-US","@id":"https:\/\/magdacesti.md\/#\/schema\/logo\/image\/","url":"https:\/\/magdacesti.md\/wp-content\/uploads\/2021\/03\/Foto-514-scaled.jpg","contentUrl":"https:\/\/magdacesti.md\/wp-content\/uploads\/2021\/03\/Foto-514-scaled.jpg","width":2560,"height":1707,"caption":"M\u0103gd\u0103ce\u0219ti"},"image":{"@id":"https:\/\/magdacesti.md\/#\/schema\/logo\/image\/"},"sameAs":["https:\/\/www.facebook.com\/magdacesti.md\/"]},{"@type":"Person","@id":"https:\/\/magdacesti.md\/#\/schema\/person\/ee6a6d0a5f0b0cb676ac992c8e414842","name":"magdacesti","sameAs":["https:\/\/magdacesti.md"],"url":"https:\/\/magdacesti.md\/?author=1"}]}},"_links":{"self":[{"href":"https:\/\/magdacesti.md\/index.php?rest_route=\/wp\/v2\/posts\/1570","targetHints":{"allow":["GET"]}}],"collection":[{"href":"https:\/\/magdacesti.md\/index.php?rest_route=\/wp\/v2\/posts"}],"about":[{"href":"https:\/\/magdacesti.md\/index.php?rest_route=\/wp\/v2\/types\/post"}],"author":[{"embeddable":true,"href":"https:\/\/magdacesti.md\/index.php?rest_route=\/wp\/v2\/users\/1"}],"replies":[{"embeddable":true,"href":"https:\/\/magdacesti.md\/index.php?rest_route=%2Fwp%2Fv2%2Fcomments&post=1570"}],"version-history":[{"count":0,"href":"https:\/\/magdacesti.md\/index.php?rest_route=\/wp\/v2\/posts\/1570\/revisions"}],"wp:attachment":[{"href":"https:\/\/magdacesti.md\/index.php?rest_route=%2Fwp%2Fv2%2Fmedia&parent=1570"}],"wp:term":[{"taxonomy":"category","embeddable":true,"href":"https:\/\/magdacesti.md\/index.php?rest_route=%2Fwp%2Fv2%2Fcategories&post=1570"},{"taxonomy":"post_tag","embeddable":true,"href":"https:\/\/magdacesti.md\/index.php?rest_route=%2Fwp%2Fv2%2Ftags&post=1570"}],"curies":[{"name":"wp","href":"https:\/\/api.w.org\/{rel}","templated":true}]}}