{"id":1577,"date":"2017-02-27T14:49:06","date_gmt":"2017-02-27T12:49:06","guid":{"rendered":"https:\/\/magdacesti.md\/?p=1577"},"modified":"2017-02-27T14:49:06","modified_gmt":"2017-02-27T12:49:06","slug":"iluminarea-stradala-a-redus-numarul-de-infractiuni","status":"publish","type":"post","link":"https:\/\/magdacesti.md\/?p=1577","title":{"rendered":"Iluminarea stradal\u0103 a redus num\u0103rul de infrac\u021biuni pe timp de noapte."},"content":{"rendered":"<p>Potrivit ultimelor rapoarte parvenite de la Inspectoratului General de Politie din Criuleni, \u00een localitatea noastr\u0103 s-a \u00eenregistrat o sc\u0103dere a num\u0103rului de infrac\u021biuni nocturne, cu 35% fa\u021b\u0103 de anul trecut. Potrivit \u0219efului poli\u021biei din sector, Veaceslav Suvac, aceste date se datoreaz\u0103 \u00een mare parte iluminatului stradal, care faciliteaz\u0103 indirect prevenirea infrac\u021biunilor \u0219i a securit\u0103\u021bii propriet\u0103\u021bilor publice \u0219i private.<\/p>\n<p><img loading=\"lazy\" decoding=\"async\" class=\"alignleft\" style=\"border: 15pt none; float: left; padding-right: 10px; padding-bottom: 0px; padding-top: 5px;\" src=\"https:\/\/magdacesti.md\/wp-content\/uploads\/2017\/02\/iluminat.jpg\" alt=\"\" width=\"248\" height=\"331\" \/>Primarul de M\u0103gd\u0103ce\u0219ti, Liuba COJOCARU mul\u021bume\u0219te tuturor locuitorilor, pentru \u00een\u021belegere \u0219i contribu\u021bie financiar\u0103, ca str\u0103zile s. M\u0103gd\u0103ce\u015fti s\u0103 fie luminoase, iar s\u0103tenii s\u0103 mearg\u0103 pe drum, f\u0103r\u0103 fric\u0103.<\/p>\n<p>\u00cens\u0103, aten\u021bie, continu\u0103 s\u0103v\u00e2r\u0219irea furturilor \u00een timpul zilei. \u00cen acest an, au fost \u00eenf\u0103ptuite deja 5 furturi pe timp de zi \u00een s. M\u0103gd\u0103ce\u0219ti \u0219i Porumbeni.<\/p>\n","protected":false},"excerpt":{"rendered":"<p>Potrivit ultimelor rapoarte parvenite de la Inspectoratului General de Politie din Criuleni, \u00een localitatea noastr\u0103 s-a \u00eenregistrat o sc\u0103dere a num\u0103rului de infrac\u021biuni nocturne, cu 35% fa\u021b\u0103 de anul trecut. Potrivit \u0219efului poli\u021biei din sector, Veaceslav Suvac, aceste date se datoreaz\u0103 \u00een mare parte iluminatului stradal, care faciliteaz\u0103 indirect prevenirea infrac\u021biunilor \u0219i a securit\u0103\u021bii propriet\u0103\u021bilor [&#8230;]\n","protected":false},"author":1,"featured_media":0,"comment_status":"closed","ping_status":"closed","sticky":false,"template":"","format":"standard","meta":{"ngg_post_thumbnail":0,"footnotes":""},"categories":[4],"tags":[],"class_list":["post-1577","post","type-post","status-publish","format-standard","hentry","category-stiri"],"yoast_head":"<!-- This site is optimized with the Yoast SEO plugin v23.3 - https:\/\/yoast.com\/wordpress\/plugins\/seo\/ -->\n<title>Iluminarea stradal\u0103 a redus num\u0103rul de infrac\u021biuni pe timp de noapte. - M\u0103gd\u0103ce\u0219ti<\/title>\n<meta name=\"description\" content=\"Bine ati venit pe pagina oficiala a Primariei Magdacesti.\" \/>\n<meta name=\"robots\" content=\"index, follow, max-snippet:-1, max-image-preview:large, max-video-preview:-1\" \/>\n<link rel=\"canonical\" href=\"https:\/\/magdacesti.md\/?p=1577\" \/>\n<meta property=\"og:locale\" content=\"en_US\" \/>\n<meta property=\"og:type\" content=\"article\" \/>\n<meta property=\"og:title\" content=\"Iluminarea stradal\u0103 a redus num\u0103rul de infrac\u021biuni pe timp de noapte. - M\u0103gd\u0103ce\u0219ti\" \/>\n<meta property=\"og:description\" content=\"Bine ati venit pe pagina oficiala a Primariei Magdacesti.\" \/>\n<meta property=\"og:url\" content=\"https:\/\/magdacesti.md\/?p=1577\" \/>\n<meta property=\"og:site_name\" content=\"M\u0103gd\u0103ce\u0219ti\" \/>\n<meta property=\"article:publisher\" content=\"https:\/\/www.facebook.com\/magdacesti.md\/\" \/>\n<meta property=\"article:published_time\" content=\"2017-02-27T12:49:06+00:00\" \/>\n<meta property=\"og:image\" content=\"https:\/\/magdacesti.md\/wp-content\/uploads\/2017\/02\/iluminat.jpg\" \/>\n<meta name=\"author\" content=\"magdacesti\" \/>\n<meta name=\"twitter:card\" content=\"summary_large_image\" \/>\n<meta name=\"twitter:label1\" content=\"Written by\" \/>\n\t<meta name=\"twitter:data1\" content=\"magdacesti\" \/>\n\t<meta name=\"twitter:label2\" content=\"Est. reading time\" \/>\n\t<meta name=\"twitter:data2\" content=\"1 minute\" \/>\n<script type=\"application\/ld+json\" class=\"yoast-schema-graph\">{\"@context\":\"https:\/\/schema.org\",\"@graph\":[{\"@type\":\"Article\",\"@id\":\"https:\/\/magdacesti.md\/?p=1577#article\",\"isPartOf\":{\"@id\":\"https:\/\/magdacesti.md\/?p=1577\"},\"author\":{\"name\":\"magdacesti\",\"@id\":\"https:\/\/magdacesti.md\/#\/schema\/person\/ee6a6d0a5f0b0cb676ac992c8e414842\"},\"headline\":\"Iluminarea stradal\u0103 a redus num\u0103rul de infrac\u021biuni pe timp de noapte.\",\"datePublished\":\"2017-02-27T12:49:06+00:00\",\"dateModified\":\"2017-02-27T12:49:06+00:00\",\"mainEntityOfPage\":{\"@id\":\"https:\/\/magdacesti.md\/?p=1577\"},\"wordCount\":151,\"publisher\":{\"@id\":\"https:\/\/magdacesti.md\/#organization\"},\"image\":{\"@id\":\"https:\/\/magdacesti.md\/?p=1577#primaryimage\"},\"thumbnailUrl\":\"https:\/\/magdacesti.md\/wp-content\/uploads\/2017\/02\/iluminat.jpg\",\"articleSection\":[\"Stiri\"],\"inLanguage\":\"en-US\"},{\"@type\":\"WebPage\",\"@id\":\"https:\/\/magdacesti.md\/?p=1577\",\"url\":\"https:\/\/magdacesti.md\/?p=1577\",\"name\":\"Iluminarea stradal\u0103 a redus num\u0103rul de infrac\u021biuni pe timp de noapte. - M\u0103gd\u0103ce\u0219ti\",\"isPartOf\":{\"@id\":\"https:\/\/magdacesti.md\/#website\"},\"primaryImageOfPage\":{\"@id\":\"https:\/\/magdacesti.md\/?p=1577#primaryimage\"},\"image\":{\"@id\":\"https:\/\/magdacesti.md\/?p=1577#primaryimage\"},\"thumbnailUrl\":\"https:\/\/magdacesti.md\/wp-content\/uploads\/2017\/02\/iluminat.jpg\",\"datePublished\":\"2017-02-27T12:49:06+00:00\",\"dateModified\":\"2017-02-27T12:49:06+00:00\",\"description\":\"Bine ati venit pe pagina oficiala a Primariei Magdacesti.\",\"breadcrumb\":{\"@id\":\"https:\/\/magdacesti.md\/?p=1577#breadcrumb\"},\"inLanguage\":\"en-US\",\"potentialAction\":[{\"@type\":\"ReadAction\",\"target\":[\"https:\/\/magdacesti.md\/?p=1577\"]}]},{\"@type\":\"ImageObject\",\"inLanguage\":\"en-US\",\"@id\":\"https:\/\/magdacesti.md\/?p=1577#primaryimage\",\"url\":\"https:\/\/magdacesti.md\/wp-content\/uploads\/2017\/02\/iluminat.jpg\",\"contentUrl\":\"https:\/\/magdacesti.md\/wp-content\/uploads\/2017\/02\/iluminat.jpg\"},{\"@type\":\"BreadcrumbList\",\"@id\":\"https:\/\/magdacesti.md\/?p=1577#breadcrumb\",\"itemListElement\":[{\"@type\":\"ListItem\",\"position\":1,\"name\":\"Home\",\"item\":\"https:\/\/magdacesti.md\/\"},{\"@type\":\"ListItem\",\"position\":2,\"name\":\"Iluminarea stradal\u0103 a redus num\u0103rul de infrac\u021biuni pe timp de noapte.\"}]},{\"@type\":\"WebSite\",\"@id\":\"https:\/\/magdacesti.md\/#website\",\"url\":\"https:\/\/magdacesti.md\/\",\"name\":\"M\u0103gd\u0103ce\u0219ti\",\"description\":\"Un or\u0103\u0219el cu condi\u021bii decente de trai!\",\"publisher\":{\"@id\":\"https:\/\/magdacesti.md\/#organization\"},\"potentialAction\":[{\"@type\":\"SearchAction\",\"target\":{\"@type\":\"EntryPoint\",\"urlTemplate\":\"https:\/\/magdacesti.md\/?s={search_term_string}\"},\"query-input\":\"required name=search_term_string\"}],\"inLanguage\":\"en-US\"},{\"@type\":\"Organization\",\"@id\":\"https:\/\/magdacesti.md\/#organization\",\"name\":\"M\u0103gd\u0103ce\u0219ti\",\"url\":\"https:\/\/magdacesti.md\/\",\"logo\":{\"@type\":\"ImageObject\",\"inLanguage\":\"en-US\",\"@id\":\"https:\/\/magdacesti.md\/#\/schema\/logo\/image\/\",\"url\":\"https:\/\/magdacesti.md\/wp-content\/uploads\/2021\/03\/Foto-514-scaled.jpg\",\"contentUrl\":\"https:\/\/magdacesti.md\/wp-content\/uploads\/2021\/03\/Foto-514-scaled.jpg\",\"width\":2560,\"height\":1707,\"caption\":\"M\u0103gd\u0103ce\u0219ti\"},\"image\":{\"@id\":\"https:\/\/magdacesti.md\/#\/schema\/logo\/image\/\"},\"sameAs\":[\"https:\/\/www.facebook.com\/magdacesti.md\/\"]},{\"@type\":\"Person\",\"@id\":\"https:\/\/magdacesti.md\/#\/schema\/person\/ee6a6d0a5f0b0cb676ac992c8e414842\",\"name\":\"magdacesti\",\"sameAs\":[\"https:\/\/magdacesti.md\"],\"url\":\"https:\/\/magdacesti.md\/?author=1\"}]}<\/script>\n<!-- \/ Yoast SEO plugin. -->","yoast_head_json":{"title":"Iluminarea stradal\u0103 a redus num\u0103rul de infrac\u021biuni pe timp de noapte. - M\u0103gd\u0103ce\u0219ti","description":"Bine ati venit pe pagina oficiala a Primariei Magdacesti.","robots":{"index":"index","follow":"follow","max-snippet":"max-snippet:-1","max-image-preview":"max-image-preview:large","max-video-preview":"max-video-preview:-1"},"canonical":"https:\/\/magdacesti.md\/?p=1577","og_locale":"en_US","og_type":"article","og_title":"Iluminarea stradal\u0103 a redus num\u0103rul de infrac\u021biuni pe timp de noapte. - M\u0103gd\u0103ce\u0219ti","og_description":"Bine ati venit pe pagina oficiala a Primariei Magdacesti.","og_url":"https:\/\/magdacesti.md\/?p=1577","og_site_name":"M\u0103gd\u0103ce\u0219ti","article_publisher":"https:\/\/www.facebook.com\/magdacesti.md\/","article_published_time":"2017-02-27T12:49:06+00:00","og_image":[{"url":"https:\/\/magdacesti.md\/wp-content\/uploads\/2017\/02\/iluminat.jpg"}],"author":"magdacesti","twitter_card":"summary_large_image","twitter_misc":{"Written by":"magdacesti","Est. reading time":"1 minute"},"schema":{"@context":"https:\/\/schema.org","@graph":[{"@type":"Article","@id":"https:\/\/magdacesti.md\/?p=1577#article","isPartOf":{"@id":"https:\/\/magdacesti.md\/?p=1577"},"author":{"name":"magdacesti","@id":"https:\/\/magdacesti.md\/#\/schema\/person\/ee6a6d0a5f0b0cb676ac992c8e414842"},"headline":"Iluminarea stradal\u0103 a redus num\u0103rul de infrac\u021biuni pe timp de noapte.","datePublished":"2017-02-27T12:49:06+00:00","dateModified":"2017-02-27T12:49:06+00:00","mainEntityOfPage":{"@id":"https:\/\/magdacesti.md\/?p=1577"},"wordCount":151,"publisher":{"@id":"https:\/\/magdacesti.md\/#organization"},"image":{"@id":"https:\/\/magdacesti.md\/?p=1577#primaryimage"},"thumbnailUrl":"https:\/\/magdacesti.md\/wp-content\/uploads\/2017\/02\/iluminat.jpg","articleSection":["Stiri"],"inLanguage":"en-US"},{"@type":"WebPage","@id":"https:\/\/magdacesti.md\/?p=1577","url":"https:\/\/magdacesti.md\/?p=1577","name":"Iluminarea stradal\u0103 a redus num\u0103rul de infrac\u021biuni pe timp de noapte. - M\u0103gd\u0103ce\u0219ti","isPartOf":{"@id":"https:\/\/magdacesti.md\/#website"},"primaryImageOfPage":{"@id":"https:\/\/magdacesti.md\/?p=1577#primaryimage"},"image":{"@id":"https:\/\/magdacesti.md\/?p=1577#primaryimage"},"thumbnailUrl":"https:\/\/magdacesti.md\/wp-content\/uploads\/2017\/02\/iluminat.jpg","datePublished":"2017-02-27T12:49:06+00:00","dateModified":"2017-02-27T12:49:06+00:00","description":"Bine ati venit pe pagina oficiala a Primariei Magdacesti.","breadcrumb":{"@id":"https:\/\/magdacesti.md\/?p=1577#breadcrumb"},"inLanguage":"en-US","potentialAction":[{"@type":"ReadAction","target":["https:\/\/magdacesti.md\/?p=1577"]}]},{"@type":"ImageObject","inLanguage":"en-US","@id":"https:\/\/magdacesti.md\/?p=1577#primaryimage","url":"https:\/\/magdacesti.md\/wp-content\/uploads\/2017\/02\/iluminat.jpg","contentUrl":"https:\/\/magdacesti.md\/wp-content\/uploads\/2017\/02\/iluminat.jpg"},{"@type":"BreadcrumbList","@id":"https:\/\/magdacesti.md\/?p=1577#breadcrumb","itemListElement":[{"@type":"ListItem","position":1,"name":"Home","item":"https:\/\/magdacesti.md\/"},{"@type":"ListItem","position":2,"name":"Iluminarea stradal\u0103 a redus num\u0103rul de infrac\u021biuni pe timp de noapte."}]},{"@type":"WebSite","@id":"https:\/\/magdacesti.md\/#website","url":"https:\/\/magdacesti.md\/","name":"M\u0103gd\u0103ce\u0219ti","description":"Un or\u0103\u0219el cu condi\u021bii decente de trai!","publisher":{"@id":"https:\/\/magdacesti.md\/#organization"},"potentialAction":[{"@type":"SearchAction","target":{"@type":"EntryPoint","urlTemplate":"https:\/\/magdacesti.md\/?s={search_term_string}"},"query-input":"required name=search_term_string"}],"inLanguage":"en-US"},{"@type":"Organization","@id":"https:\/\/magdacesti.md\/#organization","name":"M\u0103gd\u0103ce\u0219ti","url":"https:\/\/magdacesti.md\/","logo":{"@type":"ImageObject","inLanguage":"en-US","@id":"https:\/\/magdacesti.md\/#\/schema\/logo\/image\/","url":"https:\/\/magdacesti.md\/wp-content\/uploads\/2021\/03\/Foto-514-scaled.jpg","contentUrl":"https:\/\/magdacesti.md\/wp-content\/uploads\/2021\/03\/Foto-514-scaled.jpg","width":2560,"height":1707,"caption":"M\u0103gd\u0103ce\u0219ti"},"image":{"@id":"https:\/\/magdacesti.md\/#\/schema\/logo\/image\/"},"sameAs":["https:\/\/www.facebook.com\/magdacesti.md\/"]},{"@type":"Person","@id":"https:\/\/magdacesti.md\/#\/schema\/person\/ee6a6d0a5f0b0cb676ac992c8e414842","name":"magdacesti","sameAs":["https:\/\/magdacesti.md"],"url":"https:\/\/magdacesti.md\/?author=1"}]}},"_links":{"self":[{"href":"https:\/\/magdacesti.md\/index.php?rest_route=\/wp\/v2\/posts\/1577","targetHints":{"allow":["GET"]}}],"collection":[{"href":"https:\/\/magdacesti.md\/index.php?rest_route=\/wp\/v2\/posts"}],"about":[{"href":"https:\/\/magdacesti.md\/index.php?rest_route=\/wp\/v2\/types\/post"}],"author":[{"embeddable":true,"href":"https:\/\/magdacesti.md\/index.php?rest_route=\/wp\/v2\/users\/1"}],"replies":[{"embeddable":true,"href":"https:\/\/magdacesti.md\/index.php?rest_route=%2Fwp%2Fv2%2Fcomments&post=1577"}],"version-history":[{"count":0,"href":"https:\/\/magdacesti.md\/index.php?rest_route=\/wp\/v2\/posts\/1577\/revisions"}],"wp:attachment":[{"href":"https:\/\/magdacesti.md\/index.php?rest_route=%2Fwp%2Fv2%2Fmedia&parent=1577"}],"wp:term":[{"taxonomy":"category","embeddable":true,"href":"https:\/\/magdacesti.md\/index.php?rest_route=%2Fwp%2Fv2%2Fcategories&post=1577"},{"taxonomy":"post_tag","embeddable":true,"href":"https:\/\/magdacesti.md\/index.php?rest_route=%2Fwp%2Fv2%2Ftags&post=1577"}],"curies":[{"name":"wp","href":"https:\/\/api.w.org\/{rel}","templated":true}]}}