{"id":1631,"date":"2017-03-03T10:22:58","date_gmt":"2017-03-03T08:22:58","guid":{"rendered":"https:\/\/magdacesti.md\/?p=1631"},"modified":"2017-03-03T10:22:58","modified_gmt":"2017-03-03T08:22:58","slug":"in-memoria-eroilor-de-la-nistru","status":"publish","type":"post","link":"https:\/\/magdacesti.md\/?p=1631","title":{"rendered":"\u00ceN MEMORIA EROILOR DE LA NISTRU"},"content":{"rendered":"<p>Ziua de 2 martie declarat\u0103, prin decizia Guvernului R. Moldova, zi de comemorare a persoanelor c\u0103zute \u00een Conflictul armat pentru ap\u0103rarea integrit\u0103\u021bii \u0219i independen\u021bei R. Moldova. ( 1991-1992). Aceast\u0103 zi este comemorat\u0103 \u00een fiecare an \u00een satul M\u0103gd\u0103ce\u0219ti. \u00cen acest r\u0103zboi \u0219i-au pierdut via\u021ba sute de oameni, printre care \u0219i cons\u0103teanul nostru, Ion B\u00eetlan.<\/p>\n<p><img loading=\"lazy\" decoding=\"async\" class=\"aligncenter\" src=\"https:\/\/magdacesti.md\/wp-content\/uploads\/2017\/03\/0.jpg\" alt=\"\" width=\"640\" height=\"480\" \/><\/p>\n<p>Cu aceast\u0103 ocazie, doamna Liuba Cojocaru, primarul s. M\u0103gd\u0103ce\u0219ti, a invitat \u00een incinta prim\u0103riei to\u021bi combatan\u021bii r\u0103zboiului nistrean \u0219i participan\u021bii altor conflicte armate, din localitatea noastr\u0103, pentru a le aduce un omagiu. \u00cen debutul ceremoniei, doamna Liuba Cojocaru \u0219i-a exprimat recuno\u0219tin\u021ba \u0219i a mul\u021bumit veteranilor pentru spiritul de sacrificiu de care au dat dovad\u0103. A adus condolean\u021be \u0219i celor care au pierdut un om drag pe c\u00e2mpul de lupt\u0103. Primarul, al\u0103turi de to\u021bi participan\u021bii au \u021binut un minut de reculegere \u00een memoria celor c\u0103zu\u021bi, apoi, le-a acordat fiec\u0103rui combatant un ajutor material \u00een valoare de 500 de lei.<\/p>\n<p><img loading=\"lazy\" decoding=\"async\" class=\"aligncenter\" src=\"https:\/\/magdacesti.md\/wp-content\/uploads\/2017\/03\/1.jpg\" alt=\"\" width=\"640\" height=\"379\" \/><\/p>\n<p><img loading=\"lazy\" decoding=\"async\" class=\"aligncenter\" src=\"https:\/\/magdacesti.md\/wp-content\/uploads\/2017\/03\/2.jpg\" alt=\"\" width=\"640\" height=\"607\" \/><\/p>\n<p>Ac\u021biunea a continuat cu depunerea de flori, la morm\u00e2ntul cons\u0103teanului nostru, Ion B\u00eetlan.<\/p>\n<p><img loading=\"lazy\" decoding=\"async\" class=\"aligncenter\" src=\"https:\/\/magdacesti.md\/wp-content\/uploads\/2017\/03\/9.jpg\" alt=\"\" width=\"322\" height=\"649\" \/><\/p>\n<p><img loading=\"lazy\" decoding=\"async\" class=\"aligncenter\" src=\"https:\/\/magdacesti.md\/wp-content\/uploads\/2017\/03\/3.jpg\" alt=\"\" width=\"640\" height=\"480\" \/><\/p>\n<p><img loading=\"lazy\" decoding=\"async\" class=\"aligncenter\" src=\"https:\/\/magdacesti.md\/wp-content\/uploads\/2017\/03\/6.jpg\" alt=\"\" width=\"640\" height=\"480\" \/><\/p>\n<p><img loading=\"lazy\" decoding=\"async\" class=\"aligncenter\" src=\"https:\/\/magdacesti.md\/wp-content\/uploads\/2017\/03\/8.jpg\" alt=\"\" width=\"640\" height=\"480\" \/><\/p>\n<p><img loading=\"lazy\" decoding=\"async\" class=\"aligncenter\" src=\"https:\/\/magdacesti.md\/wp-content\/uploads\/2017\/03\/11.jpg\" alt=\"\" width=\"640\" height=\"461\" \/><\/p>\n<p>Administra\u021bia public\u0103 local\u0103 a fost al\u0103turi pe parcursul acestor ani, de familia combatantului, oferindu-i suport material.<\/p>\n<p>\u00cen amintirea eroului Ion B\u00eetlan, a fost denumit\u0103 o strad\u0103 din satul M\u0103gd\u0103ce\u015fti.<\/p>\n<p>Ziua s-a \u00eencheiat la Cantina Social\u0103, din satul M\u0103gd\u0103ce\u0219ti, cu o mas\u0103 de pomenire pentru cei care \u0219i-au pierdut via\u021ba \u00een conflictele armate.<\/p>\n<p><img loading=\"lazy\" decoding=\"async\" class=\"aligncenter\" src=\"https:\/\/magdacesti.md\/wp-content\/uploads\/2017\/03\/10.jpg\" alt=\"\" width=\"640\" height=\"480\" \/><\/p>\n","protected":false},"excerpt":{"rendered":"<p>Ziua de 2 martie declarat\u0103, prin decizia Guvernului R. Moldova, zi de comemorare a persoanelor c\u0103zute \u00een Conflictul armat pentru ap\u0103rarea integrit\u0103\u021bii \u0219i independen\u021bei R. Moldova. ( 1991-1992). Aceast\u0103 zi este comemorat\u0103 \u00een fiecare an \u00een satul M\u0103gd\u0103ce\u0219ti. \u00cen acest r\u0103zboi \u0219i-au pierdut via\u021ba sute de oameni, printre care \u0219i cons\u0103teanul nostru, Ion B\u00eetlan. Cu [&#8230;]\n","protected":false},"author":1,"featured_media":0,"comment_status":"closed","ping_status":"closed","sticky":false,"template":"","format":"standard","meta":{"ngg_post_thumbnail":0,"footnotes":""},"categories":[4],"tags":[],"class_list":["post-1631","post","type-post","status-publish","format-standard","hentry","category-stiri"],"yoast_head":"<!-- This site is optimized with the Yoast SEO plugin v23.3 - https:\/\/yoast.com\/wordpress\/plugins\/seo\/ -->\n<title>\u00ceN MEMORIA EROILOR DE LA NISTRU - M\u0103gd\u0103ce\u0219ti<\/title>\n<meta name=\"description\" content=\"Bine ati venit pe pagina oficiala a Primariei Magdacesti.\" \/>\n<meta name=\"robots\" content=\"index, follow, max-snippet:-1, max-image-preview:large, max-video-preview:-1\" \/>\n<link rel=\"canonical\" href=\"https:\/\/magdacesti.md\/?p=1631\" \/>\n<meta property=\"og:locale\" content=\"en_US\" \/>\n<meta property=\"og:type\" content=\"article\" \/>\n<meta property=\"og:title\" content=\"\u00ceN MEMORIA EROILOR DE LA NISTRU - M\u0103gd\u0103ce\u0219ti\" \/>\n<meta property=\"og:description\" content=\"Bine ati venit pe pagina oficiala a Primariei Magdacesti.\" \/>\n<meta property=\"og:url\" content=\"https:\/\/magdacesti.md\/?p=1631\" \/>\n<meta property=\"og:site_name\" content=\"M\u0103gd\u0103ce\u0219ti\" \/>\n<meta property=\"article:publisher\" content=\"https:\/\/www.facebook.com\/magdacesti.md\/\" \/>\n<meta property=\"article:published_time\" content=\"2017-03-03T08:22:58+00:00\" \/>\n<meta property=\"og:image\" content=\"https:\/\/magdacesti.md\/wp-content\/uploads\/2017\/03\/0.jpg\" \/>\n<meta name=\"author\" content=\"magdacesti\" \/>\n<meta name=\"twitter:card\" content=\"summary_large_image\" \/>\n<meta name=\"twitter:label1\" content=\"Written by\" \/>\n\t<meta name=\"twitter:data1\" content=\"magdacesti\" \/>\n\t<meta name=\"twitter:label2\" content=\"Est. reading time\" \/>\n\t<meta name=\"twitter:data2\" content=\"1 minute\" \/>\n<script type=\"application\/ld+json\" class=\"yoast-schema-graph\">{\"@context\":\"https:\/\/schema.org\",\"@graph\":[{\"@type\":\"Article\",\"@id\":\"https:\/\/magdacesti.md\/?p=1631#article\",\"isPartOf\":{\"@id\":\"https:\/\/magdacesti.md\/?p=1631\"},\"author\":{\"name\":\"magdacesti\",\"@id\":\"https:\/\/magdacesti.md\/#\/schema\/person\/ee6a6d0a5f0b0cb676ac992c8e414842\"},\"headline\":\"\u00ceN MEMORIA EROILOR DE LA NISTRU\",\"datePublished\":\"2017-03-03T08:22:58+00:00\",\"dateModified\":\"2017-03-03T08:22:58+00:00\",\"mainEntityOfPage\":{\"@id\":\"https:\/\/magdacesti.md\/?p=1631\"},\"wordCount\":264,\"publisher\":{\"@id\":\"https:\/\/magdacesti.md\/#organization\"},\"image\":{\"@id\":\"https:\/\/magdacesti.md\/?p=1631#primaryimage\"},\"thumbnailUrl\":\"https:\/\/magdacesti.md\/wp-content\/uploads\/2017\/03\/0.jpg\",\"articleSection\":[\"Stiri\"],\"inLanguage\":\"en-US\"},{\"@type\":\"WebPage\",\"@id\":\"https:\/\/magdacesti.md\/?p=1631\",\"url\":\"https:\/\/magdacesti.md\/?p=1631\",\"name\":\"\u00ceN MEMORIA EROILOR DE LA NISTRU - M\u0103gd\u0103ce\u0219ti\",\"isPartOf\":{\"@id\":\"https:\/\/magdacesti.md\/#website\"},\"primaryImageOfPage\":{\"@id\":\"https:\/\/magdacesti.md\/?p=1631#primaryimage\"},\"image\":{\"@id\":\"https:\/\/magdacesti.md\/?p=1631#primaryimage\"},\"thumbnailUrl\":\"https:\/\/magdacesti.md\/wp-content\/uploads\/2017\/03\/0.jpg\",\"datePublished\":\"2017-03-03T08:22:58+00:00\",\"dateModified\":\"2017-03-03T08:22:58+00:00\",\"description\":\"Bine ati venit pe pagina oficiala a Primariei Magdacesti.\",\"breadcrumb\":{\"@id\":\"https:\/\/magdacesti.md\/?p=1631#breadcrumb\"},\"inLanguage\":\"en-US\",\"potentialAction\":[{\"@type\":\"ReadAction\",\"target\":[\"https:\/\/magdacesti.md\/?p=1631\"]}]},{\"@type\":\"ImageObject\",\"inLanguage\":\"en-US\",\"@id\":\"https:\/\/magdacesti.md\/?p=1631#primaryimage\",\"url\":\"https:\/\/magdacesti.md\/wp-content\/uploads\/2017\/03\/0.jpg\",\"contentUrl\":\"https:\/\/magdacesti.md\/wp-content\/uploads\/2017\/03\/0.jpg\"},{\"@type\":\"BreadcrumbList\",\"@id\":\"https:\/\/magdacesti.md\/?p=1631#breadcrumb\",\"itemListElement\":[{\"@type\":\"ListItem\",\"position\":1,\"name\":\"Home\",\"item\":\"https:\/\/magdacesti.md\/\"},{\"@type\":\"ListItem\",\"position\":2,\"name\":\"\u00ceN MEMORIA EROILOR DE LA NISTRU\"}]},{\"@type\":\"WebSite\",\"@id\":\"https:\/\/magdacesti.md\/#website\",\"url\":\"https:\/\/magdacesti.md\/\",\"name\":\"M\u0103gd\u0103ce\u0219ti\",\"description\":\"Un or\u0103\u0219el cu condi\u021bii decente de trai!\",\"publisher\":{\"@id\":\"https:\/\/magdacesti.md\/#organization\"},\"potentialAction\":[{\"@type\":\"SearchAction\",\"target\":{\"@type\":\"EntryPoint\",\"urlTemplate\":\"https:\/\/magdacesti.md\/?s={search_term_string}\"},\"query-input\":\"required name=search_term_string\"}],\"inLanguage\":\"en-US\"},{\"@type\":\"Organization\",\"@id\":\"https:\/\/magdacesti.md\/#organization\",\"name\":\"M\u0103gd\u0103ce\u0219ti\",\"url\":\"https:\/\/magdacesti.md\/\",\"logo\":{\"@type\":\"ImageObject\",\"inLanguage\":\"en-US\",\"@id\":\"https:\/\/magdacesti.md\/#\/schema\/logo\/image\/\",\"url\":\"https:\/\/magdacesti.md\/wp-content\/uploads\/2021\/03\/Foto-514-scaled.jpg\",\"contentUrl\":\"https:\/\/magdacesti.md\/wp-content\/uploads\/2021\/03\/Foto-514-scaled.jpg\",\"width\":2560,\"height\":1707,\"caption\":\"M\u0103gd\u0103ce\u0219ti\"},\"image\":{\"@id\":\"https:\/\/magdacesti.md\/#\/schema\/logo\/image\/\"},\"sameAs\":[\"https:\/\/www.facebook.com\/magdacesti.md\/\"]},{\"@type\":\"Person\",\"@id\":\"https:\/\/magdacesti.md\/#\/schema\/person\/ee6a6d0a5f0b0cb676ac992c8e414842\",\"name\":\"magdacesti\",\"sameAs\":[\"https:\/\/magdacesti.md\"],\"url\":\"https:\/\/magdacesti.md\/?author=1\"}]}<\/script>\n<!-- \/ Yoast SEO plugin. -->","yoast_head_json":{"title":"\u00ceN MEMORIA EROILOR DE LA NISTRU - M\u0103gd\u0103ce\u0219ti","description":"Bine ati venit pe pagina oficiala a Primariei Magdacesti.","robots":{"index":"index","follow":"follow","max-snippet":"max-snippet:-1","max-image-preview":"max-image-preview:large","max-video-preview":"max-video-preview:-1"},"canonical":"https:\/\/magdacesti.md\/?p=1631","og_locale":"en_US","og_type":"article","og_title":"\u00ceN MEMORIA EROILOR DE LA NISTRU - M\u0103gd\u0103ce\u0219ti","og_description":"Bine ati venit pe pagina oficiala a Primariei Magdacesti.","og_url":"https:\/\/magdacesti.md\/?p=1631","og_site_name":"M\u0103gd\u0103ce\u0219ti","article_publisher":"https:\/\/www.facebook.com\/magdacesti.md\/","article_published_time":"2017-03-03T08:22:58+00:00","og_image":[{"url":"https:\/\/magdacesti.md\/wp-content\/uploads\/2017\/03\/0.jpg"}],"author":"magdacesti","twitter_card":"summary_large_image","twitter_misc":{"Written by":"magdacesti","Est. reading time":"1 minute"},"schema":{"@context":"https:\/\/schema.org","@graph":[{"@type":"Article","@id":"https:\/\/magdacesti.md\/?p=1631#article","isPartOf":{"@id":"https:\/\/magdacesti.md\/?p=1631"},"author":{"name":"magdacesti","@id":"https:\/\/magdacesti.md\/#\/schema\/person\/ee6a6d0a5f0b0cb676ac992c8e414842"},"headline":"\u00ceN MEMORIA EROILOR DE LA NISTRU","datePublished":"2017-03-03T08:22:58+00:00","dateModified":"2017-03-03T08:22:58+00:00","mainEntityOfPage":{"@id":"https:\/\/magdacesti.md\/?p=1631"},"wordCount":264,"publisher":{"@id":"https:\/\/magdacesti.md\/#organization"},"image":{"@id":"https:\/\/magdacesti.md\/?p=1631#primaryimage"},"thumbnailUrl":"https:\/\/magdacesti.md\/wp-content\/uploads\/2017\/03\/0.jpg","articleSection":["Stiri"],"inLanguage":"en-US"},{"@type":"WebPage","@id":"https:\/\/magdacesti.md\/?p=1631","url":"https:\/\/magdacesti.md\/?p=1631","name":"\u00ceN MEMORIA EROILOR DE LA NISTRU - M\u0103gd\u0103ce\u0219ti","isPartOf":{"@id":"https:\/\/magdacesti.md\/#website"},"primaryImageOfPage":{"@id":"https:\/\/magdacesti.md\/?p=1631#primaryimage"},"image":{"@id":"https:\/\/magdacesti.md\/?p=1631#primaryimage"},"thumbnailUrl":"https:\/\/magdacesti.md\/wp-content\/uploads\/2017\/03\/0.jpg","datePublished":"2017-03-03T08:22:58+00:00","dateModified":"2017-03-03T08:22:58+00:00","description":"Bine ati venit pe pagina oficiala a Primariei Magdacesti.","breadcrumb":{"@id":"https:\/\/magdacesti.md\/?p=1631#breadcrumb"},"inLanguage":"en-US","potentialAction":[{"@type":"ReadAction","target":["https:\/\/magdacesti.md\/?p=1631"]}]},{"@type":"ImageObject","inLanguage":"en-US","@id":"https:\/\/magdacesti.md\/?p=1631#primaryimage","url":"https:\/\/magdacesti.md\/wp-content\/uploads\/2017\/03\/0.jpg","contentUrl":"https:\/\/magdacesti.md\/wp-content\/uploads\/2017\/03\/0.jpg"},{"@type":"BreadcrumbList","@id":"https:\/\/magdacesti.md\/?p=1631#breadcrumb","itemListElement":[{"@type":"ListItem","position":1,"name":"Home","item":"https:\/\/magdacesti.md\/"},{"@type":"ListItem","position":2,"name":"\u00ceN MEMORIA EROILOR DE LA NISTRU"}]},{"@type":"WebSite","@id":"https:\/\/magdacesti.md\/#website","url":"https:\/\/magdacesti.md\/","name":"M\u0103gd\u0103ce\u0219ti","description":"Un or\u0103\u0219el cu condi\u021bii decente de trai!","publisher":{"@id":"https:\/\/magdacesti.md\/#organization"},"potentialAction":[{"@type":"SearchAction","target":{"@type":"EntryPoint","urlTemplate":"https:\/\/magdacesti.md\/?s={search_term_string}"},"query-input":"required name=search_term_string"}],"inLanguage":"en-US"},{"@type":"Organization","@id":"https:\/\/magdacesti.md\/#organization","name":"M\u0103gd\u0103ce\u0219ti","url":"https:\/\/magdacesti.md\/","logo":{"@type":"ImageObject","inLanguage":"en-US","@id":"https:\/\/magdacesti.md\/#\/schema\/logo\/image\/","url":"https:\/\/magdacesti.md\/wp-content\/uploads\/2021\/03\/Foto-514-scaled.jpg","contentUrl":"https:\/\/magdacesti.md\/wp-content\/uploads\/2021\/03\/Foto-514-scaled.jpg","width":2560,"height":1707,"caption":"M\u0103gd\u0103ce\u0219ti"},"image":{"@id":"https:\/\/magdacesti.md\/#\/schema\/logo\/image\/"},"sameAs":["https:\/\/www.facebook.com\/magdacesti.md\/"]},{"@type":"Person","@id":"https:\/\/magdacesti.md\/#\/schema\/person\/ee6a6d0a5f0b0cb676ac992c8e414842","name":"magdacesti","sameAs":["https:\/\/magdacesti.md"],"url":"https:\/\/magdacesti.md\/?author=1"}]}},"_links":{"self":[{"href":"https:\/\/magdacesti.md\/index.php?rest_route=\/wp\/v2\/posts\/1631","targetHints":{"allow":["GET"]}}],"collection":[{"href":"https:\/\/magdacesti.md\/index.php?rest_route=\/wp\/v2\/posts"}],"about":[{"href":"https:\/\/magdacesti.md\/index.php?rest_route=\/wp\/v2\/types\/post"}],"author":[{"embeddable":true,"href":"https:\/\/magdacesti.md\/index.php?rest_route=\/wp\/v2\/users\/1"}],"replies":[{"embeddable":true,"href":"https:\/\/magdacesti.md\/index.php?rest_route=%2Fwp%2Fv2%2Fcomments&post=1631"}],"version-history":[{"count":0,"href":"https:\/\/magdacesti.md\/index.php?rest_route=\/wp\/v2\/posts\/1631\/revisions"}],"wp:attachment":[{"href":"https:\/\/magdacesti.md\/index.php?rest_route=%2Fwp%2Fv2%2Fmedia&parent=1631"}],"wp:term":[{"taxonomy":"category","embeddable":true,"href":"https:\/\/magdacesti.md\/index.php?rest_route=%2Fwp%2Fv2%2Fcategories&post=1631"},{"taxonomy":"post_tag","embeddable":true,"href":"https:\/\/magdacesti.md\/index.php?rest_route=%2Fwp%2Fv2%2Ftags&post=1631"}],"curies":[{"name":"wp","href":"https:\/\/api.w.org\/{rel}","templated":true}]}}