{"id":1709,"date":"2017-03-29T13:43:17","date_gmt":"2017-03-29T10:43:17","guid":{"rendered":"https:\/\/magdacesti.md\/?p=1709"},"modified":"2017-03-29T13:43:17","modified_gmt":"2017-03-29T10:43:17","slug":"sa-fim-mai-buni-in-preajma-sarbatorii-de-pasti","status":"publish","type":"post","link":"https:\/\/magdacesti.md\/?p=1709","title":{"rendered":"S\u0103 fim mai buni \u00een preajma S\u0103rb\u0103torilor Pascale !"},"content":{"rendered":"<p><img loading=\"lazy\" decoding=\"async\" class=\"aligncenter\" src=\"https:\/\/magdacesti.md\/wp-content\/uploads\/2017\/03\/image-0-02-05-7bb10d6b538eb6dd17fc4df9908589a67ddb5a9ce35652b34f81dbd75f3f6850-V.jpg\" alt=\"\" width=\"504\" height=\"756\" \/><\/p>\n<p>La data de 28 martie, \u00een incinta prim\u0103riei s-a convocat o \u0219edin\u021b\u0103 la solicitarea unui grup organizatoric, care a venit cu ideea de a construi o Capel\u0103 pe terenul ce se afl\u0103 la r\u0103scrucea str\u0103zilor Mihai Eminescu cu Strada P\u0103cii .<br \/>\nAdministra\u021bia Public\u0103 Local\u0103 este deschis\u0103 spre colaborare pentru astfel de proiecte \u0219i sus\u021bine ini\u021biativa grupului cu un suport material, \u00eens\u0103 vrem s\u0103 facem un apel c\u0103tre to\u021bi oamenii de bun\u0103 credin\u021b\u0103.<\/p>\n<p>Stima\u021bi locuitori ai s. M\u0103gd\u0103ce\u0219ti!<\/p>\n<p>\u00cempreun\u0103 am f\u0103cut multe lucruri frumoase. A\u021bi pus um\u0103rul ori de c\u00e2te ori a fost nevoie. V\u0103 rug\u0103m din suflet \u0219i de aceast\u0103 dat\u0103, face\u021bi-v\u0103 p\u0103rta\u0219i, pun\u00e2nd o c\u0103r\u0103mid\u0103 la temelia acestui sf\u00e2nt l\u0103ca\u0219. Credem c\u0103 binele nu moare niciodat\u0103, iar aceast\u0103 Capel\u0103 va aduce o umbr\u0103 de m\u00e2ng\u00e2iere \u00een via\u021ba fiec\u0103rui cre\u0219tin.<br \/>\nSuntem \u00een perioada postului mare, \u00een preajma s\u0103rb\u0103torii \u00cenvierii Domnului. Haide\u021bi s\u0103 l\u0103s\u0103m o urm\u0103 frumoas\u0103 \u00een satul nostru, pentru urma\u0219ii no\u0219tri.<br \/>\nPentru to\u021bi doritorii de a dona orice suma de bani, v\u0103 adresa\u021bi lui <strong>Ion Efros- 069165215<\/strong>, <strong>Aliona Negur\u0103 &#8211; 079033078, Gheorghe Soltan- 069237991<\/strong>. Fiecare b\u0103nu\u021b pe care-l vom colecta, va fi \u00eenregistrat \u00eentr-un catalog, cu semn\u0103tura dumneavoastr\u0103 \u0219i va fi utilizat cu grij\u0103 pentru ridicarea acestui monument sf\u00e2nt.<br \/>\nDumnezeu s\u0103 reverse binecuvantarea Sa peste to\u021bi ctitorii, donatorii \u0219i binef\u0103c\u0103torii acestui loc de rug\u0103ciuni.<\/p>\n<p>A\u0219tept\u0103m cu recuno\u0219tin\u021b\u0103 dona\u021bia Dumneavoastr\u0103!<\/p>\n<p>&nbsp;<\/p>\n<p>&nbsp;<\/p>\n","protected":false},"excerpt":{"rendered":"<p>La data de 28 martie, \u00een incinta prim\u0103riei s-a convocat o \u0219edin\u021b\u0103 la solicitarea unui grup organizatoric, care a venit cu ideea de a construi o Capel\u0103 pe terenul ce se afl\u0103 la r\u0103scrucea str\u0103zilor Mihai Eminescu cu Strada P\u0103cii . Administra\u021bia Public\u0103 Local\u0103 este deschis\u0103 spre colaborare pentru astfel de proiecte \u0219i sus\u021bine ini\u021biativa [&#8230;]\n","protected":false},"author":1,"featured_media":0,"comment_status":"closed","ping_status":"closed","sticky":false,"template":"","format":"standard","meta":{"ngg_post_thumbnail":0,"footnotes":""},"categories":[4],"tags":[],"class_list":["post-1709","post","type-post","status-publish","format-standard","hentry","category-stiri"],"yoast_head":"<!-- This site is optimized with the Yoast SEO plugin v23.3 - https:\/\/yoast.com\/wordpress\/plugins\/seo\/ -->\n<title>S\u0103 fim mai buni \u00een preajma S\u0103rb\u0103torilor Pascale ! - M\u0103gd\u0103ce\u0219ti<\/title>\n<meta name=\"description\" content=\"Bine ati venit pe pagina oficiala a Primariei Magdacesti.\" \/>\n<meta name=\"robots\" content=\"index, follow, max-snippet:-1, max-image-preview:large, max-video-preview:-1\" \/>\n<link rel=\"canonical\" href=\"https:\/\/magdacesti.md\/?p=1709\" \/>\n<meta property=\"og:locale\" content=\"en_US\" \/>\n<meta property=\"og:type\" content=\"article\" \/>\n<meta property=\"og:title\" content=\"S\u0103 fim mai buni \u00een preajma S\u0103rb\u0103torilor Pascale ! - M\u0103gd\u0103ce\u0219ti\" \/>\n<meta property=\"og:description\" content=\"Bine ati venit pe pagina oficiala a Primariei Magdacesti.\" \/>\n<meta property=\"og:url\" content=\"https:\/\/magdacesti.md\/?p=1709\" \/>\n<meta property=\"og:site_name\" content=\"M\u0103gd\u0103ce\u0219ti\" \/>\n<meta property=\"article:publisher\" content=\"https:\/\/www.facebook.com\/magdacesti.md\/\" \/>\n<meta property=\"article:published_time\" content=\"2017-03-29T10:43:17+00:00\" \/>\n<meta property=\"og:image\" content=\"https:\/\/magdacesti.md\/wp-content\/uploads\/2017\/03\/image-0-02-05-7bb10d6b538eb6dd17fc4df9908589a67ddb5a9ce35652b34f81dbd75f3f6850-V.jpg\" \/>\n<meta name=\"author\" content=\"magdacesti\" \/>\n<meta name=\"twitter:card\" content=\"summary_large_image\" \/>\n<meta name=\"twitter:label1\" content=\"Written by\" \/>\n\t<meta name=\"twitter:data1\" content=\"magdacesti\" \/>\n\t<meta name=\"twitter:label2\" content=\"Est. reading time\" \/>\n\t<meta name=\"twitter:data2\" content=\"1 minute\" \/>\n<script type=\"application\/ld+json\" class=\"yoast-schema-graph\">{\"@context\":\"https:\/\/schema.org\",\"@graph\":[{\"@type\":\"Article\",\"@id\":\"https:\/\/magdacesti.md\/?p=1709#article\",\"isPartOf\":{\"@id\":\"https:\/\/magdacesti.md\/?p=1709\"},\"author\":{\"name\":\"magdacesti\",\"@id\":\"https:\/\/magdacesti.md\/#\/schema\/person\/ee6a6d0a5f0b0cb676ac992c8e414842\"},\"headline\":\"S\u0103 fim mai buni \u00een preajma S\u0103rb\u0103torilor Pascale !\",\"datePublished\":\"2017-03-29T10:43:17+00:00\",\"dateModified\":\"2017-03-29T10:43:17+00:00\",\"mainEntityOfPage\":{\"@id\":\"https:\/\/magdacesti.md\/?p=1709\"},\"wordCount\":278,\"publisher\":{\"@id\":\"https:\/\/magdacesti.md\/#organization\"},\"image\":{\"@id\":\"https:\/\/magdacesti.md\/?p=1709#primaryimage\"},\"thumbnailUrl\":\"https:\/\/magdacesti.md\/wp-content\/uploads\/2017\/03\/image-0-02-05-7bb10d6b538eb6dd17fc4df9908589a67ddb5a9ce35652b34f81dbd75f3f6850-V.jpg\",\"articleSection\":[\"Stiri\"],\"inLanguage\":\"en-US\"},{\"@type\":\"WebPage\",\"@id\":\"https:\/\/magdacesti.md\/?p=1709\",\"url\":\"https:\/\/magdacesti.md\/?p=1709\",\"name\":\"S\u0103 fim mai buni \u00een preajma S\u0103rb\u0103torilor Pascale ! - M\u0103gd\u0103ce\u0219ti\",\"isPartOf\":{\"@id\":\"https:\/\/magdacesti.md\/#website\"},\"primaryImageOfPage\":{\"@id\":\"https:\/\/magdacesti.md\/?p=1709#primaryimage\"},\"image\":{\"@id\":\"https:\/\/magdacesti.md\/?p=1709#primaryimage\"},\"thumbnailUrl\":\"https:\/\/magdacesti.md\/wp-content\/uploads\/2017\/03\/image-0-02-05-7bb10d6b538eb6dd17fc4df9908589a67ddb5a9ce35652b34f81dbd75f3f6850-V.jpg\",\"datePublished\":\"2017-03-29T10:43:17+00:00\",\"dateModified\":\"2017-03-29T10:43:17+00:00\",\"description\":\"Bine ati venit pe pagina oficiala a Primariei Magdacesti.\",\"breadcrumb\":{\"@id\":\"https:\/\/magdacesti.md\/?p=1709#breadcrumb\"},\"inLanguage\":\"en-US\",\"potentialAction\":[{\"@type\":\"ReadAction\",\"target\":[\"https:\/\/magdacesti.md\/?p=1709\"]}]},{\"@type\":\"ImageObject\",\"inLanguage\":\"en-US\",\"@id\":\"https:\/\/magdacesti.md\/?p=1709#primaryimage\",\"url\":\"https:\/\/magdacesti.md\/wp-content\/uploads\/2017\/03\/image-0-02-05-7bb10d6b538eb6dd17fc4df9908589a67ddb5a9ce35652b34f81dbd75f3f6850-V.jpg\",\"contentUrl\":\"https:\/\/magdacesti.md\/wp-content\/uploads\/2017\/03\/image-0-02-05-7bb10d6b538eb6dd17fc4df9908589a67ddb5a9ce35652b34f81dbd75f3f6850-V.jpg\"},{\"@type\":\"BreadcrumbList\",\"@id\":\"https:\/\/magdacesti.md\/?p=1709#breadcrumb\",\"itemListElement\":[{\"@type\":\"ListItem\",\"position\":1,\"name\":\"Home\",\"item\":\"https:\/\/magdacesti.md\/\"},{\"@type\":\"ListItem\",\"position\":2,\"name\":\"S\u0103 fim mai buni \u00een preajma S\u0103rb\u0103torilor Pascale !\"}]},{\"@type\":\"WebSite\",\"@id\":\"https:\/\/magdacesti.md\/#website\",\"url\":\"https:\/\/magdacesti.md\/\",\"name\":\"M\u0103gd\u0103ce\u0219ti\",\"description\":\"Un or\u0103\u0219el cu condi\u021bii decente de trai!\",\"publisher\":{\"@id\":\"https:\/\/magdacesti.md\/#organization\"},\"potentialAction\":[{\"@type\":\"SearchAction\",\"target\":{\"@type\":\"EntryPoint\",\"urlTemplate\":\"https:\/\/magdacesti.md\/?s={search_term_string}\"},\"query-input\":\"required name=search_term_string\"}],\"inLanguage\":\"en-US\"},{\"@type\":\"Organization\",\"@id\":\"https:\/\/magdacesti.md\/#organization\",\"name\":\"M\u0103gd\u0103ce\u0219ti\",\"url\":\"https:\/\/magdacesti.md\/\",\"logo\":{\"@type\":\"ImageObject\",\"inLanguage\":\"en-US\",\"@id\":\"https:\/\/magdacesti.md\/#\/schema\/logo\/image\/\",\"url\":\"https:\/\/magdacesti.md\/wp-content\/uploads\/2021\/03\/Foto-514-scaled.jpg\",\"contentUrl\":\"https:\/\/magdacesti.md\/wp-content\/uploads\/2021\/03\/Foto-514-scaled.jpg\",\"width\":2560,\"height\":1707,\"caption\":\"M\u0103gd\u0103ce\u0219ti\"},\"image\":{\"@id\":\"https:\/\/magdacesti.md\/#\/schema\/logo\/image\/\"},\"sameAs\":[\"https:\/\/www.facebook.com\/magdacesti.md\/\"]},{\"@type\":\"Person\",\"@id\":\"https:\/\/magdacesti.md\/#\/schema\/person\/ee6a6d0a5f0b0cb676ac992c8e414842\",\"name\":\"magdacesti\",\"sameAs\":[\"https:\/\/magdacesti.md\"],\"url\":\"https:\/\/magdacesti.md\/?author=1\"}]}<\/script>\n<!-- \/ Yoast SEO plugin. -->","yoast_head_json":{"title":"S\u0103 fim mai buni \u00een preajma S\u0103rb\u0103torilor Pascale ! - M\u0103gd\u0103ce\u0219ti","description":"Bine ati venit pe pagina oficiala a Primariei Magdacesti.","robots":{"index":"index","follow":"follow","max-snippet":"max-snippet:-1","max-image-preview":"max-image-preview:large","max-video-preview":"max-video-preview:-1"},"canonical":"https:\/\/magdacesti.md\/?p=1709","og_locale":"en_US","og_type":"article","og_title":"S\u0103 fim mai buni \u00een preajma S\u0103rb\u0103torilor Pascale ! - M\u0103gd\u0103ce\u0219ti","og_description":"Bine ati venit pe pagina oficiala a Primariei Magdacesti.","og_url":"https:\/\/magdacesti.md\/?p=1709","og_site_name":"M\u0103gd\u0103ce\u0219ti","article_publisher":"https:\/\/www.facebook.com\/magdacesti.md\/","article_published_time":"2017-03-29T10:43:17+00:00","og_image":[{"url":"https:\/\/magdacesti.md\/wp-content\/uploads\/2017\/03\/image-0-02-05-7bb10d6b538eb6dd17fc4df9908589a67ddb5a9ce35652b34f81dbd75f3f6850-V.jpg"}],"author":"magdacesti","twitter_card":"summary_large_image","twitter_misc":{"Written by":"magdacesti","Est. reading time":"1 minute"},"schema":{"@context":"https:\/\/schema.org","@graph":[{"@type":"Article","@id":"https:\/\/magdacesti.md\/?p=1709#article","isPartOf":{"@id":"https:\/\/magdacesti.md\/?p=1709"},"author":{"name":"magdacesti","@id":"https:\/\/magdacesti.md\/#\/schema\/person\/ee6a6d0a5f0b0cb676ac992c8e414842"},"headline":"S\u0103 fim mai buni \u00een preajma S\u0103rb\u0103torilor Pascale !","datePublished":"2017-03-29T10:43:17+00:00","dateModified":"2017-03-29T10:43:17+00:00","mainEntityOfPage":{"@id":"https:\/\/magdacesti.md\/?p=1709"},"wordCount":278,"publisher":{"@id":"https:\/\/magdacesti.md\/#organization"},"image":{"@id":"https:\/\/magdacesti.md\/?p=1709#primaryimage"},"thumbnailUrl":"https:\/\/magdacesti.md\/wp-content\/uploads\/2017\/03\/image-0-02-05-7bb10d6b538eb6dd17fc4df9908589a67ddb5a9ce35652b34f81dbd75f3f6850-V.jpg","articleSection":["Stiri"],"inLanguage":"en-US"},{"@type":"WebPage","@id":"https:\/\/magdacesti.md\/?p=1709","url":"https:\/\/magdacesti.md\/?p=1709","name":"S\u0103 fim mai buni \u00een preajma S\u0103rb\u0103torilor Pascale ! - M\u0103gd\u0103ce\u0219ti","isPartOf":{"@id":"https:\/\/magdacesti.md\/#website"},"primaryImageOfPage":{"@id":"https:\/\/magdacesti.md\/?p=1709#primaryimage"},"image":{"@id":"https:\/\/magdacesti.md\/?p=1709#primaryimage"},"thumbnailUrl":"https:\/\/magdacesti.md\/wp-content\/uploads\/2017\/03\/image-0-02-05-7bb10d6b538eb6dd17fc4df9908589a67ddb5a9ce35652b34f81dbd75f3f6850-V.jpg","datePublished":"2017-03-29T10:43:17+00:00","dateModified":"2017-03-29T10:43:17+00:00","description":"Bine ati venit pe pagina oficiala a Primariei Magdacesti.","breadcrumb":{"@id":"https:\/\/magdacesti.md\/?p=1709#breadcrumb"},"inLanguage":"en-US","potentialAction":[{"@type":"ReadAction","target":["https:\/\/magdacesti.md\/?p=1709"]}]},{"@type":"ImageObject","inLanguage":"en-US","@id":"https:\/\/magdacesti.md\/?p=1709#primaryimage","url":"https:\/\/magdacesti.md\/wp-content\/uploads\/2017\/03\/image-0-02-05-7bb10d6b538eb6dd17fc4df9908589a67ddb5a9ce35652b34f81dbd75f3f6850-V.jpg","contentUrl":"https:\/\/magdacesti.md\/wp-content\/uploads\/2017\/03\/image-0-02-05-7bb10d6b538eb6dd17fc4df9908589a67ddb5a9ce35652b34f81dbd75f3f6850-V.jpg"},{"@type":"BreadcrumbList","@id":"https:\/\/magdacesti.md\/?p=1709#breadcrumb","itemListElement":[{"@type":"ListItem","position":1,"name":"Home","item":"https:\/\/magdacesti.md\/"},{"@type":"ListItem","position":2,"name":"S\u0103 fim mai buni \u00een preajma S\u0103rb\u0103torilor Pascale !"}]},{"@type":"WebSite","@id":"https:\/\/magdacesti.md\/#website","url":"https:\/\/magdacesti.md\/","name":"M\u0103gd\u0103ce\u0219ti","description":"Un or\u0103\u0219el cu condi\u021bii decente de trai!","publisher":{"@id":"https:\/\/magdacesti.md\/#organization"},"potentialAction":[{"@type":"SearchAction","target":{"@type":"EntryPoint","urlTemplate":"https:\/\/magdacesti.md\/?s={search_term_string}"},"query-input":"required name=search_term_string"}],"inLanguage":"en-US"},{"@type":"Organization","@id":"https:\/\/magdacesti.md\/#organization","name":"M\u0103gd\u0103ce\u0219ti","url":"https:\/\/magdacesti.md\/","logo":{"@type":"ImageObject","inLanguage":"en-US","@id":"https:\/\/magdacesti.md\/#\/schema\/logo\/image\/","url":"https:\/\/magdacesti.md\/wp-content\/uploads\/2021\/03\/Foto-514-scaled.jpg","contentUrl":"https:\/\/magdacesti.md\/wp-content\/uploads\/2021\/03\/Foto-514-scaled.jpg","width":2560,"height":1707,"caption":"M\u0103gd\u0103ce\u0219ti"},"image":{"@id":"https:\/\/magdacesti.md\/#\/schema\/logo\/image\/"},"sameAs":["https:\/\/www.facebook.com\/magdacesti.md\/"]},{"@type":"Person","@id":"https:\/\/magdacesti.md\/#\/schema\/person\/ee6a6d0a5f0b0cb676ac992c8e414842","name":"magdacesti","sameAs":["https:\/\/magdacesti.md"],"url":"https:\/\/magdacesti.md\/?author=1"}]}},"_links":{"self":[{"href":"https:\/\/magdacesti.md\/index.php?rest_route=\/wp\/v2\/posts\/1709","targetHints":{"allow":["GET"]}}],"collection":[{"href":"https:\/\/magdacesti.md\/index.php?rest_route=\/wp\/v2\/posts"}],"about":[{"href":"https:\/\/magdacesti.md\/index.php?rest_route=\/wp\/v2\/types\/post"}],"author":[{"embeddable":true,"href":"https:\/\/magdacesti.md\/index.php?rest_route=\/wp\/v2\/users\/1"}],"replies":[{"embeddable":true,"href":"https:\/\/magdacesti.md\/index.php?rest_route=%2Fwp%2Fv2%2Fcomments&post=1709"}],"version-history":[{"count":0,"href":"https:\/\/magdacesti.md\/index.php?rest_route=\/wp\/v2\/posts\/1709\/revisions"}],"wp:attachment":[{"href":"https:\/\/magdacesti.md\/index.php?rest_route=%2Fwp%2Fv2%2Fmedia&parent=1709"}],"wp:term":[{"taxonomy":"category","embeddable":true,"href":"https:\/\/magdacesti.md\/index.php?rest_route=%2Fwp%2Fv2%2Fcategories&post=1709"},{"taxonomy":"post_tag","embeddable":true,"href":"https:\/\/magdacesti.md\/index.php?rest_route=%2Fwp%2Fv2%2Ftags&post=1709"}],"curies":[{"name":"wp","href":"https:\/\/api.w.org\/{rel}","templated":true}]}}