{"id":1717,"date":"2017-03-30T14:47:37","date_gmt":"2017-03-30T11:47:37","guid":{"rendered":"https:\/\/magdacesti.md\/?p=1717"},"modified":"2017-03-30T14:47:37","modified_gmt":"2017-03-30T11:47:37","slug":"conducerea-consiliului-raional-criuleni-in-vizita-la-magdacesti","status":"publish","type":"post","link":"https:\/\/magdacesti.md\/?p=1717","title":{"rendered":"Conducerea Consiliului raional Criuleni, \u00een vizit\u0103 la M\u0103gd\u0103ce\u0219ti."},"content":{"rendered":"<p><iframe loading=\"lazy\" src=\"\/\/www.youtube.com\/embed\/q4erJcfAbQY\" allowfullscreen=\"allowfullscreen\" width=\"560\" height=\"314\"><\/iframe><\/p>\n<p>Mar\u021bi, 28 martie, \u00eentreaga echip\u0103 de conducere a Consiliului raional Criuleni a venit \u00eentr-o vizit\u0103 \u00een satul M\u0103gd\u0103ce\u015fti. Scopul vizitei a fost identificarea problemelor care exist\u0103 \u00een localitate. Vicepre\u0219edintele raionului Criuleni, Vitalie Verebceanu, \u0219efii direc\u021biilor, sec\u021biilor Consiliului raional, serviciile raionale desconcentrate \u0219i primarul s. M\u0103gd\u0103ce\u015fti, Liuba Cojocaru au p\u0103\u0219it pragul principalelor institu\u021bii ale localit\u0103\u021bii. Primul popas a fost la gr\u0103dini\u021ba de copii &#8220;Floricica&#8221;.<\/p>\n<p><img loading=\"lazy\" decoding=\"async\" class=\"aligncenter\" src=\"https:\/\/magdacesti.md\/wp-content\/uploads\/2017\/03\/Delegatia-Criuleni-28-martie-2017-1.jpg\" alt=\"\" width=\"640\" height=\"427\"><\/p>\n<p>Aici, au fost \u00eentimpina\u021bi de directorul gr\u0103dini\u021bei, Ecaterina Onica, care le-a adus la cuno\u0219tin\u021b\u0103 actualele probleme ale Institu\u021biei: necesitatea construc\u021biei unui bloc nou al gr\u0103dini\u021bei, insuficien\u021ba locurilor disponibile \u00een s\u0103lile de grup\u0103 \u0219i izolarea fa\u021badei gr\u0103dini\u021bei. La finalul \u00eent\u00e2lnirii, prichindeii le-au \u00eenm\u00e2nat oficialilor c\u00e2te un porumbel confec\u021bionat de m\u00e2nu\u021bele lor \u0219i au sus\u021binut un mini-program artistic.<\/p>\n<p><img loading=\"lazy\" decoding=\"async\" class=\"aligncenter\" src=\"https:\/\/magdacesti.md\/wp-content\/uploads\/2017\/03\/Delegatia-Criuleni-28-martie-20171-1.jpg\" alt=\"\" width=\"640\" height=\"427\"><\/p>\n<p>Vizita a continuat la Centrul de S\u0103n\u0103tate, unde echipa a vizitat cabinetele de lucru, sala de fizioterapie \u0219i laboratorul. Directorul Centrului, Lidia Goluba\u0219 a solicitat ajutorul conducerii de a dota cabinetul de fizioterapie cu aparataj \u0219i procurarea un aparat de electrocardiografie, care le este at\u00e2t de necesar speciali\u0219tilor \u0219i pacien\u021bilor.<\/p>\n<p><img loading=\"lazy\" decoding=\"async\" class=\"aligncenter\" src=\"https:\/\/magdacesti.md\/wp-content\/uploads\/2017\/03\/Delegatia-Criuleni-28-martie-20172-1.jpg\" alt=\"\" width=\"640\" height=\"427\"><\/p>\n<p>Oficialii au vizitat si Liceul Teoretic M\u0103gd\u0103ce\u015fti. Directorul adjunct, Zinaida Uritu, a informat conducerea despre necesitatea construc\u021biei unui gard \u00een jurul institu\u021biei, pentru a le oferi siguran\u021ba elevilor, construc\u021bia unei noi anexe a liceului, s-a discutat \u0219i despre insuficien\u021ba cadrelor didactice, sistemul sanitar al Liceului.<\/p>\n<p><img loading=\"lazy\" decoding=\"async\" class=\"aligncenter\" src=\"https:\/\/magdacesti.md\/wp-content\/uploads\/2017\/03\/Delegatia-Criuleni-28-martie-20173-1.jpg\" alt=\"\" width=\"640\" height=\"427\"><\/p>\n<p><img loading=\"lazy\" decoding=\"async\" class=\"aligncenter\" src=\"https:\/\/magdacesti.md\/wp-content\/uploads\/2017\/03\/Delegatia-Criuleni-28-martie-20174-1.jpg\" alt=\"\" width=\"640\" height=\"427\"><\/p>\n<p><img loading=\"lazy\" decoding=\"async\" class=\"aligncenter\" src=\"https:\/\/magdacesti.md\/wp-content\/uploads\/2017\/03\/Delegatia-Criuleni-28-martie-20175-1.jpg\" alt=\"\" width=\"640\" height=\"427\"><\/p>\n<p>Excursia autorit\u0103\u021bilor Consiliului raional a continuat la estrada de var\u0103, unde s-au \u00eent\u00e2lnit cu locuitorii satului. Atmosfera a fost \u00eencins\u0103 de multitudinea \u00eentreb\u0103rilor despre cea mai stringent\u0103 \u0219i actual\u0103 tem\u0103: lipsa terenurilor pentru construc\u021bia unei locuin\u021be. Speciali\u0219tii au r\u0103spuns la toate \u00eentreb\u0103rile s\u0103tenilor.<\/p>\n<p><img loading=\"lazy\" decoding=\"async\" class=\"aligncenter\" src=\"https:\/\/magdacesti.md\/wp-content\/uploads\/2017\/03\/Delegatia-Criuleni-28-martie-20176-1.jpg\" alt=\"\" width=\"640\" height=\"427\"><\/p>\n<p>La sf\u00e2r\u0219itul vizitei, vicepre\u0219edintele raionului Criuleni, Vitalie Verebceanu a promis s\u0103 fac\u0103 o solicitare la Guvern \u0219i s\u0103 vin\u0103 cu solu\u021bii pentru cet\u0103\u021benii satului M\u0103gd\u0103ce\u015fti.<\/p>\n<p><img loading=\"lazy\" decoding=\"async\" class=\"aligncenter\" src=\"https:\/\/magdacesti.md\/wp-content\/uploads\/2017\/03\/Delegatia-Criuleni-28-martie-20177-1.jpg\" alt=\"\" width=\"640\" height=\"427\"><\/p>\n<p>&nbsp;<\/p>\n<p>&nbsp;<\/p>\n","protected":false},"excerpt":{"rendered":"<p>Mar\u021bi, 28 martie, \u00eentreaga echip\u0103 de conducere a Consiliului raional Criuleni a venit \u00eentr-o vizit\u0103 \u00een satul M\u0103gd\u0103ce\u015fti. Scopul vizitei a fost identificarea problemelor care exist\u0103 \u00een localitate. Vicepre\u0219edintele raionului Criuleni, Vitalie Verebceanu, \u0219efii direc\u021biilor, sec\u021biilor Consiliului raional, serviciile raionale desconcentrate \u0219i primarul s. M\u0103gd\u0103ce\u015fti, Liuba Cojocaru au p\u0103\u0219it pragul principalelor institu\u021bii ale localit\u0103\u021bii. Primul [&#8230;]\n","protected":false},"author":1,"featured_media":0,"comment_status":"closed","ping_status":"closed","sticky":false,"template":"","format":"standard","meta":{"ngg_post_thumbnail":0,"footnotes":""},"categories":[4],"tags":[],"class_list":["post-1717","post","type-post","status-publish","format-standard","hentry","category-stiri"],"yoast_head":"<!-- This site is optimized with the Yoast SEO plugin v23.3 - https:\/\/yoast.com\/wordpress\/plugins\/seo\/ -->\n<title>Conducerea Consiliului raional Criuleni, \u00een vizit\u0103 la M\u0103gd\u0103ce\u0219ti. - M\u0103gd\u0103ce\u0219ti<\/title>\n<meta name=\"description\" content=\"Bine ati venit pe pagina oficiala a Primariei Magdacesti.\" \/>\n<meta name=\"robots\" content=\"index, follow, max-snippet:-1, max-image-preview:large, max-video-preview:-1\" \/>\n<link rel=\"canonical\" href=\"https:\/\/magdacesti.md\/?p=1717\" \/>\n<meta property=\"og:locale\" content=\"en_US\" \/>\n<meta property=\"og:type\" content=\"article\" \/>\n<meta property=\"og:title\" content=\"Conducerea Consiliului raional Criuleni, \u00een vizit\u0103 la M\u0103gd\u0103ce\u0219ti. - M\u0103gd\u0103ce\u0219ti\" \/>\n<meta property=\"og:description\" content=\"Bine ati venit pe pagina oficiala a Primariei Magdacesti.\" \/>\n<meta property=\"og:url\" content=\"https:\/\/magdacesti.md\/?p=1717\" \/>\n<meta property=\"og:site_name\" content=\"M\u0103gd\u0103ce\u0219ti\" \/>\n<meta property=\"article:publisher\" content=\"https:\/\/www.facebook.com\/magdacesti.md\/\" \/>\n<meta property=\"article:published_time\" content=\"2017-03-30T11:47:37+00:00\" \/>\n<meta property=\"og:image\" content=\"https:\/\/magdacesti.md\/wp-content\/uploads\/2017\/03\/Delegatia-Criuleni-28-martie-2017-1.jpg\" \/>\n<meta name=\"author\" content=\"magdacesti\" \/>\n<meta name=\"twitter:card\" content=\"summary_large_image\" \/>\n<meta name=\"twitter:label1\" content=\"Written by\" \/>\n\t<meta name=\"twitter:data1\" content=\"magdacesti\" \/>\n\t<meta name=\"twitter:label2\" content=\"Est. reading time\" \/>\n\t<meta name=\"twitter:data2\" content=\"2 minutes\" \/>\n<script type=\"application\/ld+json\" class=\"yoast-schema-graph\">{\"@context\":\"https:\/\/schema.org\",\"@graph\":[{\"@type\":\"Article\",\"@id\":\"https:\/\/magdacesti.md\/?p=1717#article\",\"isPartOf\":{\"@id\":\"https:\/\/magdacesti.md\/?p=1717\"},\"author\":{\"name\":\"magdacesti\",\"@id\":\"https:\/\/magdacesti.md\/#\/schema\/person\/ee6a6d0a5f0b0cb676ac992c8e414842\"},\"headline\":\"Conducerea Consiliului raional Criuleni, \u00een vizit\u0103 la M\u0103gd\u0103ce\u0219ti.\",\"datePublished\":\"2017-03-30T11:47:37+00:00\",\"dateModified\":\"2017-03-30T11:47:37+00:00\",\"mainEntityOfPage\":{\"@id\":\"https:\/\/magdacesti.md\/?p=1717\"},\"wordCount\":359,\"publisher\":{\"@id\":\"https:\/\/magdacesti.md\/#organization\"},\"image\":{\"@id\":\"https:\/\/magdacesti.md\/?p=1717#primaryimage\"},\"thumbnailUrl\":\"https:\/\/magdacesti.md\/wp-content\/uploads\/2017\/03\/Delegatia-Criuleni-28-martie-2017-1.jpg\",\"articleSection\":[\"Stiri\"],\"inLanguage\":\"en-US\"},{\"@type\":\"WebPage\",\"@id\":\"https:\/\/magdacesti.md\/?p=1717\",\"url\":\"https:\/\/magdacesti.md\/?p=1717\",\"name\":\"Conducerea Consiliului raional Criuleni, \u00een vizit\u0103 la M\u0103gd\u0103ce\u0219ti. - M\u0103gd\u0103ce\u0219ti\",\"isPartOf\":{\"@id\":\"https:\/\/magdacesti.md\/#website\"},\"primaryImageOfPage\":{\"@id\":\"https:\/\/magdacesti.md\/?p=1717#primaryimage\"},\"image\":{\"@id\":\"https:\/\/magdacesti.md\/?p=1717#primaryimage\"},\"thumbnailUrl\":\"https:\/\/magdacesti.md\/wp-content\/uploads\/2017\/03\/Delegatia-Criuleni-28-martie-2017-1.jpg\",\"datePublished\":\"2017-03-30T11:47:37+00:00\",\"dateModified\":\"2017-03-30T11:47:37+00:00\",\"description\":\"Bine ati venit pe pagina oficiala a Primariei Magdacesti.\",\"breadcrumb\":{\"@id\":\"https:\/\/magdacesti.md\/?p=1717#breadcrumb\"},\"inLanguage\":\"en-US\",\"potentialAction\":[{\"@type\":\"ReadAction\",\"target\":[\"https:\/\/magdacesti.md\/?p=1717\"]}]},{\"@type\":\"ImageObject\",\"inLanguage\":\"en-US\",\"@id\":\"https:\/\/magdacesti.md\/?p=1717#primaryimage\",\"url\":\"https:\/\/magdacesti.md\/wp-content\/uploads\/2017\/03\/Delegatia-Criuleni-28-martie-2017-1.jpg\",\"contentUrl\":\"https:\/\/magdacesti.md\/wp-content\/uploads\/2017\/03\/Delegatia-Criuleni-28-martie-2017-1.jpg\"},{\"@type\":\"BreadcrumbList\",\"@id\":\"https:\/\/magdacesti.md\/?p=1717#breadcrumb\",\"itemListElement\":[{\"@type\":\"ListItem\",\"position\":1,\"name\":\"Home\",\"item\":\"https:\/\/magdacesti.md\/\"},{\"@type\":\"ListItem\",\"position\":2,\"name\":\"Conducerea Consiliului raional Criuleni, \u00een vizit\u0103 la M\u0103gd\u0103ce\u0219ti.\"}]},{\"@type\":\"WebSite\",\"@id\":\"https:\/\/magdacesti.md\/#website\",\"url\":\"https:\/\/magdacesti.md\/\",\"name\":\"M\u0103gd\u0103ce\u0219ti\",\"description\":\"Un or\u0103\u0219el cu condi\u021bii decente de trai!\",\"publisher\":{\"@id\":\"https:\/\/magdacesti.md\/#organization\"},\"potentialAction\":[{\"@type\":\"SearchAction\",\"target\":{\"@type\":\"EntryPoint\",\"urlTemplate\":\"https:\/\/magdacesti.md\/?s={search_term_string}\"},\"query-input\":\"required name=search_term_string\"}],\"inLanguage\":\"en-US\"},{\"@type\":\"Organization\",\"@id\":\"https:\/\/magdacesti.md\/#organization\",\"name\":\"M\u0103gd\u0103ce\u0219ti\",\"url\":\"https:\/\/magdacesti.md\/\",\"logo\":{\"@type\":\"ImageObject\",\"inLanguage\":\"en-US\",\"@id\":\"https:\/\/magdacesti.md\/#\/schema\/logo\/image\/\",\"url\":\"https:\/\/magdacesti.md\/wp-content\/uploads\/2021\/03\/Foto-514-scaled.jpg\",\"contentUrl\":\"https:\/\/magdacesti.md\/wp-content\/uploads\/2021\/03\/Foto-514-scaled.jpg\",\"width\":2560,\"height\":1707,\"caption\":\"M\u0103gd\u0103ce\u0219ti\"},\"image\":{\"@id\":\"https:\/\/magdacesti.md\/#\/schema\/logo\/image\/\"},\"sameAs\":[\"https:\/\/www.facebook.com\/magdacesti.md\/\"]},{\"@type\":\"Person\",\"@id\":\"https:\/\/magdacesti.md\/#\/schema\/person\/ee6a6d0a5f0b0cb676ac992c8e414842\",\"name\":\"magdacesti\",\"sameAs\":[\"https:\/\/magdacesti.md\"],\"url\":\"https:\/\/magdacesti.md\/?author=1\"}]}<\/script>\n<!-- \/ Yoast SEO plugin. -->","yoast_head_json":{"title":"Conducerea Consiliului raional Criuleni, \u00een vizit\u0103 la M\u0103gd\u0103ce\u0219ti. - M\u0103gd\u0103ce\u0219ti","description":"Bine ati venit pe pagina oficiala a Primariei Magdacesti.","robots":{"index":"index","follow":"follow","max-snippet":"max-snippet:-1","max-image-preview":"max-image-preview:large","max-video-preview":"max-video-preview:-1"},"canonical":"https:\/\/magdacesti.md\/?p=1717","og_locale":"en_US","og_type":"article","og_title":"Conducerea Consiliului raional Criuleni, \u00een vizit\u0103 la M\u0103gd\u0103ce\u0219ti. - M\u0103gd\u0103ce\u0219ti","og_description":"Bine ati venit pe pagina oficiala a Primariei Magdacesti.","og_url":"https:\/\/magdacesti.md\/?p=1717","og_site_name":"M\u0103gd\u0103ce\u0219ti","article_publisher":"https:\/\/www.facebook.com\/magdacesti.md\/","article_published_time":"2017-03-30T11:47:37+00:00","og_image":[{"url":"https:\/\/magdacesti.md\/wp-content\/uploads\/2017\/03\/Delegatia-Criuleni-28-martie-2017-1.jpg"}],"author":"magdacesti","twitter_card":"summary_large_image","twitter_misc":{"Written by":"magdacesti","Est. reading time":"2 minutes"},"schema":{"@context":"https:\/\/schema.org","@graph":[{"@type":"Article","@id":"https:\/\/magdacesti.md\/?p=1717#article","isPartOf":{"@id":"https:\/\/magdacesti.md\/?p=1717"},"author":{"name":"magdacesti","@id":"https:\/\/magdacesti.md\/#\/schema\/person\/ee6a6d0a5f0b0cb676ac992c8e414842"},"headline":"Conducerea Consiliului raional Criuleni, \u00een vizit\u0103 la M\u0103gd\u0103ce\u0219ti.","datePublished":"2017-03-30T11:47:37+00:00","dateModified":"2017-03-30T11:47:37+00:00","mainEntityOfPage":{"@id":"https:\/\/magdacesti.md\/?p=1717"},"wordCount":359,"publisher":{"@id":"https:\/\/magdacesti.md\/#organization"},"image":{"@id":"https:\/\/magdacesti.md\/?p=1717#primaryimage"},"thumbnailUrl":"https:\/\/magdacesti.md\/wp-content\/uploads\/2017\/03\/Delegatia-Criuleni-28-martie-2017-1.jpg","articleSection":["Stiri"],"inLanguage":"en-US"},{"@type":"WebPage","@id":"https:\/\/magdacesti.md\/?p=1717","url":"https:\/\/magdacesti.md\/?p=1717","name":"Conducerea Consiliului raional Criuleni, \u00een vizit\u0103 la M\u0103gd\u0103ce\u0219ti. - M\u0103gd\u0103ce\u0219ti","isPartOf":{"@id":"https:\/\/magdacesti.md\/#website"},"primaryImageOfPage":{"@id":"https:\/\/magdacesti.md\/?p=1717#primaryimage"},"image":{"@id":"https:\/\/magdacesti.md\/?p=1717#primaryimage"},"thumbnailUrl":"https:\/\/magdacesti.md\/wp-content\/uploads\/2017\/03\/Delegatia-Criuleni-28-martie-2017-1.jpg","datePublished":"2017-03-30T11:47:37+00:00","dateModified":"2017-03-30T11:47:37+00:00","description":"Bine ati venit pe pagina oficiala a Primariei Magdacesti.","breadcrumb":{"@id":"https:\/\/magdacesti.md\/?p=1717#breadcrumb"},"inLanguage":"en-US","potentialAction":[{"@type":"ReadAction","target":["https:\/\/magdacesti.md\/?p=1717"]}]},{"@type":"ImageObject","inLanguage":"en-US","@id":"https:\/\/magdacesti.md\/?p=1717#primaryimage","url":"https:\/\/magdacesti.md\/wp-content\/uploads\/2017\/03\/Delegatia-Criuleni-28-martie-2017-1.jpg","contentUrl":"https:\/\/magdacesti.md\/wp-content\/uploads\/2017\/03\/Delegatia-Criuleni-28-martie-2017-1.jpg"},{"@type":"BreadcrumbList","@id":"https:\/\/magdacesti.md\/?p=1717#breadcrumb","itemListElement":[{"@type":"ListItem","position":1,"name":"Home","item":"https:\/\/magdacesti.md\/"},{"@type":"ListItem","position":2,"name":"Conducerea Consiliului raional Criuleni, \u00een vizit\u0103 la M\u0103gd\u0103ce\u0219ti."}]},{"@type":"WebSite","@id":"https:\/\/magdacesti.md\/#website","url":"https:\/\/magdacesti.md\/","name":"M\u0103gd\u0103ce\u0219ti","description":"Un or\u0103\u0219el cu condi\u021bii decente de trai!","publisher":{"@id":"https:\/\/magdacesti.md\/#organization"},"potentialAction":[{"@type":"SearchAction","target":{"@type":"EntryPoint","urlTemplate":"https:\/\/magdacesti.md\/?s={search_term_string}"},"query-input":"required name=search_term_string"}],"inLanguage":"en-US"},{"@type":"Organization","@id":"https:\/\/magdacesti.md\/#organization","name":"M\u0103gd\u0103ce\u0219ti","url":"https:\/\/magdacesti.md\/","logo":{"@type":"ImageObject","inLanguage":"en-US","@id":"https:\/\/magdacesti.md\/#\/schema\/logo\/image\/","url":"https:\/\/magdacesti.md\/wp-content\/uploads\/2021\/03\/Foto-514-scaled.jpg","contentUrl":"https:\/\/magdacesti.md\/wp-content\/uploads\/2021\/03\/Foto-514-scaled.jpg","width":2560,"height":1707,"caption":"M\u0103gd\u0103ce\u0219ti"},"image":{"@id":"https:\/\/magdacesti.md\/#\/schema\/logo\/image\/"},"sameAs":["https:\/\/www.facebook.com\/magdacesti.md\/"]},{"@type":"Person","@id":"https:\/\/magdacesti.md\/#\/schema\/person\/ee6a6d0a5f0b0cb676ac992c8e414842","name":"magdacesti","sameAs":["https:\/\/magdacesti.md"],"url":"https:\/\/magdacesti.md\/?author=1"}]}},"_links":{"self":[{"href":"https:\/\/magdacesti.md\/index.php?rest_route=\/wp\/v2\/posts\/1717","targetHints":{"allow":["GET"]}}],"collection":[{"href":"https:\/\/magdacesti.md\/index.php?rest_route=\/wp\/v2\/posts"}],"about":[{"href":"https:\/\/magdacesti.md\/index.php?rest_route=\/wp\/v2\/types\/post"}],"author":[{"embeddable":true,"href":"https:\/\/magdacesti.md\/index.php?rest_route=\/wp\/v2\/users\/1"}],"replies":[{"embeddable":true,"href":"https:\/\/magdacesti.md\/index.php?rest_route=%2Fwp%2Fv2%2Fcomments&post=1717"}],"version-history":[{"count":0,"href":"https:\/\/magdacesti.md\/index.php?rest_route=\/wp\/v2\/posts\/1717\/revisions"}],"wp:attachment":[{"href":"https:\/\/magdacesti.md\/index.php?rest_route=%2Fwp%2Fv2%2Fmedia&parent=1717"}],"wp:term":[{"taxonomy":"category","embeddable":true,"href":"https:\/\/magdacesti.md\/index.php?rest_route=%2Fwp%2Fv2%2Fcategories&post=1717"},{"taxonomy":"post_tag","embeddable":true,"href":"https:\/\/magdacesti.md\/index.php?rest_route=%2Fwp%2Fv2%2Ftags&post=1717"}],"curies":[{"name":"wp","href":"https:\/\/api.w.org\/{rel}","templated":true}]}}