{"id":1739,"date":"2017-04-03T12:25:39","date_gmt":"2017-04-03T09:25:39","guid":{"rendered":"https:\/\/magdacesti.md\/?p=1739"},"modified":"2017-04-03T12:25:39","modified_gmt":"2017-04-03T09:25:39","slug":"noua-ne-pasa-satul-nostru","status":"publish","type":"post","link":"https:\/\/magdacesti.md\/?p=1739","title":{"rendered":"Haide\u021bi s\u0103 facem cur\u0103\u021benia de prim\u0103var\u0103!"},"content":{"rendered":"<p>Stima\u021bi locuitori!<br \/>\nIat\u0103 c\u0103 ne bat la u\u0219\u0103 sfintele S\u0103rb\u0103tori de Pa\u0219ti. \u00cen aceast\u0103 s\u0103pt\u0103m\u00e2n\u0103 d\u0103m startul cur\u0103\u021beniei generale de prim\u0103var\u0103.<\/p>\n<p>&nbsp;<\/p>\n<p><img loading=\"lazy\" decoding=\"async\" class=\"aligncenter\" src=\"https:\/\/magdacesti.md\/wp-content\/uploads\/2017\/04\/curatenie.jpg\" alt=\"\" width=\"652\" height=\"450\" \/><\/p>\n<p>Fiecare dintre dumneavoastr\u0103 ave\u021bi responsabilitatea s\u0103 face\u021bi toate lucr\u0103rile de amenajare, cur\u0103\u021benie \u0219i \u00eentre\u021binere a spa\u021biilor din preajma locuin\u021bei dumneavoastr\u0103, \u00eens\u0103 s\u0103 nu r\u0103m\u00e2ne\u021bi indiferen\u021bi \u0219i de spa\u021biile publice sau terenurilor unde copiii vo\u0219tri \u00ee\u0219i petrec orele de joac\u0103. V\u0103 rug\u0103m s\u0103 p\u0103stra\u021bi cur\u0103\u021benia acol<span class=\"text_exposed_show\">o, unde deja este efectuat\u0103. Ne adres\u0103m cu insisten\u021b\u0103 c\u0103tre to\u021bi agen\u021bii economici, ca s\u0103 aib\u0103 grij\u0103 de ordinea din jurul institu\u021biilor pe care le gestioneaz\u0103. Colecta\u021bi cu grij\u0103 toate de\u0219eurile \u0219i respecta\u021bi orarul de preluare a acestora, de c\u0103tre lucr\u0103torii de la salubritate.\u00a0 Ne adres\u0103m cu rug\u0103minte s\u0103 nu transforma\u021bi satul nostru \u00eentr-un nor de fum, \u00een aceast\u0103 perioad\u0103, dar s\u0103 fi\u021bi mai responsabili fa\u021b\u0103 de dumneavoastr\u0103 \u0219i cei din jurul vostru. Oameni buni, v\u0103 \u00eendemn\u0103m s\u0103 ne facem o tradi\u021bie prin a s\u0103di \u00een fiecare an c\u00e2t mai mult\u0103 vegeta\u021bie, s\u0103 plant\u0103m copaci, flori, arbu\u0219ti pentru a spori \u00eenverzirea localit\u0103\u021bii. <\/span><\/p>\n<p><img loading=\"lazy\" decoding=\"async\" class=\"aligncenter\" src=\"https:\/\/magdacesti.md\/wp-content\/uploads\/2017\/04\/varuire_1000x563_75197800.jpg\" alt=\"\" width=\"670\" height=\"377\" \/><\/p>\n<p><span class=\"text_exposed_show\">S-ave\u021bi spor \u0219i o zi minunat\u0103!<\/span><\/p>\n<p>&nbsp;<\/p>\n<p>&nbsp;<\/p>\n<p>&nbsp;<\/p>\n","protected":false},"excerpt":{"rendered":"<p>Stima\u021bi locuitori! Iat\u0103 c\u0103 ne bat la u\u0219\u0103 sfintele S\u0103rb\u0103tori de Pa\u0219ti. \u00cen aceast\u0103 s\u0103pt\u0103m\u00e2n\u0103 d\u0103m startul cur\u0103\u021beniei generale de prim\u0103var\u0103. &nbsp; Fiecare dintre dumneavoastr\u0103 ave\u021bi responsabilitatea s\u0103 face\u021bi toate lucr\u0103rile de amenajare, cur\u0103\u021benie \u0219i \u00eentre\u021binere a spa\u021biilor din preajma locuin\u021bei dumneavoastr\u0103, \u00eens\u0103 s\u0103 nu r\u0103m\u00e2ne\u021bi indiferen\u021bi \u0219i de spa\u021biile publice sau terenurilor unde copiii [&#8230;]\n","protected":false},"author":1,"featured_media":0,"comment_status":"closed","ping_status":"closed","sticky":false,"template":"","format":"standard","meta":{"ngg_post_thumbnail":0,"footnotes":""},"categories":[4],"tags":[],"class_list":["post-1739","post","type-post","status-publish","format-standard","hentry","category-stiri"],"yoast_head":"<!-- This site is optimized with the Yoast SEO plugin v23.3 - https:\/\/yoast.com\/wordpress\/plugins\/seo\/ -->\n<title>Haide\u021bi s\u0103 facem cur\u0103\u021benia de prim\u0103var\u0103! - M\u0103gd\u0103ce\u0219ti<\/title>\n<meta name=\"description\" content=\"Bine ati venit pe pagina oficiala a Primariei Magdacesti.\" \/>\n<meta name=\"robots\" content=\"index, follow, max-snippet:-1, max-image-preview:large, max-video-preview:-1\" \/>\n<link rel=\"canonical\" href=\"https:\/\/magdacesti.md\/?p=1739\" \/>\n<meta property=\"og:locale\" content=\"en_US\" \/>\n<meta property=\"og:type\" content=\"article\" \/>\n<meta property=\"og:title\" content=\"Haide\u021bi s\u0103 facem cur\u0103\u021benia de prim\u0103var\u0103! - M\u0103gd\u0103ce\u0219ti\" \/>\n<meta property=\"og:description\" content=\"Bine ati venit pe pagina oficiala a Primariei Magdacesti.\" \/>\n<meta property=\"og:url\" content=\"https:\/\/magdacesti.md\/?p=1739\" \/>\n<meta property=\"og:site_name\" content=\"M\u0103gd\u0103ce\u0219ti\" \/>\n<meta property=\"article:publisher\" content=\"https:\/\/www.facebook.com\/magdacesti.md\/\" \/>\n<meta property=\"article:published_time\" content=\"2017-04-03T09:25:39+00:00\" \/>\n<meta property=\"og:image\" content=\"https:\/\/magdacesti.md\/wp-content\/uploads\/2017\/04\/curatenie.jpg\" \/>\n<meta name=\"author\" content=\"magdacesti\" \/>\n<meta name=\"twitter:card\" content=\"summary_large_image\" \/>\n<meta name=\"twitter:label1\" content=\"Written by\" \/>\n\t<meta name=\"twitter:data1\" content=\"magdacesti\" \/>\n\t<meta name=\"twitter:label2\" content=\"Est. reading time\" \/>\n\t<meta name=\"twitter:data2\" content=\"1 minute\" \/>\n<script type=\"application\/ld+json\" class=\"yoast-schema-graph\">{\"@context\":\"https:\/\/schema.org\",\"@graph\":[{\"@type\":\"Article\",\"@id\":\"https:\/\/magdacesti.md\/?p=1739#article\",\"isPartOf\":{\"@id\":\"https:\/\/magdacesti.md\/?p=1739\"},\"author\":{\"name\":\"magdacesti\",\"@id\":\"https:\/\/magdacesti.md\/#\/schema\/person\/ee6a6d0a5f0b0cb676ac992c8e414842\"},\"headline\":\"Haide\u021bi s\u0103 facem cur\u0103\u021benia de prim\u0103var\u0103!\",\"datePublished\":\"2017-04-03T09:25:39+00:00\",\"dateModified\":\"2017-04-03T09:25:39+00:00\",\"mainEntityOfPage\":{\"@id\":\"https:\/\/magdacesti.md\/?p=1739\"},\"wordCount\":236,\"publisher\":{\"@id\":\"https:\/\/magdacesti.md\/#organization\"},\"image\":{\"@id\":\"https:\/\/magdacesti.md\/?p=1739#primaryimage\"},\"thumbnailUrl\":\"https:\/\/magdacesti.md\/wp-content\/uploads\/2017\/04\/curatenie.jpg\",\"articleSection\":[\"Stiri\"],\"inLanguage\":\"en-US\"},{\"@type\":\"WebPage\",\"@id\":\"https:\/\/magdacesti.md\/?p=1739\",\"url\":\"https:\/\/magdacesti.md\/?p=1739\",\"name\":\"Haide\u021bi s\u0103 facem cur\u0103\u021benia de prim\u0103var\u0103! - M\u0103gd\u0103ce\u0219ti\",\"isPartOf\":{\"@id\":\"https:\/\/magdacesti.md\/#website\"},\"primaryImageOfPage\":{\"@id\":\"https:\/\/magdacesti.md\/?p=1739#primaryimage\"},\"image\":{\"@id\":\"https:\/\/magdacesti.md\/?p=1739#primaryimage\"},\"thumbnailUrl\":\"https:\/\/magdacesti.md\/wp-content\/uploads\/2017\/04\/curatenie.jpg\",\"datePublished\":\"2017-04-03T09:25:39+00:00\",\"dateModified\":\"2017-04-03T09:25:39+00:00\",\"description\":\"Bine ati venit pe pagina oficiala a Primariei Magdacesti.\",\"breadcrumb\":{\"@id\":\"https:\/\/magdacesti.md\/?p=1739#breadcrumb\"},\"inLanguage\":\"en-US\",\"potentialAction\":[{\"@type\":\"ReadAction\",\"target\":[\"https:\/\/magdacesti.md\/?p=1739\"]}]},{\"@type\":\"ImageObject\",\"inLanguage\":\"en-US\",\"@id\":\"https:\/\/magdacesti.md\/?p=1739#primaryimage\",\"url\":\"https:\/\/magdacesti.md\/wp-content\/uploads\/2017\/04\/curatenie.jpg\",\"contentUrl\":\"https:\/\/magdacesti.md\/wp-content\/uploads\/2017\/04\/curatenie.jpg\"},{\"@type\":\"BreadcrumbList\",\"@id\":\"https:\/\/magdacesti.md\/?p=1739#breadcrumb\",\"itemListElement\":[{\"@type\":\"ListItem\",\"position\":1,\"name\":\"Home\",\"item\":\"https:\/\/magdacesti.md\/\"},{\"@type\":\"ListItem\",\"position\":2,\"name\":\"Haide\u021bi s\u0103 facem cur\u0103\u021benia de prim\u0103var\u0103!\"}]},{\"@type\":\"WebSite\",\"@id\":\"https:\/\/magdacesti.md\/#website\",\"url\":\"https:\/\/magdacesti.md\/\",\"name\":\"M\u0103gd\u0103ce\u0219ti\",\"description\":\"Un or\u0103\u0219el cu condi\u021bii decente de trai!\",\"publisher\":{\"@id\":\"https:\/\/magdacesti.md\/#organization\"},\"potentialAction\":[{\"@type\":\"SearchAction\",\"target\":{\"@type\":\"EntryPoint\",\"urlTemplate\":\"https:\/\/magdacesti.md\/?s={search_term_string}\"},\"query-input\":\"required name=search_term_string\"}],\"inLanguage\":\"en-US\"},{\"@type\":\"Organization\",\"@id\":\"https:\/\/magdacesti.md\/#organization\",\"name\":\"M\u0103gd\u0103ce\u0219ti\",\"url\":\"https:\/\/magdacesti.md\/\",\"logo\":{\"@type\":\"ImageObject\",\"inLanguage\":\"en-US\",\"@id\":\"https:\/\/magdacesti.md\/#\/schema\/logo\/image\/\",\"url\":\"https:\/\/magdacesti.md\/wp-content\/uploads\/2021\/03\/Foto-514-scaled.jpg\",\"contentUrl\":\"https:\/\/magdacesti.md\/wp-content\/uploads\/2021\/03\/Foto-514-scaled.jpg\",\"width\":2560,\"height\":1707,\"caption\":\"M\u0103gd\u0103ce\u0219ti\"},\"image\":{\"@id\":\"https:\/\/magdacesti.md\/#\/schema\/logo\/image\/\"},\"sameAs\":[\"https:\/\/www.facebook.com\/magdacesti.md\/\"]},{\"@type\":\"Person\",\"@id\":\"https:\/\/magdacesti.md\/#\/schema\/person\/ee6a6d0a5f0b0cb676ac992c8e414842\",\"name\":\"magdacesti\",\"sameAs\":[\"https:\/\/magdacesti.md\"],\"url\":\"https:\/\/magdacesti.md\/?author=1\"}]}<\/script>\n<!-- \/ Yoast SEO plugin. -->","yoast_head_json":{"title":"Haide\u021bi s\u0103 facem cur\u0103\u021benia de prim\u0103var\u0103! - M\u0103gd\u0103ce\u0219ti","description":"Bine ati venit pe pagina oficiala a Primariei Magdacesti.","robots":{"index":"index","follow":"follow","max-snippet":"max-snippet:-1","max-image-preview":"max-image-preview:large","max-video-preview":"max-video-preview:-1"},"canonical":"https:\/\/magdacesti.md\/?p=1739","og_locale":"en_US","og_type":"article","og_title":"Haide\u021bi s\u0103 facem cur\u0103\u021benia de prim\u0103var\u0103! - M\u0103gd\u0103ce\u0219ti","og_description":"Bine ati venit pe pagina oficiala a Primariei Magdacesti.","og_url":"https:\/\/magdacesti.md\/?p=1739","og_site_name":"M\u0103gd\u0103ce\u0219ti","article_publisher":"https:\/\/www.facebook.com\/magdacesti.md\/","article_published_time":"2017-04-03T09:25:39+00:00","og_image":[{"url":"https:\/\/magdacesti.md\/wp-content\/uploads\/2017\/04\/curatenie.jpg"}],"author":"magdacesti","twitter_card":"summary_large_image","twitter_misc":{"Written by":"magdacesti","Est. reading time":"1 minute"},"schema":{"@context":"https:\/\/schema.org","@graph":[{"@type":"Article","@id":"https:\/\/magdacesti.md\/?p=1739#article","isPartOf":{"@id":"https:\/\/magdacesti.md\/?p=1739"},"author":{"name":"magdacesti","@id":"https:\/\/magdacesti.md\/#\/schema\/person\/ee6a6d0a5f0b0cb676ac992c8e414842"},"headline":"Haide\u021bi s\u0103 facem cur\u0103\u021benia de prim\u0103var\u0103!","datePublished":"2017-04-03T09:25:39+00:00","dateModified":"2017-04-03T09:25:39+00:00","mainEntityOfPage":{"@id":"https:\/\/magdacesti.md\/?p=1739"},"wordCount":236,"publisher":{"@id":"https:\/\/magdacesti.md\/#organization"},"image":{"@id":"https:\/\/magdacesti.md\/?p=1739#primaryimage"},"thumbnailUrl":"https:\/\/magdacesti.md\/wp-content\/uploads\/2017\/04\/curatenie.jpg","articleSection":["Stiri"],"inLanguage":"en-US"},{"@type":"WebPage","@id":"https:\/\/magdacesti.md\/?p=1739","url":"https:\/\/magdacesti.md\/?p=1739","name":"Haide\u021bi s\u0103 facem cur\u0103\u021benia de prim\u0103var\u0103! - M\u0103gd\u0103ce\u0219ti","isPartOf":{"@id":"https:\/\/magdacesti.md\/#website"},"primaryImageOfPage":{"@id":"https:\/\/magdacesti.md\/?p=1739#primaryimage"},"image":{"@id":"https:\/\/magdacesti.md\/?p=1739#primaryimage"},"thumbnailUrl":"https:\/\/magdacesti.md\/wp-content\/uploads\/2017\/04\/curatenie.jpg","datePublished":"2017-04-03T09:25:39+00:00","dateModified":"2017-04-03T09:25:39+00:00","description":"Bine ati venit pe pagina oficiala a Primariei Magdacesti.","breadcrumb":{"@id":"https:\/\/magdacesti.md\/?p=1739#breadcrumb"},"inLanguage":"en-US","potentialAction":[{"@type":"ReadAction","target":["https:\/\/magdacesti.md\/?p=1739"]}]},{"@type":"ImageObject","inLanguage":"en-US","@id":"https:\/\/magdacesti.md\/?p=1739#primaryimage","url":"https:\/\/magdacesti.md\/wp-content\/uploads\/2017\/04\/curatenie.jpg","contentUrl":"https:\/\/magdacesti.md\/wp-content\/uploads\/2017\/04\/curatenie.jpg"},{"@type":"BreadcrumbList","@id":"https:\/\/magdacesti.md\/?p=1739#breadcrumb","itemListElement":[{"@type":"ListItem","position":1,"name":"Home","item":"https:\/\/magdacesti.md\/"},{"@type":"ListItem","position":2,"name":"Haide\u021bi s\u0103 facem cur\u0103\u021benia de prim\u0103var\u0103!"}]},{"@type":"WebSite","@id":"https:\/\/magdacesti.md\/#website","url":"https:\/\/magdacesti.md\/","name":"M\u0103gd\u0103ce\u0219ti","description":"Un or\u0103\u0219el cu condi\u021bii decente de trai!","publisher":{"@id":"https:\/\/magdacesti.md\/#organization"},"potentialAction":[{"@type":"SearchAction","target":{"@type":"EntryPoint","urlTemplate":"https:\/\/magdacesti.md\/?s={search_term_string}"},"query-input":"required name=search_term_string"}],"inLanguage":"en-US"},{"@type":"Organization","@id":"https:\/\/magdacesti.md\/#organization","name":"M\u0103gd\u0103ce\u0219ti","url":"https:\/\/magdacesti.md\/","logo":{"@type":"ImageObject","inLanguage":"en-US","@id":"https:\/\/magdacesti.md\/#\/schema\/logo\/image\/","url":"https:\/\/magdacesti.md\/wp-content\/uploads\/2021\/03\/Foto-514-scaled.jpg","contentUrl":"https:\/\/magdacesti.md\/wp-content\/uploads\/2021\/03\/Foto-514-scaled.jpg","width":2560,"height":1707,"caption":"M\u0103gd\u0103ce\u0219ti"},"image":{"@id":"https:\/\/magdacesti.md\/#\/schema\/logo\/image\/"},"sameAs":["https:\/\/www.facebook.com\/magdacesti.md\/"]},{"@type":"Person","@id":"https:\/\/magdacesti.md\/#\/schema\/person\/ee6a6d0a5f0b0cb676ac992c8e414842","name":"magdacesti","sameAs":["https:\/\/magdacesti.md"],"url":"https:\/\/magdacesti.md\/?author=1"}]}},"_links":{"self":[{"href":"https:\/\/magdacesti.md\/index.php?rest_route=\/wp\/v2\/posts\/1739","targetHints":{"allow":["GET"]}}],"collection":[{"href":"https:\/\/magdacesti.md\/index.php?rest_route=\/wp\/v2\/posts"}],"about":[{"href":"https:\/\/magdacesti.md\/index.php?rest_route=\/wp\/v2\/types\/post"}],"author":[{"embeddable":true,"href":"https:\/\/magdacesti.md\/index.php?rest_route=\/wp\/v2\/users\/1"}],"replies":[{"embeddable":true,"href":"https:\/\/magdacesti.md\/index.php?rest_route=%2Fwp%2Fv2%2Fcomments&post=1739"}],"version-history":[{"count":0,"href":"https:\/\/magdacesti.md\/index.php?rest_route=\/wp\/v2\/posts\/1739\/revisions"}],"wp:attachment":[{"href":"https:\/\/magdacesti.md\/index.php?rest_route=%2Fwp%2Fv2%2Fmedia&parent=1739"}],"wp:term":[{"taxonomy":"category","embeddable":true,"href":"https:\/\/magdacesti.md\/index.php?rest_route=%2Fwp%2Fv2%2Fcategories&post=1739"},{"taxonomy":"post_tag","embeddable":true,"href":"https:\/\/magdacesti.md\/index.php?rest_route=%2Fwp%2Fv2%2Ftags&post=1739"}],"curies":[{"name":"wp","href":"https:\/\/api.w.org\/{rel}","templated":true}]}}