{"id":1745,"date":"2017-04-05T12:44:06","date_gmt":"2017-04-05T09:44:06","guid":{"rendered":"https:\/\/magdacesti.md\/?p=1745"},"modified":"2017-04-05T12:44:06","modified_gmt":"2017-04-05T09:44:06","slug":"traditii-de-sarbatoarea-floriilor","status":"publish","type":"post","link":"https:\/\/magdacesti.md\/?p=1745","title":{"rendered":"Tradi\u021bii de s\u0103rb\u0103toarea Floriilor!"},"content":{"rendered":"<p>Suntem \u00een s\u0103pt\u0103m\u00e2na Floriilor!<\/p>\n<p><img loading=\"lazy\" decoding=\"async\" class=\"aligncenter\" src=\"https:\/\/magdacesti.md\/wp-content\/uploads\/2017\/04\/Poza_Baza_Astrologie2.jpg\" alt=\"\" width=\"606\" height=\"312\" \/><\/p>\n<p>\u00cen aceste zile, to\u021bi roiesc ca un furnicar s\u0103 le reu\u0219easc\u0103 pe toate p\u00e2n\u0103 duminic\u0103. Ce trebuie s\u0103 face\u021bi \u00een aceast\u0103 s\u0103pt\u0103m\u00e2n\u0103 ca s\u0103 v\u0103 mearg\u0103 bine tot anul? Am spicuit c\u00e2teva din tradi\u021biile de c\u00e2ndva \u0219i vi le prezent\u0103m \u0219i dumneavoastr\u0103!<\/p>\n<ul>\n<li>Cu o zi \u00eenainte de Florii se str\u00e2ng ramuri de salcie \u00eenmugurit\u0103, se leag\u0103 \u00een snopi \u0219i se duc la biserica pentru a fi sfin\u021bite de preot. Dup\u0103 sfin\u021bire \u0219i slujba, \u201cmatisorii\u201d sunt lua\u021bi acas\u0103 \u0219i pu\u0219i l<span class=\"text_exposed_show\">a icoane, u\u0219i, ferestre, intr\u0103ri \u00een grajduri, f\u00e2nt\u00e2ni \u0219i stre\u0219ini.<\/span><\/li>\n<\/ul>\n<div class=\"text_exposed_show\">\n<ul>\n<li>Aceste ramuri sfin\u021bite se p\u0103streaz\u0103 peste an \u0219i sunt folosite de mame \u0219i bunici pentru vindecarea bolilor.<\/li>\n<li>\u00cen ziua de Florii, stupii erau \u00eempodobi\u021bi cu ramurile de salcie sfin\u021bite, ca albinele s\u0103 se bucure de binecuv\u00e2ntarea divin\u0103.<\/li>\n<li>\u00cen unele regiuni, oamenii \u00ee\u0219i \u00eencing mijlocul cu crengu\u021be sfin\u021bite de salcie.Se spune ca salcia vindec\u0103 durerea de spate \u0219i este un antidot pentru mu\u0219c\u0103tura de \u0219arpe.<\/li>\n<li>O alta tradi\u021bie spune ca ramurile de salcie sunt a\u0219ezate \u00eenainte de culcare sub pernele fetelor nem\u0103ritate. Ele cred c\u0103 vor deveni mai frumoase \u0219i se vor m\u0103rita.<\/li>\n<li>De Florii nu este bine s\u0103 te speli pe cap. Tradi\u021bia spune c\u0103 dac\u0103 te speli pe cap \u00een Duminica de Florii, vei \u00eenc\u0103run\u021bi la fel ca pomii care \u00eenfloresc prim\u0103vara.<\/li>\n<li>Nu trebuie s\u0103 te cer\u021bi cu nimeni de Florii, pentru c\u0103 orice g\u00e2lceav\u0103 va provoca ne\u00een\u021belegeri \u00een familie pe tot parcursul anului.<\/li>\n<li>Treburile \u00een cas\u0103, \u00een special sp\u0103latul rufelor, sunt interzise \u00een Duminica Floriilor, \u00eentruc\u00e2t se consider\u0103 c\u0103 activit\u0103\u021bile casnice aduc mult ghinion.<\/li>\n<li>Dac\u0103 te \u00eemp\u0103rt\u0103\u0219e\u0219ti de Florii, i\u021bi po\u021bi pune o dorin\u021b\u0103 \u0219i ea se va \u00eendeplini mai repede dec\u00e2t \u00een alta perioad\u0103.<\/li>\n<li>\u00cen duminica Floriilor, se culeg flori ce se adun\u0103 \u00een cuibare, ele urm\u00e2nd a fi folosite pentru \u00eencondeierea de ou\u0103 pentru Pa\u0219te.<\/li>\n<li>Pentru c\u0103 aceasta este perioada \u00een care pomii prind putere pentru a rodi, nu trebuie s\u0103 plantezi pomi \u00eenainte de Florii.<\/li>\n<li>Se spune c\u0103 a\u0219a cum va fi vremea de Florii, la fel va fi \u0219i de Pa\u0219te.<\/li>\n<\/ul>\n<p><img loading=\"lazy\" decoding=\"async\" class=\"aligncenter\" src=\"https:\/\/magdacesti.md\/wp-content\/uploads\/2017\/04\/652x450_132085-duminica-sunt-floriile-iata-cateva-obiceiuri-pentru-aceasta-sarbatoare.jpg\" alt=\"\" width=\"581\" height=\"404\" \/><\/p>\n<\/div>\n<p>&nbsp;<\/p>\n<p>&nbsp;<\/p>\n<p>&nbsp;<\/p>\n<p>&nbsp;<\/p>\n<p>&nbsp;<\/p>\n","protected":false},"excerpt":{"rendered":"<p>Suntem \u00een s\u0103pt\u0103m\u00e2na Floriilor! \u00cen aceste zile, to\u021bi roiesc ca un furnicar s\u0103 le reu\u0219easc\u0103 pe toate p\u00e2n\u0103 duminic\u0103. Ce trebuie s\u0103 face\u021bi \u00een aceast\u0103 s\u0103pt\u0103m\u00e2n\u0103 ca s\u0103 v\u0103 mearg\u0103 bine tot anul? Am spicuit c\u00e2teva din tradi\u021biile de c\u00e2ndva \u0219i vi le prezent\u0103m \u0219i dumneavoastr\u0103! Cu o zi \u00eenainte de Florii se str\u00e2ng ramuri [&#8230;]\n","protected":false},"author":1,"featured_media":0,"comment_status":"closed","ping_status":"closed","sticky":false,"template":"","format":"standard","meta":{"ngg_post_thumbnail":0,"footnotes":""},"categories":[4],"tags":[],"class_list":["post-1745","post","type-post","status-publish","format-standard","hentry","category-stiri"],"yoast_head":"<!-- This site is optimized with the Yoast SEO plugin v23.3 - https:\/\/yoast.com\/wordpress\/plugins\/seo\/ -->\n<title>Tradi\u021bii de s\u0103rb\u0103toarea Floriilor! - M\u0103gd\u0103ce\u0219ti<\/title>\n<meta name=\"description\" content=\"Bine ati venit pe pagina oficiala a Primariei Magdacesti.\" \/>\n<meta name=\"robots\" content=\"index, follow, max-snippet:-1, max-image-preview:large, max-video-preview:-1\" \/>\n<link rel=\"canonical\" href=\"https:\/\/magdacesti.md\/?p=1745\" \/>\n<meta property=\"og:locale\" content=\"en_US\" \/>\n<meta property=\"og:type\" content=\"article\" \/>\n<meta property=\"og:title\" content=\"Tradi\u021bii de s\u0103rb\u0103toarea Floriilor! - M\u0103gd\u0103ce\u0219ti\" \/>\n<meta property=\"og:description\" content=\"Bine ati venit pe pagina oficiala a Primariei Magdacesti.\" \/>\n<meta property=\"og:url\" content=\"https:\/\/magdacesti.md\/?p=1745\" \/>\n<meta property=\"og:site_name\" content=\"M\u0103gd\u0103ce\u0219ti\" \/>\n<meta property=\"article:publisher\" content=\"https:\/\/www.facebook.com\/magdacesti.md\/\" \/>\n<meta property=\"article:published_time\" content=\"2017-04-05T09:44:06+00:00\" \/>\n<meta property=\"og:image\" content=\"https:\/\/magdacesti.md\/wp-content\/uploads\/2017\/04\/Poza_Baza_Astrologie2.jpg\" \/>\n<meta name=\"author\" content=\"magdacesti\" \/>\n<meta name=\"twitter:card\" content=\"summary_large_image\" \/>\n<meta name=\"twitter:label1\" content=\"Written by\" \/>\n\t<meta name=\"twitter:data1\" content=\"magdacesti\" \/>\n\t<meta name=\"twitter:label2\" content=\"Est. reading time\" \/>\n\t<meta name=\"twitter:data2\" content=\"2 minutes\" \/>\n<script type=\"application\/ld+json\" class=\"yoast-schema-graph\">{\"@context\":\"https:\/\/schema.org\",\"@graph\":[{\"@type\":\"Article\",\"@id\":\"https:\/\/magdacesti.md\/?p=1745#article\",\"isPartOf\":{\"@id\":\"https:\/\/magdacesti.md\/?p=1745\"},\"author\":{\"name\":\"magdacesti\",\"@id\":\"https:\/\/magdacesti.md\/#\/schema\/person\/ee6a6d0a5f0b0cb676ac992c8e414842\"},\"headline\":\"Tradi\u021bii de s\u0103rb\u0103toarea Floriilor!\",\"datePublished\":\"2017-04-05T09:44:06+00:00\",\"dateModified\":\"2017-04-05T09:44:06+00:00\",\"mainEntityOfPage\":{\"@id\":\"https:\/\/magdacesti.md\/?p=1745\"},\"wordCount\":411,\"publisher\":{\"@id\":\"https:\/\/magdacesti.md\/#organization\"},\"image\":{\"@id\":\"https:\/\/magdacesti.md\/?p=1745#primaryimage\"},\"thumbnailUrl\":\"https:\/\/magdacesti.md\/wp-content\/uploads\/2017\/04\/Poza_Baza_Astrologie2.jpg\",\"articleSection\":[\"Stiri\"],\"inLanguage\":\"en-US\"},{\"@type\":\"WebPage\",\"@id\":\"https:\/\/magdacesti.md\/?p=1745\",\"url\":\"https:\/\/magdacesti.md\/?p=1745\",\"name\":\"Tradi\u021bii de s\u0103rb\u0103toarea Floriilor! - M\u0103gd\u0103ce\u0219ti\",\"isPartOf\":{\"@id\":\"https:\/\/magdacesti.md\/#website\"},\"primaryImageOfPage\":{\"@id\":\"https:\/\/magdacesti.md\/?p=1745#primaryimage\"},\"image\":{\"@id\":\"https:\/\/magdacesti.md\/?p=1745#primaryimage\"},\"thumbnailUrl\":\"https:\/\/magdacesti.md\/wp-content\/uploads\/2017\/04\/Poza_Baza_Astrologie2.jpg\",\"datePublished\":\"2017-04-05T09:44:06+00:00\",\"dateModified\":\"2017-04-05T09:44:06+00:00\",\"description\":\"Bine ati venit pe pagina oficiala a Primariei Magdacesti.\",\"breadcrumb\":{\"@id\":\"https:\/\/magdacesti.md\/?p=1745#breadcrumb\"},\"inLanguage\":\"en-US\",\"potentialAction\":[{\"@type\":\"ReadAction\",\"target\":[\"https:\/\/magdacesti.md\/?p=1745\"]}]},{\"@type\":\"ImageObject\",\"inLanguage\":\"en-US\",\"@id\":\"https:\/\/magdacesti.md\/?p=1745#primaryimage\",\"url\":\"https:\/\/magdacesti.md\/wp-content\/uploads\/2017\/04\/Poza_Baza_Astrologie2.jpg\",\"contentUrl\":\"https:\/\/magdacesti.md\/wp-content\/uploads\/2017\/04\/Poza_Baza_Astrologie2.jpg\"},{\"@type\":\"BreadcrumbList\",\"@id\":\"https:\/\/magdacesti.md\/?p=1745#breadcrumb\",\"itemListElement\":[{\"@type\":\"ListItem\",\"position\":1,\"name\":\"Home\",\"item\":\"https:\/\/magdacesti.md\/\"},{\"@type\":\"ListItem\",\"position\":2,\"name\":\"Tradi\u021bii de s\u0103rb\u0103toarea Floriilor!\"}]},{\"@type\":\"WebSite\",\"@id\":\"https:\/\/magdacesti.md\/#website\",\"url\":\"https:\/\/magdacesti.md\/\",\"name\":\"M\u0103gd\u0103ce\u0219ti\",\"description\":\"Un or\u0103\u0219el cu condi\u021bii decente de trai!\",\"publisher\":{\"@id\":\"https:\/\/magdacesti.md\/#organization\"},\"potentialAction\":[{\"@type\":\"SearchAction\",\"target\":{\"@type\":\"EntryPoint\",\"urlTemplate\":\"https:\/\/magdacesti.md\/?s={search_term_string}\"},\"query-input\":\"required name=search_term_string\"}],\"inLanguage\":\"en-US\"},{\"@type\":\"Organization\",\"@id\":\"https:\/\/magdacesti.md\/#organization\",\"name\":\"M\u0103gd\u0103ce\u0219ti\",\"url\":\"https:\/\/magdacesti.md\/\",\"logo\":{\"@type\":\"ImageObject\",\"inLanguage\":\"en-US\",\"@id\":\"https:\/\/magdacesti.md\/#\/schema\/logo\/image\/\",\"url\":\"https:\/\/magdacesti.md\/wp-content\/uploads\/2021\/03\/Foto-514-scaled.jpg\",\"contentUrl\":\"https:\/\/magdacesti.md\/wp-content\/uploads\/2021\/03\/Foto-514-scaled.jpg\",\"width\":2560,\"height\":1707,\"caption\":\"M\u0103gd\u0103ce\u0219ti\"},\"image\":{\"@id\":\"https:\/\/magdacesti.md\/#\/schema\/logo\/image\/\"},\"sameAs\":[\"https:\/\/www.facebook.com\/magdacesti.md\/\"]},{\"@type\":\"Person\",\"@id\":\"https:\/\/magdacesti.md\/#\/schema\/person\/ee6a6d0a5f0b0cb676ac992c8e414842\",\"name\":\"magdacesti\",\"sameAs\":[\"https:\/\/magdacesti.md\"],\"url\":\"https:\/\/magdacesti.md\/?author=1\"}]}<\/script>\n<!-- \/ Yoast SEO plugin. -->","yoast_head_json":{"title":"Tradi\u021bii de s\u0103rb\u0103toarea Floriilor! - M\u0103gd\u0103ce\u0219ti","description":"Bine ati venit pe pagina oficiala a Primariei Magdacesti.","robots":{"index":"index","follow":"follow","max-snippet":"max-snippet:-1","max-image-preview":"max-image-preview:large","max-video-preview":"max-video-preview:-1"},"canonical":"https:\/\/magdacesti.md\/?p=1745","og_locale":"en_US","og_type":"article","og_title":"Tradi\u021bii de s\u0103rb\u0103toarea Floriilor! - M\u0103gd\u0103ce\u0219ti","og_description":"Bine ati venit pe pagina oficiala a Primariei Magdacesti.","og_url":"https:\/\/magdacesti.md\/?p=1745","og_site_name":"M\u0103gd\u0103ce\u0219ti","article_publisher":"https:\/\/www.facebook.com\/magdacesti.md\/","article_published_time":"2017-04-05T09:44:06+00:00","og_image":[{"url":"https:\/\/magdacesti.md\/wp-content\/uploads\/2017\/04\/Poza_Baza_Astrologie2.jpg"}],"author":"magdacesti","twitter_card":"summary_large_image","twitter_misc":{"Written by":"magdacesti","Est. reading time":"2 minutes"},"schema":{"@context":"https:\/\/schema.org","@graph":[{"@type":"Article","@id":"https:\/\/magdacesti.md\/?p=1745#article","isPartOf":{"@id":"https:\/\/magdacesti.md\/?p=1745"},"author":{"name":"magdacesti","@id":"https:\/\/magdacesti.md\/#\/schema\/person\/ee6a6d0a5f0b0cb676ac992c8e414842"},"headline":"Tradi\u021bii de s\u0103rb\u0103toarea Floriilor!","datePublished":"2017-04-05T09:44:06+00:00","dateModified":"2017-04-05T09:44:06+00:00","mainEntityOfPage":{"@id":"https:\/\/magdacesti.md\/?p=1745"},"wordCount":411,"publisher":{"@id":"https:\/\/magdacesti.md\/#organization"},"image":{"@id":"https:\/\/magdacesti.md\/?p=1745#primaryimage"},"thumbnailUrl":"https:\/\/magdacesti.md\/wp-content\/uploads\/2017\/04\/Poza_Baza_Astrologie2.jpg","articleSection":["Stiri"],"inLanguage":"en-US"},{"@type":"WebPage","@id":"https:\/\/magdacesti.md\/?p=1745","url":"https:\/\/magdacesti.md\/?p=1745","name":"Tradi\u021bii de s\u0103rb\u0103toarea Floriilor! - M\u0103gd\u0103ce\u0219ti","isPartOf":{"@id":"https:\/\/magdacesti.md\/#website"},"primaryImageOfPage":{"@id":"https:\/\/magdacesti.md\/?p=1745#primaryimage"},"image":{"@id":"https:\/\/magdacesti.md\/?p=1745#primaryimage"},"thumbnailUrl":"https:\/\/magdacesti.md\/wp-content\/uploads\/2017\/04\/Poza_Baza_Astrologie2.jpg","datePublished":"2017-04-05T09:44:06+00:00","dateModified":"2017-04-05T09:44:06+00:00","description":"Bine ati venit pe pagina oficiala a Primariei Magdacesti.","breadcrumb":{"@id":"https:\/\/magdacesti.md\/?p=1745#breadcrumb"},"inLanguage":"en-US","potentialAction":[{"@type":"ReadAction","target":["https:\/\/magdacesti.md\/?p=1745"]}]},{"@type":"ImageObject","inLanguage":"en-US","@id":"https:\/\/magdacesti.md\/?p=1745#primaryimage","url":"https:\/\/magdacesti.md\/wp-content\/uploads\/2017\/04\/Poza_Baza_Astrologie2.jpg","contentUrl":"https:\/\/magdacesti.md\/wp-content\/uploads\/2017\/04\/Poza_Baza_Astrologie2.jpg"},{"@type":"BreadcrumbList","@id":"https:\/\/magdacesti.md\/?p=1745#breadcrumb","itemListElement":[{"@type":"ListItem","position":1,"name":"Home","item":"https:\/\/magdacesti.md\/"},{"@type":"ListItem","position":2,"name":"Tradi\u021bii de s\u0103rb\u0103toarea Floriilor!"}]},{"@type":"WebSite","@id":"https:\/\/magdacesti.md\/#website","url":"https:\/\/magdacesti.md\/","name":"M\u0103gd\u0103ce\u0219ti","description":"Un or\u0103\u0219el cu condi\u021bii decente de trai!","publisher":{"@id":"https:\/\/magdacesti.md\/#organization"},"potentialAction":[{"@type":"SearchAction","target":{"@type":"EntryPoint","urlTemplate":"https:\/\/magdacesti.md\/?s={search_term_string}"},"query-input":"required name=search_term_string"}],"inLanguage":"en-US"},{"@type":"Organization","@id":"https:\/\/magdacesti.md\/#organization","name":"M\u0103gd\u0103ce\u0219ti","url":"https:\/\/magdacesti.md\/","logo":{"@type":"ImageObject","inLanguage":"en-US","@id":"https:\/\/magdacesti.md\/#\/schema\/logo\/image\/","url":"https:\/\/magdacesti.md\/wp-content\/uploads\/2021\/03\/Foto-514-scaled.jpg","contentUrl":"https:\/\/magdacesti.md\/wp-content\/uploads\/2021\/03\/Foto-514-scaled.jpg","width":2560,"height":1707,"caption":"M\u0103gd\u0103ce\u0219ti"},"image":{"@id":"https:\/\/magdacesti.md\/#\/schema\/logo\/image\/"},"sameAs":["https:\/\/www.facebook.com\/magdacesti.md\/"]},{"@type":"Person","@id":"https:\/\/magdacesti.md\/#\/schema\/person\/ee6a6d0a5f0b0cb676ac992c8e414842","name":"magdacesti","sameAs":["https:\/\/magdacesti.md"],"url":"https:\/\/magdacesti.md\/?author=1"}]}},"_links":{"self":[{"href":"https:\/\/magdacesti.md\/index.php?rest_route=\/wp\/v2\/posts\/1745","targetHints":{"allow":["GET"]}}],"collection":[{"href":"https:\/\/magdacesti.md\/index.php?rest_route=\/wp\/v2\/posts"}],"about":[{"href":"https:\/\/magdacesti.md\/index.php?rest_route=\/wp\/v2\/types\/post"}],"author":[{"embeddable":true,"href":"https:\/\/magdacesti.md\/index.php?rest_route=\/wp\/v2\/users\/1"}],"replies":[{"embeddable":true,"href":"https:\/\/magdacesti.md\/index.php?rest_route=%2Fwp%2Fv2%2Fcomments&post=1745"}],"version-history":[{"count":0,"href":"https:\/\/magdacesti.md\/index.php?rest_route=\/wp\/v2\/posts\/1745\/revisions"}],"wp:attachment":[{"href":"https:\/\/magdacesti.md\/index.php?rest_route=%2Fwp%2Fv2%2Fmedia&parent=1745"}],"wp:term":[{"taxonomy":"category","embeddable":true,"href":"https:\/\/magdacesti.md\/index.php?rest_route=%2Fwp%2Fv2%2Fcategories&post=1745"},{"taxonomy":"post_tag","embeddable":true,"href":"https:\/\/magdacesti.md\/index.php?rest_route=%2Fwp%2Fv2%2Ftags&post=1745"}],"curies":[{"name":"wp","href":"https:\/\/api.w.org\/{rel}","templated":true}]}}