{"id":1752,"date":"2017-04-07T11:23:17","date_gmt":"2017-04-07T08:23:17","guid":{"rendered":"https:\/\/magdacesti.md\/?p=1752"},"modified":"2017-04-07T11:23:17","modified_gmt":"2017-04-07T08:23:17","slug":"7-aprilie-ziua-mondiala-a-sanatatii","status":"publish","type":"post","link":"https:\/\/magdacesti.md\/?p=1752","title":{"rendered":"7 aprilie- Ziua Mondial\u0103 a S\u0103n\u0103t\u0103\u021bii"},"content":{"rendered":"<p>Ast\u0103zi, 7 aprilie, \u00een \u00eentreaga lume este marcat\u0103 Ziua Mondial\u0103 a S\u0103n\u0103t\u0103\u021bii. Tema aleas\u0103 anul acesta este<strong> depresia<\/strong>, boala care afecteaz\u0103 peste 300 de milioane de persoane la nivel mondial. \u00cen R. Moldova, fiecare a zecea persoan\u0103 sufer\u0103 de depresie. Conform evalu\u0103rii medicilor-psihologi, p\u00e2n\u0103 \u00een 2020, depresia va fi cea mai frecvent\u0103 boal\u0103 din lumea dezvoltat\u0103, tot ea fiind \u015fi a doua cauz\u0103 a handicapului.<\/p>\n<p><img loading=\"lazy\" decoding=\"async\" class=\"aligncenter\" src=\"https:\/\/magdacesti.md\/wp-content\/uploads\/2017\/04\/depresie111.jpg\" alt=\"\" width=\"695\" height=\"393\" \/><\/p>\n<p>&nbsp;<\/p>\n<p>Depresia este o boal\u0103 care afecteaz\u0103 oameni de toate v\u00e2rstele \u0219i din toat<span class=\"text_exposed_show\">e categoriile socio-profesionale. Aceasta provoac\u0103 suferin\u021b\u0103 mental\u0103 \u0219i afecteaz\u0103 capacitatea oamenilor de a efectua chiar \u0219i cele mai simple sarcini de zi cu zi, uneori cu consecin\u021be devastatoare asupra rela\u021biilor cu familia \u0219i prietenii. \u00cen timp ce 5,1% dintre femei \u0219i 3,6% dintre b\u0103rba\u021bi sunt depresivi \u00een medie, ratele \u00een r\u00e2ndul persoanelor \u00een v\u00e2rst\u0103 cresc la peste 7,5% pentru femei \u0219i 5,5% pentru b\u0103rba\u021bi. Din nefericire, depresia cre\u0219te riscul tulbur\u0103rilor de anxietate, al consumului de medicamente sau alte substan\u021be, dar \u0219i al unor boli precum diabet \u0219i boli de inim\u0103.Din fericire, depresia poate fi tratat\u0103, iar un prim pas \u00eel reprezint\u0103 recunoa\u0219terea bolii. De\u0219i este foarte frecvent\u0103 \u0219i poate afecta pe oricine, \u00een orice etap\u0103 a vie\u021bii, oamenii vorbesc cu mare greutate despre aceast\u0103 boal\u0103. De aceea, este foarte important s\u0103 reu\u0219im s\u0103 comunic\u0103m atunci c\u00e2nd apare depresia sau s\u0103 comunic\u0103m cu cei care au o astfel de suferin\u021b\u0103.<\/span><\/p>\n<div class=\"text_exposed_show\">\n<p>Ave\u021bi grij\u0103 de s\u0103n\u0103tatea dumneavoastr\u0103!<\/p>\n<\/div>\n<p>&nbsp;<\/p>\n<p>&nbsp;<\/p>\n<p>&nbsp;<\/p>\n","protected":false},"excerpt":{"rendered":"<p>Ast\u0103zi, 7 aprilie, \u00een \u00eentreaga lume este marcat\u0103 Ziua Mondial\u0103 a S\u0103n\u0103t\u0103\u021bii. Tema aleas\u0103 anul acesta este depresia, boala care afecteaz\u0103 peste 300 de milioane de persoane la nivel mondial. \u00cen R. Moldova, fiecare a zecea persoan\u0103 sufer\u0103 de depresie. Conform evalu\u0103rii medicilor-psihologi, p\u00e2n\u0103 \u00een 2020, depresia va fi cea mai frecvent\u0103 boal\u0103 din lumea [&#8230;]\n","protected":false},"author":1,"featured_media":0,"comment_status":"closed","ping_status":"closed","sticky":false,"template":"","format":"standard","meta":{"ngg_post_thumbnail":0,"footnotes":""},"categories":[4],"tags":[],"class_list":["post-1752","post","type-post","status-publish","format-standard","hentry","category-stiri"],"yoast_head":"<!-- This site is optimized with the Yoast SEO plugin v23.3 - https:\/\/yoast.com\/wordpress\/plugins\/seo\/ -->\n<title>7 aprilie- Ziua Mondial\u0103 a S\u0103n\u0103t\u0103\u021bii - M\u0103gd\u0103ce\u0219ti<\/title>\n<meta name=\"description\" content=\"Bine ati venit pe pagina oficiala a Primariei Magdacesti.\" \/>\n<meta name=\"robots\" content=\"index, follow, max-snippet:-1, max-image-preview:large, max-video-preview:-1\" \/>\n<link rel=\"canonical\" href=\"https:\/\/magdacesti.md\/?p=1752\" \/>\n<meta property=\"og:locale\" content=\"en_US\" \/>\n<meta property=\"og:type\" content=\"article\" \/>\n<meta property=\"og:title\" content=\"7 aprilie- Ziua Mondial\u0103 a S\u0103n\u0103t\u0103\u021bii - M\u0103gd\u0103ce\u0219ti\" \/>\n<meta property=\"og:description\" content=\"Bine ati venit pe pagina oficiala a Primariei Magdacesti.\" \/>\n<meta property=\"og:url\" content=\"https:\/\/magdacesti.md\/?p=1752\" \/>\n<meta property=\"og:site_name\" content=\"M\u0103gd\u0103ce\u0219ti\" \/>\n<meta property=\"article:publisher\" content=\"https:\/\/www.facebook.com\/magdacesti.md\/\" \/>\n<meta property=\"article:published_time\" content=\"2017-04-07T08:23:17+00:00\" \/>\n<meta property=\"og:image\" content=\"https:\/\/magdacesti.md\/wp-content\/uploads\/2017\/04\/depresie111.jpg\" \/>\n<meta name=\"author\" content=\"magdacesti\" \/>\n<meta name=\"twitter:card\" content=\"summary_large_image\" \/>\n<meta name=\"twitter:label1\" content=\"Written by\" \/>\n\t<meta name=\"twitter:data1\" content=\"magdacesti\" \/>\n\t<meta name=\"twitter:label2\" content=\"Est. reading time\" \/>\n\t<meta name=\"twitter:data2\" content=\"1 minute\" \/>\n<script type=\"application\/ld+json\" class=\"yoast-schema-graph\">{\"@context\":\"https:\/\/schema.org\",\"@graph\":[{\"@type\":\"Article\",\"@id\":\"https:\/\/magdacesti.md\/?p=1752#article\",\"isPartOf\":{\"@id\":\"https:\/\/magdacesti.md\/?p=1752\"},\"author\":{\"name\":\"magdacesti\",\"@id\":\"https:\/\/magdacesti.md\/#\/schema\/person\/ee6a6d0a5f0b0cb676ac992c8e414842\"},\"headline\":\"7 aprilie- Ziua Mondial\u0103 a S\u0103n\u0103t\u0103\u021bii\",\"datePublished\":\"2017-04-07T08:23:17+00:00\",\"dateModified\":\"2017-04-07T08:23:17+00:00\",\"mainEntityOfPage\":{\"@id\":\"https:\/\/magdacesti.md\/?p=1752\"},\"wordCount\":265,\"publisher\":{\"@id\":\"https:\/\/magdacesti.md\/#organization\"},\"image\":{\"@id\":\"https:\/\/magdacesti.md\/?p=1752#primaryimage\"},\"thumbnailUrl\":\"https:\/\/magdacesti.md\/wp-content\/uploads\/2017\/04\/depresie111.jpg\",\"articleSection\":[\"Stiri\"],\"inLanguage\":\"en-US\"},{\"@type\":\"WebPage\",\"@id\":\"https:\/\/magdacesti.md\/?p=1752\",\"url\":\"https:\/\/magdacesti.md\/?p=1752\",\"name\":\"7 aprilie- Ziua Mondial\u0103 a S\u0103n\u0103t\u0103\u021bii - M\u0103gd\u0103ce\u0219ti\",\"isPartOf\":{\"@id\":\"https:\/\/magdacesti.md\/#website\"},\"primaryImageOfPage\":{\"@id\":\"https:\/\/magdacesti.md\/?p=1752#primaryimage\"},\"image\":{\"@id\":\"https:\/\/magdacesti.md\/?p=1752#primaryimage\"},\"thumbnailUrl\":\"https:\/\/magdacesti.md\/wp-content\/uploads\/2017\/04\/depresie111.jpg\",\"datePublished\":\"2017-04-07T08:23:17+00:00\",\"dateModified\":\"2017-04-07T08:23:17+00:00\",\"description\":\"Bine ati venit pe pagina oficiala a Primariei Magdacesti.\",\"breadcrumb\":{\"@id\":\"https:\/\/magdacesti.md\/?p=1752#breadcrumb\"},\"inLanguage\":\"en-US\",\"potentialAction\":[{\"@type\":\"ReadAction\",\"target\":[\"https:\/\/magdacesti.md\/?p=1752\"]}]},{\"@type\":\"ImageObject\",\"inLanguage\":\"en-US\",\"@id\":\"https:\/\/magdacesti.md\/?p=1752#primaryimage\",\"url\":\"https:\/\/magdacesti.md\/wp-content\/uploads\/2017\/04\/depresie111.jpg\",\"contentUrl\":\"https:\/\/magdacesti.md\/wp-content\/uploads\/2017\/04\/depresie111.jpg\"},{\"@type\":\"BreadcrumbList\",\"@id\":\"https:\/\/magdacesti.md\/?p=1752#breadcrumb\",\"itemListElement\":[{\"@type\":\"ListItem\",\"position\":1,\"name\":\"Home\",\"item\":\"https:\/\/magdacesti.md\/\"},{\"@type\":\"ListItem\",\"position\":2,\"name\":\"7 aprilie- Ziua Mondial\u0103 a S\u0103n\u0103t\u0103\u021bii\"}]},{\"@type\":\"WebSite\",\"@id\":\"https:\/\/magdacesti.md\/#website\",\"url\":\"https:\/\/magdacesti.md\/\",\"name\":\"M\u0103gd\u0103ce\u0219ti\",\"description\":\"Un or\u0103\u0219el cu condi\u021bii decente de trai!\",\"publisher\":{\"@id\":\"https:\/\/magdacesti.md\/#organization\"},\"potentialAction\":[{\"@type\":\"SearchAction\",\"target\":{\"@type\":\"EntryPoint\",\"urlTemplate\":\"https:\/\/magdacesti.md\/?s={search_term_string}\"},\"query-input\":\"required name=search_term_string\"}],\"inLanguage\":\"en-US\"},{\"@type\":\"Organization\",\"@id\":\"https:\/\/magdacesti.md\/#organization\",\"name\":\"M\u0103gd\u0103ce\u0219ti\",\"url\":\"https:\/\/magdacesti.md\/\",\"logo\":{\"@type\":\"ImageObject\",\"inLanguage\":\"en-US\",\"@id\":\"https:\/\/magdacesti.md\/#\/schema\/logo\/image\/\",\"url\":\"https:\/\/magdacesti.md\/wp-content\/uploads\/2021\/03\/Foto-514-scaled.jpg\",\"contentUrl\":\"https:\/\/magdacesti.md\/wp-content\/uploads\/2021\/03\/Foto-514-scaled.jpg\",\"width\":2560,\"height\":1707,\"caption\":\"M\u0103gd\u0103ce\u0219ti\"},\"image\":{\"@id\":\"https:\/\/magdacesti.md\/#\/schema\/logo\/image\/\"},\"sameAs\":[\"https:\/\/www.facebook.com\/magdacesti.md\/\"]},{\"@type\":\"Person\",\"@id\":\"https:\/\/magdacesti.md\/#\/schema\/person\/ee6a6d0a5f0b0cb676ac992c8e414842\",\"name\":\"magdacesti\",\"sameAs\":[\"https:\/\/magdacesti.md\"],\"url\":\"https:\/\/magdacesti.md\/?author=1\"}]}<\/script>\n<!-- \/ Yoast SEO plugin. -->","yoast_head_json":{"title":"7 aprilie- Ziua Mondial\u0103 a S\u0103n\u0103t\u0103\u021bii - M\u0103gd\u0103ce\u0219ti","description":"Bine ati venit pe pagina oficiala a Primariei Magdacesti.","robots":{"index":"index","follow":"follow","max-snippet":"max-snippet:-1","max-image-preview":"max-image-preview:large","max-video-preview":"max-video-preview:-1"},"canonical":"https:\/\/magdacesti.md\/?p=1752","og_locale":"en_US","og_type":"article","og_title":"7 aprilie- Ziua Mondial\u0103 a S\u0103n\u0103t\u0103\u021bii - M\u0103gd\u0103ce\u0219ti","og_description":"Bine ati venit pe pagina oficiala a Primariei Magdacesti.","og_url":"https:\/\/magdacesti.md\/?p=1752","og_site_name":"M\u0103gd\u0103ce\u0219ti","article_publisher":"https:\/\/www.facebook.com\/magdacesti.md\/","article_published_time":"2017-04-07T08:23:17+00:00","og_image":[{"url":"https:\/\/magdacesti.md\/wp-content\/uploads\/2017\/04\/depresie111.jpg"}],"author":"magdacesti","twitter_card":"summary_large_image","twitter_misc":{"Written by":"magdacesti","Est. reading time":"1 minute"},"schema":{"@context":"https:\/\/schema.org","@graph":[{"@type":"Article","@id":"https:\/\/magdacesti.md\/?p=1752#article","isPartOf":{"@id":"https:\/\/magdacesti.md\/?p=1752"},"author":{"name":"magdacesti","@id":"https:\/\/magdacesti.md\/#\/schema\/person\/ee6a6d0a5f0b0cb676ac992c8e414842"},"headline":"7 aprilie- Ziua Mondial\u0103 a S\u0103n\u0103t\u0103\u021bii","datePublished":"2017-04-07T08:23:17+00:00","dateModified":"2017-04-07T08:23:17+00:00","mainEntityOfPage":{"@id":"https:\/\/magdacesti.md\/?p=1752"},"wordCount":265,"publisher":{"@id":"https:\/\/magdacesti.md\/#organization"},"image":{"@id":"https:\/\/magdacesti.md\/?p=1752#primaryimage"},"thumbnailUrl":"https:\/\/magdacesti.md\/wp-content\/uploads\/2017\/04\/depresie111.jpg","articleSection":["Stiri"],"inLanguage":"en-US"},{"@type":"WebPage","@id":"https:\/\/magdacesti.md\/?p=1752","url":"https:\/\/magdacesti.md\/?p=1752","name":"7 aprilie- Ziua Mondial\u0103 a S\u0103n\u0103t\u0103\u021bii - M\u0103gd\u0103ce\u0219ti","isPartOf":{"@id":"https:\/\/magdacesti.md\/#website"},"primaryImageOfPage":{"@id":"https:\/\/magdacesti.md\/?p=1752#primaryimage"},"image":{"@id":"https:\/\/magdacesti.md\/?p=1752#primaryimage"},"thumbnailUrl":"https:\/\/magdacesti.md\/wp-content\/uploads\/2017\/04\/depresie111.jpg","datePublished":"2017-04-07T08:23:17+00:00","dateModified":"2017-04-07T08:23:17+00:00","description":"Bine ati venit pe pagina oficiala a Primariei Magdacesti.","breadcrumb":{"@id":"https:\/\/magdacesti.md\/?p=1752#breadcrumb"},"inLanguage":"en-US","potentialAction":[{"@type":"ReadAction","target":["https:\/\/magdacesti.md\/?p=1752"]}]},{"@type":"ImageObject","inLanguage":"en-US","@id":"https:\/\/magdacesti.md\/?p=1752#primaryimage","url":"https:\/\/magdacesti.md\/wp-content\/uploads\/2017\/04\/depresie111.jpg","contentUrl":"https:\/\/magdacesti.md\/wp-content\/uploads\/2017\/04\/depresie111.jpg"},{"@type":"BreadcrumbList","@id":"https:\/\/magdacesti.md\/?p=1752#breadcrumb","itemListElement":[{"@type":"ListItem","position":1,"name":"Home","item":"https:\/\/magdacesti.md\/"},{"@type":"ListItem","position":2,"name":"7 aprilie- Ziua Mondial\u0103 a S\u0103n\u0103t\u0103\u021bii"}]},{"@type":"WebSite","@id":"https:\/\/magdacesti.md\/#website","url":"https:\/\/magdacesti.md\/","name":"M\u0103gd\u0103ce\u0219ti","description":"Un or\u0103\u0219el cu condi\u021bii decente de trai!","publisher":{"@id":"https:\/\/magdacesti.md\/#organization"},"potentialAction":[{"@type":"SearchAction","target":{"@type":"EntryPoint","urlTemplate":"https:\/\/magdacesti.md\/?s={search_term_string}"},"query-input":"required name=search_term_string"}],"inLanguage":"en-US"},{"@type":"Organization","@id":"https:\/\/magdacesti.md\/#organization","name":"M\u0103gd\u0103ce\u0219ti","url":"https:\/\/magdacesti.md\/","logo":{"@type":"ImageObject","inLanguage":"en-US","@id":"https:\/\/magdacesti.md\/#\/schema\/logo\/image\/","url":"https:\/\/magdacesti.md\/wp-content\/uploads\/2021\/03\/Foto-514-scaled.jpg","contentUrl":"https:\/\/magdacesti.md\/wp-content\/uploads\/2021\/03\/Foto-514-scaled.jpg","width":2560,"height":1707,"caption":"M\u0103gd\u0103ce\u0219ti"},"image":{"@id":"https:\/\/magdacesti.md\/#\/schema\/logo\/image\/"},"sameAs":["https:\/\/www.facebook.com\/magdacesti.md\/"]},{"@type":"Person","@id":"https:\/\/magdacesti.md\/#\/schema\/person\/ee6a6d0a5f0b0cb676ac992c8e414842","name":"magdacesti","sameAs":["https:\/\/magdacesti.md"],"url":"https:\/\/magdacesti.md\/?author=1"}]}},"_links":{"self":[{"href":"https:\/\/magdacesti.md\/index.php?rest_route=\/wp\/v2\/posts\/1752","targetHints":{"allow":["GET"]}}],"collection":[{"href":"https:\/\/magdacesti.md\/index.php?rest_route=\/wp\/v2\/posts"}],"about":[{"href":"https:\/\/magdacesti.md\/index.php?rest_route=\/wp\/v2\/types\/post"}],"author":[{"embeddable":true,"href":"https:\/\/magdacesti.md\/index.php?rest_route=\/wp\/v2\/users\/1"}],"replies":[{"embeddable":true,"href":"https:\/\/magdacesti.md\/index.php?rest_route=%2Fwp%2Fv2%2Fcomments&post=1752"}],"version-history":[{"count":0,"href":"https:\/\/magdacesti.md\/index.php?rest_route=\/wp\/v2\/posts\/1752\/revisions"}],"wp:attachment":[{"href":"https:\/\/magdacesti.md\/index.php?rest_route=%2Fwp%2Fv2%2Fmedia&parent=1752"}],"wp:term":[{"taxonomy":"category","embeddable":true,"href":"https:\/\/magdacesti.md\/index.php?rest_route=%2Fwp%2Fv2%2Fcategories&post=1752"},{"taxonomy":"post_tag","embeddable":true,"href":"https:\/\/magdacesti.md\/index.php?rest_route=%2Fwp%2Fv2%2Ftags&post=1752"}],"curies":[{"name":"wp","href":"https:\/\/api.w.org\/{rel}","templated":true}]}}