{"id":1849,"date":"2017-05-09T14:51:35","date_gmt":"2017-05-09T11:51:35","guid":{"rendered":"https:\/\/magdacesti.md\/?p=1849"},"modified":"2017-05-09T14:51:35","modified_gmt":"2017-05-09T11:51:35","slug":"9-mai-ziua-europei-si-a-victoriei-coalitiei-natiunilor-unite-in-cel-de-al-doilea-razboi-mondial","status":"publish","type":"post","link":"https:\/\/magdacesti.md\/?p=1849","title":{"rendered":"9 mai &#8211; Ziua Europei \u0219i a Victoriei Coali\u021biei Na\u021biunilor Unite \u00een cel de-al doilea R\u0103zboi Mondial."},"content":{"rendered":"<p>La data de 9 mai, Ziua Europei \u0219i Ziua Victoriei Coali\u021biei Na\u021biunilor Unite \u00een cel de-al doilea R\u0103zboi Mondial 1945 &#8211; sunt motive de s\u0103rb\u0103toare pentru \u021bara noastr\u0103. Cu trecerea fiec\u0103rui an, tot mai pu\u021bini r\u0103m\u00e2n cei, pentru care r\u0103zboiul r\u0103m\u00e2ne a fi o amintire dureroas\u0103, iar sunetul gloan\u021belor, spun ei, parc\u0103 le aud \u0219i ast\u0103zi. Trecut de 91 de ani, Ion Efros din s. M\u0103gd\u0103ce\u0219ti este unic<span class=\"text_exposed_show\">ul veteran r\u0103mas \u00een via\u021b\u0103, din localitatea noastr\u0103, care a gustat din amarul r\u0103zboiului.<br \/>\n<\/span><\/p>\n<p>&nbsp;<\/p>\n<p><img loading=\"lazy\" decoding=\"async\" class=\"aligncenter\" src=\"https:\/\/magdacesti.md\/wp-content\/uploads\/2017\/05\/18015905_1436605369736328_337976083_o-1.jpg\" alt=\"\" width=\"723\" height=\"406\" \/><\/p>\n<p><span class=\"text_exposed_show\">Administra\u021bia public\u0103 local\u0103 vine \u00een fiecare an cu ajutoare materiale pentru sus\u021binerea veteranului. Primarul, Liuba Cojocaru i-a p\u0103\u0219it pragul \u0219i \u00een acest an. V\u0103dit emo\u021bionat, cu ochii \u00eenl\u0103crima\u021bi, veteranul a a\u0219teptat-o cu poarta deschis\u0103.<br \/>\nPrimara l-a felicitat \u0219i i-a adus \u00een dar un co\u0219 cu merinde \u0219i un ajutor b\u0103nesc.\u00a0 <\/span><\/p>\n<p><span class=\"text_exposed_show\">Ast\u0103zi, \u00eenconjurat de copii, nepo\u021bi \u0219i str\u0103- str\u0103nepo\u021bi, \u00een familia lui mo\u0219 Ion este mare s\u0103rb\u0103toare.<br \/>\n<\/span><\/p>\n<p><img loading=\"lazy\" decoding=\"async\" class=\"aligncenter\" src=\"https:\/\/magdacesti.md\/wp-content\/uploads\/2017\/05\/18406244_1436601216403410_1537307320_o-1.jpg\" alt=\"\" width=\"720\" height=\"404\" \/><\/p>\n<p><img loading=\"lazy\" decoding=\"async\" class=\"aligncenter\" src=\"https:\/\/magdacesti.md\/wp-content\/uploads\/2017\/05\/18379178_1436601046403427_449301200_o-1.jpg\" alt=\"\" width=\"720\" height=\"481\" \/><\/p>\n<p><img loading=\"lazy\" decoding=\"async\" class=\"aligncenter\" src=\"https:\/\/magdacesti.md\/wp-content\/uploads\/2017\/05\/18379148_1436601079736757_1460545868_o-1.jpg\" alt=\"\" width=\"720\" height=\"481\" \/><\/p>\n<p><img loading=\"lazy\" decoding=\"async\" class=\"aligncenter\" src=\"https:\/\/magdacesti.md\/wp-content\/uploads\/2017\/05\/18405609_1436605399736325_1521886932_o-1.jpg\" alt=\"\" width=\"720\" height=\"404\" \/><\/p>\n<p><img loading=\"lazy\" decoding=\"async\" class=\"aligncenter\" src=\"https:\/\/magdacesti.md\/wp-content\/uploads\/2017\/05\/18405323_1436605403069658_1716819052_o-1.jpg\" alt=\"\" width=\"720\" height=\"404\" \/><\/p>\n<p><img loading=\"lazy\" decoding=\"async\" class=\"aligncenter\" src=\"https:\/\/magdacesti.md\/wp-content\/uploads\/2017\/05\/18379445_1436605573069641_865767823_o-1.jpg\" alt=\"\" width=\"720\" height=\"404\" \/><\/p>\n<p><img loading=\"lazy\" decoding=\"async\" class=\"aligncenter\" src=\"https:\/\/magdacesti.md\/wp-content\/uploads\/2017\/05\/18379110_1436605363069662_917574359_o-1.jpg\" alt=\"\" width=\"720\" height=\"404\" \/><\/p>\n<p>&nbsp;<\/p>\n<p>&nbsp;<\/p>\n<p>&nbsp;<\/p>\n<p>&nbsp;<\/p>\n<p>&nbsp;<\/p>\n<p>&nbsp;<\/p>\n","protected":false},"excerpt":{"rendered":"<p>La data de 9 mai, Ziua Europei \u0219i Ziua Victoriei Coali\u021biei Na\u021biunilor Unite \u00een cel de-al doilea R\u0103zboi Mondial 1945 &#8211; sunt motive de s\u0103rb\u0103toare pentru \u021bara noastr\u0103. Cu trecerea fiec\u0103rui an, tot mai pu\u021bini r\u0103m\u00e2n cei, pentru care r\u0103zboiul r\u0103m\u00e2ne a fi o amintire dureroas\u0103, iar sunetul gloan\u021belor, spun ei, parc\u0103 le aud \u0219i [&#8230;]\n","protected":false},"author":1,"featured_media":0,"comment_status":"closed","ping_status":"closed","sticky":false,"template":"","format":"standard","meta":{"ngg_post_thumbnail":0,"footnotes":""},"categories":[4],"tags":[],"class_list":["post-1849","post","type-post","status-publish","format-standard","hentry","category-stiri"],"yoast_head":"<!-- This site is optimized with the Yoast SEO plugin v23.3 - https:\/\/yoast.com\/wordpress\/plugins\/seo\/ -->\n<title>9 mai - Ziua Europei \u0219i a Victoriei Coali\u021biei Na\u021biunilor Unite \u00een cel de-al doilea R\u0103zboi Mondial. - M\u0103gd\u0103ce\u0219ti<\/title>\n<meta name=\"description\" content=\"Bine ati venit pe pagina oficiala a Primariei Magdacesti.\" \/>\n<meta name=\"robots\" content=\"index, follow, max-snippet:-1, max-image-preview:large, max-video-preview:-1\" \/>\n<link rel=\"canonical\" href=\"https:\/\/magdacesti.md\/?p=1849\" \/>\n<meta property=\"og:locale\" content=\"en_US\" \/>\n<meta property=\"og:type\" content=\"article\" \/>\n<meta property=\"og:title\" content=\"9 mai - Ziua Europei \u0219i a Victoriei Coali\u021biei Na\u021biunilor Unite \u00een cel de-al doilea R\u0103zboi Mondial. - M\u0103gd\u0103ce\u0219ti\" \/>\n<meta property=\"og:description\" content=\"Bine ati venit pe pagina oficiala a Primariei Magdacesti.\" \/>\n<meta property=\"og:url\" content=\"https:\/\/magdacesti.md\/?p=1849\" \/>\n<meta property=\"og:site_name\" content=\"M\u0103gd\u0103ce\u0219ti\" \/>\n<meta property=\"article:publisher\" content=\"https:\/\/www.facebook.com\/magdacesti.md\/\" \/>\n<meta property=\"article:published_time\" content=\"2017-05-09T11:51:35+00:00\" \/>\n<meta property=\"og:image\" content=\"https:\/\/magdacesti.md\/wp-content\/uploads\/2017\/05\/18015905_1436605369736328_337976083_o-1.jpg\" \/>\n<meta name=\"author\" content=\"magdacesti\" \/>\n<meta name=\"twitter:card\" content=\"summary_large_image\" \/>\n<meta name=\"twitter:label1\" content=\"Written by\" \/>\n\t<meta name=\"twitter:data1\" content=\"magdacesti\" \/>\n\t<meta name=\"twitter:label2\" content=\"Est. reading time\" \/>\n\t<meta name=\"twitter:data2\" content=\"1 minute\" \/>\n<script type=\"application\/ld+json\" class=\"yoast-schema-graph\">{\"@context\":\"https:\/\/schema.org\",\"@graph\":[{\"@type\":\"Article\",\"@id\":\"https:\/\/magdacesti.md\/?p=1849#article\",\"isPartOf\":{\"@id\":\"https:\/\/magdacesti.md\/?p=1849\"},\"author\":{\"name\":\"magdacesti\",\"@id\":\"https:\/\/magdacesti.md\/#\/schema\/person\/ee6a6d0a5f0b0cb676ac992c8e414842\"},\"headline\":\"9 mai &#8211; Ziua Europei \u0219i a Victoriei Coali\u021biei Na\u021biunilor Unite \u00een cel de-al doilea R\u0103zboi Mondial.\",\"datePublished\":\"2017-05-09T11:51:35+00:00\",\"dateModified\":\"2017-05-09T11:51:35+00:00\",\"mainEntityOfPage\":{\"@id\":\"https:\/\/magdacesti.md\/?p=1849\"},\"wordCount\":205,\"publisher\":{\"@id\":\"https:\/\/magdacesti.md\/#organization\"},\"image\":{\"@id\":\"https:\/\/magdacesti.md\/?p=1849#primaryimage\"},\"thumbnailUrl\":\"https:\/\/magdacesti.md\/wp-content\/uploads\/2017\/05\/18015905_1436605369736328_337976083_o-1.jpg\",\"articleSection\":[\"Stiri\"],\"inLanguage\":\"en-US\"},{\"@type\":\"WebPage\",\"@id\":\"https:\/\/magdacesti.md\/?p=1849\",\"url\":\"https:\/\/magdacesti.md\/?p=1849\",\"name\":\"9 mai - Ziua Europei \u0219i a Victoriei Coali\u021biei Na\u021biunilor Unite \u00een cel de-al doilea R\u0103zboi Mondial. - M\u0103gd\u0103ce\u0219ti\",\"isPartOf\":{\"@id\":\"https:\/\/magdacesti.md\/#website\"},\"primaryImageOfPage\":{\"@id\":\"https:\/\/magdacesti.md\/?p=1849#primaryimage\"},\"image\":{\"@id\":\"https:\/\/magdacesti.md\/?p=1849#primaryimage\"},\"thumbnailUrl\":\"https:\/\/magdacesti.md\/wp-content\/uploads\/2017\/05\/18015905_1436605369736328_337976083_o-1.jpg\",\"datePublished\":\"2017-05-09T11:51:35+00:00\",\"dateModified\":\"2017-05-09T11:51:35+00:00\",\"description\":\"Bine ati venit pe pagina oficiala a Primariei Magdacesti.\",\"breadcrumb\":{\"@id\":\"https:\/\/magdacesti.md\/?p=1849#breadcrumb\"},\"inLanguage\":\"en-US\",\"potentialAction\":[{\"@type\":\"ReadAction\",\"target\":[\"https:\/\/magdacesti.md\/?p=1849\"]}]},{\"@type\":\"ImageObject\",\"inLanguage\":\"en-US\",\"@id\":\"https:\/\/magdacesti.md\/?p=1849#primaryimage\",\"url\":\"https:\/\/magdacesti.md\/wp-content\/uploads\/2017\/05\/18015905_1436605369736328_337976083_o-1.jpg\",\"contentUrl\":\"https:\/\/magdacesti.md\/wp-content\/uploads\/2017\/05\/18015905_1436605369736328_337976083_o-1.jpg\"},{\"@type\":\"BreadcrumbList\",\"@id\":\"https:\/\/magdacesti.md\/?p=1849#breadcrumb\",\"itemListElement\":[{\"@type\":\"ListItem\",\"position\":1,\"name\":\"Home\",\"item\":\"https:\/\/magdacesti.md\/\"},{\"@type\":\"ListItem\",\"position\":2,\"name\":\"9 mai &#8211; Ziua Europei \u0219i a Victoriei Coali\u021biei Na\u021biunilor Unite \u00een cel de-al doilea R\u0103zboi Mondial.\"}]},{\"@type\":\"WebSite\",\"@id\":\"https:\/\/magdacesti.md\/#website\",\"url\":\"https:\/\/magdacesti.md\/\",\"name\":\"M\u0103gd\u0103ce\u0219ti\",\"description\":\"Un or\u0103\u0219el cu condi\u021bii decente de trai!\",\"publisher\":{\"@id\":\"https:\/\/magdacesti.md\/#organization\"},\"potentialAction\":[{\"@type\":\"SearchAction\",\"target\":{\"@type\":\"EntryPoint\",\"urlTemplate\":\"https:\/\/magdacesti.md\/?s={search_term_string}\"},\"query-input\":\"required name=search_term_string\"}],\"inLanguage\":\"en-US\"},{\"@type\":\"Organization\",\"@id\":\"https:\/\/magdacesti.md\/#organization\",\"name\":\"M\u0103gd\u0103ce\u0219ti\",\"url\":\"https:\/\/magdacesti.md\/\",\"logo\":{\"@type\":\"ImageObject\",\"inLanguage\":\"en-US\",\"@id\":\"https:\/\/magdacesti.md\/#\/schema\/logo\/image\/\",\"url\":\"https:\/\/magdacesti.md\/wp-content\/uploads\/2021\/03\/Foto-514-scaled.jpg\",\"contentUrl\":\"https:\/\/magdacesti.md\/wp-content\/uploads\/2021\/03\/Foto-514-scaled.jpg\",\"width\":2560,\"height\":1707,\"caption\":\"M\u0103gd\u0103ce\u0219ti\"},\"image\":{\"@id\":\"https:\/\/magdacesti.md\/#\/schema\/logo\/image\/\"},\"sameAs\":[\"https:\/\/www.facebook.com\/magdacesti.md\/\"]},{\"@type\":\"Person\",\"@id\":\"https:\/\/magdacesti.md\/#\/schema\/person\/ee6a6d0a5f0b0cb676ac992c8e414842\",\"name\":\"magdacesti\",\"sameAs\":[\"https:\/\/magdacesti.md\"],\"url\":\"https:\/\/magdacesti.md\/?author=1\"}]}<\/script>\n<!-- \/ Yoast SEO plugin. -->","yoast_head_json":{"title":"9 mai - Ziua Europei \u0219i a Victoriei Coali\u021biei Na\u021biunilor Unite \u00een cel de-al doilea R\u0103zboi Mondial. - M\u0103gd\u0103ce\u0219ti","description":"Bine ati venit pe pagina oficiala a Primariei Magdacesti.","robots":{"index":"index","follow":"follow","max-snippet":"max-snippet:-1","max-image-preview":"max-image-preview:large","max-video-preview":"max-video-preview:-1"},"canonical":"https:\/\/magdacesti.md\/?p=1849","og_locale":"en_US","og_type":"article","og_title":"9 mai - Ziua Europei \u0219i a Victoriei Coali\u021biei Na\u021biunilor Unite \u00een cel de-al doilea R\u0103zboi Mondial. - M\u0103gd\u0103ce\u0219ti","og_description":"Bine ati venit pe pagina oficiala a Primariei Magdacesti.","og_url":"https:\/\/magdacesti.md\/?p=1849","og_site_name":"M\u0103gd\u0103ce\u0219ti","article_publisher":"https:\/\/www.facebook.com\/magdacesti.md\/","article_published_time":"2017-05-09T11:51:35+00:00","og_image":[{"url":"https:\/\/magdacesti.md\/wp-content\/uploads\/2017\/05\/18015905_1436605369736328_337976083_o-1.jpg"}],"author":"magdacesti","twitter_card":"summary_large_image","twitter_misc":{"Written by":"magdacesti","Est. reading time":"1 minute"},"schema":{"@context":"https:\/\/schema.org","@graph":[{"@type":"Article","@id":"https:\/\/magdacesti.md\/?p=1849#article","isPartOf":{"@id":"https:\/\/magdacesti.md\/?p=1849"},"author":{"name":"magdacesti","@id":"https:\/\/magdacesti.md\/#\/schema\/person\/ee6a6d0a5f0b0cb676ac992c8e414842"},"headline":"9 mai &#8211; Ziua Europei \u0219i a Victoriei Coali\u021biei Na\u021biunilor Unite \u00een cel de-al doilea R\u0103zboi Mondial.","datePublished":"2017-05-09T11:51:35+00:00","dateModified":"2017-05-09T11:51:35+00:00","mainEntityOfPage":{"@id":"https:\/\/magdacesti.md\/?p=1849"},"wordCount":205,"publisher":{"@id":"https:\/\/magdacesti.md\/#organization"},"image":{"@id":"https:\/\/magdacesti.md\/?p=1849#primaryimage"},"thumbnailUrl":"https:\/\/magdacesti.md\/wp-content\/uploads\/2017\/05\/18015905_1436605369736328_337976083_o-1.jpg","articleSection":["Stiri"],"inLanguage":"en-US"},{"@type":"WebPage","@id":"https:\/\/magdacesti.md\/?p=1849","url":"https:\/\/magdacesti.md\/?p=1849","name":"9 mai - Ziua Europei \u0219i a Victoriei Coali\u021biei Na\u021biunilor Unite \u00een cel de-al doilea R\u0103zboi Mondial. - M\u0103gd\u0103ce\u0219ti","isPartOf":{"@id":"https:\/\/magdacesti.md\/#website"},"primaryImageOfPage":{"@id":"https:\/\/magdacesti.md\/?p=1849#primaryimage"},"image":{"@id":"https:\/\/magdacesti.md\/?p=1849#primaryimage"},"thumbnailUrl":"https:\/\/magdacesti.md\/wp-content\/uploads\/2017\/05\/18015905_1436605369736328_337976083_o-1.jpg","datePublished":"2017-05-09T11:51:35+00:00","dateModified":"2017-05-09T11:51:35+00:00","description":"Bine ati venit pe pagina oficiala a Primariei Magdacesti.","breadcrumb":{"@id":"https:\/\/magdacesti.md\/?p=1849#breadcrumb"},"inLanguage":"en-US","potentialAction":[{"@type":"ReadAction","target":["https:\/\/magdacesti.md\/?p=1849"]}]},{"@type":"ImageObject","inLanguage":"en-US","@id":"https:\/\/magdacesti.md\/?p=1849#primaryimage","url":"https:\/\/magdacesti.md\/wp-content\/uploads\/2017\/05\/18015905_1436605369736328_337976083_o-1.jpg","contentUrl":"https:\/\/magdacesti.md\/wp-content\/uploads\/2017\/05\/18015905_1436605369736328_337976083_o-1.jpg"},{"@type":"BreadcrumbList","@id":"https:\/\/magdacesti.md\/?p=1849#breadcrumb","itemListElement":[{"@type":"ListItem","position":1,"name":"Home","item":"https:\/\/magdacesti.md\/"},{"@type":"ListItem","position":2,"name":"9 mai &#8211; Ziua Europei \u0219i a Victoriei Coali\u021biei Na\u021biunilor Unite \u00een cel de-al doilea R\u0103zboi Mondial."}]},{"@type":"WebSite","@id":"https:\/\/magdacesti.md\/#website","url":"https:\/\/magdacesti.md\/","name":"M\u0103gd\u0103ce\u0219ti","description":"Un or\u0103\u0219el cu condi\u021bii decente de trai!","publisher":{"@id":"https:\/\/magdacesti.md\/#organization"},"potentialAction":[{"@type":"SearchAction","target":{"@type":"EntryPoint","urlTemplate":"https:\/\/magdacesti.md\/?s={search_term_string}"},"query-input":"required name=search_term_string"}],"inLanguage":"en-US"},{"@type":"Organization","@id":"https:\/\/magdacesti.md\/#organization","name":"M\u0103gd\u0103ce\u0219ti","url":"https:\/\/magdacesti.md\/","logo":{"@type":"ImageObject","inLanguage":"en-US","@id":"https:\/\/magdacesti.md\/#\/schema\/logo\/image\/","url":"https:\/\/magdacesti.md\/wp-content\/uploads\/2021\/03\/Foto-514-scaled.jpg","contentUrl":"https:\/\/magdacesti.md\/wp-content\/uploads\/2021\/03\/Foto-514-scaled.jpg","width":2560,"height":1707,"caption":"M\u0103gd\u0103ce\u0219ti"},"image":{"@id":"https:\/\/magdacesti.md\/#\/schema\/logo\/image\/"},"sameAs":["https:\/\/www.facebook.com\/magdacesti.md\/"]},{"@type":"Person","@id":"https:\/\/magdacesti.md\/#\/schema\/person\/ee6a6d0a5f0b0cb676ac992c8e414842","name":"magdacesti","sameAs":["https:\/\/magdacesti.md"],"url":"https:\/\/magdacesti.md\/?author=1"}]}},"_links":{"self":[{"href":"https:\/\/magdacesti.md\/index.php?rest_route=\/wp\/v2\/posts\/1849","targetHints":{"allow":["GET"]}}],"collection":[{"href":"https:\/\/magdacesti.md\/index.php?rest_route=\/wp\/v2\/posts"}],"about":[{"href":"https:\/\/magdacesti.md\/index.php?rest_route=\/wp\/v2\/types\/post"}],"author":[{"embeddable":true,"href":"https:\/\/magdacesti.md\/index.php?rest_route=\/wp\/v2\/users\/1"}],"replies":[{"embeddable":true,"href":"https:\/\/magdacesti.md\/index.php?rest_route=%2Fwp%2Fv2%2Fcomments&post=1849"}],"version-history":[{"count":0,"href":"https:\/\/magdacesti.md\/index.php?rest_route=\/wp\/v2\/posts\/1849\/revisions"}],"wp:attachment":[{"href":"https:\/\/magdacesti.md\/index.php?rest_route=%2Fwp%2Fv2%2Fmedia&parent=1849"}],"wp:term":[{"taxonomy":"category","embeddable":true,"href":"https:\/\/magdacesti.md\/index.php?rest_route=%2Fwp%2Fv2%2Fcategories&post=1849"},{"taxonomy":"post_tag","embeddable":true,"href":"https:\/\/magdacesti.md\/index.php?rest_route=%2Fwp%2Fv2%2Ftags&post=1849"}],"curies":[{"name":"wp","href":"https:\/\/api.w.org\/{rel}","templated":true}]}}