{"id":1912,"date":"2017-05-22T19:30:29","date_gmt":"2017-05-22T16:30:29","guid":{"rendered":"https:\/\/magdacesti.md\/?p=1912"},"modified":"2017-05-22T19:30:29","modified_gmt":"2017-05-22T16:30:29","slug":"deschiderea-sezonului-sportiv-in-s-magdacesti","status":"publish","type":"post","link":"https:\/\/magdacesti.md\/?p=1912","title":{"rendered":"Deschiderea Sezonului Sportiv \u00een s. M\u0103gd\u0103ce\u0219ti"},"content":{"rendered":"<p><strong><iframe loading=\"lazy\" src=\"\/\/www.youtube.com\/embed\/5ufRYzwE8J4\" width=\"560\" height=\"314\" allowfullscreen=\"allowfullscreen\"><\/iframe><\/strong><\/p>\n<p><strong>Duminic\u0103, 21 mai 2017, \u00een s. M\u0103gd\u0103ce\u0219ti s-a dat startul Sezonului Sportiv de var\u0103.To\u021bi amatorii de sport au venit pe stadionul satului M\u0103gd\u0103ce\u0219ti, pentru a participa la un amplu eveniment cultural-sportiv.<\/strong><\/p>\n<p><img loading=\"lazy\" decoding=\"async\" class=\"aligncenter\" src=\"https:\/\/magdacesti.md\/wp-content\/uploads\/2017\/05\/pentru-site1.jpg\" alt=\"\" width=\"720\" height=\"480\" \/><\/p>\n<p><img loading=\"lazy\" decoding=\"async\" class=\"aligncenter\" src=\"https:\/\/magdacesti.md\/wp-content\/uploads\/2017\/05\/pentru-site.jpg\" alt=\"\" width=\"720\" height=\"480\" \/><\/p>\n<p><img loading=\"lazy\" decoding=\"async\" class=\"aligncenter\" src=\"https:\/\/magdacesti.md\/wp-content\/uploads\/2017\/05\/pentru-site2.jpg\" alt=\"\" width=\"720\" height=\"480\" \/><\/p>\n<p><img loading=\"lazy\" decoding=\"async\" class=\"aligncenter\" src=\"https:\/\/magdacesti.md\/wp-content\/uploads\/2017\/05\/pentru-site3.jpg\" alt=\"\" width=\"720\" height=\"480\" \/><\/p>\n<p>Evenimentul a fost organizat de administra\u021bia public\u0103 local\u0103 \u00eempreun\u0103 cu profesorii-antrenori ai \u0218colii Sportive M\u0103gd\u0103ce\u0219ti.<br \/>\nLa competi\u021bii au participat peste 200 de copii, cade\u021bi, tineri \u0219i tinere. Noroco\u0219ii care s-au bucurat de premii sunt:<\/p>\n<p>1. <strong>Volei masculin<\/strong>&#8211; <span class=\"text_exposed_show\">Echipa &#8220;Dr\u0103sliceni&#8221;<\/span><\/p>\n<p><span class=\"text_exposed_show\">2.<strong>Volei feminin<\/strong>&#8211; Echipa &#8220;Porumbeni&#8221;<\/span><\/p>\n<p><span class=\"text_exposed_show\"><br \/>\n3.<strong>Basket masculin<\/strong>&#8211; Echipa &#8220;Veteranii&#8221;<\/span><\/p>\n<p><span class=\"text_exposed_show\"><br \/>\n4.<strong>Mini-fotbal<\/strong> &#8211; Echipa &#8220;L\u0103utarii&#8221;<\/span><\/p>\n<p><span class=\"text_exposed_show\"><br \/>\n5<strong>.\u0218ah<\/strong> &#8211; Bratu Cornel<\/span><\/p>\n<p><span class=\"text_exposed_show\"><br \/>\n6.<strong>Dame<\/strong> &#8211;\u00a0 Varzari Afanasii<\/span><\/p>\n<p><span class=\"text_exposed_show\"><br \/>\n7.<strong>Trac\u021biuni la bara fix\u0103<\/strong>&#8211; Efros Nicolae<\/span><\/p>\n<p><span class=\"text_exposed_show\"><br \/>\n8. <strong>Ridicarea greut\u0103\u021bii(24 kg)biatlon<\/strong>&#8211; Cojocaru Victor<\/span><\/p>\n<p><span class=\"text_exposed_show\"><br \/>\n9.<strong>Alergarea la vitez\u0103 30 m(clasele 1-4 (b)<\/strong>&#8211; Guzun Alexandru<\/span><\/p>\n<p><span class=\"text_exposed_show\"><br \/>\n10. <strong>Alergarea la vitez\u0103 30 m. clasele 1-4 (f)<\/strong>&#8211; Rotari Andrea<\/span><\/p>\n<p><span class=\"text_exposed_show\"><br \/>\n10. <strong>Alergare la vitez\u0103 60 m.(clasele 5-8 (b)<\/strong>&#8211; Ursu Gheorghe<\/span><\/p>\n<p><span class=\"text_exposed_show\"><br \/>\n11. <strong>Alergare la vitez\u0103 60 m. (clasele 5-8 f-<\/strong> Guzun Maria<\/span><\/p>\n<p><span class=\"text_exposed_show\"><br \/>\n12. <strong>Alergare la vitez\u0103100 m.Clasele 9 \u0219i mai mari( f)<\/strong>&#8211; Onica Elena<\/span><\/p>\n<p><span class=\"text_exposed_show\"><br \/>\n13. A<strong>lergare la vitez\u0103 100m. Clasele 9 \u0219i mai mari (b)<\/strong>&#8211; Scutelnic Cristi<\/span><\/p>\n<p><span class=\"text_exposed_show\"><br \/>\n15.<strong>Lupta Na\u021bional\u0103 &#8221; Tr\u00e2nta&#8221; la iepura\u0219ul viu cl. 5-8<\/strong>&#8211; Valeriu R\u0103zmeri\u021b\u0103<\/span><\/p>\n<p><span class=\"text_exposed_show\"><br \/>\n16.<strong> Lupta Na\u021bional\u0103 &#8221; Tr\u00e2nta&#8221; la coco\u0219ul viu<\/strong>&#8211; Melnic Victor<\/span><\/p>\n<p><span class=\"text_exposed_show\"><br \/>\n17. <strong>Lupta Nationala &#8220;Tr\u00e2nta&#8221; la berbecul viu<\/strong>&#8211; B\u00eetlan Ion Alexandru.<\/span><\/p>\n<p><img loading=\"lazy\" decoding=\"async\" class=\"aligncenter\" src=\"https:\/\/magdacesti.md\/wp-content\/uploads\/2017\/05\/pentru-site4.jpg\" alt=\"\" width=\"720\" height=\"480\" \/><\/p>\n<p><img loading=\"lazy\" decoding=\"async\" class=\"aligncenter\" src=\"https:\/\/magdacesti.md\/wp-content\/uploads\/2017\/05\/pentru-site5.jpg\" alt=\"\" width=\"720\" height=\"480\" \/><\/p>\n<p>&nbsp;<\/p>\n<div class=\"text_exposed_show\">\n<p>&nbsp;<\/p>\n<\/div>\n","protected":false},"excerpt":{"rendered":"<p>Duminic\u0103, 21 mai 2017, \u00een s. M\u0103gd\u0103ce\u0219ti s-a dat startul Sezonului Sportiv de var\u0103.To\u021bi amatorii de sport au venit pe stadionul satului M\u0103gd\u0103ce\u0219ti, pentru a participa la un amplu eveniment cultural-sportiv. Evenimentul a fost organizat de administra\u021bia public\u0103 local\u0103 \u00eempreun\u0103 cu profesorii-antrenori ai \u0218colii Sportive M\u0103gd\u0103ce\u0219ti. La competi\u021bii au participat peste 200 de copii, cade\u021bi, [&#8230;]\n","protected":false},"author":1,"featured_media":0,"comment_status":"closed","ping_status":"closed","sticky":false,"template":"","format":"standard","meta":{"ngg_post_thumbnail":0,"footnotes":""},"categories":[4],"tags":[],"class_list":["post-1912","post","type-post","status-publish","format-standard","hentry","category-stiri"],"yoast_head":"<!-- This site is optimized with the Yoast SEO plugin v23.3 - https:\/\/yoast.com\/wordpress\/plugins\/seo\/ -->\n<title>Deschiderea Sezonului Sportiv \u00een s. M\u0103gd\u0103ce\u0219ti - M\u0103gd\u0103ce\u0219ti<\/title>\n<meta name=\"description\" content=\"Bine ati venit pe pagina oficiala a Primariei Magdacesti.\" \/>\n<meta name=\"robots\" content=\"index, follow, max-snippet:-1, max-image-preview:large, max-video-preview:-1\" \/>\n<link rel=\"canonical\" href=\"https:\/\/magdacesti.md\/?p=1912\" \/>\n<meta property=\"og:locale\" content=\"en_US\" \/>\n<meta property=\"og:type\" content=\"article\" \/>\n<meta property=\"og:title\" content=\"Deschiderea Sezonului Sportiv \u00een s. M\u0103gd\u0103ce\u0219ti - M\u0103gd\u0103ce\u0219ti\" \/>\n<meta property=\"og:description\" content=\"Bine ati venit pe pagina oficiala a Primariei Magdacesti.\" \/>\n<meta property=\"og:url\" content=\"https:\/\/magdacesti.md\/?p=1912\" \/>\n<meta property=\"og:site_name\" content=\"M\u0103gd\u0103ce\u0219ti\" \/>\n<meta property=\"article:publisher\" content=\"https:\/\/www.facebook.com\/magdacesti.md\/\" \/>\n<meta property=\"article:published_time\" content=\"2017-05-22T16:30:29+00:00\" \/>\n<meta property=\"og:image\" content=\"https:\/\/magdacesti.md\/wp-content\/uploads\/2017\/05\/pentru-site1.jpg\" \/>\n<meta name=\"author\" content=\"magdacesti\" \/>\n<meta name=\"twitter:card\" content=\"summary_large_image\" \/>\n<meta name=\"twitter:label1\" content=\"Written by\" \/>\n\t<meta name=\"twitter:data1\" content=\"magdacesti\" \/>\n\t<meta name=\"twitter:label2\" content=\"Est. reading time\" \/>\n\t<meta name=\"twitter:data2\" content=\"1 minute\" \/>\n<script type=\"application\/ld+json\" class=\"yoast-schema-graph\">{\"@context\":\"https:\/\/schema.org\",\"@graph\":[{\"@type\":\"Article\",\"@id\":\"https:\/\/magdacesti.md\/?p=1912#article\",\"isPartOf\":{\"@id\":\"https:\/\/magdacesti.md\/?p=1912\"},\"author\":{\"name\":\"magdacesti\",\"@id\":\"https:\/\/magdacesti.md\/#\/schema\/person\/ee6a6d0a5f0b0cb676ac992c8e414842\"},\"headline\":\"Deschiderea Sezonului Sportiv \u00een s. M\u0103gd\u0103ce\u0219ti\",\"datePublished\":\"2017-05-22T16:30:29+00:00\",\"dateModified\":\"2017-05-22T16:30:29+00:00\",\"mainEntityOfPage\":{\"@id\":\"https:\/\/magdacesti.md\/?p=1912\"},\"wordCount\":229,\"publisher\":{\"@id\":\"https:\/\/magdacesti.md\/#organization\"},\"image\":{\"@id\":\"https:\/\/magdacesti.md\/?p=1912#primaryimage\"},\"thumbnailUrl\":\"https:\/\/magdacesti.md\/wp-content\/uploads\/2017\/05\/pentru-site1.jpg\",\"articleSection\":[\"Stiri\"],\"inLanguage\":\"en-US\"},{\"@type\":\"WebPage\",\"@id\":\"https:\/\/magdacesti.md\/?p=1912\",\"url\":\"https:\/\/magdacesti.md\/?p=1912\",\"name\":\"Deschiderea Sezonului Sportiv \u00een s. M\u0103gd\u0103ce\u0219ti - M\u0103gd\u0103ce\u0219ti\",\"isPartOf\":{\"@id\":\"https:\/\/magdacesti.md\/#website\"},\"primaryImageOfPage\":{\"@id\":\"https:\/\/magdacesti.md\/?p=1912#primaryimage\"},\"image\":{\"@id\":\"https:\/\/magdacesti.md\/?p=1912#primaryimage\"},\"thumbnailUrl\":\"https:\/\/magdacesti.md\/wp-content\/uploads\/2017\/05\/pentru-site1.jpg\",\"datePublished\":\"2017-05-22T16:30:29+00:00\",\"dateModified\":\"2017-05-22T16:30:29+00:00\",\"description\":\"Bine ati venit pe pagina oficiala a Primariei Magdacesti.\",\"breadcrumb\":{\"@id\":\"https:\/\/magdacesti.md\/?p=1912#breadcrumb\"},\"inLanguage\":\"en-US\",\"potentialAction\":[{\"@type\":\"ReadAction\",\"target\":[\"https:\/\/magdacesti.md\/?p=1912\"]}]},{\"@type\":\"ImageObject\",\"inLanguage\":\"en-US\",\"@id\":\"https:\/\/magdacesti.md\/?p=1912#primaryimage\",\"url\":\"https:\/\/magdacesti.md\/wp-content\/uploads\/2017\/05\/pentru-site1.jpg\",\"contentUrl\":\"https:\/\/magdacesti.md\/wp-content\/uploads\/2017\/05\/pentru-site1.jpg\"},{\"@type\":\"BreadcrumbList\",\"@id\":\"https:\/\/magdacesti.md\/?p=1912#breadcrumb\",\"itemListElement\":[{\"@type\":\"ListItem\",\"position\":1,\"name\":\"Home\",\"item\":\"https:\/\/magdacesti.md\/\"},{\"@type\":\"ListItem\",\"position\":2,\"name\":\"Deschiderea Sezonului Sportiv \u00een s. M\u0103gd\u0103ce\u0219ti\"}]},{\"@type\":\"WebSite\",\"@id\":\"https:\/\/magdacesti.md\/#website\",\"url\":\"https:\/\/magdacesti.md\/\",\"name\":\"M\u0103gd\u0103ce\u0219ti\",\"description\":\"Un or\u0103\u0219el cu condi\u021bii decente de trai!\",\"publisher\":{\"@id\":\"https:\/\/magdacesti.md\/#organization\"},\"potentialAction\":[{\"@type\":\"SearchAction\",\"target\":{\"@type\":\"EntryPoint\",\"urlTemplate\":\"https:\/\/magdacesti.md\/?s={search_term_string}\"},\"query-input\":\"required name=search_term_string\"}],\"inLanguage\":\"en-US\"},{\"@type\":\"Organization\",\"@id\":\"https:\/\/magdacesti.md\/#organization\",\"name\":\"M\u0103gd\u0103ce\u0219ti\",\"url\":\"https:\/\/magdacesti.md\/\",\"logo\":{\"@type\":\"ImageObject\",\"inLanguage\":\"en-US\",\"@id\":\"https:\/\/magdacesti.md\/#\/schema\/logo\/image\/\",\"url\":\"https:\/\/magdacesti.md\/wp-content\/uploads\/2021\/03\/Foto-514-scaled.jpg\",\"contentUrl\":\"https:\/\/magdacesti.md\/wp-content\/uploads\/2021\/03\/Foto-514-scaled.jpg\",\"width\":2560,\"height\":1707,\"caption\":\"M\u0103gd\u0103ce\u0219ti\"},\"image\":{\"@id\":\"https:\/\/magdacesti.md\/#\/schema\/logo\/image\/\"},\"sameAs\":[\"https:\/\/www.facebook.com\/magdacesti.md\/\"]},{\"@type\":\"Person\",\"@id\":\"https:\/\/magdacesti.md\/#\/schema\/person\/ee6a6d0a5f0b0cb676ac992c8e414842\",\"name\":\"magdacesti\",\"sameAs\":[\"https:\/\/magdacesti.md\"],\"url\":\"https:\/\/magdacesti.md\/?author=1\"}]}<\/script>\n<!-- \/ Yoast SEO plugin. -->","yoast_head_json":{"title":"Deschiderea Sezonului Sportiv \u00een s. M\u0103gd\u0103ce\u0219ti - M\u0103gd\u0103ce\u0219ti","description":"Bine ati venit pe pagina oficiala a Primariei Magdacesti.","robots":{"index":"index","follow":"follow","max-snippet":"max-snippet:-1","max-image-preview":"max-image-preview:large","max-video-preview":"max-video-preview:-1"},"canonical":"https:\/\/magdacesti.md\/?p=1912","og_locale":"en_US","og_type":"article","og_title":"Deschiderea Sezonului Sportiv \u00een s. M\u0103gd\u0103ce\u0219ti - M\u0103gd\u0103ce\u0219ti","og_description":"Bine ati venit pe pagina oficiala a Primariei Magdacesti.","og_url":"https:\/\/magdacesti.md\/?p=1912","og_site_name":"M\u0103gd\u0103ce\u0219ti","article_publisher":"https:\/\/www.facebook.com\/magdacesti.md\/","article_published_time":"2017-05-22T16:30:29+00:00","og_image":[{"url":"https:\/\/magdacesti.md\/wp-content\/uploads\/2017\/05\/pentru-site1.jpg"}],"author":"magdacesti","twitter_card":"summary_large_image","twitter_misc":{"Written by":"magdacesti","Est. reading time":"1 minute"},"schema":{"@context":"https:\/\/schema.org","@graph":[{"@type":"Article","@id":"https:\/\/magdacesti.md\/?p=1912#article","isPartOf":{"@id":"https:\/\/magdacesti.md\/?p=1912"},"author":{"name":"magdacesti","@id":"https:\/\/magdacesti.md\/#\/schema\/person\/ee6a6d0a5f0b0cb676ac992c8e414842"},"headline":"Deschiderea Sezonului Sportiv \u00een s. M\u0103gd\u0103ce\u0219ti","datePublished":"2017-05-22T16:30:29+00:00","dateModified":"2017-05-22T16:30:29+00:00","mainEntityOfPage":{"@id":"https:\/\/magdacesti.md\/?p=1912"},"wordCount":229,"publisher":{"@id":"https:\/\/magdacesti.md\/#organization"},"image":{"@id":"https:\/\/magdacesti.md\/?p=1912#primaryimage"},"thumbnailUrl":"https:\/\/magdacesti.md\/wp-content\/uploads\/2017\/05\/pentru-site1.jpg","articleSection":["Stiri"],"inLanguage":"en-US"},{"@type":"WebPage","@id":"https:\/\/magdacesti.md\/?p=1912","url":"https:\/\/magdacesti.md\/?p=1912","name":"Deschiderea Sezonului Sportiv \u00een s. M\u0103gd\u0103ce\u0219ti - M\u0103gd\u0103ce\u0219ti","isPartOf":{"@id":"https:\/\/magdacesti.md\/#website"},"primaryImageOfPage":{"@id":"https:\/\/magdacesti.md\/?p=1912#primaryimage"},"image":{"@id":"https:\/\/magdacesti.md\/?p=1912#primaryimage"},"thumbnailUrl":"https:\/\/magdacesti.md\/wp-content\/uploads\/2017\/05\/pentru-site1.jpg","datePublished":"2017-05-22T16:30:29+00:00","dateModified":"2017-05-22T16:30:29+00:00","description":"Bine ati venit pe pagina oficiala a Primariei Magdacesti.","breadcrumb":{"@id":"https:\/\/magdacesti.md\/?p=1912#breadcrumb"},"inLanguage":"en-US","potentialAction":[{"@type":"ReadAction","target":["https:\/\/magdacesti.md\/?p=1912"]}]},{"@type":"ImageObject","inLanguage":"en-US","@id":"https:\/\/magdacesti.md\/?p=1912#primaryimage","url":"https:\/\/magdacesti.md\/wp-content\/uploads\/2017\/05\/pentru-site1.jpg","contentUrl":"https:\/\/magdacesti.md\/wp-content\/uploads\/2017\/05\/pentru-site1.jpg"},{"@type":"BreadcrumbList","@id":"https:\/\/magdacesti.md\/?p=1912#breadcrumb","itemListElement":[{"@type":"ListItem","position":1,"name":"Home","item":"https:\/\/magdacesti.md\/"},{"@type":"ListItem","position":2,"name":"Deschiderea Sezonului Sportiv \u00een s. M\u0103gd\u0103ce\u0219ti"}]},{"@type":"WebSite","@id":"https:\/\/magdacesti.md\/#website","url":"https:\/\/magdacesti.md\/","name":"M\u0103gd\u0103ce\u0219ti","description":"Un or\u0103\u0219el cu condi\u021bii decente de trai!","publisher":{"@id":"https:\/\/magdacesti.md\/#organization"},"potentialAction":[{"@type":"SearchAction","target":{"@type":"EntryPoint","urlTemplate":"https:\/\/magdacesti.md\/?s={search_term_string}"},"query-input":"required name=search_term_string"}],"inLanguage":"en-US"},{"@type":"Organization","@id":"https:\/\/magdacesti.md\/#organization","name":"M\u0103gd\u0103ce\u0219ti","url":"https:\/\/magdacesti.md\/","logo":{"@type":"ImageObject","inLanguage":"en-US","@id":"https:\/\/magdacesti.md\/#\/schema\/logo\/image\/","url":"https:\/\/magdacesti.md\/wp-content\/uploads\/2021\/03\/Foto-514-scaled.jpg","contentUrl":"https:\/\/magdacesti.md\/wp-content\/uploads\/2021\/03\/Foto-514-scaled.jpg","width":2560,"height":1707,"caption":"M\u0103gd\u0103ce\u0219ti"},"image":{"@id":"https:\/\/magdacesti.md\/#\/schema\/logo\/image\/"},"sameAs":["https:\/\/www.facebook.com\/magdacesti.md\/"]},{"@type":"Person","@id":"https:\/\/magdacesti.md\/#\/schema\/person\/ee6a6d0a5f0b0cb676ac992c8e414842","name":"magdacesti","sameAs":["https:\/\/magdacesti.md"],"url":"https:\/\/magdacesti.md\/?author=1"}]}},"_links":{"self":[{"href":"https:\/\/magdacesti.md\/index.php?rest_route=\/wp\/v2\/posts\/1912","targetHints":{"allow":["GET"]}}],"collection":[{"href":"https:\/\/magdacesti.md\/index.php?rest_route=\/wp\/v2\/posts"}],"about":[{"href":"https:\/\/magdacesti.md\/index.php?rest_route=\/wp\/v2\/types\/post"}],"author":[{"embeddable":true,"href":"https:\/\/magdacesti.md\/index.php?rest_route=\/wp\/v2\/users\/1"}],"replies":[{"embeddable":true,"href":"https:\/\/magdacesti.md\/index.php?rest_route=%2Fwp%2Fv2%2Fcomments&post=1912"}],"version-history":[{"count":0,"href":"https:\/\/magdacesti.md\/index.php?rest_route=\/wp\/v2\/posts\/1912\/revisions"}],"wp:attachment":[{"href":"https:\/\/magdacesti.md\/index.php?rest_route=%2Fwp%2Fv2%2Fmedia&parent=1912"}],"wp:term":[{"taxonomy":"category","embeddable":true,"href":"https:\/\/magdacesti.md\/index.php?rest_route=%2Fwp%2Fv2%2Fcategories&post=1912"},{"taxonomy":"post_tag","embeddable":true,"href":"https:\/\/magdacesti.md\/index.php?rest_route=%2Fwp%2Fv2%2Ftags&post=1912"}],"curies":[{"name":"wp","href":"https:\/\/api.w.org\/{rel}","templated":true}]}}