{"id":1922,"date":"2017-05-25T10:51:36","date_gmt":"2017-05-25T07:51:36","guid":{"rendered":"https:\/\/magdacesti.md\/?p=1922"},"modified":"2017-05-25T10:51:36","modified_gmt":"2017-05-25T07:51:36","slug":"lacrimi-si-emotii-la-gradinita-floricica-din-s-magdacesti","status":"publish","type":"post","link":"https:\/\/magdacesti.md\/?p=1922","title":{"rendered":"Lacrimi \u0219i emo\u021bii la gr\u0103dini\u021ba &#8220;Floricica&#8221; din s. M\u0103gd\u0103ce\u0219ti"},"content":{"rendered":"<p><iframe loading=\"lazy\" src=\"\/\/www.youtube.com\/embed\/JQ9kvYMD5BE\" width=\"560\" height=\"314\" allowfullscreen=\"allowfullscreen\"><\/iframe><\/p>\n<p><strong>Dis- de -diminea\u021b\u0103, \u00een prim\u0103rie este mare forfot\u0103. Doamna Liuba Cojocaru \u00ee\u0219i revizuie\u0219te agenda. Prima or\u0103 este preconizat\u0103 la tipografie , pentru a fi ridicate primele Diplome de absolvire a copiilor din Institu\u021bia pre\u0219colar\u0103 &#8220;Floricica&#8221;.\u00a0 A devenit deja o tradi\u021bie, ca doamna primar s\u0103 le preg\u0103teasc\u0103 picilor pungu\u021ba cu surprize \u0219i certificatul, care demonstreaz\u0103 c\u0103 \u00een cur\u00e2nd vor fi \u0219colari.<\/strong><\/p>\n<p><img loading=\"lazy\" decoding=\"async\" class=\"aligncenter\" src=\"https:\/\/magdacesti.md\/wp-content\/uploads\/2017\/05\/IMG_6495-1.jpg\" alt=\"\" width=\"720\" height=\"405\" \/><\/p>\n<p>Primarul a l\u0103sat toate treburile deoparte, ca s\u0103 asiste la ultima serbare a absolven\u021bilor de gr\u0103dini\u021b\u0103.<\/p>\n<p><img loading=\"lazy\" decoding=\"async\" class=\"aligncenter\" src=\"https:\/\/magdacesti.md\/wp-content\/uploads\/2017\/05\/IMG_6544.jpg\" alt=\"\" width=\"398\" height=\"708\" \/><\/p>\n<p>Fo\u0219nesc castanii la porti\u021b\u0103<br \/>\n\u0218i ne petrec t\u00e2nguitor&#8230;<br \/>\nLa revedere, gr\u0103dini\u021b\u0103!<br \/>\nCu bine, dragi educatori!<\/p>\n<p>Am vrea aici sa mai r\u0103m\u00e2nem,<br \/>\nDar am crescut de-acuma mari,<br \/>\n\u0218i-nt\u00e2ia dat\u0103 via\u021b\u0103 m\u00e2ine<br \/>\nNe vom numi \u0219i noi \u0219colari.<\/p>\n<p><img loading=\"lazy\" decoding=\"async\" class=\"aligncenter\" src=\"https:\/\/magdacesti.md\/wp-content\/uploads\/2017\/05\/IMG_6508.jpg\" alt=\"\" width=\"720\" height=\"405\" \/><\/p>\n<p>C\u00e2nt\u00e2nd aceste versuri, micu\u021bii \u201eabsolven\u021bi\u201d de la Gr\u0103dini\u021ba &#8220;Floricica&#8221; din s. M\u0103gd\u0103ce\u0219ti, \u0219i-au luat adio de la educatoarea drag\u0103, de la prieteni \u0219i colegi, de la primul crampei al copil\u0103riei. Lacrimi \u00een col\u021bul ochilor, z\u00e2mbete largi pe fa\u021ba copiilor \u0219i un amalgam de emo\u021bii \u00een sufletele p\u0103rin\u021bilor.<\/p>\n<p><img loading=\"lazy\" decoding=\"async\" class=\"aligncenter\" src=\"https:\/\/magdacesti.md\/wp-content\/uploads\/2017\/05\/IMG_6556.jpg\" alt=\"\" width=\"720\" height=\"405\" \/><\/p>\n<p><img loading=\"lazy\" decoding=\"async\" class=\"aligncenter\" src=\"https:\/\/magdacesti.md\/wp-content\/uploads\/2017\/05\/IMG_6551.jpg\" alt=\"\" width=\"720\" height=\"405\" \/><\/p>\n<p>Parc\u0103 mai ieri erau timizi, cu ochii inunda\u021bi de lacrimi, \u021bin\u00e2nd-o str\u00e2ns pe mama de m\u00e2na, p\u0103\u0219ind pentru prima data pragul acestui paradis . De m\u00e2ine, ace\u0219ti prichindei \u00ee\u0219i vor lua zborul spre alte lumi, vor deslu\u0219i alte mistere, vor explora noi z\u0103ri. Educatorii \u00eei vor \u00eenso\u021bi pretutindeni \u0219i le vor fi mereu al\u0103turi, pentru ca au sem\u0103nat \u00een sufle\u021belele lor,\u00a0 o f\u0103r\u00e2m\u0103 din inim\u0103 \u0219i \u00eenv\u0103\u021b\u0103turi.<\/p>\n<p><img loading=\"lazy\" decoding=\"async\" class=\"aligncenter\" src=\"https:\/\/magdacesti.md\/wp-content\/uploads\/2017\/05\/IMG_6585.jpg\" alt=\"\" width=\"720\" height=\"405\" \/><\/p>\n<p>Lacrimile au curs \u0219iroaie, iar copiii pe r\u00e2nd, \u0219i-au luat la revedere de la fiecare col\u021bi\u0219or purtat de amintiri: holul, unde zi de zi \u00ee\u0219i schimbau \u00eembr\u0103c\u0103mintea, b\u0103i\u021ba cu chiuvete, unde abia de ajungeau s\u0103 se spele pe m\u00e2nu\u021be, dormitorul \u0219i p\u0103tu\u021bul, \u00een care au dormit 4 ani de zile. Acolo unde mul\u021bi dintre ei se pref\u0103ceau c\u0103 dorm \u0219i chicoteau prin p\u0103turic\u0103, pentru ca \u00een final, s\u0103 le vin\u0103 Mo\u0219 Ene pe la gene. Dul\u0103pioarele \u00een care obi\u0219nuiau s\u0103 ascund\u0103 juc\u0103riile sau dulciurile aduse de acas\u0103. M\u0103su\u021ba la care au stat \u0219i au modelat, pictat, scris, \u0219i savurat m\u00e2ncarea preg\u0103tit\u0103 cu grij\u0103 de buc\u0103t\u0103resele iscusite. De azi, toate vor r\u0103m\u00e2ne amintire.<\/p>\n<p>Spectacolul a fost unul deosebit.<\/p>\n<p><img loading=\"lazy\" decoding=\"async\" class=\"aligncenter\" src=\"https:\/\/magdacesti.md\/wp-content\/uploads\/2017\/05\/IMG_6556.jpg\" alt=\"\" width=\"720\" height=\"405\" \/><\/p>\n<p>Scene jucate cu m\u0103iestrie, c\u00e2ntece care au stors lacrimi din ochii fiec\u0103rui invitat, versuri recitate cu intona\u021bie. Toate au st\u00e2rnit ropote de aplauze \u0219i mult\u0103 nostalgie.<\/p>\n<p><img loading=\"lazy\" decoding=\"async\" class=\"aligncenter\" src=\"https:\/\/magdacesti.md\/wp-content\/uploads\/2017\/05\/IMG_6532.jpg\" alt=\"\" width=\"720\" height=\"480\" \/><\/p>\n<p><img loading=\"lazy\" decoding=\"async\" class=\"aligncenter\" src=\"https:\/\/magdacesti.md\/wp-content\/uploads\/2017\/05\/IMG_6616.jpg\" alt=\"\" width=\"720\" height=\"405\" \/><\/p>\n<p><img loading=\"lazy\" decoding=\"async\" class=\"aligncenter\" src=\"https:\/\/magdacesti.md\/wp-content\/uploads\/2017\/05\/IMG_6651.jpg\" alt=\"\" width=\"720\" height=\"481\" \/><\/p>\n<p>\u00cen acest an, 75 de copii\u00a0 \u00ee\u0219i iau la revedere de la gr\u0103dini\u021b\u0103 \u0219i scumpii lor educatori.<br \/>\nS\u0103 p\u0103\u0219i\u021bi cu dreptul \u00een lumea cuno\u0219tin\u021belor, dragi copii!<\/p>\n<p>&nbsp;<\/p>\n<p>&nbsp;<\/p>\n<p>&nbsp;<\/p>\n<p>&nbsp;<\/p>\n<p>&nbsp;<\/p>\n<p>&nbsp;<\/p>\n","protected":false},"excerpt":{"rendered":"<p>Dis- de -diminea\u021b\u0103, \u00een prim\u0103rie este mare forfot\u0103. Doamna Liuba Cojocaru \u00ee\u0219i revizuie\u0219te agenda. Prima or\u0103 este preconizat\u0103 la tipografie , pentru a fi ridicate primele Diplome de absolvire a copiilor din Institu\u021bia pre\u0219colar\u0103 &#8220;Floricica&#8221;.\u00a0 A devenit deja o tradi\u021bie, ca doamna primar s\u0103 le preg\u0103teasc\u0103 picilor pungu\u021ba cu surprize \u0219i certificatul, care demonstreaz\u0103 c\u0103 [&#8230;]\n","protected":false},"author":1,"featured_media":0,"comment_status":"closed","ping_status":"closed","sticky":false,"template":"","format":"standard","meta":{"ngg_post_thumbnail":0,"footnotes":""},"categories":[4],"tags":[],"class_list":["post-1922","post","type-post","status-publish","format-standard","hentry","category-stiri"],"yoast_head":"<!-- This site is optimized with the Yoast SEO plugin v23.3 - https:\/\/yoast.com\/wordpress\/plugins\/seo\/ -->\n<title>Lacrimi \u0219i emo\u021bii la gr\u0103dini\u021ba &quot;Floricica&quot; din s. M\u0103gd\u0103ce\u0219ti - M\u0103gd\u0103ce\u0219ti<\/title>\n<meta name=\"description\" content=\"Bine ati venit pe pagina oficiala a Primariei Magdacesti.\" \/>\n<meta name=\"robots\" content=\"index, follow, max-snippet:-1, max-image-preview:large, max-video-preview:-1\" \/>\n<link rel=\"canonical\" href=\"https:\/\/magdacesti.md\/?p=1922\" \/>\n<meta property=\"og:locale\" content=\"en_US\" \/>\n<meta property=\"og:type\" content=\"article\" \/>\n<meta property=\"og:title\" content=\"Lacrimi \u0219i emo\u021bii la gr\u0103dini\u021ba &quot;Floricica&quot; din s. M\u0103gd\u0103ce\u0219ti - M\u0103gd\u0103ce\u0219ti\" \/>\n<meta property=\"og:description\" content=\"Bine ati venit pe pagina oficiala a Primariei Magdacesti.\" \/>\n<meta property=\"og:url\" content=\"https:\/\/magdacesti.md\/?p=1922\" \/>\n<meta property=\"og:site_name\" content=\"M\u0103gd\u0103ce\u0219ti\" \/>\n<meta property=\"article:publisher\" content=\"https:\/\/www.facebook.com\/magdacesti.md\/\" \/>\n<meta property=\"article:published_time\" content=\"2017-05-25T07:51:36+00:00\" \/>\n<meta property=\"og:image\" content=\"https:\/\/magdacesti.md\/wp-content\/uploads\/2017\/05\/IMG_6495-1.jpg\" \/>\n<meta name=\"author\" content=\"magdacesti\" \/>\n<meta name=\"twitter:card\" content=\"summary_large_image\" \/>\n<meta name=\"twitter:label1\" content=\"Written by\" \/>\n\t<meta name=\"twitter:data1\" content=\"magdacesti\" \/>\n\t<meta name=\"twitter:label2\" content=\"Est. reading time\" \/>\n\t<meta name=\"twitter:data2\" content=\"2 minutes\" \/>\n<script type=\"application\/ld+json\" class=\"yoast-schema-graph\">{\"@context\":\"https:\/\/schema.org\",\"@graph\":[{\"@type\":\"Article\",\"@id\":\"https:\/\/magdacesti.md\/?p=1922#article\",\"isPartOf\":{\"@id\":\"https:\/\/magdacesti.md\/?p=1922\"},\"author\":{\"name\":\"magdacesti\",\"@id\":\"https:\/\/magdacesti.md\/#\/schema\/person\/ee6a6d0a5f0b0cb676ac992c8e414842\"},\"headline\":\"Lacrimi \u0219i emo\u021bii la gr\u0103dini\u021ba &#8220;Floricica&#8221; din s. M\u0103gd\u0103ce\u0219ti\",\"datePublished\":\"2017-05-25T07:51:36+00:00\",\"dateModified\":\"2017-05-25T07:51:36+00:00\",\"mainEntityOfPage\":{\"@id\":\"https:\/\/magdacesti.md\/?p=1922\"},\"wordCount\":497,\"publisher\":{\"@id\":\"https:\/\/magdacesti.md\/#organization\"},\"image\":{\"@id\":\"https:\/\/magdacesti.md\/?p=1922#primaryimage\"},\"thumbnailUrl\":\"https:\/\/magdacesti.md\/wp-content\/uploads\/2017\/05\/IMG_6495-1.jpg\",\"articleSection\":[\"Stiri\"],\"inLanguage\":\"en-US\"},{\"@type\":\"WebPage\",\"@id\":\"https:\/\/magdacesti.md\/?p=1922\",\"url\":\"https:\/\/magdacesti.md\/?p=1922\",\"name\":\"Lacrimi \u0219i emo\u021bii la gr\u0103dini\u021ba \\\"Floricica\\\" din s. M\u0103gd\u0103ce\u0219ti - M\u0103gd\u0103ce\u0219ti\",\"isPartOf\":{\"@id\":\"https:\/\/magdacesti.md\/#website\"},\"primaryImageOfPage\":{\"@id\":\"https:\/\/magdacesti.md\/?p=1922#primaryimage\"},\"image\":{\"@id\":\"https:\/\/magdacesti.md\/?p=1922#primaryimage\"},\"thumbnailUrl\":\"https:\/\/magdacesti.md\/wp-content\/uploads\/2017\/05\/IMG_6495-1.jpg\",\"datePublished\":\"2017-05-25T07:51:36+00:00\",\"dateModified\":\"2017-05-25T07:51:36+00:00\",\"description\":\"Bine ati venit pe pagina oficiala a Primariei Magdacesti.\",\"breadcrumb\":{\"@id\":\"https:\/\/magdacesti.md\/?p=1922#breadcrumb\"},\"inLanguage\":\"en-US\",\"potentialAction\":[{\"@type\":\"ReadAction\",\"target\":[\"https:\/\/magdacesti.md\/?p=1922\"]}]},{\"@type\":\"ImageObject\",\"inLanguage\":\"en-US\",\"@id\":\"https:\/\/magdacesti.md\/?p=1922#primaryimage\",\"url\":\"https:\/\/magdacesti.md\/wp-content\/uploads\/2017\/05\/IMG_6495-1.jpg\",\"contentUrl\":\"https:\/\/magdacesti.md\/wp-content\/uploads\/2017\/05\/IMG_6495-1.jpg\"},{\"@type\":\"BreadcrumbList\",\"@id\":\"https:\/\/magdacesti.md\/?p=1922#breadcrumb\",\"itemListElement\":[{\"@type\":\"ListItem\",\"position\":1,\"name\":\"Home\",\"item\":\"https:\/\/magdacesti.md\/\"},{\"@type\":\"ListItem\",\"position\":2,\"name\":\"Lacrimi \u0219i emo\u021bii la gr\u0103dini\u021ba &#8220;Floricica&#8221; din s. M\u0103gd\u0103ce\u0219ti\"}]},{\"@type\":\"WebSite\",\"@id\":\"https:\/\/magdacesti.md\/#website\",\"url\":\"https:\/\/magdacesti.md\/\",\"name\":\"M\u0103gd\u0103ce\u0219ti\",\"description\":\"Un or\u0103\u0219el cu condi\u021bii decente de trai!\",\"publisher\":{\"@id\":\"https:\/\/magdacesti.md\/#organization\"},\"potentialAction\":[{\"@type\":\"SearchAction\",\"target\":{\"@type\":\"EntryPoint\",\"urlTemplate\":\"https:\/\/magdacesti.md\/?s={search_term_string}\"},\"query-input\":\"required name=search_term_string\"}],\"inLanguage\":\"en-US\"},{\"@type\":\"Organization\",\"@id\":\"https:\/\/magdacesti.md\/#organization\",\"name\":\"M\u0103gd\u0103ce\u0219ti\",\"url\":\"https:\/\/magdacesti.md\/\",\"logo\":{\"@type\":\"ImageObject\",\"inLanguage\":\"en-US\",\"@id\":\"https:\/\/magdacesti.md\/#\/schema\/logo\/image\/\",\"url\":\"https:\/\/magdacesti.md\/wp-content\/uploads\/2021\/03\/Foto-514-scaled.jpg\",\"contentUrl\":\"https:\/\/magdacesti.md\/wp-content\/uploads\/2021\/03\/Foto-514-scaled.jpg\",\"width\":2560,\"height\":1707,\"caption\":\"M\u0103gd\u0103ce\u0219ti\"},\"image\":{\"@id\":\"https:\/\/magdacesti.md\/#\/schema\/logo\/image\/\"},\"sameAs\":[\"https:\/\/www.facebook.com\/magdacesti.md\/\"]},{\"@type\":\"Person\",\"@id\":\"https:\/\/magdacesti.md\/#\/schema\/person\/ee6a6d0a5f0b0cb676ac992c8e414842\",\"name\":\"magdacesti\",\"sameAs\":[\"https:\/\/magdacesti.md\"],\"url\":\"https:\/\/magdacesti.md\/?author=1\"}]}<\/script>\n<!-- \/ Yoast SEO plugin. -->","yoast_head_json":{"title":"Lacrimi \u0219i emo\u021bii la gr\u0103dini\u021ba \"Floricica\" din s. M\u0103gd\u0103ce\u0219ti - M\u0103gd\u0103ce\u0219ti","description":"Bine ati venit pe pagina oficiala a Primariei Magdacesti.","robots":{"index":"index","follow":"follow","max-snippet":"max-snippet:-1","max-image-preview":"max-image-preview:large","max-video-preview":"max-video-preview:-1"},"canonical":"https:\/\/magdacesti.md\/?p=1922","og_locale":"en_US","og_type":"article","og_title":"Lacrimi \u0219i emo\u021bii la gr\u0103dini\u021ba \"Floricica\" din s. M\u0103gd\u0103ce\u0219ti - M\u0103gd\u0103ce\u0219ti","og_description":"Bine ati venit pe pagina oficiala a Primariei Magdacesti.","og_url":"https:\/\/magdacesti.md\/?p=1922","og_site_name":"M\u0103gd\u0103ce\u0219ti","article_publisher":"https:\/\/www.facebook.com\/magdacesti.md\/","article_published_time":"2017-05-25T07:51:36+00:00","og_image":[{"url":"https:\/\/magdacesti.md\/wp-content\/uploads\/2017\/05\/IMG_6495-1.jpg"}],"author":"magdacesti","twitter_card":"summary_large_image","twitter_misc":{"Written by":"magdacesti","Est. reading time":"2 minutes"},"schema":{"@context":"https:\/\/schema.org","@graph":[{"@type":"Article","@id":"https:\/\/magdacesti.md\/?p=1922#article","isPartOf":{"@id":"https:\/\/magdacesti.md\/?p=1922"},"author":{"name":"magdacesti","@id":"https:\/\/magdacesti.md\/#\/schema\/person\/ee6a6d0a5f0b0cb676ac992c8e414842"},"headline":"Lacrimi \u0219i emo\u021bii la gr\u0103dini\u021ba &#8220;Floricica&#8221; din s. M\u0103gd\u0103ce\u0219ti","datePublished":"2017-05-25T07:51:36+00:00","dateModified":"2017-05-25T07:51:36+00:00","mainEntityOfPage":{"@id":"https:\/\/magdacesti.md\/?p=1922"},"wordCount":497,"publisher":{"@id":"https:\/\/magdacesti.md\/#organization"},"image":{"@id":"https:\/\/magdacesti.md\/?p=1922#primaryimage"},"thumbnailUrl":"https:\/\/magdacesti.md\/wp-content\/uploads\/2017\/05\/IMG_6495-1.jpg","articleSection":["Stiri"],"inLanguage":"en-US"},{"@type":"WebPage","@id":"https:\/\/magdacesti.md\/?p=1922","url":"https:\/\/magdacesti.md\/?p=1922","name":"Lacrimi \u0219i emo\u021bii la gr\u0103dini\u021ba \"Floricica\" din s. M\u0103gd\u0103ce\u0219ti - M\u0103gd\u0103ce\u0219ti","isPartOf":{"@id":"https:\/\/magdacesti.md\/#website"},"primaryImageOfPage":{"@id":"https:\/\/magdacesti.md\/?p=1922#primaryimage"},"image":{"@id":"https:\/\/magdacesti.md\/?p=1922#primaryimage"},"thumbnailUrl":"https:\/\/magdacesti.md\/wp-content\/uploads\/2017\/05\/IMG_6495-1.jpg","datePublished":"2017-05-25T07:51:36+00:00","dateModified":"2017-05-25T07:51:36+00:00","description":"Bine ati venit pe pagina oficiala a Primariei Magdacesti.","breadcrumb":{"@id":"https:\/\/magdacesti.md\/?p=1922#breadcrumb"},"inLanguage":"en-US","potentialAction":[{"@type":"ReadAction","target":["https:\/\/magdacesti.md\/?p=1922"]}]},{"@type":"ImageObject","inLanguage":"en-US","@id":"https:\/\/magdacesti.md\/?p=1922#primaryimage","url":"https:\/\/magdacesti.md\/wp-content\/uploads\/2017\/05\/IMG_6495-1.jpg","contentUrl":"https:\/\/magdacesti.md\/wp-content\/uploads\/2017\/05\/IMG_6495-1.jpg"},{"@type":"BreadcrumbList","@id":"https:\/\/magdacesti.md\/?p=1922#breadcrumb","itemListElement":[{"@type":"ListItem","position":1,"name":"Home","item":"https:\/\/magdacesti.md\/"},{"@type":"ListItem","position":2,"name":"Lacrimi \u0219i emo\u021bii la gr\u0103dini\u021ba &#8220;Floricica&#8221; din s. M\u0103gd\u0103ce\u0219ti"}]},{"@type":"WebSite","@id":"https:\/\/magdacesti.md\/#website","url":"https:\/\/magdacesti.md\/","name":"M\u0103gd\u0103ce\u0219ti","description":"Un or\u0103\u0219el cu condi\u021bii decente de trai!","publisher":{"@id":"https:\/\/magdacesti.md\/#organization"},"potentialAction":[{"@type":"SearchAction","target":{"@type":"EntryPoint","urlTemplate":"https:\/\/magdacesti.md\/?s={search_term_string}"},"query-input":"required name=search_term_string"}],"inLanguage":"en-US"},{"@type":"Organization","@id":"https:\/\/magdacesti.md\/#organization","name":"M\u0103gd\u0103ce\u0219ti","url":"https:\/\/magdacesti.md\/","logo":{"@type":"ImageObject","inLanguage":"en-US","@id":"https:\/\/magdacesti.md\/#\/schema\/logo\/image\/","url":"https:\/\/magdacesti.md\/wp-content\/uploads\/2021\/03\/Foto-514-scaled.jpg","contentUrl":"https:\/\/magdacesti.md\/wp-content\/uploads\/2021\/03\/Foto-514-scaled.jpg","width":2560,"height":1707,"caption":"M\u0103gd\u0103ce\u0219ti"},"image":{"@id":"https:\/\/magdacesti.md\/#\/schema\/logo\/image\/"},"sameAs":["https:\/\/www.facebook.com\/magdacesti.md\/"]},{"@type":"Person","@id":"https:\/\/magdacesti.md\/#\/schema\/person\/ee6a6d0a5f0b0cb676ac992c8e414842","name":"magdacesti","sameAs":["https:\/\/magdacesti.md"],"url":"https:\/\/magdacesti.md\/?author=1"}]}},"_links":{"self":[{"href":"https:\/\/magdacesti.md\/index.php?rest_route=\/wp\/v2\/posts\/1922","targetHints":{"allow":["GET"]}}],"collection":[{"href":"https:\/\/magdacesti.md\/index.php?rest_route=\/wp\/v2\/posts"}],"about":[{"href":"https:\/\/magdacesti.md\/index.php?rest_route=\/wp\/v2\/types\/post"}],"author":[{"embeddable":true,"href":"https:\/\/magdacesti.md\/index.php?rest_route=\/wp\/v2\/users\/1"}],"replies":[{"embeddable":true,"href":"https:\/\/magdacesti.md\/index.php?rest_route=%2Fwp%2Fv2%2Fcomments&post=1922"}],"version-history":[{"count":0,"href":"https:\/\/magdacesti.md\/index.php?rest_route=\/wp\/v2\/posts\/1922\/revisions"}],"wp:attachment":[{"href":"https:\/\/magdacesti.md\/index.php?rest_route=%2Fwp%2Fv2%2Fmedia&parent=1922"}],"wp:term":[{"taxonomy":"category","embeddable":true,"href":"https:\/\/magdacesti.md\/index.php?rest_route=%2Fwp%2Fv2%2Fcategories&post=1922"},{"taxonomy":"post_tag","embeddable":true,"href":"https:\/\/magdacesti.md\/index.php?rest_route=%2Fwp%2Fv2%2Ftags&post=1922"}],"curies":[{"name":"wp","href":"https:\/\/api.w.org\/{rel}","templated":true}]}}