{"id":1945,"date":"2017-05-31T12:33:21","date_gmt":"2017-05-31T09:33:21","guid":{"rendered":"https:\/\/magdacesti.md\/?p=1945"},"modified":"2017-05-31T12:33:21","modified_gmt":"2017-05-31T09:33:21","slug":"emotii-mari-pentru-absolventi-si-bucurie-pentru-elevi","status":"publish","type":"post","link":"https:\/\/magdacesti.md\/?p=1945","title":{"rendered":"Emo\u021bii mari pentru absolven\u021bi \u0219i bucurie pentru elevi"},"content":{"rendered":"<p><strong>Ast\u0103zi a r\u0103sunat ultimul clopo\u021bel pentru elevii din toat\u0103 \u021bara. Ultimul sunet s-a dat \u0219i \u00een Liceul Teoretic M\u0103gd\u0103ce\u0219ti. Pentru unii, acesta a fost semnul \u00eenceputului unei vacan\u021be frumoase \u0219i productive, \u00eens\u0103 pentru elevii claselor a IX-a \u0219i a XII-a, acesta este \u00eenceputul sesiunii de examene de absolvire.<\/strong><\/p>\n<p><strong><img loading=\"lazy\" decoding=\"async\" class=\"alignnone\" src=\"https:\/\/magdacesti.md\/wp-content\/uploads\/2017\/05\/IMG_6750.jpg\" alt=\"\" width=\"750\" height=\"422\" \/><\/strong><\/p>\n<p><img loading=\"lazy\" decoding=\"async\" class=\"aligncenter\" src=\"https:\/\/magdacesti.md\/wp-content\/uploads\/2017\/05\/IMG_6751.jpg\" alt=\"\" width=\"750\" height=\"422\" \/><\/p>\n<p>Emo\u021biile absolvirii i-au cuprins at\u00e2t pe elevi, c\u00e2t \u0219i pe profesorii acestora, care i-au \u00eendrumat \u0219i le-au c\u0103l\u0103uzit pa\u0219ii pe perioada anilor de liceu. Festivitatea a continuat cu premierea celor care au ob\u021binut rezultate foarte bune la proiectele \u0219i activit\u0103\u021bile extracurriculare, dup\u0103 care au urmat dansuri, c\u00e2ntece \u0219i ur\u0103ri de mul\u021bumire adresate dasc\u0103lilor.<\/p>\n<p><img loading=\"lazy\" decoding=\"async\" class=\"aligncenter\" src=\"https:\/\/magdacesti.md\/wp-content\/uploads\/2017\/05\/IMG_6754.jpg\" alt=\"\" width=\"750\" height=\"422\" \/><\/p>\n<p>La final, elevii claselor a 12-a, au inaugurat un Glob al Revenirii, unde fiecare clas\u0103 absolvent\u0103 are misiunea de a las\u0103 o amintire Liceului, prin at\u00e2rnarea unui lac\u0103t cu inscrip\u021bia promo\u021biei a anului \u00een care au absolvit.<\/p>\n<p><img loading=\"lazy\" decoding=\"async\" class=\"aligncenter\" src=\"https:\/\/magdacesti.md\/wp-content\/uploads\/2017\/05\/IMG_6770.jpg\" alt=\"\" width=\"750\" height=\"422\" \/><\/p>\n<p>\u00cen Liceul Teoretic M\u0103gd\u0103ce\u0219ti \u00ee\u0219i fac studiile aproximativ 900 de elevi.<\/p>\n<p>Vacan\u021b\u0103 pl\u0103cut\u0103 copiilor \u0219i mult succes la examene absolven\u021bilor!<\/p>\n","protected":false},"excerpt":{"rendered":"<p>Ast\u0103zi a r\u0103sunat ultimul clopo\u021bel pentru elevii din toat\u0103 \u021bara. Ultimul sunet s-a dat \u0219i \u00een Liceul Teoretic M\u0103gd\u0103ce\u0219ti. Pentru unii, acesta a fost semnul \u00eenceputului unei vacan\u021be frumoase \u0219i productive, \u00eens\u0103 pentru elevii claselor a IX-a \u0219i a XII-a, acesta este \u00eenceputul sesiunii de examene de absolvire. Emo\u021biile absolvirii i-au cuprins at\u00e2t pe elevi, [&#8230;]\n","protected":false},"author":1,"featured_media":0,"comment_status":"closed","ping_status":"closed","sticky":false,"template":"","format":"standard","meta":{"ngg_post_thumbnail":0,"footnotes":""},"categories":[4],"tags":[],"class_list":["post-1945","post","type-post","status-publish","format-standard","hentry","category-stiri"],"yoast_head":"<!-- This site is optimized with the Yoast SEO plugin v23.3 - https:\/\/yoast.com\/wordpress\/plugins\/seo\/ -->\n<title>Emo\u021bii mari pentru absolven\u021bi \u0219i bucurie pentru elevi - M\u0103gd\u0103ce\u0219ti<\/title>\n<meta name=\"description\" content=\"Bine ati venit pe pagina oficiala a Primariei Magdacesti.\" \/>\n<meta name=\"robots\" content=\"index, follow, max-snippet:-1, max-image-preview:large, max-video-preview:-1\" \/>\n<link rel=\"canonical\" href=\"https:\/\/magdacesti.md\/?p=1945\" \/>\n<meta property=\"og:locale\" content=\"en_US\" \/>\n<meta property=\"og:type\" content=\"article\" \/>\n<meta property=\"og:title\" content=\"Emo\u021bii mari pentru absolven\u021bi \u0219i bucurie pentru elevi - M\u0103gd\u0103ce\u0219ti\" \/>\n<meta property=\"og:description\" content=\"Bine ati venit pe pagina oficiala a Primariei Magdacesti.\" \/>\n<meta property=\"og:url\" content=\"https:\/\/magdacesti.md\/?p=1945\" \/>\n<meta property=\"og:site_name\" content=\"M\u0103gd\u0103ce\u0219ti\" \/>\n<meta property=\"article:publisher\" content=\"https:\/\/www.facebook.com\/magdacesti.md\/\" \/>\n<meta property=\"article:published_time\" content=\"2017-05-31T09:33:21+00:00\" \/>\n<meta property=\"og:image\" content=\"https:\/\/magdacesti.md\/wp-content\/uploads\/2017\/05\/IMG_6750.jpg\" \/>\n<meta name=\"author\" content=\"magdacesti\" \/>\n<meta name=\"twitter:card\" content=\"summary_large_image\" \/>\n<meta name=\"twitter:label1\" content=\"Written by\" \/>\n\t<meta name=\"twitter:data1\" content=\"magdacesti\" \/>\n\t<meta name=\"twitter:label2\" content=\"Est. reading time\" \/>\n\t<meta name=\"twitter:data2\" content=\"1 minute\" \/>\n<script type=\"application\/ld+json\" class=\"yoast-schema-graph\">{\"@context\":\"https:\/\/schema.org\",\"@graph\":[{\"@type\":\"Article\",\"@id\":\"https:\/\/magdacesti.md\/?p=1945#article\",\"isPartOf\":{\"@id\":\"https:\/\/magdacesti.md\/?p=1945\"},\"author\":{\"name\":\"magdacesti\",\"@id\":\"https:\/\/magdacesti.md\/#\/schema\/person\/ee6a6d0a5f0b0cb676ac992c8e414842\"},\"headline\":\"Emo\u021bii mari pentru absolven\u021bi \u0219i bucurie pentru elevi\",\"datePublished\":\"2017-05-31T09:33:21+00:00\",\"dateModified\":\"2017-05-31T09:33:21+00:00\",\"mainEntityOfPage\":{\"@id\":\"https:\/\/magdacesti.md\/?p=1945\"},\"wordCount\":195,\"publisher\":{\"@id\":\"https:\/\/magdacesti.md\/#organization\"},\"image\":{\"@id\":\"https:\/\/magdacesti.md\/?p=1945#primaryimage\"},\"thumbnailUrl\":\"https:\/\/magdacesti.md\/wp-content\/uploads\/2017\/05\/IMG_6750.jpg\",\"articleSection\":[\"Stiri\"],\"inLanguage\":\"en-US\"},{\"@type\":\"WebPage\",\"@id\":\"https:\/\/magdacesti.md\/?p=1945\",\"url\":\"https:\/\/magdacesti.md\/?p=1945\",\"name\":\"Emo\u021bii mari pentru absolven\u021bi \u0219i bucurie pentru elevi - M\u0103gd\u0103ce\u0219ti\",\"isPartOf\":{\"@id\":\"https:\/\/magdacesti.md\/#website\"},\"primaryImageOfPage\":{\"@id\":\"https:\/\/magdacesti.md\/?p=1945#primaryimage\"},\"image\":{\"@id\":\"https:\/\/magdacesti.md\/?p=1945#primaryimage\"},\"thumbnailUrl\":\"https:\/\/magdacesti.md\/wp-content\/uploads\/2017\/05\/IMG_6750.jpg\",\"datePublished\":\"2017-05-31T09:33:21+00:00\",\"dateModified\":\"2017-05-31T09:33:21+00:00\",\"description\":\"Bine ati venit pe pagina oficiala a Primariei Magdacesti.\",\"breadcrumb\":{\"@id\":\"https:\/\/magdacesti.md\/?p=1945#breadcrumb\"},\"inLanguage\":\"en-US\",\"potentialAction\":[{\"@type\":\"ReadAction\",\"target\":[\"https:\/\/magdacesti.md\/?p=1945\"]}]},{\"@type\":\"ImageObject\",\"inLanguage\":\"en-US\",\"@id\":\"https:\/\/magdacesti.md\/?p=1945#primaryimage\",\"url\":\"https:\/\/magdacesti.md\/wp-content\/uploads\/2017\/05\/IMG_6750.jpg\",\"contentUrl\":\"https:\/\/magdacesti.md\/wp-content\/uploads\/2017\/05\/IMG_6750.jpg\"},{\"@type\":\"BreadcrumbList\",\"@id\":\"https:\/\/magdacesti.md\/?p=1945#breadcrumb\",\"itemListElement\":[{\"@type\":\"ListItem\",\"position\":1,\"name\":\"Home\",\"item\":\"https:\/\/magdacesti.md\/\"},{\"@type\":\"ListItem\",\"position\":2,\"name\":\"Emo\u021bii mari pentru absolven\u021bi \u0219i bucurie pentru elevi\"}]},{\"@type\":\"WebSite\",\"@id\":\"https:\/\/magdacesti.md\/#website\",\"url\":\"https:\/\/magdacesti.md\/\",\"name\":\"M\u0103gd\u0103ce\u0219ti\",\"description\":\"Un or\u0103\u0219el cu condi\u021bii decente de trai!\",\"publisher\":{\"@id\":\"https:\/\/magdacesti.md\/#organization\"},\"potentialAction\":[{\"@type\":\"SearchAction\",\"target\":{\"@type\":\"EntryPoint\",\"urlTemplate\":\"https:\/\/magdacesti.md\/?s={search_term_string}\"},\"query-input\":\"required name=search_term_string\"}],\"inLanguage\":\"en-US\"},{\"@type\":\"Organization\",\"@id\":\"https:\/\/magdacesti.md\/#organization\",\"name\":\"M\u0103gd\u0103ce\u0219ti\",\"url\":\"https:\/\/magdacesti.md\/\",\"logo\":{\"@type\":\"ImageObject\",\"inLanguage\":\"en-US\",\"@id\":\"https:\/\/magdacesti.md\/#\/schema\/logo\/image\/\",\"url\":\"https:\/\/magdacesti.md\/wp-content\/uploads\/2021\/03\/Foto-514-scaled.jpg\",\"contentUrl\":\"https:\/\/magdacesti.md\/wp-content\/uploads\/2021\/03\/Foto-514-scaled.jpg\",\"width\":2560,\"height\":1707,\"caption\":\"M\u0103gd\u0103ce\u0219ti\"},\"image\":{\"@id\":\"https:\/\/magdacesti.md\/#\/schema\/logo\/image\/\"},\"sameAs\":[\"https:\/\/www.facebook.com\/magdacesti.md\/\"]},{\"@type\":\"Person\",\"@id\":\"https:\/\/magdacesti.md\/#\/schema\/person\/ee6a6d0a5f0b0cb676ac992c8e414842\",\"name\":\"magdacesti\",\"sameAs\":[\"https:\/\/magdacesti.md\"],\"url\":\"https:\/\/magdacesti.md\/?author=1\"}]}<\/script>\n<!-- \/ Yoast SEO plugin. -->","yoast_head_json":{"title":"Emo\u021bii mari pentru absolven\u021bi \u0219i bucurie pentru elevi - M\u0103gd\u0103ce\u0219ti","description":"Bine ati venit pe pagina oficiala a Primariei Magdacesti.","robots":{"index":"index","follow":"follow","max-snippet":"max-snippet:-1","max-image-preview":"max-image-preview:large","max-video-preview":"max-video-preview:-1"},"canonical":"https:\/\/magdacesti.md\/?p=1945","og_locale":"en_US","og_type":"article","og_title":"Emo\u021bii mari pentru absolven\u021bi \u0219i bucurie pentru elevi - M\u0103gd\u0103ce\u0219ti","og_description":"Bine ati venit pe pagina oficiala a Primariei Magdacesti.","og_url":"https:\/\/magdacesti.md\/?p=1945","og_site_name":"M\u0103gd\u0103ce\u0219ti","article_publisher":"https:\/\/www.facebook.com\/magdacesti.md\/","article_published_time":"2017-05-31T09:33:21+00:00","og_image":[{"url":"https:\/\/magdacesti.md\/wp-content\/uploads\/2017\/05\/IMG_6750.jpg"}],"author":"magdacesti","twitter_card":"summary_large_image","twitter_misc":{"Written by":"magdacesti","Est. reading time":"1 minute"},"schema":{"@context":"https:\/\/schema.org","@graph":[{"@type":"Article","@id":"https:\/\/magdacesti.md\/?p=1945#article","isPartOf":{"@id":"https:\/\/magdacesti.md\/?p=1945"},"author":{"name":"magdacesti","@id":"https:\/\/magdacesti.md\/#\/schema\/person\/ee6a6d0a5f0b0cb676ac992c8e414842"},"headline":"Emo\u021bii mari pentru absolven\u021bi \u0219i bucurie pentru elevi","datePublished":"2017-05-31T09:33:21+00:00","dateModified":"2017-05-31T09:33:21+00:00","mainEntityOfPage":{"@id":"https:\/\/magdacesti.md\/?p=1945"},"wordCount":195,"publisher":{"@id":"https:\/\/magdacesti.md\/#organization"},"image":{"@id":"https:\/\/magdacesti.md\/?p=1945#primaryimage"},"thumbnailUrl":"https:\/\/magdacesti.md\/wp-content\/uploads\/2017\/05\/IMG_6750.jpg","articleSection":["Stiri"],"inLanguage":"en-US"},{"@type":"WebPage","@id":"https:\/\/magdacesti.md\/?p=1945","url":"https:\/\/magdacesti.md\/?p=1945","name":"Emo\u021bii mari pentru absolven\u021bi \u0219i bucurie pentru elevi - M\u0103gd\u0103ce\u0219ti","isPartOf":{"@id":"https:\/\/magdacesti.md\/#website"},"primaryImageOfPage":{"@id":"https:\/\/magdacesti.md\/?p=1945#primaryimage"},"image":{"@id":"https:\/\/magdacesti.md\/?p=1945#primaryimage"},"thumbnailUrl":"https:\/\/magdacesti.md\/wp-content\/uploads\/2017\/05\/IMG_6750.jpg","datePublished":"2017-05-31T09:33:21+00:00","dateModified":"2017-05-31T09:33:21+00:00","description":"Bine ati venit pe pagina oficiala a Primariei Magdacesti.","breadcrumb":{"@id":"https:\/\/magdacesti.md\/?p=1945#breadcrumb"},"inLanguage":"en-US","potentialAction":[{"@type":"ReadAction","target":["https:\/\/magdacesti.md\/?p=1945"]}]},{"@type":"ImageObject","inLanguage":"en-US","@id":"https:\/\/magdacesti.md\/?p=1945#primaryimage","url":"https:\/\/magdacesti.md\/wp-content\/uploads\/2017\/05\/IMG_6750.jpg","contentUrl":"https:\/\/magdacesti.md\/wp-content\/uploads\/2017\/05\/IMG_6750.jpg"},{"@type":"BreadcrumbList","@id":"https:\/\/magdacesti.md\/?p=1945#breadcrumb","itemListElement":[{"@type":"ListItem","position":1,"name":"Home","item":"https:\/\/magdacesti.md\/"},{"@type":"ListItem","position":2,"name":"Emo\u021bii mari pentru absolven\u021bi \u0219i bucurie pentru elevi"}]},{"@type":"WebSite","@id":"https:\/\/magdacesti.md\/#website","url":"https:\/\/magdacesti.md\/","name":"M\u0103gd\u0103ce\u0219ti","description":"Un or\u0103\u0219el cu condi\u021bii decente de trai!","publisher":{"@id":"https:\/\/magdacesti.md\/#organization"},"potentialAction":[{"@type":"SearchAction","target":{"@type":"EntryPoint","urlTemplate":"https:\/\/magdacesti.md\/?s={search_term_string}"},"query-input":"required name=search_term_string"}],"inLanguage":"en-US"},{"@type":"Organization","@id":"https:\/\/magdacesti.md\/#organization","name":"M\u0103gd\u0103ce\u0219ti","url":"https:\/\/magdacesti.md\/","logo":{"@type":"ImageObject","inLanguage":"en-US","@id":"https:\/\/magdacesti.md\/#\/schema\/logo\/image\/","url":"https:\/\/magdacesti.md\/wp-content\/uploads\/2021\/03\/Foto-514-scaled.jpg","contentUrl":"https:\/\/magdacesti.md\/wp-content\/uploads\/2021\/03\/Foto-514-scaled.jpg","width":2560,"height":1707,"caption":"M\u0103gd\u0103ce\u0219ti"},"image":{"@id":"https:\/\/magdacesti.md\/#\/schema\/logo\/image\/"},"sameAs":["https:\/\/www.facebook.com\/magdacesti.md\/"]},{"@type":"Person","@id":"https:\/\/magdacesti.md\/#\/schema\/person\/ee6a6d0a5f0b0cb676ac992c8e414842","name":"magdacesti","sameAs":["https:\/\/magdacesti.md"],"url":"https:\/\/magdacesti.md\/?author=1"}]}},"_links":{"self":[{"href":"https:\/\/magdacesti.md\/index.php?rest_route=\/wp\/v2\/posts\/1945","targetHints":{"allow":["GET"]}}],"collection":[{"href":"https:\/\/magdacesti.md\/index.php?rest_route=\/wp\/v2\/posts"}],"about":[{"href":"https:\/\/magdacesti.md\/index.php?rest_route=\/wp\/v2\/types\/post"}],"author":[{"embeddable":true,"href":"https:\/\/magdacesti.md\/index.php?rest_route=\/wp\/v2\/users\/1"}],"replies":[{"embeddable":true,"href":"https:\/\/magdacesti.md\/index.php?rest_route=%2Fwp%2Fv2%2Fcomments&post=1945"}],"version-history":[{"count":0,"href":"https:\/\/magdacesti.md\/index.php?rest_route=\/wp\/v2\/posts\/1945\/revisions"}],"wp:attachment":[{"href":"https:\/\/magdacesti.md\/index.php?rest_route=%2Fwp%2Fv2%2Fmedia&parent=1945"}],"wp:term":[{"taxonomy":"category","embeddable":true,"href":"https:\/\/magdacesti.md\/index.php?rest_route=%2Fwp%2Fv2%2Fcategories&post=1945"},{"taxonomy":"post_tag","embeddable":true,"href":"https:\/\/magdacesti.md\/index.php?rest_route=%2Fwp%2Fv2%2Ftags&post=1945"}],"curies":[{"name":"wp","href":"https:\/\/api.w.org\/{rel}","templated":true}]}}