{"id":1993,"date":"2017-06-21T14:25:49","date_gmt":"2017-06-21T11:25:49","guid":{"rendered":"https:\/\/magdacesti.md\/?p=1993"},"modified":"2017-06-21T14:25:49","modified_gmt":"2017-06-21T11:25:49","slug":"daruiti-copiilor-o-vacanta-in-siguranta","status":"publish","type":"post","link":"https:\/\/magdacesti.md\/?p=1993","title":{"rendered":"D\u0103rui\u021bi copiilor o Vacan\u021b\u0103 \u00een siguran\u021b\u0103!"},"content":{"rendered":"<p><img loading=\"lazy\" decoding=\"async\" class=\"aligncenter\" src=\"https:\/\/magdacesti.md\/wp-content\/uploads\/2017\/06\/vacanta-in-siguranta.jpg\" alt=\"\" width=\"482\" height=\"494\" \/><\/p>\n<p>Stima\u021bi p\u0103rinti, facem un apel c\u0103tre dumneavoastr\u0103 \u00een urma cazului excep\u021bional, care s-a petrecut ieri \u00een s. M\u0103gd\u0103ce\u0219ti. Amintim c\u0103 mar\u021bi 20 iunie, o feti\u021b\u0103 din localitate a disp\u0103rut de-acas\u0103. Din fericire, a fost g\u0103sit\u0103 \u0219i \u00een prezent este \u00een siguran\u021b\u0103. Venim cu rug\u0103mintea de a supraveghea copiii pe timp de vacan\u021b\u0103. Mul\u021bi dintre dumneavoastr\u0103 muncesc \u00een aceast\u0103 perioad\u0103, iar copiii r\u0103m\u00e2n singuri acas\u0103. \u00cencerca\u021bi pe c\u00e2t posibil s\u0103-i implica\u021bi \u00een diverse activit\u0103\u021bi sau l\u0103sa\u021bi-i sub supravegherea unui adult. Aloca\u021bi 2 minute pentru SIGURAN\u021aA lor trec\u00e2nd \u00een revist\u0103 urm\u0103toarele SFATURI:<\/p>\n<p>\u2022 Discuta\u021bi din nou cu copiii dumneavoastr\u0103 regulile cu privire la ce au voie s\u0103 fac\u0103 \u015fi ce s\u0103 nu fac\u0103 \u00een zona\/cartierul \u00een care locuiesc, \u00een cazul \u00een care nu sunte\u021bi prezent, \u00een special \u00een ceea ce prive\u0219te vizitele \u00een casele altor persoane.<br \/>\n1. Asigura\u021bi-v\u0103 c\u0103 \u0219tiu s\u0103 \u00ee\u0219i spun\u0103 numele complet, adresa \u015fi num\u0103rul de telefon.<br \/>\n2. Asigura\u021bi-v\u0103 c\u0103 \u0219tiu s\u0103 foloseasc\u0103 telefonul.<br \/>\n3. Asigura\u021bi-v\u0103 c\u0103 \u0219tiu ce sa fac\u0103 \u00een caz de urgenta \u015fi ca \u0219tiu s\u0103 v\u0103 g\u0103seasc\u0103 folosind telefonul mobil.<br \/>\n4. Este indicat ca cel mic s\u0103 poat\u0103 suna\/merge la un vecin de \u00eencredere \u00een cazul \u00een care \u00eei este fric\u0103, se simte amenin\u021bat sau are o urgent\u0103.<br \/>\n\u2022 \u00cenv\u0103\u021ba\u021bi copilul s\u0103 \u021bin\u0103 u\u0219a casei \u00eenchis\u0103, s\u0103 nu o deschid\u0103 sau sa vorbeasc\u0103 cu necunoscu\u021bi care sun\u0103 la u\u0219\u0103, \u00een timp ce sunt singuri acas\u0103.<br \/>\n\u2022 Asigura\u021bi-v\u0103 c\u0103 nu va spune nici unei persoane care sun\u0103 la telefon c\u0103 este singur acas\u0103.<br \/>\n\u2022 Nu v\u0103 l\u0103sa\u021bi copiii nesupraveghea\u021bi la Mall-uri, cinematografe, parcuri de distrac\u021bie, spatii de joac\u0103 sau parcuri \u2013 acestea nu sunt locuri \u00een care copiii dumneavoastr\u0103 sunt \u00een siguran\u021b\u0103.<br \/>\n\u2022 Stabili\u021bi \u00eempreun\u0103 cu copilul \u00een ce condi\u021bii are voie s\u0103 urce \u00een ma\u0219ini cu alte persoane, cunoscute sau nu.<br \/>\n\u2022 \u00cenv\u0103\u021ba\u021bi copiii s\u0103 nu se apropie atunci c\u00e2nd sunt singuri de lacuri, r\u00e2uri, canale, piscine sau orice alt\u0103 surs\u0103 de ap\u0103.<br \/>\n\u2022 Alege\u021bi-v\u0103 bonele cu grij\u0103. Cere\u021bi \u00een prealabil referin\u021be de la prieteni, membrii ai familiei, vecini de \u00eencredere. Observa\u021bi cum interac\u021bioneaz\u0103 \u015fi comunic\u0103 cu copilul \u015fi \u00eentreba\u021bi-v\u0103 copilul ce p\u0103rere are despre bon\u0103.<br \/>\n\u2022 Verifica\u021bi taberele de vacanta sau alte programe de var\u0103 \u00eenainte de a v\u0103 \u00eenscrie copilul.<br \/>\n\u2022 Asigura\u021bi-v\u0103 ca un adult \u00eei va \u00eenso\u021bi permanent \u0219i informa\u021bi-v\u0103 cu privire la activit\u0103\u021bile \u0219i excursiile pe care le vor face.<br \/>\n\u2022 Asculta\u021bi ceea ce va spun copiii \u0219i comunica\u021bi c\u00e2t mai mult cu ei. Copiii sunt cei care v\u0103 vor spune dac\u0103 totul este \u00een regul\u0103 sau nu. \u00cenv\u0103\u021ba\u021bi copiii s\u0103 recunoasc\u0103 situa\u021biile periculoase sau deranjante \u0219i repeta\u021bi cu ei modalit\u0103\u021bi de ie\u0219ire din astfel de situa\u021bii.<br \/>\n\u2022 Trebuie s\u0103 \u0219tie c\u0103 pot spune dac\u0103 ceva\/cineva le provoac\u0103 fric\u0103, confuzie, derut\u0103 sau jen\u0103.<br \/>\n\u2022 Atunci c\u00e2nd sunte\u021bi \u00een vacant\u0103 \u00eempreun\u0103 cu copilul, nu uita\u021bi:<br \/>\n\u2022 Nu l\u0103sa\u021bi copilul s\u0103 se joace nesupravegheat mai ales \u00een zonele aglomerate.<br \/>\n\u2022 \u00cenv\u0103\u021ba\u021bi-l c\u0103 are voie s\u0103 plece doar cu permisiunea dumneavoastr\u0103 \u015fi c\u0103 trebuie s\u0103 spun\u0103 \u00eentotdeauna unde \u015fi cu cine pleac\u0103.<br \/>\n\u2022 Nu-l trimite\u021bi singur la cump\u0103r\u0103turi mai ales \u00een locuri pe care nu le cunoa\u0219te.<br \/>\n\u2022Asigura\u021bi-v\u0103 c\u0103 \u0219tie numele, adresa, num\u0103rul de telefon al p\u0103rin\u021bilor \u015fi numele hotelului \u00een care st\u0103.<br \/>\n\u2022\u00cenv\u0103\u021ba\u021bi-l c\u0103, \u00een cazul \u00een care se pierde, nu trebuie sa \u00eencerce singur s\u0103-\u0219i caute p\u0103rintii.<br \/>\n\u2022Dac\u0103 s-a pierdut, \u00eenv\u0103\u021ba\u021bi-l s\u0103 apeleze la un poli\u021bist, salvamar, o v\u00e2nz\u0103toare sau un adult \u00eenso\u021bit de un copil.<br \/>\n\u2022\u00cen caz de dispari\u021bie suna\u021bi imediat la Poli\u021bie \u2013 902<br \/>\n\u2022\u00cenv\u0103\u021ba\u021bi-l s\u0103 spun\u0103 cuiva \u00een care are \u00eencredere dac\u0103 se simte speriat sau amenin\u021bat.<br \/>\n\u2022Asigura\u021bi-v\u0103 ca va spune \u00eentotdeauna NU persoanelor care, sub diferite pretexte, \u00eei cer s\u0103-l \u00eenso\u021beasc\u0103.<br \/>\n\u2022\u00cenv\u0103\u021ba\u021bi-l c\u0103 exist\u0103 \u00eentotdeauna cineva care \u00eel poate ajuta.<br \/>\nC\u00e2nd anun\u021ba\u021bi dispari\u021bia, da\u021bi c\u00e2t mai multe informa\u021bii despre copil: data na\u0219terii, \u00een\u0103l\u021bimea, greutatea, alte semne particulare, cum era \u00eembr\u0103cat \u00een ziua dispari\u021biei, la ce nume r\u0103spunde. S\u0103 le oferim copiilor no\u0219tri o vacan\u021b\u0103 \u00een siguran\u021b\u0103!<\/p>\n<p>&nbsp;<\/p>\n<p>&nbsp;<\/p>\n","protected":false},"excerpt":{"rendered":"<p>Stima\u021bi p\u0103rinti, facem un apel c\u0103tre dumneavoastr\u0103 \u00een urma cazului excep\u021bional, care s-a petrecut ieri \u00een s. M\u0103gd\u0103ce\u0219ti. Amintim c\u0103 mar\u021bi 20 iunie, o feti\u021b\u0103 din localitate a disp\u0103rut de-acas\u0103. Din fericire, a fost g\u0103sit\u0103 \u0219i \u00een prezent este \u00een siguran\u021b\u0103. Venim cu rug\u0103mintea de a supraveghea copiii pe timp de vacan\u021b\u0103. Mul\u021bi dintre dumneavoastr\u0103 [&#8230;]\n","protected":false},"author":1,"featured_media":0,"comment_status":"closed","ping_status":"closed","sticky":false,"template":"","format":"standard","meta":{"ngg_post_thumbnail":0,"footnotes":""},"categories":[4],"tags":[],"class_list":["post-1993","post","type-post","status-publish","format-standard","hentry","category-stiri"],"yoast_head":"<!-- This site is optimized with the Yoast SEO plugin v23.3 - https:\/\/yoast.com\/wordpress\/plugins\/seo\/ -->\n<title>D\u0103rui\u021bi copiilor o Vacan\u021b\u0103 \u00een siguran\u021b\u0103! - M\u0103gd\u0103ce\u0219ti<\/title>\n<meta name=\"description\" content=\"Bine ati venit pe pagina oficiala a Primariei Magdacesti.\" \/>\n<meta name=\"robots\" content=\"index, follow, max-snippet:-1, max-image-preview:large, max-video-preview:-1\" \/>\n<link rel=\"canonical\" href=\"https:\/\/magdacesti.md\/?p=1993\" \/>\n<meta property=\"og:locale\" content=\"en_US\" \/>\n<meta property=\"og:type\" content=\"article\" \/>\n<meta property=\"og:title\" content=\"D\u0103rui\u021bi copiilor o Vacan\u021b\u0103 \u00een siguran\u021b\u0103! - M\u0103gd\u0103ce\u0219ti\" \/>\n<meta property=\"og:description\" content=\"Bine ati venit pe pagina oficiala a Primariei Magdacesti.\" \/>\n<meta property=\"og:url\" content=\"https:\/\/magdacesti.md\/?p=1993\" \/>\n<meta property=\"og:site_name\" content=\"M\u0103gd\u0103ce\u0219ti\" \/>\n<meta property=\"article:publisher\" content=\"https:\/\/www.facebook.com\/magdacesti.md\/\" \/>\n<meta property=\"article:published_time\" content=\"2017-06-21T11:25:49+00:00\" \/>\n<meta property=\"og:image\" content=\"https:\/\/magdacesti.md\/wp-content\/uploads\/2017\/06\/vacanta-in-siguranta.jpg\" \/>\n<meta name=\"author\" content=\"magdacesti\" \/>\n<meta name=\"twitter:card\" content=\"summary_large_image\" \/>\n<meta name=\"twitter:label1\" content=\"Written by\" \/>\n\t<meta name=\"twitter:data1\" content=\"magdacesti\" \/>\n\t<meta name=\"twitter:label2\" content=\"Est. reading time\" \/>\n\t<meta name=\"twitter:data2\" content=\"4 minutes\" \/>\n<script type=\"application\/ld+json\" class=\"yoast-schema-graph\">{\"@context\":\"https:\/\/schema.org\",\"@graph\":[{\"@type\":\"Article\",\"@id\":\"https:\/\/magdacesti.md\/?p=1993#article\",\"isPartOf\":{\"@id\":\"https:\/\/magdacesti.md\/?p=1993\"},\"author\":{\"name\":\"magdacesti\",\"@id\":\"https:\/\/magdacesti.md\/#\/schema\/person\/ee6a6d0a5f0b0cb676ac992c8e414842\"},\"headline\":\"D\u0103rui\u021bi copiilor o Vacan\u021b\u0103 \u00een siguran\u021b\u0103!\",\"datePublished\":\"2017-06-21T11:25:49+00:00\",\"dateModified\":\"2017-06-21T11:25:49+00:00\",\"mainEntityOfPage\":{\"@id\":\"https:\/\/magdacesti.md\/?p=1993\"},\"wordCount\":760,\"publisher\":{\"@id\":\"https:\/\/magdacesti.md\/#organization\"},\"image\":{\"@id\":\"https:\/\/magdacesti.md\/?p=1993#primaryimage\"},\"thumbnailUrl\":\"https:\/\/magdacesti.md\/wp-content\/uploads\/2017\/06\/vacanta-in-siguranta.jpg\",\"articleSection\":[\"Stiri\"],\"inLanguage\":\"en-US\"},{\"@type\":\"WebPage\",\"@id\":\"https:\/\/magdacesti.md\/?p=1993\",\"url\":\"https:\/\/magdacesti.md\/?p=1993\",\"name\":\"D\u0103rui\u021bi copiilor o Vacan\u021b\u0103 \u00een siguran\u021b\u0103! - M\u0103gd\u0103ce\u0219ti\",\"isPartOf\":{\"@id\":\"https:\/\/magdacesti.md\/#website\"},\"primaryImageOfPage\":{\"@id\":\"https:\/\/magdacesti.md\/?p=1993#primaryimage\"},\"image\":{\"@id\":\"https:\/\/magdacesti.md\/?p=1993#primaryimage\"},\"thumbnailUrl\":\"https:\/\/magdacesti.md\/wp-content\/uploads\/2017\/06\/vacanta-in-siguranta.jpg\",\"datePublished\":\"2017-06-21T11:25:49+00:00\",\"dateModified\":\"2017-06-21T11:25:49+00:00\",\"description\":\"Bine ati venit pe pagina oficiala a Primariei Magdacesti.\",\"breadcrumb\":{\"@id\":\"https:\/\/magdacesti.md\/?p=1993#breadcrumb\"},\"inLanguage\":\"en-US\",\"potentialAction\":[{\"@type\":\"ReadAction\",\"target\":[\"https:\/\/magdacesti.md\/?p=1993\"]}]},{\"@type\":\"ImageObject\",\"inLanguage\":\"en-US\",\"@id\":\"https:\/\/magdacesti.md\/?p=1993#primaryimage\",\"url\":\"https:\/\/magdacesti.md\/wp-content\/uploads\/2017\/06\/vacanta-in-siguranta.jpg\",\"contentUrl\":\"https:\/\/magdacesti.md\/wp-content\/uploads\/2017\/06\/vacanta-in-siguranta.jpg\"},{\"@type\":\"BreadcrumbList\",\"@id\":\"https:\/\/magdacesti.md\/?p=1993#breadcrumb\",\"itemListElement\":[{\"@type\":\"ListItem\",\"position\":1,\"name\":\"Home\",\"item\":\"https:\/\/magdacesti.md\/\"},{\"@type\":\"ListItem\",\"position\":2,\"name\":\"D\u0103rui\u021bi copiilor o Vacan\u021b\u0103 \u00een siguran\u021b\u0103!\"}]},{\"@type\":\"WebSite\",\"@id\":\"https:\/\/magdacesti.md\/#website\",\"url\":\"https:\/\/magdacesti.md\/\",\"name\":\"M\u0103gd\u0103ce\u0219ti\",\"description\":\"Un or\u0103\u0219el cu condi\u021bii decente de trai!\",\"publisher\":{\"@id\":\"https:\/\/magdacesti.md\/#organization\"},\"potentialAction\":[{\"@type\":\"SearchAction\",\"target\":{\"@type\":\"EntryPoint\",\"urlTemplate\":\"https:\/\/magdacesti.md\/?s={search_term_string}\"},\"query-input\":\"required name=search_term_string\"}],\"inLanguage\":\"en-US\"},{\"@type\":\"Organization\",\"@id\":\"https:\/\/magdacesti.md\/#organization\",\"name\":\"M\u0103gd\u0103ce\u0219ti\",\"url\":\"https:\/\/magdacesti.md\/\",\"logo\":{\"@type\":\"ImageObject\",\"inLanguage\":\"en-US\",\"@id\":\"https:\/\/magdacesti.md\/#\/schema\/logo\/image\/\",\"url\":\"https:\/\/magdacesti.md\/wp-content\/uploads\/2021\/03\/Foto-514-scaled.jpg\",\"contentUrl\":\"https:\/\/magdacesti.md\/wp-content\/uploads\/2021\/03\/Foto-514-scaled.jpg\",\"width\":2560,\"height\":1707,\"caption\":\"M\u0103gd\u0103ce\u0219ti\"},\"image\":{\"@id\":\"https:\/\/magdacesti.md\/#\/schema\/logo\/image\/\"},\"sameAs\":[\"https:\/\/www.facebook.com\/magdacesti.md\/\"]},{\"@type\":\"Person\",\"@id\":\"https:\/\/magdacesti.md\/#\/schema\/person\/ee6a6d0a5f0b0cb676ac992c8e414842\",\"name\":\"magdacesti\",\"sameAs\":[\"https:\/\/magdacesti.md\"],\"url\":\"https:\/\/magdacesti.md\/?author=1\"}]}<\/script>\n<!-- \/ Yoast SEO plugin. -->","yoast_head_json":{"title":"D\u0103rui\u021bi copiilor o Vacan\u021b\u0103 \u00een siguran\u021b\u0103! - M\u0103gd\u0103ce\u0219ti","description":"Bine ati venit pe pagina oficiala a Primariei Magdacesti.","robots":{"index":"index","follow":"follow","max-snippet":"max-snippet:-1","max-image-preview":"max-image-preview:large","max-video-preview":"max-video-preview:-1"},"canonical":"https:\/\/magdacesti.md\/?p=1993","og_locale":"en_US","og_type":"article","og_title":"D\u0103rui\u021bi copiilor o Vacan\u021b\u0103 \u00een siguran\u021b\u0103! - M\u0103gd\u0103ce\u0219ti","og_description":"Bine ati venit pe pagina oficiala a Primariei Magdacesti.","og_url":"https:\/\/magdacesti.md\/?p=1993","og_site_name":"M\u0103gd\u0103ce\u0219ti","article_publisher":"https:\/\/www.facebook.com\/magdacesti.md\/","article_published_time":"2017-06-21T11:25:49+00:00","og_image":[{"url":"https:\/\/magdacesti.md\/wp-content\/uploads\/2017\/06\/vacanta-in-siguranta.jpg"}],"author":"magdacesti","twitter_card":"summary_large_image","twitter_misc":{"Written by":"magdacesti","Est. reading time":"4 minutes"},"schema":{"@context":"https:\/\/schema.org","@graph":[{"@type":"Article","@id":"https:\/\/magdacesti.md\/?p=1993#article","isPartOf":{"@id":"https:\/\/magdacesti.md\/?p=1993"},"author":{"name":"magdacesti","@id":"https:\/\/magdacesti.md\/#\/schema\/person\/ee6a6d0a5f0b0cb676ac992c8e414842"},"headline":"D\u0103rui\u021bi copiilor o Vacan\u021b\u0103 \u00een siguran\u021b\u0103!","datePublished":"2017-06-21T11:25:49+00:00","dateModified":"2017-06-21T11:25:49+00:00","mainEntityOfPage":{"@id":"https:\/\/magdacesti.md\/?p=1993"},"wordCount":760,"publisher":{"@id":"https:\/\/magdacesti.md\/#organization"},"image":{"@id":"https:\/\/magdacesti.md\/?p=1993#primaryimage"},"thumbnailUrl":"https:\/\/magdacesti.md\/wp-content\/uploads\/2017\/06\/vacanta-in-siguranta.jpg","articleSection":["Stiri"],"inLanguage":"en-US"},{"@type":"WebPage","@id":"https:\/\/magdacesti.md\/?p=1993","url":"https:\/\/magdacesti.md\/?p=1993","name":"D\u0103rui\u021bi copiilor o Vacan\u021b\u0103 \u00een siguran\u021b\u0103! - M\u0103gd\u0103ce\u0219ti","isPartOf":{"@id":"https:\/\/magdacesti.md\/#website"},"primaryImageOfPage":{"@id":"https:\/\/magdacesti.md\/?p=1993#primaryimage"},"image":{"@id":"https:\/\/magdacesti.md\/?p=1993#primaryimage"},"thumbnailUrl":"https:\/\/magdacesti.md\/wp-content\/uploads\/2017\/06\/vacanta-in-siguranta.jpg","datePublished":"2017-06-21T11:25:49+00:00","dateModified":"2017-06-21T11:25:49+00:00","description":"Bine ati venit pe pagina oficiala a Primariei Magdacesti.","breadcrumb":{"@id":"https:\/\/magdacesti.md\/?p=1993#breadcrumb"},"inLanguage":"en-US","potentialAction":[{"@type":"ReadAction","target":["https:\/\/magdacesti.md\/?p=1993"]}]},{"@type":"ImageObject","inLanguage":"en-US","@id":"https:\/\/magdacesti.md\/?p=1993#primaryimage","url":"https:\/\/magdacesti.md\/wp-content\/uploads\/2017\/06\/vacanta-in-siguranta.jpg","contentUrl":"https:\/\/magdacesti.md\/wp-content\/uploads\/2017\/06\/vacanta-in-siguranta.jpg"},{"@type":"BreadcrumbList","@id":"https:\/\/magdacesti.md\/?p=1993#breadcrumb","itemListElement":[{"@type":"ListItem","position":1,"name":"Home","item":"https:\/\/magdacesti.md\/"},{"@type":"ListItem","position":2,"name":"D\u0103rui\u021bi copiilor o Vacan\u021b\u0103 \u00een siguran\u021b\u0103!"}]},{"@type":"WebSite","@id":"https:\/\/magdacesti.md\/#website","url":"https:\/\/magdacesti.md\/","name":"M\u0103gd\u0103ce\u0219ti","description":"Un or\u0103\u0219el cu condi\u021bii decente de trai!","publisher":{"@id":"https:\/\/magdacesti.md\/#organization"},"potentialAction":[{"@type":"SearchAction","target":{"@type":"EntryPoint","urlTemplate":"https:\/\/magdacesti.md\/?s={search_term_string}"},"query-input":"required name=search_term_string"}],"inLanguage":"en-US"},{"@type":"Organization","@id":"https:\/\/magdacesti.md\/#organization","name":"M\u0103gd\u0103ce\u0219ti","url":"https:\/\/magdacesti.md\/","logo":{"@type":"ImageObject","inLanguage":"en-US","@id":"https:\/\/magdacesti.md\/#\/schema\/logo\/image\/","url":"https:\/\/magdacesti.md\/wp-content\/uploads\/2021\/03\/Foto-514-scaled.jpg","contentUrl":"https:\/\/magdacesti.md\/wp-content\/uploads\/2021\/03\/Foto-514-scaled.jpg","width":2560,"height":1707,"caption":"M\u0103gd\u0103ce\u0219ti"},"image":{"@id":"https:\/\/magdacesti.md\/#\/schema\/logo\/image\/"},"sameAs":["https:\/\/www.facebook.com\/magdacesti.md\/"]},{"@type":"Person","@id":"https:\/\/magdacesti.md\/#\/schema\/person\/ee6a6d0a5f0b0cb676ac992c8e414842","name":"magdacesti","sameAs":["https:\/\/magdacesti.md"],"url":"https:\/\/magdacesti.md\/?author=1"}]}},"_links":{"self":[{"href":"https:\/\/magdacesti.md\/index.php?rest_route=\/wp\/v2\/posts\/1993","targetHints":{"allow":["GET"]}}],"collection":[{"href":"https:\/\/magdacesti.md\/index.php?rest_route=\/wp\/v2\/posts"}],"about":[{"href":"https:\/\/magdacesti.md\/index.php?rest_route=\/wp\/v2\/types\/post"}],"author":[{"embeddable":true,"href":"https:\/\/magdacesti.md\/index.php?rest_route=\/wp\/v2\/users\/1"}],"replies":[{"embeddable":true,"href":"https:\/\/magdacesti.md\/index.php?rest_route=%2Fwp%2Fv2%2Fcomments&post=1993"}],"version-history":[{"count":0,"href":"https:\/\/magdacesti.md\/index.php?rest_route=\/wp\/v2\/posts\/1993\/revisions"}],"wp:attachment":[{"href":"https:\/\/magdacesti.md\/index.php?rest_route=%2Fwp%2Fv2%2Fmedia&parent=1993"}],"wp:term":[{"taxonomy":"category","embeddable":true,"href":"https:\/\/magdacesti.md\/index.php?rest_route=%2Fwp%2Fv2%2Fcategories&post=1993"},{"taxonomy":"post_tag","embeddable":true,"href":"https:\/\/magdacesti.md\/index.php?rest_route=%2Fwp%2Fv2%2Ftags&post=1993"}],"curies":[{"name":"wp","href":"https:\/\/api.w.org\/{rel}","templated":true}]}}