{"id":2072,"date":"2017-07-18T12:34:34","date_gmt":"2017-07-18T09:34:34","guid":{"rendered":"https:\/\/magdacesti.md\/?p=2072"},"modified":"2017-07-18T12:34:34","modified_gmt":"2017-07-18T09:34:34","slug":"complexul-sportiv-magdacesti-visul-intregii-localitati","status":"publish","type":"post","link":"https:\/\/magdacesti.md\/?p=2072","title":{"rendered":"Complexul Sportiv M\u0103gd\u0103ce\u0219ti- visul \u00eentregii localit\u0103\u021bi"},"content":{"rendered":"<div id=\"js_9bu\" class=\"_5pbx userContent\" data-ft=\"{&quot;tn&quot;:&quot;K&quot;}\">\n<div id=\"id_596db968df8543e70892209\" class=\"text_exposed_root text_exposed\">\n<p>&nbsp;<\/p>\n<p><strong>Primarul s. M\u0103gd\u0103ce\u0219ti, Liuba Cojocaru a f\u0103cut public\u0103 schi\u021ba \u00een format 3D a Complexului Sportiv.<\/strong><\/p>\n<p><img loading=\"lazy\" decoding=\"async\" class=\"aligncenter\" src=\"https:\/\/magdacesti.md\/wp-content\/uploads\/2017\/07\/vid-051.jpg\" alt=\"\" width=\"713\" height=\"700\" \/><\/p>\n<p>Acest proiect este unul grandios, pe care doamna primar \u00eel are bifat \u00een agend\u0103, \u00eenc\u0103 de la primul mandat. Construc\u021bia este o necesitate \u00een localitate, deoarece satul este t\u00e2n\u0103r, iar num\u0103rul popula\u021biei \u00een continu\u0103 cre\u0219tere.<\/p>\n<p>Pentru acest edificiu este prev\u0103zut un teren cu o suprafa\u021b\u0103 de ~ 2 hectare \u0219i va cuprinde:<br \/>\n-Un Stadion de fotbal performant, cu tribune<br \/>\n-Teren de antrenament\u00a0<span class=\"text_exposed_show\">pentru atletism cu dot\u0103rile aferente <\/span><\/p>\n<p><span class=\"text_exposed_show\">-Sala de sport pentru antrenamente \u00een sezonul rece<br \/>\n&#8211; Un teren de fotbal pentru copii, cu gazon artificial<br \/>\n&#8211; Casa de Cultur\u0103.\u00a0<\/span><\/p>\n<p><span class=\"text_exposed_show\"><img loading=\"lazy\" decoding=\"async\" class=\"aligncenter\" src=\"https:\/\/magdacesti.md\/wp-content\/uploads\/2017\/07\/v1a.jpg\" alt=\"\" width=\"690\" height=\"630\" \/><\/span><\/p>\n<p><span class=\"text_exposed_show\"><img loading=\"lazy\" decoding=\"async\" class=\"aligncenter\" src=\"https:\/\/magdacesti.md\/wp-content\/uploads\/2017\/07\/v6.jpg\" alt=\"\" width=\"684\" height=\"624\" \/><\/span><\/p>\n<p><span class=\"text_exposed_show\"><img loading=\"lazy\" decoding=\"async\" class=\"aligncenter\" src=\"https:\/\/magdacesti.md\/wp-content\/uploads\/2017\/07\/vid-02.jpg\" alt=\"\" width=\"683\" height=\"298\" \/><\/span><\/p>\n<p><span class=\"text_exposed_show\"><img loading=\"lazy\" decoding=\"async\" class=\"aligncenter\" src=\"https:\/\/magdacesti.md\/wp-content\/uploads\/2017\/07\/vid-06.jpg\" alt=\"\" width=\"615\" height=\"604\" \/><\/span><\/p>\n<p><span class=\"text_exposed_show\"><img loading=\"lazy\" decoding=\"async\" class=\"aligncenter\" src=\"https:\/\/magdacesti.md\/wp-content\/uploads\/2017\/07\/top1bw.jpg\" alt=\"\" width=\"658\" height=\"527\" \/><br \/>\nConstruc\u021bia Complexului Sportiv este foarte costisitoare, de aceea administra\u021bia public\u0103 local\u0103 este \u00een c\u0103utare de\u00a0 finan\u021batori, ca proiectul s\u0103 nu fie doar pe h\u00e2rtie, ci \u0219i \u00een realitate.<br \/>\n<\/span><\/p>\n<\/div>\n<\/div>\n<div class=\"_3x-2\"><\/div>\n<p>&nbsp;<\/p>\n<p>&nbsp;<\/p>\n<p>&nbsp;<\/p>\n<p>&nbsp;<\/p>\n<p>&nbsp;<\/p>\n<p>&nbsp;<\/p>\n<p>&nbsp;<\/p>\n<p>&nbsp;<\/p>\n<p>&nbsp;<\/p>\n<p>&nbsp;<\/p>\n<p>&nbsp;<\/p>\n<p>&nbsp;<\/p>\n<p>&nbsp;<\/p>\n<p>&nbsp;<\/p>\n<p>&nbsp;<\/p>\n<p>&nbsp;<\/p>\n<p>&nbsp;<\/p>\n<p>&nbsp;<\/p>\n<p>&nbsp;<\/p>\n<p>&nbsp;<\/p>\n<p>&nbsp;<\/p>\n<p>&nbsp;<\/p>\n<p>&nbsp;<\/p>\n<p>&nbsp;<\/p>\n<p>&nbsp;<\/p>\n<p>&nbsp;<\/p>\n<p>&nbsp;<\/p>\n<p>&nbsp;<\/p>\n<p>&nbsp;<\/p>\n<p>&nbsp;<\/p>\n<p>&nbsp;<\/p>\n<p>&nbsp;<\/p>\n<p>&nbsp;<\/p>\n","protected":false},"excerpt":{"rendered":"<p>&nbsp; Primarul s. M\u0103gd\u0103ce\u0219ti, Liuba Cojocaru a f\u0103cut public\u0103 schi\u021ba \u00een format 3D a Complexului Sportiv. Acest proiect este unul grandios, pe care doamna primar \u00eel are bifat \u00een agend\u0103, \u00eenc\u0103 de la primul mandat. Construc\u021bia este o necesitate \u00een localitate, deoarece satul este t\u00e2n\u0103r, iar num\u0103rul popula\u021biei \u00een continu\u0103 cre\u0219tere. Pentru acest edificiu este [&#8230;]\n","protected":false},"author":1,"featured_media":0,"comment_status":"closed","ping_status":"closed","sticky":false,"template":"","format":"standard","meta":{"ngg_post_thumbnail":0,"footnotes":""},"categories":[4],"tags":[],"class_list":["post-2072","post","type-post","status-publish","format-standard","hentry","category-stiri"],"yoast_head":"<!-- This site is optimized with the Yoast SEO plugin v23.3 - https:\/\/yoast.com\/wordpress\/plugins\/seo\/ -->\n<title>Complexul Sportiv M\u0103gd\u0103ce\u0219ti- visul \u00eentregii localit\u0103\u021bi - M\u0103gd\u0103ce\u0219ti<\/title>\n<meta name=\"description\" content=\"Bine ati venit pe pagina oficiala a Primariei Magdacesti.\" \/>\n<meta name=\"robots\" content=\"index, follow, max-snippet:-1, max-image-preview:large, max-video-preview:-1\" \/>\n<link rel=\"canonical\" href=\"https:\/\/magdacesti.md\/?p=2072\" \/>\n<meta property=\"og:locale\" content=\"en_US\" \/>\n<meta property=\"og:type\" content=\"article\" \/>\n<meta property=\"og:title\" content=\"Complexul Sportiv M\u0103gd\u0103ce\u0219ti- visul \u00eentregii localit\u0103\u021bi - M\u0103gd\u0103ce\u0219ti\" \/>\n<meta property=\"og:description\" content=\"Bine ati venit pe pagina oficiala a Primariei Magdacesti.\" \/>\n<meta property=\"og:url\" content=\"https:\/\/magdacesti.md\/?p=2072\" \/>\n<meta property=\"og:site_name\" content=\"M\u0103gd\u0103ce\u0219ti\" \/>\n<meta property=\"article:publisher\" content=\"https:\/\/www.facebook.com\/magdacesti.md\/\" \/>\n<meta property=\"article:published_time\" content=\"2017-07-18T09:34:34+00:00\" \/>\n<meta property=\"og:image\" content=\"https:\/\/magdacesti.md\/wp-content\/uploads\/2017\/07\/vid-051.jpg\" \/>\n<meta name=\"author\" content=\"magdacesti\" \/>\n<meta name=\"twitter:card\" content=\"summary_large_image\" \/>\n<meta name=\"twitter:label1\" content=\"Written by\" \/>\n\t<meta name=\"twitter:data1\" content=\"magdacesti\" \/>\n\t<meta name=\"twitter:label2\" content=\"Est. reading time\" \/>\n\t<meta name=\"twitter:data2\" content=\"1 minute\" \/>\n<script type=\"application\/ld+json\" class=\"yoast-schema-graph\">{\"@context\":\"https:\/\/schema.org\",\"@graph\":[{\"@type\":\"Article\",\"@id\":\"https:\/\/magdacesti.md\/?p=2072#article\",\"isPartOf\":{\"@id\":\"https:\/\/magdacesti.md\/?p=2072\"},\"author\":{\"name\":\"magdacesti\",\"@id\":\"https:\/\/magdacesti.md\/#\/schema\/person\/ee6a6d0a5f0b0cb676ac992c8e414842\"},\"headline\":\"Complexul Sportiv M\u0103gd\u0103ce\u0219ti- visul \u00eentregii localit\u0103\u021bi\",\"datePublished\":\"2017-07-18T09:34:34+00:00\",\"dateModified\":\"2017-07-18T09:34:34+00:00\",\"mainEntityOfPage\":{\"@id\":\"https:\/\/magdacesti.md\/?p=2072\"},\"wordCount\":192,\"publisher\":{\"@id\":\"https:\/\/magdacesti.md\/#organization\"},\"image\":{\"@id\":\"https:\/\/magdacesti.md\/?p=2072#primaryimage\"},\"thumbnailUrl\":\"https:\/\/magdacesti.md\/wp-content\/uploads\/2017\/07\/vid-051.jpg\",\"articleSection\":[\"Stiri\"],\"inLanguage\":\"en-US\"},{\"@type\":\"WebPage\",\"@id\":\"https:\/\/magdacesti.md\/?p=2072\",\"url\":\"https:\/\/magdacesti.md\/?p=2072\",\"name\":\"Complexul Sportiv M\u0103gd\u0103ce\u0219ti- visul \u00eentregii localit\u0103\u021bi - M\u0103gd\u0103ce\u0219ti\",\"isPartOf\":{\"@id\":\"https:\/\/magdacesti.md\/#website\"},\"primaryImageOfPage\":{\"@id\":\"https:\/\/magdacesti.md\/?p=2072#primaryimage\"},\"image\":{\"@id\":\"https:\/\/magdacesti.md\/?p=2072#primaryimage\"},\"thumbnailUrl\":\"https:\/\/magdacesti.md\/wp-content\/uploads\/2017\/07\/vid-051.jpg\",\"datePublished\":\"2017-07-18T09:34:34+00:00\",\"dateModified\":\"2017-07-18T09:34:34+00:00\",\"description\":\"Bine ati venit pe pagina oficiala a Primariei Magdacesti.\",\"breadcrumb\":{\"@id\":\"https:\/\/magdacesti.md\/?p=2072#breadcrumb\"},\"inLanguage\":\"en-US\",\"potentialAction\":[{\"@type\":\"ReadAction\",\"target\":[\"https:\/\/magdacesti.md\/?p=2072\"]}]},{\"@type\":\"ImageObject\",\"inLanguage\":\"en-US\",\"@id\":\"https:\/\/magdacesti.md\/?p=2072#primaryimage\",\"url\":\"https:\/\/magdacesti.md\/wp-content\/uploads\/2017\/07\/vid-051.jpg\",\"contentUrl\":\"https:\/\/magdacesti.md\/wp-content\/uploads\/2017\/07\/vid-051.jpg\"},{\"@type\":\"BreadcrumbList\",\"@id\":\"https:\/\/magdacesti.md\/?p=2072#breadcrumb\",\"itemListElement\":[{\"@type\":\"ListItem\",\"position\":1,\"name\":\"Home\",\"item\":\"https:\/\/magdacesti.md\/\"},{\"@type\":\"ListItem\",\"position\":2,\"name\":\"Complexul Sportiv M\u0103gd\u0103ce\u0219ti- visul \u00eentregii localit\u0103\u021bi\"}]},{\"@type\":\"WebSite\",\"@id\":\"https:\/\/magdacesti.md\/#website\",\"url\":\"https:\/\/magdacesti.md\/\",\"name\":\"M\u0103gd\u0103ce\u0219ti\",\"description\":\"Un or\u0103\u0219el cu condi\u021bii decente de trai!\",\"publisher\":{\"@id\":\"https:\/\/magdacesti.md\/#organization\"},\"potentialAction\":[{\"@type\":\"SearchAction\",\"target\":{\"@type\":\"EntryPoint\",\"urlTemplate\":\"https:\/\/magdacesti.md\/?s={search_term_string}\"},\"query-input\":\"required name=search_term_string\"}],\"inLanguage\":\"en-US\"},{\"@type\":\"Organization\",\"@id\":\"https:\/\/magdacesti.md\/#organization\",\"name\":\"M\u0103gd\u0103ce\u0219ti\",\"url\":\"https:\/\/magdacesti.md\/\",\"logo\":{\"@type\":\"ImageObject\",\"inLanguage\":\"en-US\",\"@id\":\"https:\/\/magdacesti.md\/#\/schema\/logo\/image\/\",\"url\":\"https:\/\/magdacesti.md\/wp-content\/uploads\/2021\/03\/Foto-514-scaled.jpg\",\"contentUrl\":\"https:\/\/magdacesti.md\/wp-content\/uploads\/2021\/03\/Foto-514-scaled.jpg\",\"width\":2560,\"height\":1707,\"caption\":\"M\u0103gd\u0103ce\u0219ti\"},\"image\":{\"@id\":\"https:\/\/magdacesti.md\/#\/schema\/logo\/image\/\"},\"sameAs\":[\"https:\/\/www.facebook.com\/magdacesti.md\/\"]},{\"@type\":\"Person\",\"@id\":\"https:\/\/magdacesti.md\/#\/schema\/person\/ee6a6d0a5f0b0cb676ac992c8e414842\",\"name\":\"magdacesti\",\"sameAs\":[\"https:\/\/magdacesti.md\"],\"url\":\"https:\/\/magdacesti.md\/?author=1\"}]}<\/script>\n<!-- \/ Yoast SEO plugin. -->","yoast_head_json":{"title":"Complexul Sportiv M\u0103gd\u0103ce\u0219ti- visul \u00eentregii localit\u0103\u021bi - M\u0103gd\u0103ce\u0219ti","description":"Bine ati venit pe pagina oficiala a Primariei Magdacesti.","robots":{"index":"index","follow":"follow","max-snippet":"max-snippet:-1","max-image-preview":"max-image-preview:large","max-video-preview":"max-video-preview:-1"},"canonical":"https:\/\/magdacesti.md\/?p=2072","og_locale":"en_US","og_type":"article","og_title":"Complexul Sportiv M\u0103gd\u0103ce\u0219ti- visul \u00eentregii localit\u0103\u021bi - M\u0103gd\u0103ce\u0219ti","og_description":"Bine ati venit pe pagina oficiala a Primariei Magdacesti.","og_url":"https:\/\/magdacesti.md\/?p=2072","og_site_name":"M\u0103gd\u0103ce\u0219ti","article_publisher":"https:\/\/www.facebook.com\/magdacesti.md\/","article_published_time":"2017-07-18T09:34:34+00:00","og_image":[{"url":"https:\/\/magdacesti.md\/wp-content\/uploads\/2017\/07\/vid-051.jpg"}],"author":"magdacesti","twitter_card":"summary_large_image","twitter_misc":{"Written by":"magdacesti","Est. reading time":"1 minute"},"schema":{"@context":"https:\/\/schema.org","@graph":[{"@type":"Article","@id":"https:\/\/magdacesti.md\/?p=2072#article","isPartOf":{"@id":"https:\/\/magdacesti.md\/?p=2072"},"author":{"name":"magdacesti","@id":"https:\/\/magdacesti.md\/#\/schema\/person\/ee6a6d0a5f0b0cb676ac992c8e414842"},"headline":"Complexul Sportiv M\u0103gd\u0103ce\u0219ti- visul \u00eentregii localit\u0103\u021bi","datePublished":"2017-07-18T09:34:34+00:00","dateModified":"2017-07-18T09:34:34+00:00","mainEntityOfPage":{"@id":"https:\/\/magdacesti.md\/?p=2072"},"wordCount":192,"publisher":{"@id":"https:\/\/magdacesti.md\/#organization"},"image":{"@id":"https:\/\/magdacesti.md\/?p=2072#primaryimage"},"thumbnailUrl":"https:\/\/magdacesti.md\/wp-content\/uploads\/2017\/07\/vid-051.jpg","articleSection":["Stiri"],"inLanguage":"en-US"},{"@type":"WebPage","@id":"https:\/\/magdacesti.md\/?p=2072","url":"https:\/\/magdacesti.md\/?p=2072","name":"Complexul Sportiv M\u0103gd\u0103ce\u0219ti- visul \u00eentregii localit\u0103\u021bi - M\u0103gd\u0103ce\u0219ti","isPartOf":{"@id":"https:\/\/magdacesti.md\/#website"},"primaryImageOfPage":{"@id":"https:\/\/magdacesti.md\/?p=2072#primaryimage"},"image":{"@id":"https:\/\/magdacesti.md\/?p=2072#primaryimage"},"thumbnailUrl":"https:\/\/magdacesti.md\/wp-content\/uploads\/2017\/07\/vid-051.jpg","datePublished":"2017-07-18T09:34:34+00:00","dateModified":"2017-07-18T09:34:34+00:00","description":"Bine ati venit pe pagina oficiala a Primariei Magdacesti.","breadcrumb":{"@id":"https:\/\/magdacesti.md\/?p=2072#breadcrumb"},"inLanguage":"en-US","potentialAction":[{"@type":"ReadAction","target":["https:\/\/magdacesti.md\/?p=2072"]}]},{"@type":"ImageObject","inLanguage":"en-US","@id":"https:\/\/magdacesti.md\/?p=2072#primaryimage","url":"https:\/\/magdacesti.md\/wp-content\/uploads\/2017\/07\/vid-051.jpg","contentUrl":"https:\/\/magdacesti.md\/wp-content\/uploads\/2017\/07\/vid-051.jpg"},{"@type":"BreadcrumbList","@id":"https:\/\/magdacesti.md\/?p=2072#breadcrumb","itemListElement":[{"@type":"ListItem","position":1,"name":"Home","item":"https:\/\/magdacesti.md\/"},{"@type":"ListItem","position":2,"name":"Complexul Sportiv M\u0103gd\u0103ce\u0219ti- visul \u00eentregii localit\u0103\u021bi"}]},{"@type":"WebSite","@id":"https:\/\/magdacesti.md\/#website","url":"https:\/\/magdacesti.md\/","name":"M\u0103gd\u0103ce\u0219ti","description":"Un or\u0103\u0219el cu condi\u021bii decente de trai!","publisher":{"@id":"https:\/\/magdacesti.md\/#organization"},"potentialAction":[{"@type":"SearchAction","target":{"@type":"EntryPoint","urlTemplate":"https:\/\/magdacesti.md\/?s={search_term_string}"},"query-input":"required name=search_term_string"}],"inLanguage":"en-US"},{"@type":"Organization","@id":"https:\/\/magdacesti.md\/#organization","name":"M\u0103gd\u0103ce\u0219ti","url":"https:\/\/magdacesti.md\/","logo":{"@type":"ImageObject","inLanguage":"en-US","@id":"https:\/\/magdacesti.md\/#\/schema\/logo\/image\/","url":"https:\/\/magdacesti.md\/wp-content\/uploads\/2021\/03\/Foto-514-scaled.jpg","contentUrl":"https:\/\/magdacesti.md\/wp-content\/uploads\/2021\/03\/Foto-514-scaled.jpg","width":2560,"height":1707,"caption":"M\u0103gd\u0103ce\u0219ti"},"image":{"@id":"https:\/\/magdacesti.md\/#\/schema\/logo\/image\/"},"sameAs":["https:\/\/www.facebook.com\/magdacesti.md\/"]},{"@type":"Person","@id":"https:\/\/magdacesti.md\/#\/schema\/person\/ee6a6d0a5f0b0cb676ac992c8e414842","name":"magdacesti","sameAs":["https:\/\/magdacesti.md"],"url":"https:\/\/magdacesti.md\/?author=1"}]}},"_links":{"self":[{"href":"https:\/\/magdacesti.md\/index.php?rest_route=\/wp\/v2\/posts\/2072","targetHints":{"allow":["GET"]}}],"collection":[{"href":"https:\/\/magdacesti.md\/index.php?rest_route=\/wp\/v2\/posts"}],"about":[{"href":"https:\/\/magdacesti.md\/index.php?rest_route=\/wp\/v2\/types\/post"}],"author":[{"embeddable":true,"href":"https:\/\/magdacesti.md\/index.php?rest_route=\/wp\/v2\/users\/1"}],"replies":[{"embeddable":true,"href":"https:\/\/magdacesti.md\/index.php?rest_route=%2Fwp%2Fv2%2Fcomments&post=2072"}],"version-history":[{"count":0,"href":"https:\/\/magdacesti.md\/index.php?rest_route=\/wp\/v2\/posts\/2072\/revisions"}],"wp:attachment":[{"href":"https:\/\/magdacesti.md\/index.php?rest_route=%2Fwp%2Fv2%2Fmedia&parent=2072"}],"wp:term":[{"taxonomy":"category","embeddable":true,"href":"https:\/\/magdacesti.md\/index.php?rest_route=%2Fwp%2Fv2%2Fcategories&post=2072"},{"taxonomy":"post_tag","embeddable":true,"href":"https:\/\/magdacesti.md\/index.php?rest_route=%2Fwp%2Fv2%2Ftags&post=2072"}],"curies":[{"name":"wp","href":"https:\/\/api.w.org\/{rel}","templated":true}]}}