{"id":2089,"date":"2017-07-18T13:29:41","date_gmt":"2017-07-18T10:29:41","guid":{"rendered":"https:\/\/magdacesti.md\/?p=2089"},"modified":"2017-07-18T13:29:41","modified_gmt":"2017-07-18T10:29:41","slug":"portul-nostru-popular-in-parlamentul-romaniei","status":"publish","type":"post","link":"https:\/\/magdacesti.md\/?p=2089","title":{"rendered":"Portul nostru popular \u00een Parlamentul Rom\u00e2niei"},"content":{"rendered":"<p>&nbsp;<\/p>\n<p><em><strong>Zilele trecute, primarul s. M\u0103gd\u0103ce\u0219ti, Liuba Cojocaru a primit o solicitare din partea Georgetei Pavelescu ( consilierul unei deputate din Rom\u00e2nia), de a dona un costum popular autentic Parlamentului Rom\u00e2niei.<\/strong><\/em><\/p>\n<p>Cu aceast\u0103 ocazie,luni, 17 iulie, primarul a convocat o \u0219edin\u021b\u0103, unde au participat membrele Asocia\u021biei Femeilor din s. M\u0103gd\u0103ce\u0219ti. Femeile s-au adunat pentru a discuta \u0219i identifica persoanele din localitate, care de\u021bin un costum popular autentic specific zonei noastre.<\/p>\n<p><img loading=\"lazy\" decoding=\"async\" class=\"aligncenter\" src=\"https:\/\/magdacesti.md\/wp-content\/uploads\/2017\/07\/IMG_7945.jpg\" alt=\"\" width=\"750\" height=\"422\" \/><\/p>\n<p>Acesta va fi expus \u00een holu<span class=\"text_exposed_show\">l Parlamentului \u00eenso\u021bit \u0219i de povestea celor care l-au donat \u0219i a regiunii din care provine portul. <\/span><\/p>\n<p><span class=\"text_exposed_show\">Palatul Parlamentului are zilnic peste 1000 de vizitatori rom\u00e2ni \u0219i str\u0103ini, care vor afla cu acest prilej \u0219i de s. M\u0103gd\u0103ce\u0219ti din Republica Moldova.<\/span><\/p>\n<p><span class=\"text_exposed_show\"><br \/>\nPortul popular este o emblem\u0103 etnic\u0103 a fiec\u0103rui popor, de aceea, primara a decis s\u0103 creeze \u0219i o camer\u0103-muzeu \u00een cadrul gr\u0103dini\u021bei de copii &#8220;Floricica&#8221;. Acolo va fi expus\u0103 o frumoas\u0103 colec\u021bie de costume na\u021bionale, cu scopul de a pune \u00een valoare patrimoniul tradi\u021bional \u0219i de a cultiva copiilor dragostea pentru neam \u0219i a portului popular.<\/span><\/p>\n","protected":false},"excerpt":{"rendered":"<p>&nbsp; Zilele trecute, primarul s. M\u0103gd\u0103ce\u0219ti, Liuba Cojocaru a primit o solicitare din partea Georgetei Pavelescu ( consilierul unei deputate din Rom\u00e2nia), de a dona un costum popular autentic Parlamentului Rom\u00e2niei. Cu aceast\u0103 ocazie,luni, 17 iulie, primarul a convocat o \u0219edin\u021b\u0103, unde au participat membrele Asocia\u021biei Femeilor din s. M\u0103gd\u0103ce\u0219ti. Femeile s-au adunat pentru a [&#8230;]\n","protected":false},"author":1,"featured_media":0,"comment_status":"closed","ping_status":"closed","sticky":false,"template":"","format":"standard","meta":{"ngg_post_thumbnail":0,"footnotes":""},"categories":[4],"tags":[],"class_list":["post-2089","post","type-post","status-publish","format-standard","hentry","category-stiri"],"yoast_head":"<!-- This site is optimized with the Yoast SEO plugin v23.3 - https:\/\/yoast.com\/wordpress\/plugins\/seo\/ -->\n<title>Portul nostru popular \u00een Parlamentul Rom\u00e2niei - M\u0103gd\u0103ce\u0219ti<\/title>\n<meta name=\"description\" content=\"Bine ati venit pe pagina oficiala a Primariei Magdacesti.\" \/>\n<meta name=\"robots\" content=\"index, follow, max-snippet:-1, max-image-preview:large, max-video-preview:-1\" \/>\n<link rel=\"canonical\" href=\"https:\/\/magdacesti.md\/?p=2089\" \/>\n<meta property=\"og:locale\" content=\"en_US\" \/>\n<meta property=\"og:type\" content=\"article\" \/>\n<meta property=\"og:title\" content=\"Portul nostru popular \u00een Parlamentul Rom\u00e2niei - M\u0103gd\u0103ce\u0219ti\" \/>\n<meta property=\"og:description\" content=\"Bine ati venit pe pagina oficiala a Primariei Magdacesti.\" \/>\n<meta property=\"og:url\" content=\"https:\/\/magdacesti.md\/?p=2089\" \/>\n<meta property=\"og:site_name\" content=\"M\u0103gd\u0103ce\u0219ti\" \/>\n<meta property=\"article:publisher\" content=\"https:\/\/www.facebook.com\/magdacesti.md\/\" \/>\n<meta property=\"article:published_time\" content=\"2017-07-18T10:29:41+00:00\" \/>\n<meta property=\"og:image\" content=\"https:\/\/magdacesti.md\/wp-content\/uploads\/2017\/07\/IMG_7945.jpg\" \/>\n<meta name=\"author\" content=\"magdacesti\" \/>\n<meta name=\"twitter:card\" content=\"summary_large_image\" \/>\n<meta name=\"twitter:label1\" content=\"Written by\" \/>\n\t<meta name=\"twitter:data1\" content=\"magdacesti\" \/>\n\t<meta name=\"twitter:label2\" content=\"Est. reading time\" \/>\n\t<meta name=\"twitter:data2\" content=\"1 minute\" \/>\n<script type=\"application\/ld+json\" class=\"yoast-schema-graph\">{\"@context\":\"https:\/\/schema.org\",\"@graph\":[{\"@type\":\"Article\",\"@id\":\"https:\/\/magdacesti.md\/?p=2089#article\",\"isPartOf\":{\"@id\":\"https:\/\/magdacesti.md\/?p=2089\"},\"author\":{\"name\":\"magdacesti\",\"@id\":\"https:\/\/magdacesti.md\/#\/schema\/person\/ee6a6d0a5f0b0cb676ac992c8e414842\"},\"headline\":\"Portul nostru popular \u00een Parlamentul Rom\u00e2niei\",\"datePublished\":\"2017-07-18T10:29:41+00:00\",\"dateModified\":\"2017-07-18T10:29:41+00:00\",\"mainEntityOfPage\":{\"@id\":\"https:\/\/magdacesti.md\/?p=2089\"},\"wordCount\":200,\"publisher\":{\"@id\":\"https:\/\/magdacesti.md\/#organization\"},\"image\":{\"@id\":\"https:\/\/magdacesti.md\/?p=2089#primaryimage\"},\"thumbnailUrl\":\"https:\/\/magdacesti.md\/wp-content\/uploads\/2017\/07\/IMG_7945.jpg\",\"articleSection\":[\"Stiri\"],\"inLanguage\":\"en-US\"},{\"@type\":\"WebPage\",\"@id\":\"https:\/\/magdacesti.md\/?p=2089\",\"url\":\"https:\/\/magdacesti.md\/?p=2089\",\"name\":\"Portul nostru popular \u00een Parlamentul Rom\u00e2niei - M\u0103gd\u0103ce\u0219ti\",\"isPartOf\":{\"@id\":\"https:\/\/magdacesti.md\/#website\"},\"primaryImageOfPage\":{\"@id\":\"https:\/\/magdacesti.md\/?p=2089#primaryimage\"},\"image\":{\"@id\":\"https:\/\/magdacesti.md\/?p=2089#primaryimage\"},\"thumbnailUrl\":\"https:\/\/magdacesti.md\/wp-content\/uploads\/2017\/07\/IMG_7945.jpg\",\"datePublished\":\"2017-07-18T10:29:41+00:00\",\"dateModified\":\"2017-07-18T10:29:41+00:00\",\"description\":\"Bine ati venit pe pagina oficiala a Primariei Magdacesti.\",\"breadcrumb\":{\"@id\":\"https:\/\/magdacesti.md\/?p=2089#breadcrumb\"},\"inLanguage\":\"en-US\",\"potentialAction\":[{\"@type\":\"ReadAction\",\"target\":[\"https:\/\/magdacesti.md\/?p=2089\"]}]},{\"@type\":\"ImageObject\",\"inLanguage\":\"en-US\",\"@id\":\"https:\/\/magdacesti.md\/?p=2089#primaryimage\",\"url\":\"https:\/\/magdacesti.md\/wp-content\/uploads\/2017\/07\/IMG_7945.jpg\",\"contentUrl\":\"https:\/\/magdacesti.md\/wp-content\/uploads\/2017\/07\/IMG_7945.jpg\"},{\"@type\":\"BreadcrumbList\",\"@id\":\"https:\/\/magdacesti.md\/?p=2089#breadcrumb\",\"itemListElement\":[{\"@type\":\"ListItem\",\"position\":1,\"name\":\"Home\",\"item\":\"https:\/\/magdacesti.md\/\"},{\"@type\":\"ListItem\",\"position\":2,\"name\":\"Portul nostru popular \u00een Parlamentul Rom\u00e2niei\"}]},{\"@type\":\"WebSite\",\"@id\":\"https:\/\/magdacesti.md\/#website\",\"url\":\"https:\/\/magdacesti.md\/\",\"name\":\"M\u0103gd\u0103ce\u0219ti\",\"description\":\"Un or\u0103\u0219el cu condi\u021bii decente de trai!\",\"publisher\":{\"@id\":\"https:\/\/magdacesti.md\/#organization\"},\"potentialAction\":[{\"@type\":\"SearchAction\",\"target\":{\"@type\":\"EntryPoint\",\"urlTemplate\":\"https:\/\/magdacesti.md\/?s={search_term_string}\"},\"query-input\":\"required name=search_term_string\"}],\"inLanguage\":\"en-US\"},{\"@type\":\"Organization\",\"@id\":\"https:\/\/magdacesti.md\/#organization\",\"name\":\"M\u0103gd\u0103ce\u0219ti\",\"url\":\"https:\/\/magdacesti.md\/\",\"logo\":{\"@type\":\"ImageObject\",\"inLanguage\":\"en-US\",\"@id\":\"https:\/\/magdacesti.md\/#\/schema\/logo\/image\/\",\"url\":\"https:\/\/magdacesti.md\/wp-content\/uploads\/2021\/03\/Foto-514-scaled.jpg\",\"contentUrl\":\"https:\/\/magdacesti.md\/wp-content\/uploads\/2021\/03\/Foto-514-scaled.jpg\",\"width\":2560,\"height\":1707,\"caption\":\"M\u0103gd\u0103ce\u0219ti\"},\"image\":{\"@id\":\"https:\/\/magdacesti.md\/#\/schema\/logo\/image\/\"},\"sameAs\":[\"https:\/\/www.facebook.com\/magdacesti.md\/\"]},{\"@type\":\"Person\",\"@id\":\"https:\/\/magdacesti.md\/#\/schema\/person\/ee6a6d0a5f0b0cb676ac992c8e414842\",\"name\":\"magdacesti\",\"sameAs\":[\"https:\/\/magdacesti.md\"],\"url\":\"https:\/\/magdacesti.md\/?author=1\"}]}<\/script>\n<!-- \/ Yoast SEO plugin. -->","yoast_head_json":{"title":"Portul nostru popular \u00een Parlamentul Rom\u00e2niei - M\u0103gd\u0103ce\u0219ti","description":"Bine ati venit pe pagina oficiala a Primariei Magdacesti.","robots":{"index":"index","follow":"follow","max-snippet":"max-snippet:-1","max-image-preview":"max-image-preview:large","max-video-preview":"max-video-preview:-1"},"canonical":"https:\/\/magdacesti.md\/?p=2089","og_locale":"en_US","og_type":"article","og_title":"Portul nostru popular \u00een Parlamentul Rom\u00e2niei - M\u0103gd\u0103ce\u0219ti","og_description":"Bine ati venit pe pagina oficiala a Primariei Magdacesti.","og_url":"https:\/\/magdacesti.md\/?p=2089","og_site_name":"M\u0103gd\u0103ce\u0219ti","article_publisher":"https:\/\/www.facebook.com\/magdacesti.md\/","article_published_time":"2017-07-18T10:29:41+00:00","og_image":[{"url":"https:\/\/magdacesti.md\/wp-content\/uploads\/2017\/07\/IMG_7945.jpg"}],"author":"magdacesti","twitter_card":"summary_large_image","twitter_misc":{"Written by":"magdacesti","Est. reading time":"1 minute"},"schema":{"@context":"https:\/\/schema.org","@graph":[{"@type":"Article","@id":"https:\/\/magdacesti.md\/?p=2089#article","isPartOf":{"@id":"https:\/\/magdacesti.md\/?p=2089"},"author":{"name":"magdacesti","@id":"https:\/\/magdacesti.md\/#\/schema\/person\/ee6a6d0a5f0b0cb676ac992c8e414842"},"headline":"Portul nostru popular \u00een Parlamentul Rom\u00e2niei","datePublished":"2017-07-18T10:29:41+00:00","dateModified":"2017-07-18T10:29:41+00:00","mainEntityOfPage":{"@id":"https:\/\/magdacesti.md\/?p=2089"},"wordCount":200,"publisher":{"@id":"https:\/\/magdacesti.md\/#organization"},"image":{"@id":"https:\/\/magdacesti.md\/?p=2089#primaryimage"},"thumbnailUrl":"https:\/\/magdacesti.md\/wp-content\/uploads\/2017\/07\/IMG_7945.jpg","articleSection":["Stiri"],"inLanguage":"en-US"},{"@type":"WebPage","@id":"https:\/\/magdacesti.md\/?p=2089","url":"https:\/\/magdacesti.md\/?p=2089","name":"Portul nostru popular \u00een Parlamentul Rom\u00e2niei - M\u0103gd\u0103ce\u0219ti","isPartOf":{"@id":"https:\/\/magdacesti.md\/#website"},"primaryImageOfPage":{"@id":"https:\/\/magdacesti.md\/?p=2089#primaryimage"},"image":{"@id":"https:\/\/magdacesti.md\/?p=2089#primaryimage"},"thumbnailUrl":"https:\/\/magdacesti.md\/wp-content\/uploads\/2017\/07\/IMG_7945.jpg","datePublished":"2017-07-18T10:29:41+00:00","dateModified":"2017-07-18T10:29:41+00:00","description":"Bine ati venit pe pagina oficiala a Primariei Magdacesti.","breadcrumb":{"@id":"https:\/\/magdacesti.md\/?p=2089#breadcrumb"},"inLanguage":"en-US","potentialAction":[{"@type":"ReadAction","target":["https:\/\/magdacesti.md\/?p=2089"]}]},{"@type":"ImageObject","inLanguage":"en-US","@id":"https:\/\/magdacesti.md\/?p=2089#primaryimage","url":"https:\/\/magdacesti.md\/wp-content\/uploads\/2017\/07\/IMG_7945.jpg","contentUrl":"https:\/\/magdacesti.md\/wp-content\/uploads\/2017\/07\/IMG_7945.jpg"},{"@type":"BreadcrumbList","@id":"https:\/\/magdacesti.md\/?p=2089#breadcrumb","itemListElement":[{"@type":"ListItem","position":1,"name":"Home","item":"https:\/\/magdacesti.md\/"},{"@type":"ListItem","position":2,"name":"Portul nostru popular \u00een Parlamentul Rom\u00e2niei"}]},{"@type":"WebSite","@id":"https:\/\/magdacesti.md\/#website","url":"https:\/\/magdacesti.md\/","name":"M\u0103gd\u0103ce\u0219ti","description":"Un or\u0103\u0219el cu condi\u021bii decente de trai!","publisher":{"@id":"https:\/\/magdacesti.md\/#organization"},"potentialAction":[{"@type":"SearchAction","target":{"@type":"EntryPoint","urlTemplate":"https:\/\/magdacesti.md\/?s={search_term_string}"},"query-input":"required name=search_term_string"}],"inLanguage":"en-US"},{"@type":"Organization","@id":"https:\/\/magdacesti.md\/#organization","name":"M\u0103gd\u0103ce\u0219ti","url":"https:\/\/magdacesti.md\/","logo":{"@type":"ImageObject","inLanguage":"en-US","@id":"https:\/\/magdacesti.md\/#\/schema\/logo\/image\/","url":"https:\/\/magdacesti.md\/wp-content\/uploads\/2021\/03\/Foto-514-scaled.jpg","contentUrl":"https:\/\/magdacesti.md\/wp-content\/uploads\/2021\/03\/Foto-514-scaled.jpg","width":2560,"height":1707,"caption":"M\u0103gd\u0103ce\u0219ti"},"image":{"@id":"https:\/\/magdacesti.md\/#\/schema\/logo\/image\/"},"sameAs":["https:\/\/www.facebook.com\/magdacesti.md\/"]},{"@type":"Person","@id":"https:\/\/magdacesti.md\/#\/schema\/person\/ee6a6d0a5f0b0cb676ac992c8e414842","name":"magdacesti","sameAs":["https:\/\/magdacesti.md"],"url":"https:\/\/magdacesti.md\/?author=1"}]}},"_links":{"self":[{"href":"https:\/\/magdacesti.md\/index.php?rest_route=\/wp\/v2\/posts\/2089","targetHints":{"allow":["GET"]}}],"collection":[{"href":"https:\/\/magdacesti.md\/index.php?rest_route=\/wp\/v2\/posts"}],"about":[{"href":"https:\/\/magdacesti.md\/index.php?rest_route=\/wp\/v2\/types\/post"}],"author":[{"embeddable":true,"href":"https:\/\/magdacesti.md\/index.php?rest_route=\/wp\/v2\/users\/1"}],"replies":[{"embeddable":true,"href":"https:\/\/magdacesti.md\/index.php?rest_route=%2Fwp%2Fv2%2Fcomments&post=2089"}],"version-history":[{"count":0,"href":"https:\/\/magdacesti.md\/index.php?rest_route=\/wp\/v2\/posts\/2089\/revisions"}],"wp:attachment":[{"href":"https:\/\/magdacesti.md\/index.php?rest_route=%2Fwp%2Fv2%2Fmedia&parent=2089"}],"wp:term":[{"taxonomy":"category","embeddable":true,"href":"https:\/\/magdacesti.md\/index.php?rest_route=%2Fwp%2Fv2%2Fcategories&post=2089"},{"taxonomy":"post_tag","embeddable":true,"href":"https:\/\/magdacesti.md\/index.php?rest_route=%2Fwp%2Fv2%2Ftags&post=2089"}],"curies":[{"name":"wp","href":"https:\/\/api.w.org\/{rel}","templated":true}]}}