{"id":2097,"date":"2017-07-19T19:37:23","date_gmt":"2017-07-19T16:37:23","guid":{"rendered":"https:\/\/magdacesti.md\/?p=2097"},"modified":"2017-07-19T19:37:23","modified_gmt":"2017-07-19T16:37:23","slug":"fauna-din-zona-ratus-magdacesti-s-a-imbogatit-cu-200-de-fazani","status":"publish","type":"post","link":"https:\/\/magdacesti.md\/?p=2097","title":{"rendered":"Fauna din zona Ratu\u0219- M\u0103gd\u0103ce\u0219ti s-a \u00eembog\u0103\u021bit cu 200 de fazani"},"content":{"rendered":"<p><iframe loading=\"lazy\" src=\"\/\/www.youtube.com\/embed\/_Rn_IhtfYSw\" width=\"560\" height=\"314\" allowfullscreen=\"allowfullscreen\"><\/iframe><\/p>\n<p><strong>1000 de pui de fazan au fost elibera\u021bi ast\u0103zi \u00een p\u0103durile din raionul Criuleni, dintre care 200, \u00een zona Ratu\u0219-M\u0103gd\u0103ce\u0219ti. <\/strong><\/p>\n<p><img loading=\"lazy\" decoding=\"async\" class=\"aligncenter\" src=\"https:\/\/magdacesti.md\/wp-content\/uploads\/2017\/07\/IMG_7946.jpg\" alt=\"\" width=\"720\" height=\"405\" \/><\/p>\n<p>\u00cenainte de a ajunge \u00een libertate, puii au fost \u021binuti \u00een voliere special amenajate, pentru a-i adapta la viat\u0103 \u00een s\u0103lb\u0103ticie. O parte dintre puii elibera\u021bi vor ajunge prad\u0103 v\u00e2n\u0103torilor, iar cei mai noroco\u0219i vor da na\u0219tere altor genera\u021bii de p\u0103s\u0103ri, \u00eembog\u0103\u021bind astfel fauna din localitate.<br \/>\nLa eliberarea p\u0103s\u0103rilor au participat echipa de v\u00e2n\u0103tori din zon\u0103,primarul s. M\u0103gd\u0103ce\u0219ti-Liuba Cojocaru, pre\u0219edintele Asocia\u021biei V\u00e2n\u0103torilor \u0219i Pescarilor din Moldova- Oleg Ciocoi, Ministrul interimar al mediului- Ion Apostol, Vice- pre\u0219edintele comisiei parlamentare pentru Administra\u021bie Public\u0103, Mediu \u0219i Dezvoltarea Teritorial\u0103- Violeta Ivanov.<\/p>\n<p><img loading=\"lazy\" decoding=\"async\" class=\"aligncenter\" src=\"https:\/\/magdacesti.md\/wp-content\/uploads\/2017\/07\/IMG_7964.jpg\" alt=\"\" width=\"720\" height=\"405\" \/><\/p>\n<p><img loading=\"lazy\" decoding=\"async\" class=\"aligncenter\" src=\"https:\/\/magdacesti.md\/wp-content\/uploads\/2017\/07\/IMG_7969.jpg\" alt=\"\" width=\"720\" height=\"405\" \/><\/p>\n<p><img loading=\"lazy\" decoding=\"async\" class=\"aligncenter\" src=\"https:\/\/magdacesti.md\/wp-content\/uploads\/2017\/07\/IMG_7974.jpg\" alt=\"\" width=\"720\" height=\"405\" \/><\/p>\n<p><img loading=\"lazy\" decoding=\"async\" class=\"aligncenter\" src=\"https:\/\/magdacesti.md\/wp-content\/uploads\/2017\/07\/IMG_7972.jpg\" alt=\"\" width=\"720\" height=\"449\" \/><\/p>\n<p><img loading=\"lazy\" decoding=\"async\" class=\"aligncenter\" src=\"https:\/\/magdacesti.md\/wp-content\/uploads\/2017\/07\/IMG_7987.jpg\" alt=\"\" width=\"720\" height=\"405\" \/><\/p>\n<p>Astfel de ac\u021biuni sunt desf\u0103\u0219urate anual. Spa\u021biul ales este unul deosebit de favorabil pentru aclimatizarea puilor de fazan. \u00cen f\u0103\u0219iile din \u00eemprejurimi ei pot g\u0103si hran\u0103: semin\u021be, pomu\u0219oare \u015fi ap\u0103. Sezonul de v\u00e2n\u0103toare pentru fazani va fi deschis \u00een toamn\u0103,\u00een perioada de 1 octombrie &#8211; 15 ianuarie.<\/p>\n","protected":false},"excerpt":{"rendered":"<p>1000 de pui de fazan au fost elibera\u021bi ast\u0103zi \u00een p\u0103durile din raionul Criuleni, dintre care 200, \u00een zona Ratu\u0219-M\u0103gd\u0103ce\u0219ti. \u00cenainte de a ajunge \u00een libertate, puii au fost \u021binuti \u00een voliere special amenajate, pentru a-i adapta la viat\u0103 \u00een s\u0103lb\u0103ticie. O parte dintre puii elibera\u021bi vor ajunge prad\u0103 v\u00e2n\u0103torilor, iar cei mai noroco\u0219i vor [&#8230;]\n","protected":false},"author":1,"featured_media":0,"comment_status":"closed","ping_status":"closed","sticky":false,"template":"","format":"standard","meta":{"ngg_post_thumbnail":0,"footnotes":""},"categories":[4],"tags":[],"class_list":["post-2097","post","type-post","status-publish","format-standard","hentry","category-stiri"],"yoast_head":"<!-- This site is optimized with the Yoast SEO plugin v23.3 - https:\/\/yoast.com\/wordpress\/plugins\/seo\/ -->\n<title>Fauna din zona Ratu\u0219- M\u0103gd\u0103ce\u0219ti s-a \u00eembog\u0103\u021bit cu 200 de fazani - M\u0103gd\u0103ce\u0219ti<\/title>\n<meta name=\"description\" content=\"Bine ati venit pe pagina oficiala a Primariei Magdacesti.\" \/>\n<meta name=\"robots\" content=\"index, follow, max-snippet:-1, max-image-preview:large, max-video-preview:-1\" \/>\n<link rel=\"canonical\" href=\"https:\/\/magdacesti.md\/?p=2097\" \/>\n<meta property=\"og:locale\" content=\"en_US\" \/>\n<meta property=\"og:type\" content=\"article\" \/>\n<meta property=\"og:title\" content=\"Fauna din zona Ratu\u0219- M\u0103gd\u0103ce\u0219ti s-a \u00eembog\u0103\u021bit cu 200 de fazani - M\u0103gd\u0103ce\u0219ti\" \/>\n<meta property=\"og:description\" content=\"Bine ati venit pe pagina oficiala a Primariei Magdacesti.\" \/>\n<meta property=\"og:url\" content=\"https:\/\/magdacesti.md\/?p=2097\" \/>\n<meta property=\"og:site_name\" content=\"M\u0103gd\u0103ce\u0219ti\" \/>\n<meta property=\"article:publisher\" content=\"https:\/\/www.facebook.com\/magdacesti.md\/\" \/>\n<meta property=\"article:published_time\" content=\"2017-07-19T16:37:23+00:00\" \/>\n<meta property=\"og:image\" content=\"https:\/\/magdacesti.md\/wp-content\/uploads\/2017\/07\/IMG_7946.jpg\" \/>\n<meta name=\"author\" content=\"magdacesti\" \/>\n<meta name=\"twitter:card\" content=\"summary_large_image\" \/>\n<meta name=\"twitter:label1\" content=\"Written by\" \/>\n\t<meta name=\"twitter:data1\" content=\"magdacesti\" \/>\n\t<meta name=\"twitter:label2\" content=\"Est. reading time\" \/>\n\t<meta name=\"twitter:data2\" content=\"1 minute\" \/>\n<script type=\"application\/ld+json\" class=\"yoast-schema-graph\">{\"@context\":\"https:\/\/schema.org\",\"@graph\":[{\"@type\":\"Article\",\"@id\":\"https:\/\/magdacesti.md\/?p=2097#article\",\"isPartOf\":{\"@id\":\"https:\/\/magdacesti.md\/?p=2097\"},\"author\":{\"name\":\"magdacesti\",\"@id\":\"https:\/\/magdacesti.md\/#\/schema\/person\/ee6a6d0a5f0b0cb676ac992c8e414842\"},\"headline\":\"Fauna din zona Ratu\u0219- M\u0103gd\u0103ce\u0219ti s-a \u00eembog\u0103\u021bit cu 200 de fazani\",\"datePublished\":\"2017-07-19T16:37:23+00:00\",\"dateModified\":\"2017-07-19T16:37:23+00:00\",\"mainEntityOfPage\":{\"@id\":\"https:\/\/magdacesti.md\/?p=2097\"},\"wordCount\":208,\"publisher\":{\"@id\":\"https:\/\/magdacesti.md\/#organization\"},\"image\":{\"@id\":\"https:\/\/magdacesti.md\/?p=2097#primaryimage\"},\"thumbnailUrl\":\"https:\/\/magdacesti.md\/wp-content\/uploads\/2017\/07\/IMG_7946.jpg\",\"articleSection\":[\"Stiri\"],\"inLanguage\":\"en-US\"},{\"@type\":\"WebPage\",\"@id\":\"https:\/\/magdacesti.md\/?p=2097\",\"url\":\"https:\/\/magdacesti.md\/?p=2097\",\"name\":\"Fauna din zona Ratu\u0219- M\u0103gd\u0103ce\u0219ti s-a \u00eembog\u0103\u021bit cu 200 de fazani - M\u0103gd\u0103ce\u0219ti\",\"isPartOf\":{\"@id\":\"https:\/\/magdacesti.md\/#website\"},\"primaryImageOfPage\":{\"@id\":\"https:\/\/magdacesti.md\/?p=2097#primaryimage\"},\"image\":{\"@id\":\"https:\/\/magdacesti.md\/?p=2097#primaryimage\"},\"thumbnailUrl\":\"https:\/\/magdacesti.md\/wp-content\/uploads\/2017\/07\/IMG_7946.jpg\",\"datePublished\":\"2017-07-19T16:37:23+00:00\",\"dateModified\":\"2017-07-19T16:37:23+00:00\",\"description\":\"Bine ati venit pe pagina oficiala a Primariei Magdacesti.\",\"breadcrumb\":{\"@id\":\"https:\/\/magdacesti.md\/?p=2097#breadcrumb\"},\"inLanguage\":\"en-US\",\"potentialAction\":[{\"@type\":\"ReadAction\",\"target\":[\"https:\/\/magdacesti.md\/?p=2097\"]}]},{\"@type\":\"ImageObject\",\"inLanguage\":\"en-US\",\"@id\":\"https:\/\/magdacesti.md\/?p=2097#primaryimage\",\"url\":\"https:\/\/magdacesti.md\/wp-content\/uploads\/2017\/07\/IMG_7946.jpg\",\"contentUrl\":\"https:\/\/magdacesti.md\/wp-content\/uploads\/2017\/07\/IMG_7946.jpg\"},{\"@type\":\"BreadcrumbList\",\"@id\":\"https:\/\/magdacesti.md\/?p=2097#breadcrumb\",\"itemListElement\":[{\"@type\":\"ListItem\",\"position\":1,\"name\":\"Home\",\"item\":\"https:\/\/magdacesti.md\/\"},{\"@type\":\"ListItem\",\"position\":2,\"name\":\"Fauna din zona Ratu\u0219- M\u0103gd\u0103ce\u0219ti s-a \u00eembog\u0103\u021bit cu 200 de fazani\"}]},{\"@type\":\"WebSite\",\"@id\":\"https:\/\/magdacesti.md\/#website\",\"url\":\"https:\/\/magdacesti.md\/\",\"name\":\"M\u0103gd\u0103ce\u0219ti\",\"description\":\"Un or\u0103\u0219el cu condi\u021bii decente de trai!\",\"publisher\":{\"@id\":\"https:\/\/magdacesti.md\/#organization\"},\"potentialAction\":[{\"@type\":\"SearchAction\",\"target\":{\"@type\":\"EntryPoint\",\"urlTemplate\":\"https:\/\/magdacesti.md\/?s={search_term_string}\"},\"query-input\":\"required name=search_term_string\"}],\"inLanguage\":\"en-US\"},{\"@type\":\"Organization\",\"@id\":\"https:\/\/magdacesti.md\/#organization\",\"name\":\"M\u0103gd\u0103ce\u0219ti\",\"url\":\"https:\/\/magdacesti.md\/\",\"logo\":{\"@type\":\"ImageObject\",\"inLanguage\":\"en-US\",\"@id\":\"https:\/\/magdacesti.md\/#\/schema\/logo\/image\/\",\"url\":\"https:\/\/magdacesti.md\/wp-content\/uploads\/2021\/03\/Foto-514-scaled.jpg\",\"contentUrl\":\"https:\/\/magdacesti.md\/wp-content\/uploads\/2021\/03\/Foto-514-scaled.jpg\",\"width\":2560,\"height\":1707,\"caption\":\"M\u0103gd\u0103ce\u0219ti\"},\"image\":{\"@id\":\"https:\/\/magdacesti.md\/#\/schema\/logo\/image\/\"},\"sameAs\":[\"https:\/\/www.facebook.com\/magdacesti.md\/\"]},{\"@type\":\"Person\",\"@id\":\"https:\/\/magdacesti.md\/#\/schema\/person\/ee6a6d0a5f0b0cb676ac992c8e414842\",\"name\":\"magdacesti\",\"sameAs\":[\"https:\/\/magdacesti.md\"],\"url\":\"https:\/\/magdacesti.md\/?author=1\"}]}<\/script>\n<!-- \/ Yoast SEO plugin. -->","yoast_head_json":{"title":"Fauna din zona Ratu\u0219- M\u0103gd\u0103ce\u0219ti s-a \u00eembog\u0103\u021bit cu 200 de fazani - M\u0103gd\u0103ce\u0219ti","description":"Bine ati venit pe pagina oficiala a Primariei Magdacesti.","robots":{"index":"index","follow":"follow","max-snippet":"max-snippet:-1","max-image-preview":"max-image-preview:large","max-video-preview":"max-video-preview:-1"},"canonical":"https:\/\/magdacesti.md\/?p=2097","og_locale":"en_US","og_type":"article","og_title":"Fauna din zona Ratu\u0219- M\u0103gd\u0103ce\u0219ti s-a \u00eembog\u0103\u021bit cu 200 de fazani - M\u0103gd\u0103ce\u0219ti","og_description":"Bine ati venit pe pagina oficiala a Primariei Magdacesti.","og_url":"https:\/\/magdacesti.md\/?p=2097","og_site_name":"M\u0103gd\u0103ce\u0219ti","article_publisher":"https:\/\/www.facebook.com\/magdacesti.md\/","article_published_time":"2017-07-19T16:37:23+00:00","og_image":[{"url":"https:\/\/magdacesti.md\/wp-content\/uploads\/2017\/07\/IMG_7946.jpg"}],"author":"magdacesti","twitter_card":"summary_large_image","twitter_misc":{"Written by":"magdacesti","Est. reading time":"1 minute"},"schema":{"@context":"https:\/\/schema.org","@graph":[{"@type":"Article","@id":"https:\/\/magdacesti.md\/?p=2097#article","isPartOf":{"@id":"https:\/\/magdacesti.md\/?p=2097"},"author":{"name":"magdacesti","@id":"https:\/\/magdacesti.md\/#\/schema\/person\/ee6a6d0a5f0b0cb676ac992c8e414842"},"headline":"Fauna din zona Ratu\u0219- M\u0103gd\u0103ce\u0219ti s-a \u00eembog\u0103\u021bit cu 200 de fazani","datePublished":"2017-07-19T16:37:23+00:00","dateModified":"2017-07-19T16:37:23+00:00","mainEntityOfPage":{"@id":"https:\/\/magdacesti.md\/?p=2097"},"wordCount":208,"publisher":{"@id":"https:\/\/magdacesti.md\/#organization"},"image":{"@id":"https:\/\/magdacesti.md\/?p=2097#primaryimage"},"thumbnailUrl":"https:\/\/magdacesti.md\/wp-content\/uploads\/2017\/07\/IMG_7946.jpg","articleSection":["Stiri"],"inLanguage":"en-US"},{"@type":"WebPage","@id":"https:\/\/magdacesti.md\/?p=2097","url":"https:\/\/magdacesti.md\/?p=2097","name":"Fauna din zona Ratu\u0219- M\u0103gd\u0103ce\u0219ti s-a \u00eembog\u0103\u021bit cu 200 de fazani - M\u0103gd\u0103ce\u0219ti","isPartOf":{"@id":"https:\/\/magdacesti.md\/#website"},"primaryImageOfPage":{"@id":"https:\/\/magdacesti.md\/?p=2097#primaryimage"},"image":{"@id":"https:\/\/magdacesti.md\/?p=2097#primaryimage"},"thumbnailUrl":"https:\/\/magdacesti.md\/wp-content\/uploads\/2017\/07\/IMG_7946.jpg","datePublished":"2017-07-19T16:37:23+00:00","dateModified":"2017-07-19T16:37:23+00:00","description":"Bine ati venit pe pagina oficiala a Primariei Magdacesti.","breadcrumb":{"@id":"https:\/\/magdacesti.md\/?p=2097#breadcrumb"},"inLanguage":"en-US","potentialAction":[{"@type":"ReadAction","target":["https:\/\/magdacesti.md\/?p=2097"]}]},{"@type":"ImageObject","inLanguage":"en-US","@id":"https:\/\/magdacesti.md\/?p=2097#primaryimage","url":"https:\/\/magdacesti.md\/wp-content\/uploads\/2017\/07\/IMG_7946.jpg","contentUrl":"https:\/\/magdacesti.md\/wp-content\/uploads\/2017\/07\/IMG_7946.jpg"},{"@type":"BreadcrumbList","@id":"https:\/\/magdacesti.md\/?p=2097#breadcrumb","itemListElement":[{"@type":"ListItem","position":1,"name":"Home","item":"https:\/\/magdacesti.md\/"},{"@type":"ListItem","position":2,"name":"Fauna din zona Ratu\u0219- M\u0103gd\u0103ce\u0219ti s-a \u00eembog\u0103\u021bit cu 200 de fazani"}]},{"@type":"WebSite","@id":"https:\/\/magdacesti.md\/#website","url":"https:\/\/magdacesti.md\/","name":"M\u0103gd\u0103ce\u0219ti","description":"Un or\u0103\u0219el cu condi\u021bii decente de trai!","publisher":{"@id":"https:\/\/magdacesti.md\/#organization"},"potentialAction":[{"@type":"SearchAction","target":{"@type":"EntryPoint","urlTemplate":"https:\/\/magdacesti.md\/?s={search_term_string}"},"query-input":"required name=search_term_string"}],"inLanguage":"en-US"},{"@type":"Organization","@id":"https:\/\/magdacesti.md\/#organization","name":"M\u0103gd\u0103ce\u0219ti","url":"https:\/\/magdacesti.md\/","logo":{"@type":"ImageObject","inLanguage":"en-US","@id":"https:\/\/magdacesti.md\/#\/schema\/logo\/image\/","url":"https:\/\/magdacesti.md\/wp-content\/uploads\/2021\/03\/Foto-514-scaled.jpg","contentUrl":"https:\/\/magdacesti.md\/wp-content\/uploads\/2021\/03\/Foto-514-scaled.jpg","width":2560,"height":1707,"caption":"M\u0103gd\u0103ce\u0219ti"},"image":{"@id":"https:\/\/magdacesti.md\/#\/schema\/logo\/image\/"},"sameAs":["https:\/\/www.facebook.com\/magdacesti.md\/"]},{"@type":"Person","@id":"https:\/\/magdacesti.md\/#\/schema\/person\/ee6a6d0a5f0b0cb676ac992c8e414842","name":"magdacesti","sameAs":["https:\/\/magdacesti.md"],"url":"https:\/\/magdacesti.md\/?author=1"}]}},"_links":{"self":[{"href":"https:\/\/magdacesti.md\/index.php?rest_route=\/wp\/v2\/posts\/2097","targetHints":{"allow":["GET"]}}],"collection":[{"href":"https:\/\/magdacesti.md\/index.php?rest_route=\/wp\/v2\/posts"}],"about":[{"href":"https:\/\/magdacesti.md\/index.php?rest_route=\/wp\/v2\/types\/post"}],"author":[{"embeddable":true,"href":"https:\/\/magdacesti.md\/index.php?rest_route=\/wp\/v2\/users\/1"}],"replies":[{"embeddable":true,"href":"https:\/\/magdacesti.md\/index.php?rest_route=%2Fwp%2Fv2%2Fcomments&post=2097"}],"version-history":[{"count":0,"href":"https:\/\/magdacesti.md\/index.php?rest_route=\/wp\/v2\/posts\/2097\/revisions"}],"wp:attachment":[{"href":"https:\/\/magdacesti.md\/index.php?rest_route=%2Fwp%2Fv2%2Fmedia&parent=2097"}],"wp:term":[{"taxonomy":"category","embeddable":true,"href":"https:\/\/magdacesti.md\/index.php?rest_route=%2Fwp%2Fv2%2Fcategories&post=2097"},{"taxonomy":"post_tag","embeddable":true,"href":"https:\/\/magdacesti.md\/index.php?rest_route=%2Fwp%2Fv2%2Ftags&post=2097"}],"curies":[{"name":"wp","href":"https:\/\/api.w.org\/{rel}","templated":true}]}}