{"id":2107,"date":"2017-07-29T21:21:08","date_gmt":"2017-07-29T18:21:08","guid":{"rendered":"https:\/\/magdacesti.md\/?p=2107"},"modified":"2017-07-29T21:21:08","modified_gmt":"2017-07-29T18:21:08","slug":"cei-mai-buni-elevi-din-mioveni-au-venit-la-magdacesti","status":"publish","type":"post","link":"https:\/\/magdacesti.md\/?p=2107","title":{"rendered":"Cei mai buni elevi din Mioveni au venit la M\u0103gd\u0103ce\u0219ti. Video\/Foto"},"content":{"rendered":"<p><strong>22 de tineri din ora\u0219ul Mioveni, jud.Arge\u0219 (Rom\u00e2nia) au ajuns \u00een aceast\u0103 s\u0103pt\u0103m\u00e2n\u0103 la M\u0103gd\u0103ce\u0219ti. Aici \u00ee\u0219i vor petrece o mini-vacan\u021b\u0103 de c\u00e2teva zile.<\/strong><\/p>\n<p><img loading=\"lazy\" decoding=\"async\" class=\"aligncenter\" src=\"https:\/\/magdacesti.md\/wp-content\/uploads\/2017\/08\/0.jpg\" alt=\"\" width=\"720\" height=\"540\" \/><\/p>\n<p><img loading=\"lazy\" decoding=\"async\" class=\"aligncenter\" src=\"https:\/\/magdacesti.md\/wp-content\/uploads\/2017\/08\/2.jpg\" alt=\"\" width=\"720\" height=\"422\" \/><\/p>\n<p>Copiii s-au ar\u0103tat dornici de a vizita \u021bara noastr\u0103 \u0219i de a descoperi noi obiective turistice, dar \u0219i peisaje unice din zon\u0103. Primarul Liuba Cojocaru i-a \u00eentimpinat cu mare bucurie. Cu acest prilej, a preg\u0103tit \u0219i un program variat, astfel \u00eenc\u00e2t, copiii s\u0103 nu aib\u0103 timp de plictiseal\u0103<span class=\"text_exposed_show\">. Grupul de tineri a reu\u0219it sa viziteze cea mai veche \u0219i celebr\u0103 M\u0103n\u0103stire din Basarabia-\u00a0 C\u0103priana, Gradina Zoologic\u0103, Complexul Memorial &#8220;Eternitate&#8221;, Parcul &#8220;Valea Morilor&#8221;, Complexul natural-cultural &#8220;Orheiul Vechi&#8221;, Or\u0103\u0219elul subteran &#8220;Cricova&#8221;, \u0219i c\u00e2teva pensiuni turistice.<\/span><\/p>\n<p><img loading=\"lazy\" decoding=\"async\" class=\"aligncenter\" src=\"https:\/\/magdacesti.md\/wp-content\/uploads\/2017\/08\/3.jpg\" alt=\"\" width=\"720\" height=\"479\" \/><\/p>\n<p><img loading=\"lazy\" decoding=\"async\" class=\"aligncenter\" src=\"https:\/\/magdacesti.md\/wp-content\/uploads\/2017\/08\/5.jpg\" alt=\"\" width=\"720\" height=\"405\" \/><\/p>\n<p><img loading=\"lazy\" decoding=\"async\" class=\"aligncenter\" src=\"https:\/\/magdacesti.md\/wp-content\/uploads\/2017\/08\/4.jpg\" alt=\"\" width=\"720\" height=\"470\" \/><\/p>\n<p><span class=\"text_exposed_show\">Tinerii de la Mioveni ne-au vizitat \u0219i localitatea. Ei au f\u0103cut o excursie \u00een cele mai importante Institu\u021bii publice ale satului. Primul punct de sta\u021bionare a fost Prim\u0103ria. Aici au aflat istoria localit\u0103\u021bii \u0219i diverse curiozit\u0103\u021bi din programul zilnic al func\u021bionarilor publici. Grupul a f\u0103cut un tur prin gr\u0103dini\u021ba de copii &#8220;Floricica&#8221;, Centrul de S\u0103n\u0103tate M\u0103gd\u0103ce\u0219ti, Cantina Social\u0103 \u0219i Moara Domneasc\u0103.<\/span><\/p>\n<p><img loading=\"lazy\" decoding=\"async\" class=\"aligncenter\" src=\"https:\/\/magdacesti.md\/wp-content\/uploads\/2017\/08\/7.jpg\" alt=\"\" width=\"720\" height=\"405\" \/><\/p>\n<p><img loading=\"lazy\" decoding=\"async\" class=\"aligncenter\" src=\"https:\/\/magdacesti.md\/wp-content\/uploads\/2017\/08\/9.jpg\" alt=\"\" width=\"720\" height=\"405\" \/><\/p>\n<p><img loading=\"lazy\" decoding=\"async\" class=\"aligncenter\" src=\"https:\/\/magdacesti.md\/wp-content\/uploads\/2017\/08\/10.jpg\" alt=\"\" width=\"720\" height=\"405\" \/><\/p>\n<p><img loading=\"lazy\" decoding=\"async\" class=\"aligncenter\" src=\"https:\/\/magdacesti.md\/wp-content\/uploads\/2017\/08\/6.jpg\" alt=\"\" width=\"720\" height=\"587\" \/><\/p>\n<p><img loading=\"lazy\" decoding=\"async\" class=\"aligncenter\" src=\"https:\/\/magdacesti.md\/wp-content\/uploads\/2017\/08\/11.jpg\" alt=\"\" width=\"720\" height=\"405\" \/><\/p>\n<p><span class=\"text_exposed_show\"> Zilele urm\u0103toare, copiii vor petrece o zi la piscin\u0103, vor merge \u00een ora\u0219ul Criuleni, pentru a face cuno\u0219tin\u021b\u0103 cu membrii Consiliului raional, vor manca bomboane pe saturate la Fabrica de bomboane &#8220;Bucuria&#8221;\u0219i vor avea parte de multe alte surprize frumoase.\u00a0 Prin intermediul delega\u021biei, prim\u0103ria Mioveni a d\u0103ruit locuitorilor s. M\u0103gd\u0103ce\u0219ti, 4 seturi de lumini\u021be \u0219i decora\u021biuni pentru \u00eempodobirea localit\u0103\u021bii \u00een perioada s\u0103rb\u0103torilor de iarn\u0103. Acestea vor conferi str\u0103zilor un aspect de poveste \u0219i\u00a0 vor aduce magia \u00een suflete. Mul\u021bumim din suflet domnului primar Ion Georgescu \u0219i echipei, pentru tot sprijinul pe care ni-l acord\u0103.<br \/>\n<\/span><\/p>\n<p><img loading=\"lazy\" decoding=\"async\" class=\"aligncenter\" src=\"https:\/\/magdacesti.md\/wp-content\/uploads\/2017\/08\/1.jpg\" alt=\"\" width=\"720\" height=\"405\" \/><\/p>\n<p><img loading=\"lazy\" decoding=\"async\" class=\"aligncenter\" src=\"https:\/\/magdacesti.md\/wp-content\/uploads\/2017\/08\/IMG_8127.jpg\" alt=\"\" width=\"720\" height=\"388\" \/><\/p>\n<p><span class=\"text_exposed_show\">Joi, 3 august , elevii se vor \u00eentoarce la Mioveni.<br \/>\n&#8220;Taberele de var\u0103&#8221; este un proiect comun, \u00een baza acordului de parteneriat &#8220;Cei mai buni dintre cei mai buni&#8221;, unde copiii cu rezultate remarcabile la \u00eenv\u0103\u021b\u0103tur\u0103 \u0219i \u00een diverse activit\u0103\u021bi extracurriculare \u00ee\u0219i petrec vacan\u021ba \u00een ora\u0219ul Mioveni (Rom\u00e2nia), respectiv la M\u0103gd\u0103ce\u0219ti (localit\u0103\u021bi \u00eenfr\u0103\u021bite).<\/span><\/p>\n<p><iframe loading=\"lazy\" src=\"\/\/www.youtube.com\/embed\/S44ydX8FajU\" width=\"560\" height=\"314\" allowfullscreen=\"allowfullscreen\"><\/iframe><\/p>\n<p><iframe loading=\"lazy\" src=\"\/\/www.youtube.com\/embed\/amdMjX5kFcs\" width=\"560\" height=\"314\" allowfullscreen=\"allowfullscreen\"><\/iframe><\/p>\n","protected":false},"excerpt":{"rendered":"<p>22 de tineri din ora\u0219ul Mioveni, jud.Arge\u0219 (Rom\u00e2nia) au ajuns \u00een aceast\u0103 s\u0103pt\u0103m\u00e2n\u0103 la M\u0103gd\u0103ce\u0219ti. Aici \u00ee\u0219i vor petrece o mini-vacan\u021b\u0103 de c\u00e2teva zile. Copiii s-au ar\u0103tat dornici de a vizita \u021bara noastr\u0103 \u0219i de a descoperi noi obiective turistice, dar \u0219i peisaje unice din zon\u0103. Primarul Liuba Cojocaru i-a \u00eentimpinat cu mare bucurie. Cu [&#8230;]\n","protected":false},"author":1,"featured_media":0,"comment_status":"closed","ping_status":"closed","sticky":false,"template":"","format":"standard","meta":{"ngg_post_thumbnail":0,"footnotes":""},"categories":[4],"tags":[],"class_list":["post-2107","post","type-post","status-publish","format-standard","hentry","category-stiri"],"yoast_head":"<!-- This site is optimized with the Yoast SEO plugin v23.3 - https:\/\/yoast.com\/wordpress\/plugins\/seo\/ -->\n<title>Cei mai buni elevi din Mioveni au venit la M\u0103gd\u0103ce\u0219ti. Video\/Foto - M\u0103gd\u0103ce\u0219ti<\/title>\n<meta name=\"description\" content=\"Bine ati venit pe pagina oficiala a Primariei Magdacesti.\" \/>\n<meta name=\"robots\" content=\"index, follow, max-snippet:-1, max-image-preview:large, max-video-preview:-1\" \/>\n<link rel=\"canonical\" href=\"https:\/\/magdacesti.md\/?p=2107\" \/>\n<meta property=\"og:locale\" content=\"en_US\" \/>\n<meta property=\"og:type\" content=\"article\" \/>\n<meta property=\"og:title\" content=\"Cei mai buni elevi din Mioveni au venit la M\u0103gd\u0103ce\u0219ti. Video\/Foto - M\u0103gd\u0103ce\u0219ti\" \/>\n<meta property=\"og:description\" content=\"Bine ati venit pe pagina oficiala a Primariei Magdacesti.\" \/>\n<meta property=\"og:url\" content=\"https:\/\/magdacesti.md\/?p=2107\" \/>\n<meta property=\"og:site_name\" content=\"M\u0103gd\u0103ce\u0219ti\" \/>\n<meta property=\"article:publisher\" content=\"https:\/\/www.facebook.com\/magdacesti.md\/\" \/>\n<meta property=\"article:published_time\" content=\"2017-07-29T18:21:08+00:00\" \/>\n<meta property=\"og:image\" content=\"https:\/\/magdacesti.md\/wp-content\/uploads\/2017\/08\/0.jpg\" \/>\n<meta name=\"author\" content=\"magdacesti\" \/>\n<meta name=\"twitter:card\" content=\"summary_large_image\" \/>\n<meta name=\"twitter:label1\" content=\"Written by\" \/>\n\t<meta name=\"twitter:data1\" content=\"magdacesti\" \/>\n\t<meta name=\"twitter:label2\" content=\"Est. reading time\" \/>\n\t<meta name=\"twitter:data2\" content=\"2 minutes\" \/>\n<script type=\"application\/ld+json\" class=\"yoast-schema-graph\">{\"@context\":\"https:\/\/schema.org\",\"@graph\":[{\"@type\":\"Article\",\"@id\":\"https:\/\/magdacesti.md\/?p=2107#article\",\"isPartOf\":{\"@id\":\"https:\/\/magdacesti.md\/?p=2107\"},\"author\":{\"name\":\"magdacesti\",\"@id\":\"https:\/\/magdacesti.md\/#\/schema\/person\/ee6a6d0a5f0b0cb676ac992c8e414842\"},\"headline\":\"Cei mai buni elevi din Mioveni au venit la M\u0103gd\u0103ce\u0219ti. Video\/Foto\",\"datePublished\":\"2017-07-29T18:21:08+00:00\",\"dateModified\":\"2017-07-29T18:21:08+00:00\",\"mainEntityOfPage\":{\"@id\":\"https:\/\/magdacesti.md\/?p=2107\"},\"wordCount\":387,\"publisher\":{\"@id\":\"https:\/\/magdacesti.md\/#organization\"},\"image\":{\"@id\":\"https:\/\/magdacesti.md\/?p=2107#primaryimage\"},\"thumbnailUrl\":\"https:\/\/magdacesti.md\/wp-content\/uploads\/2017\/08\/0.jpg\",\"articleSection\":[\"Stiri\"],\"inLanguage\":\"en-US\"},{\"@type\":\"WebPage\",\"@id\":\"https:\/\/magdacesti.md\/?p=2107\",\"url\":\"https:\/\/magdacesti.md\/?p=2107\",\"name\":\"Cei mai buni elevi din Mioveni au venit la M\u0103gd\u0103ce\u0219ti. Video\/Foto - M\u0103gd\u0103ce\u0219ti\",\"isPartOf\":{\"@id\":\"https:\/\/magdacesti.md\/#website\"},\"primaryImageOfPage\":{\"@id\":\"https:\/\/magdacesti.md\/?p=2107#primaryimage\"},\"image\":{\"@id\":\"https:\/\/magdacesti.md\/?p=2107#primaryimage\"},\"thumbnailUrl\":\"https:\/\/magdacesti.md\/wp-content\/uploads\/2017\/08\/0.jpg\",\"datePublished\":\"2017-07-29T18:21:08+00:00\",\"dateModified\":\"2017-07-29T18:21:08+00:00\",\"description\":\"Bine ati venit pe pagina oficiala a Primariei Magdacesti.\",\"breadcrumb\":{\"@id\":\"https:\/\/magdacesti.md\/?p=2107#breadcrumb\"},\"inLanguage\":\"en-US\",\"potentialAction\":[{\"@type\":\"ReadAction\",\"target\":[\"https:\/\/magdacesti.md\/?p=2107\"]}]},{\"@type\":\"ImageObject\",\"inLanguage\":\"en-US\",\"@id\":\"https:\/\/magdacesti.md\/?p=2107#primaryimage\",\"url\":\"https:\/\/magdacesti.md\/wp-content\/uploads\/2017\/08\/0.jpg\",\"contentUrl\":\"https:\/\/magdacesti.md\/wp-content\/uploads\/2017\/08\/0.jpg\"},{\"@type\":\"BreadcrumbList\",\"@id\":\"https:\/\/magdacesti.md\/?p=2107#breadcrumb\",\"itemListElement\":[{\"@type\":\"ListItem\",\"position\":1,\"name\":\"Home\",\"item\":\"https:\/\/magdacesti.md\/\"},{\"@type\":\"ListItem\",\"position\":2,\"name\":\"Cei mai buni elevi din Mioveni au venit la M\u0103gd\u0103ce\u0219ti. Video\/Foto\"}]},{\"@type\":\"WebSite\",\"@id\":\"https:\/\/magdacesti.md\/#website\",\"url\":\"https:\/\/magdacesti.md\/\",\"name\":\"M\u0103gd\u0103ce\u0219ti\",\"description\":\"Un or\u0103\u0219el cu condi\u021bii decente de trai!\",\"publisher\":{\"@id\":\"https:\/\/magdacesti.md\/#organization\"},\"potentialAction\":[{\"@type\":\"SearchAction\",\"target\":{\"@type\":\"EntryPoint\",\"urlTemplate\":\"https:\/\/magdacesti.md\/?s={search_term_string}\"},\"query-input\":\"required name=search_term_string\"}],\"inLanguage\":\"en-US\"},{\"@type\":\"Organization\",\"@id\":\"https:\/\/magdacesti.md\/#organization\",\"name\":\"M\u0103gd\u0103ce\u0219ti\",\"url\":\"https:\/\/magdacesti.md\/\",\"logo\":{\"@type\":\"ImageObject\",\"inLanguage\":\"en-US\",\"@id\":\"https:\/\/magdacesti.md\/#\/schema\/logo\/image\/\",\"url\":\"https:\/\/magdacesti.md\/wp-content\/uploads\/2021\/03\/Foto-514-scaled.jpg\",\"contentUrl\":\"https:\/\/magdacesti.md\/wp-content\/uploads\/2021\/03\/Foto-514-scaled.jpg\",\"width\":2560,\"height\":1707,\"caption\":\"M\u0103gd\u0103ce\u0219ti\"},\"image\":{\"@id\":\"https:\/\/magdacesti.md\/#\/schema\/logo\/image\/\"},\"sameAs\":[\"https:\/\/www.facebook.com\/magdacesti.md\/\"]},{\"@type\":\"Person\",\"@id\":\"https:\/\/magdacesti.md\/#\/schema\/person\/ee6a6d0a5f0b0cb676ac992c8e414842\",\"name\":\"magdacesti\",\"sameAs\":[\"https:\/\/magdacesti.md\"],\"url\":\"https:\/\/magdacesti.md\/?author=1\"}]}<\/script>\n<!-- \/ Yoast SEO plugin. -->","yoast_head_json":{"title":"Cei mai buni elevi din Mioveni au venit la M\u0103gd\u0103ce\u0219ti. Video\/Foto - M\u0103gd\u0103ce\u0219ti","description":"Bine ati venit pe pagina oficiala a Primariei Magdacesti.","robots":{"index":"index","follow":"follow","max-snippet":"max-snippet:-1","max-image-preview":"max-image-preview:large","max-video-preview":"max-video-preview:-1"},"canonical":"https:\/\/magdacesti.md\/?p=2107","og_locale":"en_US","og_type":"article","og_title":"Cei mai buni elevi din Mioveni au venit la M\u0103gd\u0103ce\u0219ti. Video\/Foto - M\u0103gd\u0103ce\u0219ti","og_description":"Bine ati venit pe pagina oficiala a Primariei Magdacesti.","og_url":"https:\/\/magdacesti.md\/?p=2107","og_site_name":"M\u0103gd\u0103ce\u0219ti","article_publisher":"https:\/\/www.facebook.com\/magdacesti.md\/","article_published_time":"2017-07-29T18:21:08+00:00","og_image":[{"url":"https:\/\/magdacesti.md\/wp-content\/uploads\/2017\/08\/0.jpg"}],"author":"magdacesti","twitter_card":"summary_large_image","twitter_misc":{"Written by":"magdacesti","Est. reading time":"2 minutes"},"schema":{"@context":"https:\/\/schema.org","@graph":[{"@type":"Article","@id":"https:\/\/magdacesti.md\/?p=2107#article","isPartOf":{"@id":"https:\/\/magdacesti.md\/?p=2107"},"author":{"name":"magdacesti","@id":"https:\/\/magdacesti.md\/#\/schema\/person\/ee6a6d0a5f0b0cb676ac992c8e414842"},"headline":"Cei mai buni elevi din Mioveni au venit la M\u0103gd\u0103ce\u0219ti. Video\/Foto","datePublished":"2017-07-29T18:21:08+00:00","dateModified":"2017-07-29T18:21:08+00:00","mainEntityOfPage":{"@id":"https:\/\/magdacesti.md\/?p=2107"},"wordCount":387,"publisher":{"@id":"https:\/\/magdacesti.md\/#organization"},"image":{"@id":"https:\/\/magdacesti.md\/?p=2107#primaryimage"},"thumbnailUrl":"https:\/\/magdacesti.md\/wp-content\/uploads\/2017\/08\/0.jpg","articleSection":["Stiri"],"inLanguage":"en-US"},{"@type":"WebPage","@id":"https:\/\/magdacesti.md\/?p=2107","url":"https:\/\/magdacesti.md\/?p=2107","name":"Cei mai buni elevi din Mioveni au venit la M\u0103gd\u0103ce\u0219ti. Video\/Foto - M\u0103gd\u0103ce\u0219ti","isPartOf":{"@id":"https:\/\/magdacesti.md\/#website"},"primaryImageOfPage":{"@id":"https:\/\/magdacesti.md\/?p=2107#primaryimage"},"image":{"@id":"https:\/\/magdacesti.md\/?p=2107#primaryimage"},"thumbnailUrl":"https:\/\/magdacesti.md\/wp-content\/uploads\/2017\/08\/0.jpg","datePublished":"2017-07-29T18:21:08+00:00","dateModified":"2017-07-29T18:21:08+00:00","description":"Bine ati venit pe pagina oficiala a Primariei Magdacesti.","breadcrumb":{"@id":"https:\/\/magdacesti.md\/?p=2107#breadcrumb"},"inLanguage":"en-US","potentialAction":[{"@type":"ReadAction","target":["https:\/\/magdacesti.md\/?p=2107"]}]},{"@type":"ImageObject","inLanguage":"en-US","@id":"https:\/\/magdacesti.md\/?p=2107#primaryimage","url":"https:\/\/magdacesti.md\/wp-content\/uploads\/2017\/08\/0.jpg","contentUrl":"https:\/\/magdacesti.md\/wp-content\/uploads\/2017\/08\/0.jpg"},{"@type":"BreadcrumbList","@id":"https:\/\/magdacesti.md\/?p=2107#breadcrumb","itemListElement":[{"@type":"ListItem","position":1,"name":"Home","item":"https:\/\/magdacesti.md\/"},{"@type":"ListItem","position":2,"name":"Cei mai buni elevi din Mioveni au venit la M\u0103gd\u0103ce\u0219ti. Video\/Foto"}]},{"@type":"WebSite","@id":"https:\/\/magdacesti.md\/#website","url":"https:\/\/magdacesti.md\/","name":"M\u0103gd\u0103ce\u0219ti","description":"Un or\u0103\u0219el cu condi\u021bii decente de trai!","publisher":{"@id":"https:\/\/magdacesti.md\/#organization"},"potentialAction":[{"@type":"SearchAction","target":{"@type":"EntryPoint","urlTemplate":"https:\/\/magdacesti.md\/?s={search_term_string}"},"query-input":"required name=search_term_string"}],"inLanguage":"en-US"},{"@type":"Organization","@id":"https:\/\/magdacesti.md\/#organization","name":"M\u0103gd\u0103ce\u0219ti","url":"https:\/\/magdacesti.md\/","logo":{"@type":"ImageObject","inLanguage":"en-US","@id":"https:\/\/magdacesti.md\/#\/schema\/logo\/image\/","url":"https:\/\/magdacesti.md\/wp-content\/uploads\/2021\/03\/Foto-514-scaled.jpg","contentUrl":"https:\/\/magdacesti.md\/wp-content\/uploads\/2021\/03\/Foto-514-scaled.jpg","width":2560,"height":1707,"caption":"M\u0103gd\u0103ce\u0219ti"},"image":{"@id":"https:\/\/magdacesti.md\/#\/schema\/logo\/image\/"},"sameAs":["https:\/\/www.facebook.com\/magdacesti.md\/"]},{"@type":"Person","@id":"https:\/\/magdacesti.md\/#\/schema\/person\/ee6a6d0a5f0b0cb676ac992c8e414842","name":"magdacesti","sameAs":["https:\/\/magdacesti.md"],"url":"https:\/\/magdacesti.md\/?author=1"}]}},"_links":{"self":[{"href":"https:\/\/magdacesti.md\/index.php?rest_route=\/wp\/v2\/posts\/2107","targetHints":{"allow":["GET"]}}],"collection":[{"href":"https:\/\/magdacesti.md\/index.php?rest_route=\/wp\/v2\/posts"}],"about":[{"href":"https:\/\/magdacesti.md\/index.php?rest_route=\/wp\/v2\/types\/post"}],"author":[{"embeddable":true,"href":"https:\/\/magdacesti.md\/index.php?rest_route=\/wp\/v2\/users\/1"}],"replies":[{"embeddable":true,"href":"https:\/\/magdacesti.md\/index.php?rest_route=%2Fwp%2Fv2%2Fcomments&post=2107"}],"version-history":[{"count":0,"href":"https:\/\/magdacesti.md\/index.php?rest_route=\/wp\/v2\/posts\/2107\/revisions"}],"wp:attachment":[{"href":"https:\/\/magdacesti.md\/index.php?rest_route=%2Fwp%2Fv2%2Fmedia&parent=2107"}],"wp:term":[{"taxonomy":"category","embeddable":true,"href":"https:\/\/magdacesti.md\/index.php?rest_route=%2Fwp%2Fv2%2Fcategories&post=2107"},{"taxonomy":"post_tag","embeddable":true,"href":"https:\/\/magdacesti.md\/index.php?rest_route=%2Fwp%2Fv2%2Ftags&post=2107"}],"curies":[{"name":"wp","href":"https:\/\/api.w.org\/{rel}","templated":true}]}}