{"id":2169,"date":"2018-02-20T09:20:00","date_gmt":"2018-02-20T07:20:00","guid":{"rendered":"https:\/\/magdacesti.md\/?p=2169"},"modified":"2018-02-20T09:20:00","modified_gmt":"2018-02-20T07:20:00","slug":"contabil-sef","status":"publish","type":"post","link":"https:\/\/magdacesti.md\/?p=2169","title":{"rendered":"Anun\u021b! Concurs pentru ocuparea func\u021biei vacante de contabil-\u0219ef"},"content":{"rendered":"<p><img loading=\"lazy\" decoding=\"async\" class=\"aligncenter\" src=\"https:\/\/magdacesti.md\/wp-content\/uploads\/2017\/08\/contabil-sef.jpg\" alt=\"\" width=\"680\" height=\"365\" \/><\/p>\n<p>\u201ePrim\u0103ria M\u0103gd\u0103ce\u015fti Raionul Criuleni anun\u021b\u0103 concurs pentru ocuparea func\u021biei vacante de contabil-\u0219ef \u00een cadrul prim\u0103riei<\/p>\n<p><strong>Cerin\u021be generale fa\u021b\u0103 de candida\u021bi:<\/strong><\/p>\n<ol>\n<li>Cet\u0103\u021bean al Republicii Moldova.<\/li>\n<li>Cunoa\u0219terea limbii de stat \u0219i a limbii ruse.<\/li>\n<li>Posedarea calculatorului (WORD, EXCEL, SIA privind \u021binerea eviden\u021bei contabile \u0219i planific\u0103rii \u00een sistemul bugetar, Internet).<\/li>\n<li>Experien\u021ba \u00een domeniul respectiv este o prioritate.<\/li>\n<li>F\u0103r\u0103 antecedente penale.<\/li>\n<li>Apt de munc\u0103, din punct de vedere medical.<\/li>\n<li>Aptitudini: de organizare, de elaborare a documentelor, de analiz\u0103 \u0219i sintez\u0103, de comunicare, de planificare \u0219i implementare a activit\u0103\u021bilor \u0219i deciziilor \u00een domeniu (organizarea, coordonarea, monitorizarea, evaluare \u0219i control).<\/li>\n<li>Atitudini: respect fa\u021b\u0103 de oameni, profesionalism, responsabilitate, corectitudine, impar\u021bialitate, disciplin\u0103, tendin\u021b\u0103 de perfec\u021bionare profesional\u0103 continu\u0103.<\/li>\n<\/ol>\n<p><strong>Cerin\u021be speciale:<\/strong><\/p>\n<ul>\n<li>studii superioare \u00een domeniul contabilit\u0103\u021bii, finan\u021belor, economic;<\/li>\n<li>competente manageriale de administrare \u0219i gestionare a resurselor financiare; resurselor materiale;<\/li>\n<li>cunoa\u0219terea legisla\u021biei \u00een vigoare \u00een domeniu.<\/li>\n<\/ul>\n<p><strong>[read more=&#8217;detalii&#8217; less=&#8217;inchide&#8217;]<\/strong><\/p>\n<p><strong>Candida\u021bii vor prezenta urm\u0103toarele acte:<\/strong><\/p>\n<ul>\n<li>CV;<\/li>\n<li>formularul de participare;<\/li>\n<li>originalul\/copia buletinului de identitate;<\/li>\n<li>originalul\/copia, diplomei de studii superioare;<\/li>\n<li>originalul\/copia carnetului de munc\u0103;<\/li>\n<li>certificatul medical;<\/li>\n<li>cazierul judiciar;<\/li>\n<\/ul>\n<p>Actele pot fi depuse \u00een termenul de la 01 februarie 2018 p\u00e2n\u0103 la 6 martie 2018 pe adresa: Prim\u0103ria satului M\u0103gd\u0103ce\u015fti, str. Mihai Eminescu nr.14.<\/p>\n<p>Pentru rela\u021bii suplimentare<\/p>\n<p>tel. 024834236; 024834238;<\/p>\n<p>Candida\u021bii la concurs vor sus\u021bine o prob\u0103 scris\u0103 \u0219i interviu.<\/p>\n<p><strong>Bibliografie:<\/strong><\/p>\n<ul>\n<li>Legea nr. 158 din 04.07.2008 cu privire la func\u021bia public\u0103 \u0219i statutul func\u021bionarului public;<\/li>\n<li>Legea contabilit\u0103\u021bii nr.113-113-XVI din 27.04.2007;<\/li>\n<li>Legea privind sistemul bugetar \u0219i procesul bugetar, nr.847-XII din 24.05.1996;<\/li>\n<li>Legea privind finan\u021bele publice locale nr. 397 din 16.10.2003;<\/li>\n<li>Instruc\u021biunea cu privire la eviden\u021ba contabil\u0103 \u00een institu\u021biile publice, aprobat\u0103 prin Ordinul Ministerului Finan\u021belor nr. 93 din 19.07.2010\u201d<\/li>\n<\/ul>\n<p><strong> [\/read]<\/strong><\/p>\n","protected":false},"excerpt":{"rendered":"<p>\u201ePrim\u0103ria M\u0103gd\u0103ce\u015fti Raionul Criuleni anun\u021b\u0103 concurs pentru ocuparea func\u021biei vacante de contabil-\u0219ef \u00een cadrul prim\u0103riei Cerin\u021be generale fa\u021b\u0103 de candida\u021bi: Cet\u0103\u021bean al Republicii Moldova. Cunoa\u0219terea limbii de stat \u0219i a limbii ruse. Posedarea calculatorului (WORD, EXCEL, SIA privind \u021binerea eviden\u021bei contabile \u0219i planific\u0103rii \u00een sistemul bugetar, Internet). Experien\u021ba \u00een domeniul respectiv este o prioritate. F\u0103r\u0103 [&#8230;]\n","protected":false},"author":1,"featured_media":0,"comment_status":"closed","ping_status":"closed","sticky":false,"template":"","format":"standard","meta":{"ngg_post_thumbnail":0,"footnotes":""},"categories":[4],"tags":[],"class_list":["post-2169","post","type-post","status-publish","format-standard","hentry","category-stiri"],"yoast_head":"<!-- This site is optimized with the Yoast SEO plugin v23.3 - https:\/\/yoast.com\/wordpress\/plugins\/seo\/ -->\n<title>Anun\u021b! Concurs pentru ocuparea func\u021biei vacante de contabil-\u0219ef - M\u0103gd\u0103ce\u0219ti<\/title>\n<meta name=\"description\" content=\"Bine ati venit pe pagina oficiala a Primariei Magdacesti.\" \/>\n<meta name=\"robots\" content=\"index, follow, max-snippet:-1, max-image-preview:large, max-video-preview:-1\" \/>\n<link rel=\"canonical\" href=\"https:\/\/magdacesti.md\/?p=2169\" \/>\n<meta property=\"og:locale\" content=\"en_US\" \/>\n<meta property=\"og:type\" content=\"article\" \/>\n<meta property=\"og:title\" content=\"Anun\u021b! Concurs pentru ocuparea func\u021biei vacante de contabil-\u0219ef - M\u0103gd\u0103ce\u0219ti\" \/>\n<meta property=\"og:description\" content=\"Bine ati venit pe pagina oficiala a Primariei Magdacesti.\" \/>\n<meta property=\"og:url\" content=\"https:\/\/magdacesti.md\/?p=2169\" \/>\n<meta property=\"og:site_name\" content=\"M\u0103gd\u0103ce\u0219ti\" \/>\n<meta property=\"article:publisher\" content=\"https:\/\/www.facebook.com\/magdacesti.md\/\" \/>\n<meta property=\"article:published_time\" content=\"2018-02-20T07:20:00+00:00\" \/>\n<meta property=\"og:image\" content=\"https:\/\/magdacesti.md\/wp-content\/uploads\/2017\/08\/contabil-sef.jpg\" \/>\n<meta name=\"author\" content=\"magdacesti\" \/>\n<meta name=\"twitter:card\" content=\"summary_large_image\" \/>\n<meta name=\"twitter:label1\" content=\"Written by\" \/>\n\t<meta name=\"twitter:data1\" content=\"magdacesti\" \/>\n\t<meta name=\"twitter:label2\" content=\"Est. reading time\" \/>\n\t<meta name=\"twitter:data2\" content=\"1 minute\" \/>\n<script type=\"application\/ld+json\" class=\"yoast-schema-graph\">{\"@context\":\"https:\/\/schema.org\",\"@graph\":[{\"@type\":\"Article\",\"@id\":\"https:\/\/magdacesti.md\/?p=2169#article\",\"isPartOf\":{\"@id\":\"https:\/\/magdacesti.md\/?p=2169\"},\"author\":{\"name\":\"magdacesti\",\"@id\":\"https:\/\/magdacesti.md\/#\/schema\/person\/ee6a6d0a5f0b0cb676ac992c8e414842\"},\"headline\":\"Anun\u021b! Concurs pentru ocuparea func\u021biei vacante de contabil-\u0219ef\",\"datePublished\":\"2018-02-20T07:20:00+00:00\",\"dateModified\":\"2018-02-20T07:20:00+00:00\",\"mainEntityOfPage\":{\"@id\":\"https:\/\/magdacesti.md\/?p=2169\"},\"wordCount\":308,\"publisher\":{\"@id\":\"https:\/\/magdacesti.md\/#organization\"},\"image\":{\"@id\":\"https:\/\/magdacesti.md\/?p=2169#primaryimage\"},\"thumbnailUrl\":\"https:\/\/magdacesti.md\/wp-content\/uploads\/2017\/08\/contabil-sef.jpg\",\"articleSection\":[\"Stiri\"],\"inLanguage\":\"en-US\"},{\"@type\":\"WebPage\",\"@id\":\"https:\/\/magdacesti.md\/?p=2169\",\"url\":\"https:\/\/magdacesti.md\/?p=2169\",\"name\":\"Anun\u021b! Concurs pentru ocuparea func\u021biei vacante de contabil-\u0219ef - M\u0103gd\u0103ce\u0219ti\",\"isPartOf\":{\"@id\":\"https:\/\/magdacesti.md\/#website\"},\"primaryImageOfPage\":{\"@id\":\"https:\/\/magdacesti.md\/?p=2169#primaryimage\"},\"image\":{\"@id\":\"https:\/\/magdacesti.md\/?p=2169#primaryimage\"},\"thumbnailUrl\":\"https:\/\/magdacesti.md\/wp-content\/uploads\/2017\/08\/contabil-sef.jpg\",\"datePublished\":\"2018-02-20T07:20:00+00:00\",\"dateModified\":\"2018-02-20T07:20:00+00:00\",\"description\":\"Bine ati venit pe pagina oficiala a Primariei Magdacesti.\",\"breadcrumb\":{\"@id\":\"https:\/\/magdacesti.md\/?p=2169#breadcrumb\"},\"inLanguage\":\"en-US\",\"potentialAction\":[{\"@type\":\"ReadAction\",\"target\":[\"https:\/\/magdacesti.md\/?p=2169\"]}]},{\"@type\":\"ImageObject\",\"inLanguage\":\"en-US\",\"@id\":\"https:\/\/magdacesti.md\/?p=2169#primaryimage\",\"url\":\"https:\/\/magdacesti.md\/wp-content\/uploads\/2017\/08\/contabil-sef.jpg\",\"contentUrl\":\"https:\/\/magdacesti.md\/wp-content\/uploads\/2017\/08\/contabil-sef.jpg\"},{\"@type\":\"BreadcrumbList\",\"@id\":\"https:\/\/magdacesti.md\/?p=2169#breadcrumb\",\"itemListElement\":[{\"@type\":\"ListItem\",\"position\":1,\"name\":\"Home\",\"item\":\"https:\/\/magdacesti.md\/\"},{\"@type\":\"ListItem\",\"position\":2,\"name\":\"Anun\u021b! Concurs pentru ocuparea func\u021biei vacante de contabil-\u0219ef\"}]},{\"@type\":\"WebSite\",\"@id\":\"https:\/\/magdacesti.md\/#website\",\"url\":\"https:\/\/magdacesti.md\/\",\"name\":\"M\u0103gd\u0103ce\u0219ti\",\"description\":\"Un or\u0103\u0219el cu condi\u021bii decente de trai!\",\"publisher\":{\"@id\":\"https:\/\/magdacesti.md\/#organization\"},\"potentialAction\":[{\"@type\":\"SearchAction\",\"target\":{\"@type\":\"EntryPoint\",\"urlTemplate\":\"https:\/\/magdacesti.md\/?s={search_term_string}\"},\"query-input\":\"required name=search_term_string\"}],\"inLanguage\":\"en-US\"},{\"@type\":\"Organization\",\"@id\":\"https:\/\/magdacesti.md\/#organization\",\"name\":\"M\u0103gd\u0103ce\u0219ti\",\"url\":\"https:\/\/magdacesti.md\/\",\"logo\":{\"@type\":\"ImageObject\",\"inLanguage\":\"en-US\",\"@id\":\"https:\/\/magdacesti.md\/#\/schema\/logo\/image\/\",\"url\":\"https:\/\/magdacesti.md\/wp-content\/uploads\/2021\/03\/Foto-514-scaled.jpg\",\"contentUrl\":\"https:\/\/magdacesti.md\/wp-content\/uploads\/2021\/03\/Foto-514-scaled.jpg\",\"width\":2560,\"height\":1707,\"caption\":\"M\u0103gd\u0103ce\u0219ti\"},\"image\":{\"@id\":\"https:\/\/magdacesti.md\/#\/schema\/logo\/image\/\"},\"sameAs\":[\"https:\/\/www.facebook.com\/magdacesti.md\/\"]},{\"@type\":\"Person\",\"@id\":\"https:\/\/magdacesti.md\/#\/schema\/person\/ee6a6d0a5f0b0cb676ac992c8e414842\",\"name\":\"magdacesti\",\"sameAs\":[\"https:\/\/magdacesti.md\"],\"url\":\"https:\/\/magdacesti.md\/?author=1\"}]}<\/script>\n<!-- \/ Yoast SEO plugin. -->","yoast_head_json":{"title":"Anun\u021b! Concurs pentru ocuparea func\u021biei vacante de contabil-\u0219ef - M\u0103gd\u0103ce\u0219ti","description":"Bine ati venit pe pagina oficiala a Primariei Magdacesti.","robots":{"index":"index","follow":"follow","max-snippet":"max-snippet:-1","max-image-preview":"max-image-preview:large","max-video-preview":"max-video-preview:-1"},"canonical":"https:\/\/magdacesti.md\/?p=2169","og_locale":"en_US","og_type":"article","og_title":"Anun\u021b! Concurs pentru ocuparea func\u021biei vacante de contabil-\u0219ef - M\u0103gd\u0103ce\u0219ti","og_description":"Bine ati venit pe pagina oficiala a Primariei Magdacesti.","og_url":"https:\/\/magdacesti.md\/?p=2169","og_site_name":"M\u0103gd\u0103ce\u0219ti","article_publisher":"https:\/\/www.facebook.com\/magdacesti.md\/","article_published_time":"2018-02-20T07:20:00+00:00","og_image":[{"url":"https:\/\/magdacesti.md\/wp-content\/uploads\/2017\/08\/contabil-sef.jpg"}],"author":"magdacesti","twitter_card":"summary_large_image","twitter_misc":{"Written by":"magdacesti","Est. reading time":"1 minute"},"schema":{"@context":"https:\/\/schema.org","@graph":[{"@type":"Article","@id":"https:\/\/magdacesti.md\/?p=2169#article","isPartOf":{"@id":"https:\/\/magdacesti.md\/?p=2169"},"author":{"name":"magdacesti","@id":"https:\/\/magdacesti.md\/#\/schema\/person\/ee6a6d0a5f0b0cb676ac992c8e414842"},"headline":"Anun\u021b! Concurs pentru ocuparea func\u021biei vacante de contabil-\u0219ef","datePublished":"2018-02-20T07:20:00+00:00","dateModified":"2018-02-20T07:20:00+00:00","mainEntityOfPage":{"@id":"https:\/\/magdacesti.md\/?p=2169"},"wordCount":308,"publisher":{"@id":"https:\/\/magdacesti.md\/#organization"},"image":{"@id":"https:\/\/magdacesti.md\/?p=2169#primaryimage"},"thumbnailUrl":"https:\/\/magdacesti.md\/wp-content\/uploads\/2017\/08\/contabil-sef.jpg","articleSection":["Stiri"],"inLanguage":"en-US"},{"@type":"WebPage","@id":"https:\/\/magdacesti.md\/?p=2169","url":"https:\/\/magdacesti.md\/?p=2169","name":"Anun\u021b! Concurs pentru ocuparea func\u021biei vacante de contabil-\u0219ef - M\u0103gd\u0103ce\u0219ti","isPartOf":{"@id":"https:\/\/magdacesti.md\/#website"},"primaryImageOfPage":{"@id":"https:\/\/magdacesti.md\/?p=2169#primaryimage"},"image":{"@id":"https:\/\/magdacesti.md\/?p=2169#primaryimage"},"thumbnailUrl":"https:\/\/magdacesti.md\/wp-content\/uploads\/2017\/08\/contabil-sef.jpg","datePublished":"2018-02-20T07:20:00+00:00","dateModified":"2018-02-20T07:20:00+00:00","description":"Bine ati venit pe pagina oficiala a Primariei Magdacesti.","breadcrumb":{"@id":"https:\/\/magdacesti.md\/?p=2169#breadcrumb"},"inLanguage":"en-US","potentialAction":[{"@type":"ReadAction","target":["https:\/\/magdacesti.md\/?p=2169"]}]},{"@type":"ImageObject","inLanguage":"en-US","@id":"https:\/\/magdacesti.md\/?p=2169#primaryimage","url":"https:\/\/magdacesti.md\/wp-content\/uploads\/2017\/08\/contabil-sef.jpg","contentUrl":"https:\/\/magdacesti.md\/wp-content\/uploads\/2017\/08\/contabil-sef.jpg"},{"@type":"BreadcrumbList","@id":"https:\/\/magdacesti.md\/?p=2169#breadcrumb","itemListElement":[{"@type":"ListItem","position":1,"name":"Home","item":"https:\/\/magdacesti.md\/"},{"@type":"ListItem","position":2,"name":"Anun\u021b! Concurs pentru ocuparea func\u021biei vacante de contabil-\u0219ef"}]},{"@type":"WebSite","@id":"https:\/\/magdacesti.md\/#website","url":"https:\/\/magdacesti.md\/","name":"M\u0103gd\u0103ce\u0219ti","description":"Un or\u0103\u0219el cu condi\u021bii decente de trai!","publisher":{"@id":"https:\/\/magdacesti.md\/#organization"},"potentialAction":[{"@type":"SearchAction","target":{"@type":"EntryPoint","urlTemplate":"https:\/\/magdacesti.md\/?s={search_term_string}"},"query-input":"required name=search_term_string"}],"inLanguage":"en-US"},{"@type":"Organization","@id":"https:\/\/magdacesti.md\/#organization","name":"M\u0103gd\u0103ce\u0219ti","url":"https:\/\/magdacesti.md\/","logo":{"@type":"ImageObject","inLanguage":"en-US","@id":"https:\/\/magdacesti.md\/#\/schema\/logo\/image\/","url":"https:\/\/magdacesti.md\/wp-content\/uploads\/2021\/03\/Foto-514-scaled.jpg","contentUrl":"https:\/\/magdacesti.md\/wp-content\/uploads\/2021\/03\/Foto-514-scaled.jpg","width":2560,"height":1707,"caption":"M\u0103gd\u0103ce\u0219ti"},"image":{"@id":"https:\/\/magdacesti.md\/#\/schema\/logo\/image\/"},"sameAs":["https:\/\/www.facebook.com\/magdacesti.md\/"]},{"@type":"Person","@id":"https:\/\/magdacesti.md\/#\/schema\/person\/ee6a6d0a5f0b0cb676ac992c8e414842","name":"magdacesti","sameAs":["https:\/\/magdacesti.md"],"url":"https:\/\/magdacesti.md\/?author=1"}]}},"_links":{"self":[{"href":"https:\/\/magdacesti.md\/index.php?rest_route=\/wp\/v2\/posts\/2169","targetHints":{"allow":["GET"]}}],"collection":[{"href":"https:\/\/magdacesti.md\/index.php?rest_route=\/wp\/v2\/posts"}],"about":[{"href":"https:\/\/magdacesti.md\/index.php?rest_route=\/wp\/v2\/types\/post"}],"author":[{"embeddable":true,"href":"https:\/\/magdacesti.md\/index.php?rest_route=\/wp\/v2\/users\/1"}],"replies":[{"embeddable":true,"href":"https:\/\/magdacesti.md\/index.php?rest_route=%2Fwp%2Fv2%2Fcomments&post=2169"}],"version-history":[{"count":0,"href":"https:\/\/magdacesti.md\/index.php?rest_route=\/wp\/v2\/posts\/2169\/revisions"}],"wp:attachment":[{"href":"https:\/\/magdacesti.md\/index.php?rest_route=%2Fwp%2Fv2%2Fmedia&parent=2169"}],"wp:term":[{"taxonomy":"category","embeddable":true,"href":"https:\/\/magdacesti.md\/index.php?rest_route=%2Fwp%2Fv2%2Fcategories&post=2169"},{"taxonomy":"post_tag","embeddable":true,"href":"https:\/\/magdacesti.md\/index.php?rest_route=%2Fwp%2Fv2%2Ftags&post=2169"}],"curies":[{"name":"wp","href":"https:\/\/api.w.org\/{rel}","templated":true}]}}