{"id":2203,"date":"2017-08-24T10:53:16","date_gmt":"2017-08-24T07:53:16","guid":{"rendered":"https:\/\/magdacesti.md\/?p=2203"},"modified":"2017-08-24T10:53:16","modified_gmt":"2017-08-24T07:53:16","slug":"sarbatorile-nationale-celebrate-la-magdacesti","status":"publish","type":"post","link":"https:\/\/magdacesti.md\/?p=2203","title":{"rendered":"S\u0103rb\u0103torile Na\u021bionale celebrate la M\u0103gd\u0103ce\u0219ti"},"content":{"rendered":"<div id=\"js_1zl\" class=\"_5pbx userContent\" data-ft=\"{&quot;tn&quot;:&quot;K&quot;}\">\n<div id=\"id_599e8279afd2e2b18349113\" class=\"text_exposed_root text_exposed\">\n<p>&nbsp;<\/p>\n<p>&nbsp;<\/p>\n<p><img loading=\"lazy\" decoding=\"async\" class=\"aligncenter\" src=\"https:\/\/magdacesti.md\/wp-content\/uploads\/2017\/08\/image52701large7d387.jpg\" alt=\"\" width=\"674\" height=\"505\" \/><br \/>\n<strong>Duminic\u0103, 27 august, \u021bara noastr\u0103 va \u00eembr\u0103ca straie de s\u0103rb\u0103toare, la fel \u0219i s. M\u0103gd\u0103ce\u0219ti. V\u0103 invitam pe to\u021bi \u00een Centrul satului, s\u0103 marc\u0103m \u00eempreun\u0103 cei 26 de ani de c\u00e2nd a fost proclamat\u0103 independen\u021ba \u021b\u0103rii noastre, precum \u0219i Ziua Limbii Rom\u00e2ne. Cu acest prilej, administra\u021bia public\u0103 local\u0103 a preg\u0103tit un program special, unde nu vor lipsi surprizele, c\u00e2ntecele din folclorul na\u021bional<\/strong><span class=\"text_exposed_show\"><strong>\u00a0\u0219i dansurile populare moldovene\u0219ti.<\/strong><\/span><\/p>\n<p><span class=\"text_exposed_show\">\u00cen program:<br \/>\n<em>1.Fanfara satului M\u0103gd\u0103ce\u0219ti<\/em><br \/>\n<em> 2. Ansamblul local &#8220;Cununa Dorului&#8221;<\/em><br \/>\n<em> 3. Orchestra-Model a Departamentului Trupelor de Carabinieri a MAI<\/em><br \/>\n<em> 4. Ansamblul de dansuri populare &#8220;Hora Mare&#8221;<\/em><br \/>\n<em> 5. Corul satului &#8220;Balada&#8221;<\/em><br \/>\n<em> 6. Tradi\u021bionala &#8220;Hora Satului&#8221;.<\/em><\/span><\/p>\n<p><span class=\"text_exposed_show\"><img loading=\"lazy\" decoding=\"async\" class=\"aligncenter\" src=\"https:\/\/magdacesti.md\/wp-content\/uploads\/2017\/08\/clona.jpg\" alt=\"\" width=\"720\" height=\"480\" \/><br \/>\nLa eveniment, ne va onora cu prezen\u021ba domnul\u00a0<a class=\"profileLink\" href=\"https:\/\/www.facebook.com\/profile.php?id=100012117699245&amp;fref=mentions\" data-hovercard=\"\/ajax\/hovercard\/user.php?id=100012117699245&amp;extragetparams=%7B%22fref%22%3A%22mentions%22%7D\" data-hovercard-prefer-more-content-show=\"1\">Georgescu Ion<\/a>, primarul ora\u0219ului Mioveni, jud Arge\u0219, \u00eempreun\u0103 cu o delega\u021bie din Rom\u00e2nia, pe care-i a\u0219tept\u0103m cu mare drag.<br \/>\nRe\u021bine\u021bi, duminic\u0103 27 august,ora 17.00, estrada de vara.<\/span><\/p>\n<div class=\"text_exposed_show\">\n<p>V\u0103 a\u0219tept\u0103m !<\/p>\n<\/div>\n<\/div>\n<\/div>\n<div class=\"_3x-2\"><\/div>\n","protected":false},"excerpt":{"rendered":"<p>&nbsp; &nbsp; Duminic\u0103, 27 august, \u021bara noastr\u0103 va \u00eembr\u0103ca straie de s\u0103rb\u0103toare, la fel \u0219i s. M\u0103gd\u0103ce\u0219ti. V\u0103 invitam pe to\u021bi \u00een Centrul satului, s\u0103 marc\u0103m \u00eempreun\u0103 cei 26 de ani de c\u00e2nd a fost proclamat\u0103 independen\u021ba \u021b\u0103rii noastre, precum \u0219i Ziua Limbii Rom\u00e2ne. Cu acest prilej, administra\u021bia public\u0103 local\u0103 a preg\u0103tit un program special, [&#8230;]\n","protected":false},"author":1,"featured_media":0,"comment_status":"closed","ping_status":"closed","sticky":false,"template":"","format":"standard","meta":{"ngg_post_thumbnail":0,"footnotes":""},"categories":[4],"tags":[],"class_list":["post-2203","post","type-post","status-publish","format-standard","hentry","category-stiri"],"yoast_head":"<!-- This site is optimized with the Yoast SEO plugin v23.3 - https:\/\/yoast.com\/wordpress\/plugins\/seo\/ -->\n<title>S\u0103rb\u0103torile Na\u021bionale celebrate la M\u0103gd\u0103ce\u0219ti - M\u0103gd\u0103ce\u0219ti<\/title>\n<meta name=\"description\" content=\"Bine ati venit pe pagina oficiala a Primariei Magdacesti.\" \/>\n<meta name=\"robots\" content=\"index, follow, max-snippet:-1, max-image-preview:large, max-video-preview:-1\" \/>\n<link rel=\"canonical\" href=\"https:\/\/magdacesti.md\/?p=2203\" \/>\n<meta property=\"og:locale\" content=\"en_US\" \/>\n<meta property=\"og:type\" content=\"article\" \/>\n<meta property=\"og:title\" content=\"S\u0103rb\u0103torile Na\u021bionale celebrate la M\u0103gd\u0103ce\u0219ti - M\u0103gd\u0103ce\u0219ti\" \/>\n<meta property=\"og:description\" content=\"Bine ati venit pe pagina oficiala a Primariei Magdacesti.\" \/>\n<meta property=\"og:url\" content=\"https:\/\/magdacesti.md\/?p=2203\" \/>\n<meta property=\"og:site_name\" content=\"M\u0103gd\u0103ce\u0219ti\" \/>\n<meta property=\"article:publisher\" content=\"https:\/\/www.facebook.com\/magdacesti.md\/\" \/>\n<meta property=\"article:published_time\" content=\"2017-08-24T07:53:16+00:00\" \/>\n<meta property=\"og:image\" content=\"https:\/\/magdacesti.md\/wp-content\/uploads\/2017\/08\/image52701large7d387.jpg\" \/>\n<meta name=\"author\" content=\"magdacesti\" \/>\n<meta name=\"twitter:card\" content=\"summary_large_image\" \/>\n<meta name=\"twitter:label1\" content=\"Written by\" \/>\n\t<meta name=\"twitter:data1\" content=\"magdacesti\" \/>\n\t<meta name=\"twitter:label2\" content=\"Est. reading time\" \/>\n\t<meta name=\"twitter:data2\" content=\"1 minute\" \/>\n<script type=\"application\/ld+json\" class=\"yoast-schema-graph\">{\"@context\":\"https:\/\/schema.org\",\"@graph\":[{\"@type\":\"Article\",\"@id\":\"https:\/\/magdacesti.md\/?p=2203#article\",\"isPartOf\":{\"@id\":\"https:\/\/magdacesti.md\/?p=2203\"},\"author\":{\"name\":\"magdacesti\",\"@id\":\"https:\/\/magdacesti.md\/#\/schema\/person\/ee6a6d0a5f0b0cb676ac992c8e414842\"},\"headline\":\"S\u0103rb\u0103torile Na\u021bionale celebrate la M\u0103gd\u0103ce\u0219ti\",\"datePublished\":\"2017-08-24T07:53:16+00:00\",\"dateModified\":\"2017-08-24T07:53:16+00:00\",\"mainEntityOfPage\":{\"@id\":\"https:\/\/magdacesti.md\/?p=2203\"},\"wordCount\":172,\"publisher\":{\"@id\":\"https:\/\/magdacesti.md\/#organization\"},\"image\":{\"@id\":\"https:\/\/magdacesti.md\/?p=2203#primaryimage\"},\"thumbnailUrl\":\"https:\/\/magdacesti.md\/wp-content\/uploads\/2017\/08\/image52701large7d387.jpg\",\"articleSection\":[\"Stiri\"],\"inLanguage\":\"en-US\"},{\"@type\":\"WebPage\",\"@id\":\"https:\/\/magdacesti.md\/?p=2203\",\"url\":\"https:\/\/magdacesti.md\/?p=2203\",\"name\":\"S\u0103rb\u0103torile Na\u021bionale celebrate la M\u0103gd\u0103ce\u0219ti - M\u0103gd\u0103ce\u0219ti\",\"isPartOf\":{\"@id\":\"https:\/\/magdacesti.md\/#website\"},\"primaryImageOfPage\":{\"@id\":\"https:\/\/magdacesti.md\/?p=2203#primaryimage\"},\"image\":{\"@id\":\"https:\/\/magdacesti.md\/?p=2203#primaryimage\"},\"thumbnailUrl\":\"https:\/\/magdacesti.md\/wp-content\/uploads\/2017\/08\/image52701large7d387.jpg\",\"datePublished\":\"2017-08-24T07:53:16+00:00\",\"dateModified\":\"2017-08-24T07:53:16+00:00\",\"description\":\"Bine ati venit pe pagina oficiala a Primariei Magdacesti.\",\"breadcrumb\":{\"@id\":\"https:\/\/magdacesti.md\/?p=2203#breadcrumb\"},\"inLanguage\":\"en-US\",\"potentialAction\":[{\"@type\":\"ReadAction\",\"target\":[\"https:\/\/magdacesti.md\/?p=2203\"]}]},{\"@type\":\"ImageObject\",\"inLanguage\":\"en-US\",\"@id\":\"https:\/\/magdacesti.md\/?p=2203#primaryimage\",\"url\":\"https:\/\/magdacesti.md\/wp-content\/uploads\/2017\/08\/image52701large7d387.jpg\",\"contentUrl\":\"https:\/\/magdacesti.md\/wp-content\/uploads\/2017\/08\/image52701large7d387.jpg\"},{\"@type\":\"BreadcrumbList\",\"@id\":\"https:\/\/magdacesti.md\/?p=2203#breadcrumb\",\"itemListElement\":[{\"@type\":\"ListItem\",\"position\":1,\"name\":\"Home\",\"item\":\"https:\/\/magdacesti.md\/\"},{\"@type\":\"ListItem\",\"position\":2,\"name\":\"S\u0103rb\u0103torile Na\u021bionale celebrate la M\u0103gd\u0103ce\u0219ti\"}]},{\"@type\":\"WebSite\",\"@id\":\"https:\/\/magdacesti.md\/#website\",\"url\":\"https:\/\/magdacesti.md\/\",\"name\":\"M\u0103gd\u0103ce\u0219ti\",\"description\":\"Un or\u0103\u0219el cu condi\u021bii decente de trai!\",\"publisher\":{\"@id\":\"https:\/\/magdacesti.md\/#organization\"},\"potentialAction\":[{\"@type\":\"SearchAction\",\"target\":{\"@type\":\"EntryPoint\",\"urlTemplate\":\"https:\/\/magdacesti.md\/?s={search_term_string}\"},\"query-input\":\"required name=search_term_string\"}],\"inLanguage\":\"en-US\"},{\"@type\":\"Organization\",\"@id\":\"https:\/\/magdacesti.md\/#organization\",\"name\":\"M\u0103gd\u0103ce\u0219ti\",\"url\":\"https:\/\/magdacesti.md\/\",\"logo\":{\"@type\":\"ImageObject\",\"inLanguage\":\"en-US\",\"@id\":\"https:\/\/magdacesti.md\/#\/schema\/logo\/image\/\",\"url\":\"https:\/\/magdacesti.md\/wp-content\/uploads\/2021\/03\/Foto-514-scaled.jpg\",\"contentUrl\":\"https:\/\/magdacesti.md\/wp-content\/uploads\/2021\/03\/Foto-514-scaled.jpg\",\"width\":2560,\"height\":1707,\"caption\":\"M\u0103gd\u0103ce\u0219ti\"},\"image\":{\"@id\":\"https:\/\/magdacesti.md\/#\/schema\/logo\/image\/\"},\"sameAs\":[\"https:\/\/www.facebook.com\/magdacesti.md\/\"]},{\"@type\":\"Person\",\"@id\":\"https:\/\/magdacesti.md\/#\/schema\/person\/ee6a6d0a5f0b0cb676ac992c8e414842\",\"name\":\"magdacesti\",\"sameAs\":[\"https:\/\/magdacesti.md\"],\"url\":\"https:\/\/magdacesti.md\/?author=1\"}]}<\/script>\n<!-- \/ Yoast SEO plugin. -->","yoast_head_json":{"title":"S\u0103rb\u0103torile Na\u021bionale celebrate la M\u0103gd\u0103ce\u0219ti - M\u0103gd\u0103ce\u0219ti","description":"Bine ati venit pe pagina oficiala a Primariei Magdacesti.","robots":{"index":"index","follow":"follow","max-snippet":"max-snippet:-1","max-image-preview":"max-image-preview:large","max-video-preview":"max-video-preview:-1"},"canonical":"https:\/\/magdacesti.md\/?p=2203","og_locale":"en_US","og_type":"article","og_title":"S\u0103rb\u0103torile Na\u021bionale celebrate la M\u0103gd\u0103ce\u0219ti - M\u0103gd\u0103ce\u0219ti","og_description":"Bine ati venit pe pagina oficiala a Primariei Magdacesti.","og_url":"https:\/\/magdacesti.md\/?p=2203","og_site_name":"M\u0103gd\u0103ce\u0219ti","article_publisher":"https:\/\/www.facebook.com\/magdacesti.md\/","article_published_time":"2017-08-24T07:53:16+00:00","og_image":[{"url":"https:\/\/magdacesti.md\/wp-content\/uploads\/2017\/08\/image52701large7d387.jpg"}],"author":"magdacesti","twitter_card":"summary_large_image","twitter_misc":{"Written by":"magdacesti","Est. reading time":"1 minute"},"schema":{"@context":"https:\/\/schema.org","@graph":[{"@type":"Article","@id":"https:\/\/magdacesti.md\/?p=2203#article","isPartOf":{"@id":"https:\/\/magdacesti.md\/?p=2203"},"author":{"name":"magdacesti","@id":"https:\/\/magdacesti.md\/#\/schema\/person\/ee6a6d0a5f0b0cb676ac992c8e414842"},"headline":"S\u0103rb\u0103torile Na\u021bionale celebrate la M\u0103gd\u0103ce\u0219ti","datePublished":"2017-08-24T07:53:16+00:00","dateModified":"2017-08-24T07:53:16+00:00","mainEntityOfPage":{"@id":"https:\/\/magdacesti.md\/?p=2203"},"wordCount":172,"publisher":{"@id":"https:\/\/magdacesti.md\/#organization"},"image":{"@id":"https:\/\/magdacesti.md\/?p=2203#primaryimage"},"thumbnailUrl":"https:\/\/magdacesti.md\/wp-content\/uploads\/2017\/08\/image52701large7d387.jpg","articleSection":["Stiri"],"inLanguage":"en-US"},{"@type":"WebPage","@id":"https:\/\/magdacesti.md\/?p=2203","url":"https:\/\/magdacesti.md\/?p=2203","name":"S\u0103rb\u0103torile Na\u021bionale celebrate la M\u0103gd\u0103ce\u0219ti - M\u0103gd\u0103ce\u0219ti","isPartOf":{"@id":"https:\/\/magdacesti.md\/#website"},"primaryImageOfPage":{"@id":"https:\/\/magdacesti.md\/?p=2203#primaryimage"},"image":{"@id":"https:\/\/magdacesti.md\/?p=2203#primaryimage"},"thumbnailUrl":"https:\/\/magdacesti.md\/wp-content\/uploads\/2017\/08\/image52701large7d387.jpg","datePublished":"2017-08-24T07:53:16+00:00","dateModified":"2017-08-24T07:53:16+00:00","description":"Bine ati venit pe pagina oficiala a Primariei Magdacesti.","breadcrumb":{"@id":"https:\/\/magdacesti.md\/?p=2203#breadcrumb"},"inLanguage":"en-US","potentialAction":[{"@type":"ReadAction","target":["https:\/\/magdacesti.md\/?p=2203"]}]},{"@type":"ImageObject","inLanguage":"en-US","@id":"https:\/\/magdacesti.md\/?p=2203#primaryimage","url":"https:\/\/magdacesti.md\/wp-content\/uploads\/2017\/08\/image52701large7d387.jpg","contentUrl":"https:\/\/magdacesti.md\/wp-content\/uploads\/2017\/08\/image52701large7d387.jpg"},{"@type":"BreadcrumbList","@id":"https:\/\/magdacesti.md\/?p=2203#breadcrumb","itemListElement":[{"@type":"ListItem","position":1,"name":"Home","item":"https:\/\/magdacesti.md\/"},{"@type":"ListItem","position":2,"name":"S\u0103rb\u0103torile Na\u021bionale celebrate la M\u0103gd\u0103ce\u0219ti"}]},{"@type":"WebSite","@id":"https:\/\/magdacesti.md\/#website","url":"https:\/\/magdacesti.md\/","name":"M\u0103gd\u0103ce\u0219ti","description":"Un or\u0103\u0219el cu condi\u021bii decente de trai!","publisher":{"@id":"https:\/\/magdacesti.md\/#organization"},"potentialAction":[{"@type":"SearchAction","target":{"@type":"EntryPoint","urlTemplate":"https:\/\/magdacesti.md\/?s={search_term_string}"},"query-input":"required name=search_term_string"}],"inLanguage":"en-US"},{"@type":"Organization","@id":"https:\/\/magdacesti.md\/#organization","name":"M\u0103gd\u0103ce\u0219ti","url":"https:\/\/magdacesti.md\/","logo":{"@type":"ImageObject","inLanguage":"en-US","@id":"https:\/\/magdacesti.md\/#\/schema\/logo\/image\/","url":"https:\/\/magdacesti.md\/wp-content\/uploads\/2021\/03\/Foto-514-scaled.jpg","contentUrl":"https:\/\/magdacesti.md\/wp-content\/uploads\/2021\/03\/Foto-514-scaled.jpg","width":2560,"height":1707,"caption":"M\u0103gd\u0103ce\u0219ti"},"image":{"@id":"https:\/\/magdacesti.md\/#\/schema\/logo\/image\/"},"sameAs":["https:\/\/www.facebook.com\/magdacesti.md\/"]},{"@type":"Person","@id":"https:\/\/magdacesti.md\/#\/schema\/person\/ee6a6d0a5f0b0cb676ac992c8e414842","name":"magdacesti","sameAs":["https:\/\/magdacesti.md"],"url":"https:\/\/magdacesti.md\/?author=1"}]}},"_links":{"self":[{"href":"https:\/\/magdacesti.md\/index.php?rest_route=\/wp\/v2\/posts\/2203","targetHints":{"allow":["GET"]}}],"collection":[{"href":"https:\/\/magdacesti.md\/index.php?rest_route=\/wp\/v2\/posts"}],"about":[{"href":"https:\/\/magdacesti.md\/index.php?rest_route=\/wp\/v2\/types\/post"}],"author":[{"embeddable":true,"href":"https:\/\/magdacesti.md\/index.php?rest_route=\/wp\/v2\/users\/1"}],"replies":[{"embeddable":true,"href":"https:\/\/magdacesti.md\/index.php?rest_route=%2Fwp%2Fv2%2Fcomments&post=2203"}],"version-history":[{"count":0,"href":"https:\/\/magdacesti.md\/index.php?rest_route=\/wp\/v2\/posts\/2203\/revisions"}],"wp:attachment":[{"href":"https:\/\/magdacesti.md\/index.php?rest_route=%2Fwp%2Fv2%2Fmedia&parent=2203"}],"wp:term":[{"taxonomy":"category","embeddable":true,"href":"https:\/\/magdacesti.md\/index.php?rest_route=%2Fwp%2Fv2%2Fcategories&post=2203"},{"taxonomy":"post_tag","embeddable":true,"href":"https:\/\/magdacesti.md\/index.php?rest_route=%2Fwp%2Fv2%2Ftags&post=2203"}],"curies":[{"name":"wp","href":"https:\/\/api.w.org\/{rel}","templated":true}]}}