{"id":2212,"date":"2017-08-27T14:04:57","date_gmt":"2017-08-27T11:04:57","guid":{"rendered":"https:\/\/magdacesti.md\/?p=2212"},"modified":"2017-08-27T14:04:57","modified_gmt":"2017-08-27T11:04:57","slug":"republica-moldova-implineste-astazi-26-ani-de-independent","status":"publish","type":"post","link":"https:\/\/magdacesti.md\/?p=2212","title":{"rendered":"Republica Moldova \u00eempline\u0219te ast\u0103zi 26 ani de independen\u021b\u0103"},"content":{"rendered":"<div id=\"js_c43\" class=\"_5pbx userContent\" data-ft=\"{&quot;tn&quot;:&quot;K&quot;}\">\n<div id=\"id_59a2a5e7b46477c90577775\" class=\"text_exposed_root text_exposed\">\n<p><strong>La 27 august 1991, Republica Moldova \u0219i-a declarat independen\u021ba, devenind stat suveran, independent \u0219i democratic, liber s\u0103-\u0219i\u00a0hot\u0103rasc\u0103 prezentul \u0219i\u00a0viitorul f\u0103r\u0103 nici un amestec din afar\u0103, \u00een conformitate cu idealurile \u0219i\u00a0n\u0103zuin\u021bele sfinte ale poporului.<\/strong><\/p>\n<p><img loading=\"lazy\" decoding=\"async\" class=\"aligncenter\" src=\"https:\/\/magdacesti.md\/wp-content\/uploads\/2017\/08\/moldova.jpg\" alt=\"\" width=\"658\" height=\"388\" \/><\/p>\n<p>Stima\u021bi cet\u0103\u021beni, colegi \u0219i prieteni. Am onoarea \u0219i deosebita pl\u0103cere s\u0103 v\u0103 adresez sincere felicit\u0103ri \u0219i ur\u0103ri de bine cu prilejul S\u0103rb\u0103torilor Na\u021bionale. V\u0103 ure<span class=\"text_exposed_show\">z mult\u0103 s\u0103n\u0103tate, fericire, bun\u0103stare, perseverent\u0103 \u0219i putere de rezisten\u021b\u0103. S\u0103 ave\u021bi parte de succese \u0219i realiz\u0103ri remarcabile, iar patriotismul \u0219i dragostea fa\u021b\u0103 de \u021aara Noastr\u0103, s\u0103 devin\u0103 un impuls pentru prosperare \u0219i un viitor fericit la noi acas\u0103!<\/span><\/p>\n<p><span class=\"text_exposed_show\"><br \/>\n<em><strong>La multi ani, Republica Moldova!<\/strong><\/em><\/span><\/p>\n<div class=\"text_exposed_show\">\n<p>&nbsp;<\/p>\n<\/div>\n<\/div>\n<\/div>\n<div class=\"_3x-2\"><\/div>\n","protected":false},"excerpt":{"rendered":"<p>La 27 august 1991, Republica Moldova \u0219i-a declarat independen\u021ba, devenind stat suveran, independent \u0219i democratic, liber s\u0103-\u0219i\u00a0hot\u0103rasc\u0103 prezentul \u0219i\u00a0viitorul f\u0103r\u0103 nici un amestec din afar\u0103, \u00een conformitate cu idealurile \u0219i\u00a0n\u0103zuin\u021bele sfinte ale poporului. Stima\u021bi cet\u0103\u021beni, colegi \u0219i prieteni. Am onoarea \u0219i deosebita pl\u0103cere s\u0103 v\u0103 adresez sincere felicit\u0103ri \u0219i ur\u0103ri de bine cu prilejul S\u0103rb\u0103torilor [&#8230;]\n","protected":false},"author":1,"featured_media":0,"comment_status":"closed","ping_status":"closed","sticky":false,"template":"","format":"standard","meta":{"ngg_post_thumbnail":0,"footnotes":""},"categories":[4],"tags":[],"class_list":["post-2212","post","type-post","status-publish","format-standard","hentry","category-stiri"],"yoast_head":"<!-- This site is optimized with the Yoast SEO plugin v23.3 - https:\/\/yoast.com\/wordpress\/plugins\/seo\/ -->\n<title>Republica Moldova \u00eempline\u0219te ast\u0103zi 26 ani de independen\u021b\u0103 - M\u0103gd\u0103ce\u0219ti<\/title>\n<meta name=\"description\" content=\"Bine ati venit pe pagina oficiala a Primariei Magdacesti.\" \/>\n<meta name=\"robots\" content=\"index, follow, max-snippet:-1, max-image-preview:large, max-video-preview:-1\" \/>\n<link rel=\"canonical\" href=\"https:\/\/magdacesti.md\/?p=2212\" \/>\n<meta property=\"og:locale\" content=\"en_US\" \/>\n<meta property=\"og:type\" content=\"article\" \/>\n<meta property=\"og:title\" content=\"Republica Moldova \u00eempline\u0219te ast\u0103zi 26 ani de independen\u021b\u0103 - M\u0103gd\u0103ce\u0219ti\" \/>\n<meta property=\"og:description\" content=\"Bine ati venit pe pagina oficiala a Primariei Magdacesti.\" \/>\n<meta property=\"og:url\" content=\"https:\/\/magdacesti.md\/?p=2212\" \/>\n<meta property=\"og:site_name\" content=\"M\u0103gd\u0103ce\u0219ti\" \/>\n<meta property=\"article:publisher\" content=\"https:\/\/www.facebook.com\/magdacesti.md\/\" \/>\n<meta property=\"article:published_time\" content=\"2017-08-27T11:04:57+00:00\" \/>\n<meta property=\"og:image\" content=\"https:\/\/magdacesti.md\/wp-content\/uploads\/2017\/08\/moldova.jpg\" \/>\n<meta name=\"author\" content=\"magdacesti\" \/>\n<meta name=\"twitter:card\" content=\"summary_large_image\" \/>\n<meta name=\"twitter:label1\" content=\"Written by\" \/>\n\t<meta name=\"twitter:data1\" content=\"magdacesti\" \/>\n\t<meta name=\"twitter:label2\" content=\"Est. reading time\" \/>\n\t<meta name=\"twitter:data2\" content=\"1 minute\" \/>\n<script type=\"application\/ld+json\" class=\"yoast-schema-graph\">{\"@context\":\"https:\/\/schema.org\",\"@graph\":[{\"@type\":\"Article\",\"@id\":\"https:\/\/magdacesti.md\/?p=2212#article\",\"isPartOf\":{\"@id\":\"https:\/\/magdacesti.md\/?p=2212\"},\"author\":{\"name\":\"magdacesti\",\"@id\":\"https:\/\/magdacesti.md\/#\/schema\/person\/ee6a6d0a5f0b0cb676ac992c8e414842\"},\"headline\":\"Republica Moldova \u00eempline\u0219te ast\u0103zi 26 ani de independen\u021b\u0103\",\"datePublished\":\"2017-08-27T11:04:57+00:00\",\"dateModified\":\"2017-08-27T11:04:57+00:00\",\"mainEntityOfPage\":{\"@id\":\"https:\/\/magdacesti.md\/?p=2212\"},\"wordCount\":132,\"publisher\":{\"@id\":\"https:\/\/magdacesti.md\/#organization\"},\"image\":{\"@id\":\"https:\/\/magdacesti.md\/?p=2212#primaryimage\"},\"thumbnailUrl\":\"https:\/\/magdacesti.md\/wp-content\/uploads\/2017\/08\/moldova.jpg\",\"articleSection\":[\"Stiri\"],\"inLanguage\":\"en-US\"},{\"@type\":\"WebPage\",\"@id\":\"https:\/\/magdacesti.md\/?p=2212\",\"url\":\"https:\/\/magdacesti.md\/?p=2212\",\"name\":\"Republica Moldova \u00eempline\u0219te ast\u0103zi 26 ani de independen\u021b\u0103 - M\u0103gd\u0103ce\u0219ti\",\"isPartOf\":{\"@id\":\"https:\/\/magdacesti.md\/#website\"},\"primaryImageOfPage\":{\"@id\":\"https:\/\/magdacesti.md\/?p=2212#primaryimage\"},\"image\":{\"@id\":\"https:\/\/magdacesti.md\/?p=2212#primaryimage\"},\"thumbnailUrl\":\"https:\/\/magdacesti.md\/wp-content\/uploads\/2017\/08\/moldova.jpg\",\"datePublished\":\"2017-08-27T11:04:57+00:00\",\"dateModified\":\"2017-08-27T11:04:57+00:00\",\"description\":\"Bine ati venit pe pagina oficiala a Primariei Magdacesti.\",\"breadcrumb\":{\"@id\":\"https:\/\/magdacesti.md\/?p=2212#breadcrumb\"},\"inLanguage\":\"en-US\",\"potentialAction\":[{\"@type\":\"ReadAction\",\"target\":[\"https:\/\/magdacesti.md\/?p=2212\"]}]},{\"@type\":\"ImageObject\",\"inLanguage\":\"en-US\",\"@id\":\"https:\/\/magdacesti.md\/?p=2212#primaryimage\",\"url\":\"https:\/\/magdacesti.md\/wp-content\/uploads\/2017\/08\/moldova.jpg\",\"contentUrl\":\"https:\/\/magdacesti.md\/wp-content\/uploads\/2017\/08\/moldova.jpg\"},{\"@type\":\"BreadcrumbList\",\"@id\":\"https:\/\/magdacesti.md\/?p=2212#breadcrumb\",\"itemListElement\":[{\"@type\":\"ListItem\",\"position\":1,\"name\":\"Home\",\"item\":\"https:\/\/magdacesti.md\/\"},{\"@type\":\"ListItem\",\"position\":2,\"name\":\"Republica Moldova \u00eempline\u0219te ast\u0103zi 26 ani de independen\u021b\u0103\"}]},{\"@type\":\"WebSite\",\"@id\":\"https:\/\/magdacesti.md\/#website\",\"url\":\"https:\/\/magdacesti.md\/\",\"name\":\"M\u0103gd\u0103ce\u0219ti\",\"description\":\"Un or\u0103\u0219el cu condi\u021bii decente de trai!\",\"publisher\":{\"@id\":\"https:\/\/magdacesti.md\/#organization\"},\"potentialAction\":[{\"@type\":\"SearchAction\",\"target\":{\"@type\":\"EntryPoint\",\"urlTemplate\":\"https:\/\/magdacesti.md\/?s={search_term_string}\"},\"query-input\":\"required name=search_term_string\"}],\"inLanguage\":\"en-US\"},{\"@type\":\"Organization\",\"@id\":\"https:\/\/magdacesti.md\/#organization\",\"name\":\"M\u0103gd\u0103ce\u0219ti\",\"url\":\"https:\/\/magdacesti.md\/\",\"logo\":{\"@type\":\"ImageObject\",\"inLanguage\":\"en-US\",\"@id\":\"https:\/\/magdacesti.md\/#\/schema\/logo\/image\/\",\"url\":\"https:\/\/magdacesti.md\/wp-content\/uploads\/2021\/03\/Foto-514-scaled.jpg\",\"contentUrl\":\"https:\/\/magdacesti.md\/wp-content\/uploads\/2021\/03\/Foto-514-scaled.jpg\",\"width\":2560,\"height\":1707,\"caption\":\"M\u0103gd\u0103ce\u0219ti\"},\"image\":{\"@id\":\"https:\/\/magdacesti.md\/#\/schema\/logo\/image\/\"},\"sameAs\":[\"https:\/\/www.facebook.com\/magdacesti.md\/\"]},{\"@type\":\"Person\",\"@id\":\"https:\/\/magdacesti.md\/#\/schema\/person\/ee6a6d0a5f0b0cb676ac992c8e414842\",\"name\":\"magdacesti\",\"sameAs\":[\"https:\/\/magdacesti.md\"],\"url\":\"https:\/\/magdacesti.md\/?author=1\"}]}<\/script>\n<!-- \/ Yoast SEO plugin. -->","yoast_head_json":{"title":"Republica Moldova \u00eempline\u0219te ast\u0103zi 26 ani de independen\u021b\u0103 - M\u0103gd\u0103ce\u0219ti","description":"Bine ati venit pe pagina oficiala a Primariei Magdacesti.","robots":{"index":"index","follow":"follow","max-snippet":"max-snippet:-1","max-image-preview":"max-image-preview:large","max-video-preview":"max-video-preview:-1"},"canonical":"https:\/\/magdacesti.md\/?p=2212","og_locale":"en_US","og_type":"article","og_title":"Republica Moldova \u00eempline\u0219te ast\u0103zi 26 ani de independen\u021b\u0103 - M\u0103gd\u0103ce\u0219ti","og_description":"Bine ati venit pe pagina oficiala a Primariei Magdacesti.","og_url":"https:\/\/magdacesti.md\/?p=2212","og_site_name":"M\u0103gd\u0103ce\u0219ti","article_publisher":"https:\/\/www.facebook.com\/magdacesti.md\/","article_published_time":"2017-08-27T11:04:57+00:00","og_image":[{"url":"https:\/\/magdacesti.md\/wp-content\/uploads\/2017\/08\/moldova.jpg"}],"author":"magdacesti","twitter_card":"summary_large_image","twitter_misc":{"Written by":"magdacesti","Est. reading time":"1 minute"},"schema":{"@context":"https:\/\/schema.org","@graph":[{"@type":"Article","@id":"https:\/\/magdacesti.md\/?p=2212#article","isPartOf":{"@id":"https:\/\/magdacesti.md\/?p=2212"},"author":{"name":"magdacesti","@id":"https:\/\/magdacesti.md\/#\/schema\/person\/ee6a6d0a5f0b0cb676ac992c8e414842"},"headline":"Republica Moldova \u00eempline\u0219te ast\u0103zi 26 ani de independen\u021b\u0103","datePublished":"2017-08-27T11:04:57+00:00","dateModified":"2017-08-27T11:04:57+00:00","mainEntityOfPage":{"@id":"https:\/\/magdacesti.md\/?p=2212"},"wordCount":132,"publisher":{"@id":"https:\/\/magdacesti.md\/#organization"},"image":{"@id":"https:\/\/magdacesti.md\/?p=2212#primaryimage"},"thumbnailUrl":"https:\/\/magdacesti.md\/wp-content\/uploads\/2017\/08\/moldova.jpg","articleSection":["Stiri"],"inLanguage":"en-US"},{"@type":"WebPage","@id":"https:\/\/magdacesti.md\/?p=2212","url":"https:\/\/magdacesti.md\/?p=2212","name":"Republica Moldova \u00eempline\u0219te ast\u0103zi 26 ani de independen\u021b\u0103 - M\u0103gd\u0103ce\u0219ti","isPartOf":{"@id":"https:\/\/magdacesti.md\/#website"},"primaryImageOfPage":{"@id":"https:\/\/magdacesti.md\/?p=2212#primaryimage"},"image":{"@id":"https:\/\/magdacesti.md\/?p=2212#primaryimage"},"thumbnailUrl":"https:\/\/magdacesti.md\/wp-content\/uploads\/2017\/08\/moldova.jpg","datePublished":"2017-08-27T11:04:57+00:00","dateModified":"2017-08-27T11:04:57+00:00","description":"Bine ati venit pe pagina oficiala a Primariei Magdacesti.","breadcrumb":{"@id":"https:\/\/magdacesti.md\/?p=2212#breadcrumb"},"inLanguage":"en-US","potentialAction":[{"@type":"ReadAction","target":["https:\/\/magdacesti.md\/?p=2212"]}]},{"@type":"ImageObject","inLanguage":"en-US","@id":"https:\/\/magdacesti.md\/?p=2212#primaryimage","url":"https:\/\/magdacesti.md\/wp-content\/uploads\/2017\/08\/moldova.jpg","contentUrl":"https:\/\/magdacesti.md\/wp-content\/uploads\/2017\/08\/moldova.jpg"},{"@type":"BreadcrumbList","@id":"https:\/\/magdacesti.md\/?p=2212#breadcrumb","itemListElement":[{"@type":"ListItem","position":1,"name":"Home","item":"https:\/\/magdacesti.md\/"},{"@type":"ListItem","position":2,"name":"Republica Moldova \u00eempline\u0219te ast\u0103zi 26 ani de independen\u021b\u0103"}]},{"@type":"WebSite","@id":"https:\/\/magdacesti.md\/#website","url":"https:\/\/magdacesti.md\/","name":"M\u0103gd\u0103ce\u0219ti","description":"Un or\u0103\u0219el cu condi\u021bii decente de trai!","publisher":{"@id":"https:\/\/magdacesti.md\/#organization"},"potentialAction":[{"@type":"SearchAction","target":{"@type":"EntryPoint","urlTemplate":"https:\/\/magdacesti.md\/?s={search_term_string}"},"query-input":"required name=search_term_string"}],"inLanguage":"en-US"},{"@type":"Organization","@id":"https:\/\/magdacesti.md\/#organization","name":"M\u0103gd\u0103ce\u0219ti","url":"https:\/\/magdacesti.md\/","logo":{"@type":"ImageObject","inLanguage":"en-US","@id":"https:\/\/magdacesti.md\/#\/schema\/logo\/image\/","url":"https:\/\/magdacesti.md\/wp-content\/uploads\/2021\/03\/Foto-514-scaled.jpg","contentUrl":"https:\/\/magdacesti.md\/wp-content\/uploads\/2021\/03\/Foto-514-scaled.jpg","width":2560,"height":1707,"caption":"M\u0103gd\u0103ce\u0219ti"},"image":{"@id":"https:\/\/magdacesti.md\/#\/schema\/logo\/image\/"},"sameAs":["https:\/\/www.facebook.com\/magdacesti.md\/"]},{"@type":"Person","@id":"https:\/\/magdacesti.md\/#\/schema\/person\/ee6a6d0a5f0b0cb676ac992c8e414842","name":"magdacesti","sameAs":["https:\/\/magdacesti.md"],"url":"https:\/\/magdacesti.md\/?author=1"}]}},"_links":{"self":[{"href":"https:\/\/magdacesti.md\/index.php?rest_route=\/wp\/v2\/posts\/2212","targetHints":{"allow":["GET"]}}],"collection":[{"href":"https:\/\/magdacesti.md\/index.php?rest_route=\/wp\/v2\/posts"}],"about":[{"href":"https:\/\/magdacesti.md\/index.php?rest_route=\/wp\/v2\/types\/post"}],"author":[{"embeddable":true,"href":"https:\/\/magdacesti.md\/index.php?rest_route=\/wp\/v2\/users\/1"}],"replies":[{"embeddable":true,"href":"https:\/\/magdacesti.md\/index.php?rest_route=%2Fwp%2Fv2%2Fcomments&post=2212"}],"version-history":[{"count":0,"href":"https:\/\/magdacesti.md\/index.php?rest_route=\/wp\/v2\/posts\/2212\/revisions"}],"wp:attachment":[{"href":"https:\/\/magdacesti.md\/index.php?rest_route=%2Fwp%2Fv2%2Fmedia&parent=2212"}],"wp:term":[{"taxonomy":"category","embeddable":true,"href":"https:\/\/magdacesti.md\/index.php?rest_route=%2Fwp%2Fv2%2Fcategories&post=2212"},{"taxonomy":"post_tag","embeddable":true,"href":"https:\/\/magdacesti.md\/index.php?rest_route=%2Fwp%2Fv2%2Ftags&post=2212"}],"curies":[{"name":"wp","href":"https:\/\/api.w.org\/{rel}","templated":true}]}}