{"id":2231,"date":"2017-08-28T21:00:26","date_gmt":"2017-08-28T18:00:26","guid":{"rendered":"https:\/\/magdacesti.md\/?p=2231"},"modified":"2017-08-28T21:00:26","modified_gmt":"2017-08-28T18:00:26","slug":"ziua-independentei-rm-in-satul-magdacesti","status":"publish","type":"post","link":"https:\/\/magdacesti.md\/?p=2231","title":{"rendered":"S\u0103rb\u0103torile Na\u021bionale marcate la M\u0103gd\u0103ce\u0219ti"},"content":{"rendered":"<p><iframe loading=\"lazy\" src=\"\/\/www.youtube.com\/embed\/d2e05bvZPV0\" width=\"560\" height=\"314\" allowfullscreen=\"allowfullscreen\"><\/iframe><\/p>\n<div id=\"js_6cl\" class=\"_5pbx userContent\" data-ft=\"{&quot;tn&quot;:&quot;K&quot;}\">\n<div id=\"id_59a6ace32d2b36997112169\" class=\"text_exposed_root text_exposed\">\n<p>Autorit\u0103\u021bile locale au organizat duminic\u0103, 27 august, un spectacol deosebit dedicat celei de-a 26-a aniversari de independen\u021b\u0103 a \u021b\u0103rii noastre, precum \u0219i Ziua Limbii Rom\u00e2ne. \u00cen cadrul evenimentului au evoluat colectivele locale \u0219i invita\u021bi surpriz\u0103. Festivitatea a fost deschis\u0103 de c\u0103tre instrumenti\u0219tii din Fanfara s. M\u0103gd\u0103ce\u0219ti, apoi, atmosfera a fost \u00eencins\u0103 de Fanfara Trupei de Carabinieri a MAI.<\/p>\n<p><img loading=\"lazy\" decoding=\"async\" class=\"aligncenter\" src=\"https:\/\/magdacesti.md\/wp-content\/uploads\/2017\/08\/123.jpg\" alt=\"\" width=\"720\" height=\"540\" \/><\/p>\n<p><img loading=\"lazy\" decoding=\"async\" class=\"aligncenter\" src=\"https:\/\/magdacesti.md\/wp-content\/uploads\/2017\/08\/IMG_91454.jpg\" alt=\"\" width=\"720\" height=\"540\" \/><\/p>\n<p>Cu un recital de c\u00e2ntece patriotice a evoluat Corul s. M\u0103gd\u0103ce\u0219ti &#8220;BALADA&#8221; si Ans<span class=\"text_exposed_show\">amblul local &#8220;Cununa Dorului&#8221;. <\/span><\/p>\n<p>&nbsp;<\/p>\n<p><span class=\"text_exposed_show\"><img loading=\"lazy\" decoding=\"async\" class=\"aligncenter\" src=\"https:\/\/magdacesti.md\/wp-content\/uploads\/2017\/08\/IMG_9233.jpg\" alt=\"\" width=\"720\" height=\"540\" \/><\/span><\/p>\n<p><span class=\"text_exposed_show\"><img loading=\"lazy\" decoding=\"async\" class=\"aligncenter\" src=\"https:\/\/magdacesti.md\/wp-content\/uploads\/2017\/08\/IMG_9310.jpg\" alt=\"\" width=\"720\" height=\"635\" \/><\/span><\/p>\n<p><span class=\"text_exposed_show\">Mai t\u00e2rziu, locuitorii satului s-au prins \u00een hor\u0103 al\u0103turi de Ansamblul de Dansuri Populare &#8220;HORA MARE&#8221;. <\/span><\/p>\n<p><span class=\"text_exposed_show\">\u00cen aceast\u0103 zi important\u0103, a\u00a0fost o mare bucurie \u0219i onoare pentru s. M\u0103gd\u0103ce\u0219ti, ca reprezentan\u021bii administra\u021biilor jude\u021bene \u0219i locale din Arge\u0219 \u0219i Mioveni, s\u0103 participe la evenimentele organizate cu prilejul marc\u0103rii celor dou\u0103 s\u0103rb\u0103tori na\u021bionale. Au participat:\u00a0<a class=\"profileLink\" href=\"https:\/\/www.facebook.com\/veaceslav.burlac?fref=mentions\" data-hovercard=\"\/ajax\/hovercard\/user.php?id=100000879417181&amp;extragetparams=%7B%22fref%22%3A%22mentions%22%7D\" data-hovercard-prefer-more-content-show=\"1\">Veaceslav Burlac<\/a>\u00a0, pre\u0219edintele raionului Criuleni,\u00a0<a class=\"profileLink\" href=\"https:\/\/www.facebook.com\/profile.php?id=100012117699245&amp;fref=mentions\" data-hovercard=\"\/ajax\/hovercard\/user.php?id=100012117699245&amp;extragetparams=%7B%22fref%22%3A%22mentions%22%7D\" data-hovercard-prefer-more-content-show=\"1\">Georgescu Ion<\/a>\u00a0, primar de Mioveni, jud Arge\u0219 Rom\u00e2nia, Costica Macale\u021bi, pre\u0219edintele Consiliului jude\u021bului Boto\u0219ani, Simona Br\u0103tulescu , pre\u0219edintele jude\u021bului Arge\u0219, Rom\u00e2nia si\u00a0<a class=\"profileLink\" href=\"https:\/\/www.facebook.com\/einar.vallbaum?fref=mentions\" data-hovercard=\"\/ajax\/hovercard\/user.php?id=100000874966304&amp;extragetparams=%7B%22fref%22%3A%22mentions%22%7D\" data-hovercard-prefer-more-content-show=\"1\">Einar Vallbaum<\/a>,\u00a0deputat \u00een Parlamentul Estoniei, c\u0103rora le aducem mul\u021bumiri pentru ur\u0103rile cordiale, vizit\u0103 \u0219i sus\u021binere.<\/span><\/p>\n<p><span class=\"text_exposed_show\"><img loading=\"lazy\" decoding=\"async\" class=\"aligncenter\" src=\"https:\/\/magdacesti.md\/wp-content\/uploads\/2017\/08\/IMG_9087.jpg\" alt=\"\" width=\"720\" height=\"499\" \/><\/span><\/p>\n<p>&nbsp;<\/p>\n<\/div>\n<\/div>\n<div class=\"_3x-2\"><\/div>\n","protected":false},"excerpt":{"rendered":"<p>Autorit\u0103\u021bile locale au organizat duminic\u0103, 27 august, un spectacol deosebit dedicat celei de-a 26-a aniversari de independen\u021b\u0103 a \u021b\u0103rii noastre, precum \u0219i Ziua Limbii Rom\u00e2ne. \u00cen cadrul evenimentului au evoluat colectivele locale \u0219i invita\u021bi surpriz\u0103. Festivitatea a fost deschis\u0103 de c\u0103tre instrumenti\u0219tii din Fanfara s. M\u0103gd\u0103ce\u0219ti, apoi, atmosfera a fost \u00eencins\u0103 de Fanfara Trupei de [&#8230;]\n","protected":false},"author":1,"featured_media":0,"comment_status":"closed","ping_status":"closed","sticky":false,"template":"","format":"standard","meta":{"ngg_post_thumbnail":0,"footnotes":""},"categories":[4],"tags":[],"class_list":["post-2231","post","type-post","status-publish","format-standard","hentry","category-stiri"],"yoast_head":"<!-- This site is optimized with the Yoast SEO plugin v23.3 - https:\/\/yoast.com\/wordpress\/plugins\/seo\/ -->\n<title>S\u0103rb\u0103torile Na\u021bionale marcate la M\u0103gd\u0103ce\u0219ti - M\u0103gd\u0103ce\u0219ti<\/title>\n<meta name=\"description\" content=\"Bine ati venit pe pagina oficiala a Primariei Magdacesti.\" \/>\n<meta name=\"robots\" content=\"index, follow, max-snippet:-1, max-image-preview:large, max-video-preview:-1\" \/>\n<link rel=\"canonical\" href=\"https:\/\/magdacesti.md\/?p=2231\" \/>\n<meta property=\"og:locale\" content=\"en_US\" \/>\n<meta property=\"og:type\" content=\"article\" \/>\n<meta property=\"og:title\" content=\"S\u0103rb\u0103torile Na\u021bionale marcate la M\u0103gd\u0103ce\u0219ti - M\u0103gd\u0103ce\u0219ti\" \/>\n<meta property=\"og:description\" content=\"Bine ati venit pe pagina oficiala a Primariei Magdacesti.\" \/>\n<meta property=\"og:url\" content=\"https:\/\/magdacesti.md\/?p=2231\" \/>\n<meta property=\"og:site_name\" content=\"M\u0103gd\u0103ce\u0219ti\" \/>\n<meta property=\"article:publisher\" content=\"https:\/\/www.facebook.com\/magdacesti.md\/\" \/>\n<meta property=\"article:published_time\" content=\"2017-08-28T18:00:26+00:00\" \/>\n<meta property=\"og:image\" content=\"https:\/\/magdacesti.md\/wp-content\/uploads\/2017\/08\/123.jpg\" \/>\n<meta name=\"author\" content=\"magdacesti\" \/>\n<meta name=\"twitter:card\" content=\"summary_large_image\" \/>\n<meta name=\"twitter:label1\" content=\"Written by\" \/>\n\t<meta name=\"twitter:data1\" content=\"magdacesti\" \/>\n\t<meta name=\"twitter:label2\" content=\"Est. reading time\" \/>\n\t<meta name=\"twitter:data2\" content=\"1 minute\" \/>\n<script type=\"application\/ld+json\" class=\"yoast-schema-graph\">{\"@context\":\"https:\/\/schema.org\",\"@graph\":[{\"@type\":\"Article\",\"@id\":\"https:\/\/magdacesti.md\/?p=2231#article\",\"isPartOf\":{\"@id\":\"https:\/\/magdacesti.md\/?p=2231\"},\"author\":{\"name\":\"magdacesti\",\"@id\":\"https:\/\/magdacesti.md\/#\/schema\/person\/ee6a6d0a5f0b0cb676ac992c8e414842\"},\"headline\":\"S\u0103rb\u0103torile Na\u021bionale marcate la M\u0103gd\u0103ce\u0219ti\",\"datePublished\":\"2017-08-28T18:00:26+00:00\",\"dateModified\":\"2017-08-28T18:00:26+00:00\",\"mainEntityOfPage\":{\"@id\":\"https:\/\/magdacesti.md\/?p=2231\"},\"wordCount\":221,\"publisher\":{\"@id\":\"https:\/\/magdacesti.md\/#organization\"},\"image\":{\"@id\":\"https:\/\/magdacesti.md\/?p=2231#primaryimage\"},\"thumbnailUrl\":\"https:\/\/magdacesti.md\/wp-content\/uploads\/2017\/08\/123.jpg\",\"articleSection\":[\"Stiri\"],\"inLanguage\":\"en-US\"},{\"@type\":\"WebPage\",\"@id\":\"https:\/\/magdacesti.md\/?p=2231\",\"url\":\"https:\/\/magdacesti.md\/?p=2231\",\"name\":\"S\u0103rb\u0103torile Na\u021bionale marcate la M\u0103gd\u0103ce\u0219ti - M\u0103gd\u0103ce\u0219ti\",\"isPartOf\":{\"@id\":\"https:\/\/magdacesti.md\/#website\"},\"primaryImageOfPage\":{\"@id\":\"https:\/\/magdacesti.md\/?p=2231#primaryimage\"},\"image\":{\"@id\":\"https:\/\/magdacesti.md\/?p=2231#primaryimage\"},\"thumbnailUrl\":\"https:\/\/magdacesti.md\/wp-content\/uploads\/2017\/08\/123.jpg\",\"datePublished\":\"2017-08-28T18:00:26+00:00\",\"dateModified\":\"2017-08-28T18:00:26+00:00\",\"description\":\"Bine ati venit pe pagina oficiala a Primariei Magdacesti.\",\"breadcrumb\":{\"@id\":\"https:\/\/magdacesti.md\/?p=2231#breadcrumb\"},\"inLanguage\":\"en-US\",\"potentialAction\":[{\"@type\":\"ReadAction\",\"target\":[\"https:\/\/magdacesti.md\/?p=2231\"]}]},{\"@type\":\"ImageObject\",\"inLanguage\":\"en-US\",\"@id\":\"https:\/\/magdacesti.md\/?p=2231#primaryimage\",\"url\":\"https:\/\/magdacesti.md\/wp-content\/uploads\/2017\/08\/123.jpg\",\"contentUrl\":\"https:\/\/magdacesti.md\/wp-content\/uploads\/2017\/08\/123.jpg\"},{\"@type\":\"BreadcrumbList\",\"@id\":\"https:\/\/magdacesti.md\/?p=2231#breadcrumb\",\"itemListElement\":[{\"@type\":\"ListItem\",\"position\":1,\"name\":\"Home\",\"item\":\"https:\/\/magdacesti.md\/\"},{\"@type\":\"ListItem\",\"position\":2,\"name\":\"S\u0103rb\u0103torile Na\u021bionale marcate la M\u0103gd\u0103ce\u0219ti\"}]},{\"@type\":\"WebSite\",\"@id\":\"https:\/\/magdacesti.md\/#website\",\"url\":\"https:\/\/magdacesti.md\/\",\"name\":\"M\u0103gd\u0103ce\u0219ti\",\"description\":\"Un or\u0103\u0219el cu condi\u021bii decente de trai!\",\"publisher\":{\"@id\":\"https:\/\/magdacesti.md\/#organization\"},\"potentialAction\":[{\"@type\":\"SearchAction\",\"target\":{\"@type\":\"EntryPoint\",\"urlTemplate\":\"https:\/\/magdacesti.md\/?s={search_term_string}\"},\"query-input\":\"required name=search_term_string\"}],\"inLanguage\":\"en-US\"},{\"@type\":\"Organization\",\"@id\":\"https:\/\/magdacesti.md\/#organization\",\"name\":\"M\u0103gd\u0103ce\u0219ti\",\"url\":\"https:\/\/magdacesti.md\/\",\"logo\":{\"@type\":\"ImageObject\",\"inLanguage\":\"en-US\",\"@id\":\"https:\/\/magdacesti.md\/#\/schema\/logo\/image\/\",\"url\":\"https:\/\/magdacesti.md\/wp-content\/uploads\/2021\/03\/Foto-514-scaled.jpg\",\"contentUrl\":\"https:\/\/magdacesti.md\/wp-content\/uploads\/2021\/03\/Foto-514-scaled.jpg\",\"width\":2560,\"height\":1707,\"caption\":\"M\u0103gd\u0103ce\u0219ti\"},\"image\":{\"@id\":\"https:\/\/magdacesti.md\/#\/schema\/logo\/image\/\"},\"sameAs\":[\"https:\/\/www.facebook.com\/magdacesti.md\/\"]},{\"@type\":\"Person\",\"@id\":\"https:\/\/magdacesti.md\/#\/schema\/person\/ee6a6d0a5f0b0cb676ac992c8e414842\",\"name\":\"magdacesti\",\"sameAs\":[\"https:\/\/magdacesti.md\"],\"url\":\"https:\/\/magdacesti.md\/?author=1\"}]}<\/script>\n<!-- \/ Yoast SEO plugin. -->","yoast_head_json":{"title":"S\u0103rb\u0103torile Na\u021bionale marcate la M\u0103gd\u0103ce\u0219ti - M\u0103gd\u0103ce\u0219ti","description":"Bine ati venit pe pagina oficiala a Primariei Magdacesti.","robots":{"index":"index","follow":"follow","max-snippet":"max-snippet:-1","max-image-preview":"max-image-preview:large","max-video-preview":"max-video-preview:-1"},"canonical":"https:\/\/magdacesti.md\/?p=2231","og_locale":"en_US","og_type":"article","og_title":"S\u0103rb\u0103torile Na\u021bionale marcate la M\u0103gd\u0103ce\u0219ti - M\u0103gd\u0103ce\u0219ti","og_description":"Bine ati venit pe pagina oficiala a Primariei Magdacesti.","og_url":"https:\/\/magdacesti.md\/?p=2231","og_site_name":"M\u0103gd\u0103ce\u0219ti","article_publisher":"https:\/\/www.facebook.com\/magdacesti.md\/","article_published_time":"2017-08-28T18:00:26+00:00","og_image":[{"url":"https:\/\/magdacesti.md\/wp-content\/uploads\/2017\/08\/123.jpg"}],"author":"magdacesti","twitter_card":"summary_large_image","twitter_misc":{"Written by":"magdacesti","Est. reading time":"1 minute"},"schema":{"@context":"https:\/\/schema.org","@graph":[{"@type":"Article","@id":"https:\/\/magdacesti.md\/?p=2231#article","isPartOf":{"@id":"https:\/\/magdacesti.md\/?p=2231"},"author":{"name":"magdacesti","@id":"https:\/\/magdacesti.md\/#\/schema\/person\/ee6a6d0a5f0b0cb676ac992c8e414842"},"headline":"S\u0103rb\u0103torile Na\u021bionale marcate la M\u0103gd\u0103ce\u0219ti","datePublished":"2017-08-28T18:00:26+00:00","dateModified":"2017-08-28T18:00:26+00:00","mainEntityOfPage":{"@id":"https:\/\/magdacesti.md\/?p=2231"},"wordCount":221,"publisher":{"@id":"https:\/\/magdacesti.md\/#organization"},"image":{"@id":"https:\/\/magdacesti.md\/?p=2231#primaryimage"},"thumbnailUrl":"https:\/\/magdacesti.md\/wp-content\/uploads\/2017\/08\/123.jpg","articleSection":["Stiri"],"inLanguage":"en-US"},{"@type":"WebPage","@id":"https:\/\/magdacesti.md\/?p=2231","url":"https:\/\/magdacesti.md\/?p=2231","name":"S\u0103rb\u0103torile Na\u021bionale marcate la M\u0103gd\u0103ce\u0219ti - M\u0103gd\u0103ce\u0219ti","isPartOf":{"@id":"https:\/\/magdacesti.md\/#website"},"primaryImageOfPage":{"@id":"https:\/\/magdacesti.md\/?p=2231#primaryimage"},"image":{"@id":"https:\/\/magdacesti.md\/?p=2231#primaryimage"},"thumbnailUrl":"https:\/\/magdacesti.md\/wp-content\/uploads\/2017\/08\/123.jpg","datePublished":"2017-08-28T18:00:26+00:00","dateModified":"2017-08-28T18:00:26+00:00","description":"Bine ati venit pe pagina oficiala a Primariei Magdacesti.","breadcrumb":{"@id":"https:\/\/magdacesti.md\/?p=2231#breadcrumb"},"inLanguage":"en-US","potentialAction":[{"@type":"ReadAction","target":["https:\/\/magdacesti.md\/?p=2231"]}]},{"@type":"ImageObject","inLanguage":"en-US","@id":"https:\/\/magdacesti.md\/?p=2231#primaryimage","url":"https:\/\/magdacesti.md\/wp-content\/uploads\/2017\/08\/123.jpg","contentUrl":"https:\/\/magdacesti.md\/wp-content\/uploads\/2017\/08\/123.jpg"},{"@type":"BreadcrumbList","@id":"https:\/\/magdacesti.md\/?p=2231#breadcrumb","itemListElement":[{"@type":"ListItem","position":1,"name":"Home","item":"https:\/\/magdacesti.md\/"},{"@type":"ListItem","position":2,"name":"S\u0103rb\u0103torile Na\u021bionale marcate la M\u0103gd\u0103ce\u0219ti"}]},{"@type":"WebSite","@id":"https:\/\/magdacesti.md\/#website","url":"https:\/\/magdacesti.md\/","name":"M\u0103gd\u0103ce\u0219ti","description":"Un or\u0103\u0219el cu condi\u021bii decente de trai!","publisher":{"@id":"https:\/\/magdacesti.md\/#organization"},"potentialAction":[{"@type":"SearchAction","target":{"@type":"EntryPoint","urlTemplate":"https:\/\/magdacesti.md\/?s={search_term_string}"},"query-input":"required name=search_term_string"}],"inLanguage":"en-US"},{"@type":"Organization","@id":"https:\/\/magdacesti.md\/#organization","name":"M\u0103gd\u0103ce\u0219ti","url":"https:\/\/magdacesti.md\/","logo":{"@type":"ImageObject","inLanguage":"en-US","@id":"https:\/\/magdacesti.md\/#\/schema\/logo\/image\/","url":"https:\/\/magdacesti.md\/wp-content\/uploads\/2021\/03\/Foto-514-scaled.jpg","contentUrl":"https:\/\/magdacesti.md\/wp-content\/uploads\/2021\/03\/Foto-514-scaled.jpg","width":2560,"height":1707,"caption":"M\u0103gd\u0103ce\u0219ti"},"image":{"@id":"https:\/\/magdacesti.md\/#\/schema\/logo\/image\/"},"sameAs":["https:\/\/www.facebook.com\/magdacesti.md\/"]},{"@type":"Person","@id":"https:\/\/magdacesti.md\/#\/schema\/person\/ee6a6d0a5f0b0cb676ac992c8e414842","name":"magdacesti","sameAs":["https:\/\/magdacesti.md"],"url":"https:\/\/magdacesti.md\/?author=1"}]}},"_links":{"self":[{"href":"https:\/\/magdacesti.md\/index.php?rest_route=\/wp\/v2\/posts\/2231","targetHints":{"allow":["GET"]}}],"collection":[{"href":"https:\/\/magdacesti.md\/index.php?rest_route=\/wp\/v2\/posts"}],"about":[{"href":"https:\/\/magdacesti.md\/index.php?rest_route=\/wp\/v2\/types\/post"}],"author":[{"embeddable":true,"href":"https:\/\/magdacesti.md\/index.php?rest_route=\/wp\/v2\/users\/1"}],"replies":[{"embeddable":true,"href":"https:\/\/magdacesti.md\/index.php?rest_route=%2Fwp%2Fv2%2Fcomments&post=2231"}],"version-history":[{"count":0,"href":"https:\/\/magdacesti.md\/index.php?rest_route=\/wp\/v2\/posts\/2231\/revisions"}],"wp:attachment":[{"href":"https:\/\/magdacesti.md\/index.php?rest_route=%2Fwp%2Fv2%2Fmedia&parent=2231"}],"wp:term":[{"taxonomy":"category","embeddable":true,"href":"https:\/\/magdacesti.md\/index.php?rest_route=%2Fwp%2Fv2%2Fcategories&post=2231"},{"taxonomy":"post_tag","embeddable":true,"href":"https:\/\/magdacesti.md\/index.php?rest_route=%2Fwp%2Fv2%2Ftags&post=2231"}],"curies":[{"name":"wp","href":"https:\/\/api.w.org\/{rel}","templated":true}]}}