{"id":2252,"date":"2017-09-01T13:44:07","date_gmt":"2017-09-01T10:44:07","guid":{"rendered":"https:\/\/magdacesti.md\/?p=2252"},"modified":"2017-09-01T13:44:07","modified_gmt":"2017-09-01T10:44:07","slug":"bine-ai-venit-septembrie-foto","status":"publish","type":"post","link":"https:\/\/magdacesti.md\/?p=2252","title":{"rendered":"Bine-ai venit, SEPTEMBRIE! Foto."},"content":{"rendered":"<p>A VENIT TOAMNA cu aroma de frunze coapte \u0219i parfum de crizanteme \u0219i o dat\u0103 cu ea \u201eZiua Cuno\u0219tin\u021belor\u201d \u2013 zi \u00een care str\u0103zile s. M\u0103gd\u0103ce\u0219ti s-au umplut de copii frumo\u0219i \u0219i zglobii.<\/p>\n<p>\u00cenc\u0103 de la prima or\u0103 a dimine\u021bii, sute de elevi \u00eembr\u0103ca\u021bi frumos, cu buche\u021bele de flori \u00een m\u00e2n\u0103, s-au str\u00e2ns \u00een curtea liceului pentru a participa la festivitatea de deschidere a noului an \u0219colar. De departe, cei mai emo\u021biona\u021bi au fost bobocii, care au intrat ast\u0103zi pentru prima dat\u0103 pe por\u021bile institu\u021biei, curio\u0219i s\u0103-\u0219i cunoasc\u0103 noii colegi, \u00eenv\u0103\u021b\u0103tori, dar \u0219i liceul \u00een care vor studia \u00een urm\u0103torii patru ani.<\/p>\n<p><img loading=\"lazy\" decoding=\"async\" class=\"aligncenter\" src=\"https:\/\/magdacesti.md\/wp-content\/uploads\/2017\/09\/IMG_9385.jpg\" alt=\"\" width=\"720\" height=\"380\" \/><\/p>\n<p><img loading=\"lazy\" decoding=\"async\" class=\"aligncenter\" src=\"https:\/\/magdacesti.md\/wp-content\/uploads\/2017\/09\/IMG_9379.jpg\" alt=\"\" width=\"720\" height=\"540\" \/><\/p>\n<p><img loading=\"lazy\" decoding=\"async\" class=\"aligncenter\" src=\"https:\/\/magdacesti.md\/wp-content\/uploads\/2017\/09\/IMG_9393.jpg\" alt=\"\" width=\"720\" height=\"590\" \/><\/p>\n<p><img loading=\"lazy\" decoding=\"async\" class=\"aligncenter\" src=\"https:\/\/magdacesti.md\/wp-content\/uploads\/2017\/09\/IMG_9416.jpg\" alt=\"\" width=\"720\" height=\"405\" \/><\/p>\n<p><img loading=\"lazy\" decoding=\"async\" class=\"aligncenter\" src=\"https:\/\/magdacesti.md\/wp-content\/uploads\/2017\/09\/IMG_9413.jpg\" alt=\"\" width=\"720\" height=\"489\" \/><\/p>\n<p><img loading=\"lazy\" decoding=\"async\" class=\"aligncenter\" src=\"https:\/\/magdacesti.md\/wp-content\/uploads\/2017\/09\/IMG_9444.jpg\" alt=\"\" width=\"720\" height=\"540\" \/><\/p>\n<p>Cu prilejul \u00eenceputului noului an \u0219colar \u2013 1 septembrie, adresez sincere felicit\u0103ri tuturor copiilor care p\u0103\u0219esc pentru prima dat\u0103 pragul \u00een \u021aara Cuno\u0219tin\u021belor.<br \/>\nPrima zi de scoal\u0103 este un \u00eenceput, care se asociaz\u0103 cu primul sunet de clopo\u021bel, primul \u00eenv\u0103\u021b\u0103tor, primul ghiozdan \u015fi un amalgam de emo\u021bii. Este o lume nou\u0103, plina de tainele \u00eenv\u0103\u021b\u0103turii \u015fi ale c\u0103r\u021bilor. Le doresc tuturor elevilor mult succes si un \u00eenceput de bun augur. De asemenea, felicit \u015fi p\u0103rintii cu acest eveniment important \u00een via\u021ba copiilor lor, dorindu-le mult\u0103 r\u0103bdare, putere \u015fi \u00een\u021belepciune pentru a cre\u0219te \u015fi educa personalit\u0103\u021bi adev\u0103rate. Liceul Teoretic M\u0103gd\u0103ce\u0219ti este cel mai mare liceu din raionul Criuleni. \u00cen aceast\u0103 zi, au p\u0103\u0219it pragul \u0219colii peste 900 de elevi, dintre care circa 116-pentru prima dat\u0103.<\/p>\n<p><img loading=\"lazy\" decoding=\"async\" class=\"alignright\" src=\"https:\/\/magdacesti.md\/wp-content\/uploads\/2017\/09\/desc\u0103rcare.jpg\" alt=\"\" width=\"500\" height=\"203\" \/><\/p>\n","protected":false},"excerpt":{"rendered":"<p>A VENIT TOAMNA cu aroma de frunze coapte \u0219i parfum de crizanteme \u0219i o dat\u0103 cu ea \u201eZiua Cuno\u0219tin\u021belor\u201d \u2013 zi \u00een care str\u0103zile s. M\u0103gd\u0103ce\u0219ti s-au umplut de copii frumo\u0219i \u0219i zglobii. \u00cenc\u0103 de la prima or\u0103 a dimine\u021bii, sute de elevi \u00eembr\u0103ca\u021bi frumos, cu buche\u021bele de flori \u00een m\u00e2n\u0103, s-au str\u00e2ns \u00een curtea [&#8230;]\n","protected":false},"author":1,"featured_media":0,"comment_status":"closed","ping_status":"closed","sticky":false,"template":"","format":"standard","meta":{"ngg_post_thumbnail":0,"footnotes":""},"categories":[4],"tags":[],"class_list":["post-2252","post","type-post","status-publish","format-standard","hentry","category-stiri"],"yoast_head":"<!-- This site is optimized with the Yoast SEO plugin v23.3 - https:\/\/yoast.com\/wordpress\/plugins\/seo\/ -->\n<title>Bine-ai venit, SEPTEMBRIE! Foto. - M\u0103gd\u0103ce\u0219ti<\/title>\n<meta name=\"description\" content=\"Bine ati venit pe pagina oficiala a Primariei Magdacesti.\" \/>\n<meta name=\"robots\" content=\"index, follow, max-snippet:-1, max-image-preview:large, max-video-preview:-1\" \/>\n<link rel=\"canonical\" href=\"https:\/\/magdacesti.md\/?p=2252\" \/>\n<meta property=\"og:locale\" content=\"en_US\" \/>\n<meta property=\"og:type\" content=\"article\" \/>\n<meta property=\"og:title\" content=\"Bine-ai venit, SEPTEMBRIE! Foto. - M\u0103gd\u0103ce\u0219ti\" \/>\n<meta property=\"og:description\" content=\"Bine ati venit pe pagina oficiala a Primariei Magdacesti.\" \/>\n<meta property=\"og:url\" content=\"https:\/\/magdacesti.md\/?p=2252\" \/>\n<meta property=\"og:site_name\" content=\"M\u0103gd\u0103ce\u0219ti\" \/>\n<meta property=\"article:publisher\" content=\"https:\/\/www.facebook.com\/magdacesti.md\/\" \/>\n<meta property=\"article:published_time\" content=\"2017-09-01T10:44:07+00:00\" \/>\n<meta property=\"og:image\" content=\"https:\/\/magdacesti.md\/wp-content\/uploads\/2017\/09\/IMG_9385.jpg\" \/>\n<meta name=\"author\" content=\"magdacesti\" \/>\n<meta name=\"twitter:card\" content=\"summary_large_image\" \/>\n<meta name=\"twitter:label1\" content=\"Written by\" \/>\n\t<meta name=\"twitter:data1\" content=\"magdacesti\" \/>\n\t<meta name=\"twitter:label2\" content=\"Est. reading time\" \/>\n\t<meta name=\"twitter:data2\" content=\"1 minute\" \/>\n<script type=\"application\/ld+json\" class=\"yoast-schema-graph\">{\"@context\":\"https:\/\/schema.org\",\"@graph\":[{\"@type\":\"Article\",\"@id\":\"https:\/\/magdacesti.md\/?p=2252#article\",\"isPartOf\":{\"@id\":\"https:\/\/magdacesti.md\/?p=2252\"},\"author\":{\"name\":\"magdacesti\",\"@id\":\"https:\/\/magdacesti.md\/#\/schema\/person\/ee6a6d0a5f0b0cb676ac992c8e414842\"},\"headline\":\"Bine-ai venit, SEPTEMBRIE! Foto.\",\"datePublished\":\"2017-09-01T10:44:07+00:00\",\"dateModified\":\"2017-09-01T10:44:07+00:00\",\"mainEntityOfPage\":{\"@id\":\"https:\/\/magdacesti.md\/?p=2252\"},\"wordCount\":270,\"publisher\":{\"@id\":\"https:\/\/magdacesti.md\/#organization\"},\"image\":{\"@id\":\"https:\/\/magdacesti.md\/?p=2252#primaryimage\"},\"thumbnailUrl\":\"https:\/\/magdacesti.md\/wp-content\/uploads\/2017\/09\/IMG_9385.jpg\",\"articleSection\":[\"Stiri\"],\"inLanguage\":\"en-US\"},{\"@type\":\"WebPage\",\"@id\":\"https:\/\/magdacesti.md\/?p=2252\",\"url\":\"https:\/\/magdacesti.md\/?p=2252\",\"name\":\"Bine-ai venit, SEPTEMBRIE! Foto. - M\u0103gd\u0103ce\u0219ti\",\"isPartOf\":{\"@id\":\"https:\/\/magdacesti.md\/#website\"},\"primaryImageOfPage\":{\"@id\":\"https:\/\/magdacesti.md\/?p=2252#primaryimage\"},\"image\":{\"@id\":\"https:\/\/magdacesti.md\/?p=2252#primaryimage\"},\"thumbnailUrl\":\"https:\/\/magdacesti.md\/wp-content\/uploads\/2017\/09\/IMG_9385.jpg\",\"datePublished\":\"2017-09-01T10:44:07+00:00\",\"dateModified\":\"2017-09-01T10:44:07+00:00\",\"description\":\"Bine ati venit pe pagina oficiala a Primariei Magdacesti.\",\"breadcrumb\":{\"@id\":\"https:\/\/magdacesti.md\/?p=2252#breadcrumb\"},\"inLanguage\":\"en-US\",\"potentialAction\":[{\"@type\":\"ReadAction\",\"target\":[\"https:\/\/magdacesti.md\/?p=2252\"]}]},{\"@type\":\"ImageObject\",\"inLanguage\":\"en-US\",\"@id\":\"https:\/\/magdacesti.md\/?p=2252#primaryimage\",\"url\":\"https:\/\/magdacesti.md\/wp-content\/uploads\/2017\/09\/IMG_9385.jpg\",\"contentUrl\":\"https:\/\/magdacesti.md\/wp-content\/uploads\/2017\/09\/IMG_9385.jpg\"},{\"@type\":\"BreadcrumbList\",\"@id\":\"https:\/\/magdacesti.md\/?p=2252#breadcrumb\",\"itemListElement\":[{\"@type\":\"ListItem\",\"position\":1,\"name\":\"Home\",\"item\":\"https:\/\/magdacesti.md\/\"},{\"@type\":\"ListItem\",\"position\":2,\"name\":\"Bine-ai venit, SEPTEMBRIE! Foto.\"}]},{\"@type\":\"WebSite\",\"@id\":\"https:\/\/magdacesti.md\/#website\",\"url\":\"https:\/\/magdacesti.md\/\",\"name\":\"M\u0103gd\u0103ce\u0219ti\",\"description\":\"Un or\u0103\u0219el cu condi\u021bii decente de trai!\",\"publisher\":{\"@id\":\"https:\/\/magdacesti.md\/#organization\"},\"potentialAction\":[{\"@type\":\"SearchAction\",\"target\":{\"@type\":\"EntryPoint\",\"urlTemplate\":\"https:\/\/magdacesti.md\/?s={search_term_string}\"},\"query-input\":\"required name=search_term_string\"}],\"inLanguage\":\"en-US\"},{\"@type\":\"Organization\",\"@id\":\"https:\/\/magdacesti.md\/#organization\",\"name\":\"M\u0103gd\u0103ce\u0219ti\",\"url\":\"https:\/\/magdacesti.md\/\",\"logo\":{\"@type\":\"ImageObject\",\"inLanguage\":\"en-US\",\"@id\":\"https:\/\/magdacesti.md\/#\/schema\/logo\/image\/\",\"url\":\"https:\/\/magdacesti.md\/wp-content\/uploads\/2021\/03\/Foto-514-scaled.jpg\",\"contentUrl\":\"https:\/\/magdacesti.md\/wp-content\/uploads\/2021\/03\/Foto-514-scaled.jpg\",\"width\":2560,\"height\":1707,\"caption\":\"M\u0103gd\u0103ce\u0219ti\"},\"image\":{\"@id\":\"https:\/\/magdacesti.md\/#\/schema\/logo\/image\/\"},\"sameAs\":[\"https:\/\/www.facebook.com\/magdacesti.md\/\"]},{\"@type\":\"Person\",\"@id\":\"https:\/\/magdacesti.md\/#\/schema\/person\/ee6a6d0a5f0b0cb676ac992c8e414842\",\"name\":\"magdacesti\",\"sameAs\":[\"https:\/\/magdacesti.md\"],\"url\":\"https:\/\/magdacesti.md\/?author=1\"}]}<\/script>\n<!-- \/ Yoast SEO plugin. -->","yoast_head_json":{"title":"Bine-ai venit, SEPTEMBRIE! Foto. - M\u0103gd\u0103ce\u0219ti","description":"Bine ati venit pe pagina oficiala a Primariei Magdacesti.","robots":{"index":"index","follow":"follow","max-snippet":"max-snippet:-1","max-image-preview":"max-image-preview:large","max-video-preview":"max-video-preview:-1"},"canonical":"https:\/\/magdacesti.md\/?p=2252","og_locale":"en_US","og_type":"article","og_title":"Bine-ai venit, SEPTEMBRIE! Foto. - M\u0103gd\u0103ce\u0219ti","og_description":"Bine ati venit pe pagina oficiala a Primariei Magdacesti.","og_url":"https:\/\/magdacesti.md\/?p=2252","og_site_name":"M\u0103gd\u0103ce\u0219ti","article_publisher":"https:\/\/www.facebook.com\/magdacesti.md\/","article_published_time":"2017-09-01T10:44:07+00:00","og_image":[{"url":"https:\/\/magdacesti.md\/wp-content\/uploads\/2017\/09\/IMG_9385.jpg"}],"author":"magdacesti","twitter_card":"summary_large_image","twitter_misc":{"Written by":"magdacesti","Est. reading time":"1 minute"},"schema":{"@context":"https:\/\/schema.org","@graph":[{"@type":"Article","@id":"https:\/\/magdacesti.md\/?p=2252#article","isPartOf":{"@id":"https:\/\/magdacesti.md\/?p=2252"},"author":{"name":"magdacesti","@id":"https:\/\/magdacesti.md\/#\/schema\/person\/ee6a6d0a5f0b0cb676ac992c8e414842"},"headline":"Bine-ai venit, SEPTEMBRIE! Foto.","datePublished":"2017-09-01T10:44:07+00:00","dateModified":"2017-09-01T10:44:07+00:00","mainEntityOfPage":{"@id":"https:\/\/magdacesti.md\/?p=2252"},"wordCount":270,"publisher":{"@id":"https:\/\/magdacesti.md\/#organization"},"image":{"@id":"https:\/\/magdacesti.md\/?p=2252#primaryimage"},"thumbnailUrl":"https:\/\/magdacesti.md\/wp-content\/uploads\/2017\/09\/IMG_9385.jpg","articleSection":["Stiri"],"inLanguage":"en-US"},{"@type":"WebPage","@id":"https:\/\/magdacesti.md\/?p=2252","url":"https:\/\/magdacesti.md\/?p=2252","name":"Bine-ai venit, SEPTEMBRIE! Foto. - M\u0103gd\u0103ce\u0219ti","isPartOf":{"@id":"https:\/\/magdacesti.md\/#website"},"primaryImageOfPage":{"@id":"https:\/\/magdacesti.md\/?p=2252#primaryimage"},"image":{"@id":"https:\/\/magdacesti.md\/?p=2252#primaryimage"},"thumbnailUrl":"https:\/\/magdacesti.md\/wp-content\/uploads\/2017\/09\/IMG_9385.jpg","datePublished":"2017-09-01T10:44:07+00:00","dateModified":"2017-09-01T10:44:07+00:00","description":"Bine ati venit pe pagina oficiala a Primariei Magdacesti.","breadcrumb":{"@id":"https:\/\/magdacesti.md\/?p=2252#breadcrumb"},"inLanguage":"en-US","potentialAction":[{"@type":"ReadAction","target":["https:\/\/magdacesti.md\/?p=2252"]}]},{"@type":"ImageObject","inLanguage":"en-US","@id":"https:\/\/magdacesti.md\/?p=2252#primaryimage","url":"https:\/\/magdacesti.md\/wp-content\/uploads\/2017\/09\/IMG_9385.jpg","contentUrl":"https:\/\/magdacesti.md\/wp-content\/uploads\/2017\/09\/IMG_9385.jpg"},{"@type":"BreadcrumbList","@id":"https:\/\/magdacesti.md\/?p=2252#breadcrumb","itemListElement":[{"@type":"ListItem","position":1,"name":"Home","item":"https:\/\/magdacesti.md\/"},{"@type":"ListItem","position":2,"name":"Bine-ai venit, SEPTEMBRIE! Foto."}]},{"@type":"WebSite","@id":"https:\/\/magdacesti.md\/#website","url":"https:\/\/magdacesti.md\/","name":"M\u0103gd\u0103ce\u0219ti","description":"Un or\u0103\u0219el cu condi\u021bii decente de trai!","publisher":{"@id":"https:\/\/magdacesti.md\/#organization"},"potentialAction":[{"@type":"SearchAction","target":{"@type":"EntryPoint","urlTemplate":"https:\/\/magdacesti.md\/?s={search_term_string}"},"query-input":"required name=search_term_string"}],"inLanguage":"en-US"},{"@type":"Organization","@id":"https:\/\/magdacesti.md\/#organization","name":"M\u0103gd\u0103ce\u0219ti","url":"https:\/\/magdacesti.md\/","logo":{"@type":"ImageObject","inLanguage":"en-US","@id":"https:\/\/magdacesti.md\/#\/schema\/logo\/image\/","url":"https:\/\/magdacesti.md\/wp-content\/uploads\/2021\/03\/Foto-514-scaled.jpg","contentUrl":"https:\/\/magdacesti.md\/wp-content\/uploads\/2021\/03\/Foto-514-scaled.jpg","width":2560,"height":1707,"caption":"M\u0103gd\u0103ce\u0219ti"},"image":{"@id":"https:\/\/magdacesti.md\/#\/schema\/logo\/image\/"},"sameAs":["https:\/\/www.facebook.com\/magdacesti.md\/"]},{"@type":"Person","@id":"https:\/\/magdacesti.md\/#\/schema\/person\/ee6a6d0a5f0b0cb676ac992c8e414842","name":"magdacesti","sameAs":["https:\/\/magdacesti.md"],"url":"https:\/\/magdacesti.md\/?author=1"}]}},"_links":{"self":[{"href":"https:\/\/magdacesti.md\/index.php?rest_route=\/wp\/v2\/posts\/2252","targetHints":{"allow":["GET"]}}],"collection":[{"href":"https:\/\/magdacesti.md\/index.php?rest_route=\/wp\/v2\/posts"}],"about":[{"href":"https:\/\/magdacesti.md\/index.php?rest_route=\/wp\/v2\/types\/post"}],"author":[{"embeddable":true,"href":"https:\/\/magdacesti.md\/index.php?rest_route=\/wp\/v2\/users\/1"}],"replies":[{"embeddable":true,"href":"https:\/\/magdacesti.md\/index.php?rest_route=%2Fwp%2Fv2%2Fcomments&post=2252"}],"version-history":[{"count":0,"href":"https:\/\/magdacesti.md\/index.php?rest_route=\/wp\/v2\/posts\/2252\/revisions"}],"wp:attachment":[{"href":"https:\/\/magdacesti.md\/index.php?rest_route=%2Fwp%2Fv2%2Fmedia&parent=2252"}],"wp:term":[{"taxonomy":"category","embeddable":true,"href":"https:\/\/magdacesti.md\/index.php?rest_route=%2Fwp%2Fv2%2Fcategories&post=2252"},{"taxonomy":"post_tag","embeddable":true,"href":"https:\/\/magdacesti.md\/index.php?rest_route=%2Fwp%2Fv2%2Ftags&post=2252"}],"curies":[{"name":"wp","href":"https:\/\/api.w.org\/{rel}","templated":true}]}}