{"id":2296,"date":"2017-09-13T23:24:03","date_gmt":"2017-09-13T20:24:03","guid":{"rendered":"https:\/\/magdacesti.md\/?p=2296"},"modified":"2017-09-13T23:24:03","modified_gmt":"2017-09-13T20:24:03","slug":"duminica-17-septembrie-va-avea-loc-sfintirea-capelei","status":"publish","type":"post","link":"https:\/\/magdacesti.md\/?p=2296","title":{"rendered":"Duminic\u0103, 17 septembrie, va avea loc Sfin\u021birea Capelei"},"content":{"rendered":"<p>&nbsp;<\/p>\n<p style=\"text-align: center;\"><span style=\"font-size: 14pt;\"><strong>Stima\u021bi enoria\u0219i, donatori \u0219i oameni de bun\u0103 credin\u021b\u0103!<\/strong><\/span><br \/>\n<span style=\"font-size: 14pt;\"> <strong>Duminic\u0103, 17 septembrie, ora 13.00, v\u0103 invit\u0103m pe to\u021bi la slujba de sfin\u021bire a Capelei nou-\u00een\u0103l\u021bate<\/strong><\/span><\/p>\n<p style=\"text-align: center;\"><img loading=\"lazy\" decoding=\"async\" class=\"aligncenter\" src=\"https:\/\/magdacesti.md\/wp-content\/uploads\/2017\/09\/capela-de-zi-site.jpg\" alt=\"\" width=\"720\" height=\"480\" \/><\/p>\n<p>Lucr\u0103rile sunt pe ultima sut\u0103 de metri, iar rezultatul este unul peste a\u0219tept\u0103ri.<\/p>\n<p>Aducem mul\u021bumiri tuturor celor care au jertfit din pu\u021binul lor, pentru ca la o r\u0103scruce de drumuri, \u00een loc de buruieni \u0219i gunoaie, s\u0103 se \u00eenal\u021be un a\u0219ez\u0103m\u00e2nt de cult, un frumos col\u021bi\u0219or de rai, unde sper\u0103m s\u0103-\u0219i g\u0103seasc\u0103 lini\u0219tea c\u00e2t mai mult\u0103 lume. Omul trebuie s\u0103 lase \u00een urma sa ceva. Dumnezeu ne-a d\u0103ruit via\u021ba, iar \u00een calitate de pelerini pe acest p\u0103m\u00e2nt, suntem datori s\u0103 l\u0103s\u0103m \u00een urma noastr\u0103 tot ce este nobil \u0219i mai frumos pentru urm\u0103toarele genera\u021bii. Fiecare act din generozitatea dumneavoastr\u0103 \u00eenseamn\u0103, de fapt, c-a\u021bi d\u0103ruit o binecuv\u00e2ntare.<br \/>\nCu bucurie, dragoste cre\u0219tin\u0103 \u0219i speran\u021b\u0103, v\u0103 mul\u021bumim tuturor pentru contribu\u021bia adus\u0103, a\u0219a cum, credin\u021ba \u0219i puterile v-au permis fiec\u0103ruia. Dumnezeu s\u0103 v\u0103 r\u0103spl\u0103teasc\u0103 tuturor efortul \u0219i darul, s\u0103 v\u0103 binecuv\u00e2nteze via\u021ba \u0219i familiile, s\u0103 v\u0103 d\u0103ruiasc\u0103 \u00eemplinire \u0219i bucurie.<\/p>\n<p>Va a\u0219tept\u0103m duminic\u0103, 17 septembrie , ora 13.o0 , \u00een fa\u021ba Capelei.<\/p>\n<figure style=\"width: 656px\" class=\"wp-caption aligncenter\"><img loading=\"lazy\" decoding=\"async\" src=\"https:\/\/magdacesti.md\/wp-content\/uploads\/2017\/09\/capela1-site.jpg\" alt=\"Capela nocturn\u0103\" width=\"656\" height=\"437\" \/><figcaption class=\"wp-caption-text\"><em><strong><span style=\"text-decoration: underline;\">Capela nocturn\u0103<\/span><\/strong><\/em><\/figcaption><\/figure>\n","protected":false},"excerpt":{"rendered":"<p>&nbsp; Stima\u021bi enoria\u0219i, donatori \u0219i oameni de bun\u0103 credin\u021b\u0103! Duminic\u0103, 17 septembrie, ora 13.00, v\u0103 invit\u0103m pe to\u021bi la slujba de sfin\u021bire a Capelei nou-\u00een\u0103l\u021bate Lucr\u0103rile sunt pe ultima sut\u0103 de metri, iar rezultatul este unul peste a\u0219tept\u0103ri. Aducem mul\u021bumiri tuturor celor care au jertfit din pu\u021binul lor, pentru ca la o r\u0103scruce de drumuri, [&#8230;]\n","protected":false},"author":1,"featured_media":0,"comment_status":"closed","ping_status":"closed","sticky":false,"template":"","format":"standard","meta":{"ngg_post_thumbnail":0,"footnotes":""},"categories":[4],"tags":[],"class_list":["post-2296","post","type-post","status-publish","format-standard","hentry","category-stiri"],"yoast_head":"<!-- This site is optimized with the Yoast SEO plugin v23.3 - https:\/\/yoast.com\/wordpress\/plugins\/seo\/ -->\n<title>Duminic\u0103, 17 septembrie, va avea loc Sfin\u021birea Capelei - M\u0103gd\u0103ce\u0219ti<\/title>\n<meta name=\"description\" content=\"Bine ati venit pe pagina oficiala a Primariei Magdacesti.\" \/>\n<meta name=\"robots\" content=\"index, follow, max-snippet:-1, max-image-preview:large, max-video-preview:-1\" \/>\n<link rel=\"canonical\" href=\"https:\/\/magdacesti.md\/?p=2296\" \/>\n<meta property=\"og:locale\" content=\"en_US\" \/>\n<meta property=\"og:type\" content=\"article\" \/>\n<meta property=\"og:title\" content=\"Duminic\u0103, 17 septembrie, va avea loc Sfin\u021birea Capelei - M\u0103gd\u0103ce\u0219ti\" \/>\n<meta property=\"og:description\" content=\"Bine ati venit pe pagina oficiala a Primariei Magdacesti.\" \/>\n<meta property=\"og:url\" content=\"https:\/\/magdacesti.md\/?p=2296\" \/>\n<meta property=\"og:site_name\" content=\"M\u0103gd\u0103ce\u0219ti\" \/>\n<meta property=\"article:publisher\" content=\"https:\/\/www.facebook.com\/magdacesti.md\/\" \/>\n<meta property=\"article:published_time\" content=\"2017-09-13T20:24:03+00:00\" \/>\n<meta property=\"og:image\" content=\"https:\/\/magdacesti.md\/wp-content\/uploads\/2017\/09\/capela-de-zi-site.jpg\" \/>\n<meta name=\"author\" content=\"magdacesti\" \/>\n<meta name=\"twitter:card\" content=\"summary_large_image\" \/>\n<meta name=\"twitter:label1\" content=\"Written by\" \/>\n\t<meta name=\"twitter:data1\" content=\"magdacesti\" \/>\n\t<meta name=\"twitter:label2\" content=\"Est. reading time\" \/>\n\t<meta name=\"twitter:data2\" content=\"1 minute\" \/>\n<script type=\"application\/ld+json\" class=\"yoast-schema-graph\">{\"@context\":\"https:\/\/schema.org\",\"@graph\":[{\"@type\":\"Article\",\"@id\":\"https:\/\/magdacesti.md\/?p=2296#article\",\"isPartOf\":{\"@id\":\"https:\/\/magdacesti.md\/?p=2296\"},\"author\":{\"name\":\"magdacesti\",\"@id\":\"https:\/\/magdacesti.md\/#\/schema\/person\/ee6a6d0a5f0b0cb676ac992c8e414842\"},\"headline\":\"Duminic\u0103, 17 septembrie, va avea loc Sfin\u021birea Capelei\",\"datePublished\":\"2017-09-13T20:24:03+00:00\",\"dateModified\":\"2017-09-13T20:24:03+00:00\",\"mainEntityOfPage\":{\"@id\":\"https:\/\/magdacesti.md\/?p=2296\"},\"wordCount\":245,\"publisher\":{\"@id\":\"https:\/\/magdacesti.md\/#organization\"},\"image\":{\"@id\":\"https:\/\/magdacesti.md\/?p=2296#primaryimage\"},\"thumbnailUrl\":\"https:\/\/magdacesti.md\/wp-content\/uploads\/2017\/09\/capela-de-zi-site.jpg\",\"articleSection\":[\"Stiri\"],\"inLanguage\":\"en-US\"},{\"@type\":\"WebPage\",\"@id\":\"https:\/\/magdacesti.md\/?p=2296\",\"url\":\"https:\/\/magdacesti.md\/?p=2296\",\"name\":\"Duminic\u0103, 17 septembrie, va avea loc Sfin\u021birea Capelei - M\u0103gd\u0103ce\u0219ti\",\"isPartOf\":{\"@id\":\"https:\/\/magdacesti.md\/#website\"},\"primaryImageOfPage\":{\"@id\":\"https:\/\/magdacesti.md\/?p=2296#primaryimage\"},\"image\":{\"@id\":\"https:\/\/magdacesti.md\/?p=2296#primaryimage\"},\"thumbnailUrl\":\"https:\/\/magdacesti.md\/wp-content\/uploads\/2017\/09\/capela-de-zi-site.jpg\",\"datePublished\":\"2017-09-13T20:24:03+00:00\",\"dateModified\":\"2017-09-13T20:24:03+00:00\",\"description\":\"Bine ati venit pe pagina oficiala a Primariei Magdacesti.\",\"breadcrumb\":{\"@id\":\"https:\/\/magdacesti.md\/?p=2296#breadcrumb\"},\"inLanguage\":\"en-US\",\"potentialAction\":[{\"@type\":\"ReadAction\",\"target\":[\"https:\/\/magdacesti.md\/?p=2296\"]}]},{\"@type\":\"ImageObject\",\"inLanguage\":\"en-US\",\"@id\":\"https:\/\/magdacesti.md\/?p=2296#primaryimage\",\"url\":\"https:\/\/magdacesti.md\/wp-content\/uploads\/2017\/09\/capela-de-zi-site.jpg\",\"contentUrl\":\"https:\/\/magdacesti.md\/wp-content\/uploads\/2017\/09\/capela-de-zi-site.jpg\"},{\"@type\":\"BreadcrumbList\",\"@id\":\"https:\/\/magdacesti.md\/?p=2296#breadcrumb\",\"itemListElement\":[{\"@type\":\"ListItem\",\"position\":1,\"name\":\"Home\",\"item\":\"https:\/\/magdacesti.md\/\"},{\"@type\":\"ListItem\",\"position\":2,\"name\":\"Duminic\u0103, 17 septembrie, va avea loc Sfin\u021birea Capelei\"}]},{\"@type\":\"WebSite\",\"@id\":\"https:\/\/magdacesti.md\/#website\",\"url\":\"https:\/\/magdacesti.md\/\",\"name\":\"M\u0103gd\u0103ce\u0219ti\",\"description\":\"Un or\u0103\u0219el cu condi\u021bii decente de trai!\",\"publisher\":{\"@id\":\"https:\/\/magdacesti.md\/#organization\"},\"potentialAction\":[{\"@type\":\"SearchAction\",\"target\":{\"@type\":\"EntryPoint\",\"urlTemplate\":\"https:\/\/magdacesti.md\/?s={search_term_string}\"},\"query-input\":\"required name=search_term_string\"}],\"inLanguage\":\"en-US\"},{\"@type\":\"Organization\",\"@id\":\"https:\/\/magdacesti.md\/#organization\",\"name\":\"M\u0103gd\u0103ce\u0219ti\",\"url\":\"https:\/\/magdacesti.md\/\",\"logo\":{\"@type\":\"ImageObject\",\"inLanguage\":\"en-US\",\"@id\":\"https:\/\/magdacesti.md\/#\/schema\/logo\/image\/\",\"url\":\"https:\/\/magdacesti.md\/wp-content\/uploads\/2021\/03\/Foto-514-scaled.jpg\",\"contentUrl\":\"https:\/\/magdacesti.md\/wp-content\/uploads\/2021\/03\/Foto-514-scaled.jpg\",\"width\":2560,\"height\":1707,\"caption\":\"M\u0103gd\u0103ce\u0219ti\"},\"image\":{\"@id\":\"https:\/\/magdacesti.md\/#\/schema\/logo\/image\/\"},\"sameAs\":[\"https:\/\/www.facebook.com\/magdacesti.md\/\"]},{\"@type\":\"Person\",\"@id\":\"https:\/\/magdacesti.md\/#\/schema\/person\/ee6a6d0a5f0b0cb676ac992c8e414842\",\"name\":\"magdacesti\",\"sameAs\":[\"https:\/\/magdacesti.md\"],\"url\":\"https:\/\/magdacesti.md\/?author=1\"}]}<\/script>\n<!-- \/ Yoast SEO plugin. -->","yoast_head_json":{"title":"Duminic\u0103, 17 septembrie, va avea loc Sfin\u021birea Capelei - M\u0103gd\u0103ce\u0219ti","description":"Bine ati venit pe pagina oficiala a Primariei Magdacesti.","robots":{"index":"index","follow":"follow","max-snippet":"max-snippet:-1","max-image-preview":"max-image-preview:large","max-video-preview":"max-video-preview:-1"},"canonical":"https:\/\/magdacesti.md\/?p=2296","og_locale":"en_US","og_type":"article","og_title":"Duminic\u0103, 17 septembrie, va avea loc Sfin\u021birea Capelei - M\u0103gd\u0103ce\u0219ti","og_description":"Bine ati venit pe pagina oficiala a Primariei Magdacesti.","og_url":"https:\/\/magdacesti.md\/?p=2296","og_site_name":"M\u0103gd\u0103ce\u0219ti","article_publisher":"https:\/\/www.facebook.com\/magdacesti.md\/","article_published_time":"2017-09-13T20:24:03+00:00","og_image":[{"url":"https:\/\/magdacesti.md\/wp-content\/uploads\/2017\/09\/capela-de-zi-site.jpg"}],"author":"magdacesti","twitter_card":"summary_large_image","twitter_misc":{"Written by":"magdacesti","Est. reading time":"1 minute"},"schema":{"@context":"https:\/\/schema.org","@graph":[{"@type":"Article","@id":"https:\/\/magdacesti.md\/?p=2296#article","isPartOf":{"@id":"https:\/\/magdacesti.md\/?p=2296"},"author":{"name":"magdacesti","@id":"https:\/\/magdacesti.md\/#\/schema\/person\/ee6a6d0a5f0b0cb676ac992c8e414842"},"headline":"Duminic\u0103, 17 septembrie, va avea loc Sfin\u021birea Capelei","datePublished":"2017-09-13T20:24:03+00:00","dateModified":"2017-09-13T20:24:03+00:00","mainEntityOfPage":{"@id":"https:\/\/magdacesti.md\/?p=2296"},"wordCount":245,"publisher":{"@id":"https:\/\/magdacesti.md\/#organization"},"image":{"@id":"https:\/\/magdacesti.md\/?p=2296#primaryimage"},"thumbnailUrl":"https:\/\/magdacesti.md\/wp-content\/uploads\/2017\/09\/capela-de-zi-site.jpg","articleSection":["Stiri"],"inLanguage":"en-US"},{"@type":"WebPage","@id":"https:\/\/magdacesti.md\/?p=2296","url":"https:\/\/magdacesti.md\/?p=2296","name":"Duminic\u0103, 17 septembrie, va avea loc Sfin\u021birea Capelei - M\u0103gd\u0103ce\u0219ti","isPartOf":{"@id":"https:\/\/magdacesti.md\/#website"},"primaryImageOfPage":{"@id":"https:\/\/magdacesti.md\/?p=2296#primaryimage"},"image":{"@id":"https:\/\/magdacesti.md\/?p=2296#primaryimage"},"thumbnailUrl":"https:\/\/magdacesti.md\/wp-content\/uploads\/2017\/09\/capela-de-zi-site.jpg","datePublished":"2017-09-13T20:24:03+00:00","dateModified":"2017-09-13T20:24:03+00:00","description":"Bine ati venit pe pagina oficiala a Primariei Magdacesti.","breadcrumb":{"@id":"https:\/\/magdacesti.md\/?p=2296#breadcrumb"},"inLanguage":"en-US","potentialAction":[{"@type":"ReadAction","target":["https:\/\/magdacesti.md\/?p=2296"]}]},{"@type":"ImageObject","inLanguage":"en-US","@id":"https:\/\/magdacesti.md\/?p=2296#primaryimage","url":"https:\/\/magdacesti.md\/wp-content\/uploads\/2017\/09\/capela-de-zi-site.jpg","contentUrl":"https:\/\/magdacesti.md\/wp-content\/uploads\/2017\/09\/capela-de-zi-site.jpg"},{"@type":"BreadcrumbList","@id":"https:\/\/magdacesti.md\/?p=2296#breadcrumb","itemListElement":[{"@type":"ListItem","position":1,"name":"Home","item":"https:\/\/magdacesti.md\/"},{"@type":"ListItem","position":2,"name":"Duminic\u0103, 17 septembrie, va avea loc Sfin\u021birea Capelei"}]},{"@type":"WebSite","@id":"https:\/\/magdacesti.md\/#website","url":"https:\/\/magdacesti.md\/","name":"M\u0103gd\u0103ce\u0219ti","description":"Un or\u0103\u0219el cu condi\u021bii decente de trai!","publisher":{"@id":"https:\/\/magdacesti.md\/#organization"},"potentialAction":[{"@type":"SearchAction","target":{"@type":"EntryPoint","urlTemplate":"https:\/\/magdacesti.md\/?s={search_term_string}"},"query-input":"required name=search_term_string"}],"inLanguage":"en-US"},{"@type":"Organization","@id":"https:\/\/magdacesti.md\/#organization","name":"M\u0103gd\u0103ce\u0219ti","url":"https:\/\/magdacesti.md\/","logo":{"@type":"ImageObject","inLanguage":"en-US","@id":"https:\/\/magdacesti.md\/#\/schema\/logo\/image\/","url":"https:\/\/magdacesti.md\/wp-content\/uploads\/2021\/03\/Foto-514-scaled.jpg","contentUrl":"https:\/\/magdacesti.md\/wp-content\/uploads\/2021\/03\/Foto-514-scaled.jpg","width":2560,"height":1707,"caption":"M\u0103gd\u0103ce\u0219ti"},"image":{"@id":"https:\/\/magdacesti.md\/#\/schema\/logo\/image\/"},"sameAs":["https:\/\/www.facebook.com\/magdacesti.md\/"]},{"@type":"Person","@id":"https:\/\/magdacesti.md\/#\/schema\/person\/ee6a6d0a5f0b0cb676ac992c8e414842","name":"magdacesti","sameAs":["https:\/\/magdacesti.md"],"url":"https:\/\/magdacesti.md\/?author=1"}]}},"_links":{"self":[{"href":"https:\/\/magdacesti.md\/index.php?rest_route=\/wp\/v2\/posts\/2296","targetHints":{"allow":["GET"]}}],"collection":[{"href":"https:\/\/magdacesti.md\/index.php?rest_route=\/wp\/v2\/posts"}],"about":[{"href":"https:\/\/magdacesti.md\/index.php?rest_route=\/wp\/v2\/types\/post"}],"author":[{"embeddable":true,"href":"https:\/\/magdacesti.md\/index.php?rest_route=\/wp\/v2\/users\/1"}],"replies":[{"embeddable":true,"href":"https:\/\/magdacesti.md\/index.php?rest_route=%2Fwp%2Fv2%2Fcomments&post=2296"}],"version-history":[{"count":0,"href":"https:\/\/magdacesti.md\/index.php?rest_route=\/wp\/v2\/posts\/2296\/revisions"}],"wp:attachment":[{"href":"https:\/\/magdacesti.md\/index.php?rest_route=%2Fwp%2Fv2%2Fmedia&parent=2296"}],"wp:term":[{"taxonomy":"category","embeddable":true,"href":"https:\/\/magdacesti.md\/index.php?rest_route=%2Fwp%2Fv2%2Fcategories&post=2296"},{"taxonomy":"post_tag","embeddable":true,"href":"https:\/\/magdacesti.md\/index.php?rest_route=%2Fwp%2Fv2%2Ftags&post=2296"}],"curies":[{"name":"wp","href":"https:\/\/api.w.org\/{rel}","templated":true}]}}