{"id":2352,"date":"2017-10-02T11:47:21","date_gmt":"2017-10-02T08:47:21","guid":{"rendered":"https:\/\/magdacesti.md\/?p=2352"},"modified":"2017-10-02T11:47:21","modified_gmt":"2017-10-02T08:47:21","slug":"de-ziua-internationala-a-varstnicilor-3-cupluri-din-magdacesti-si-au-sarbatorit-nunta-de-aur","status":"publish","type":"post","link":"https:\/\/magdacesti.md\/?p=2352","title":{"rendered":"De Ziua Interna\u021bional\u0103 a V\u00e2rstnicilor, 3 cupluri din M\u0103gd\u0103ce\u0219ti \u0219i-au s\u0103rb\u0103torit Nunta de Aur. \/Foto\/"},"content":{"rendered":"<p><strong>Data de 1 octombrie marcheaz\u0103 anual aniversarea persoanelor de v\u00e2rsta a treia. A devenit deja o frumoas\u0103 tradi\u021bie ca administra\u021bia public\u0103 local\u0103 s\u0103 transforme aceast\u0103 zi, \u00eentr-un prilej de bucurie pentru persoanele \u00een etate. <\/strong><\/p>\n<p>\u00cenc\u0103run\u021bi\u021bi de timp, g\u00e2rbovi\u021bi de munci \u0219i griji, peste 100 de persoane de v\u00e2rsta a treia s-au adunat ast\u0103zi la Cantina Social\u0103. Sub privirile copiilor, rudelor<span class=\"text_exposed_show\">\u00a0\u0219i vecinilor, trei cupluri din s. M\u0103gd\u0103ce\u0219ti \u0219i-au re\u00eennoit jur\u0103mintele de acum 50 de ani, c\u00e2nd \u0219i-au unit prima oar\u0103 destinele.\u00a0\u00a0<\/span><\/p>\n<p><img loading=\"lazy\" decoding=\"async\" class=\"aligncenter\" src=\"https:\/\/magdacesti.md\/wp-content\/uploads\/2017\/10\/IMG_0047.jpg\" alt=\"\" width=\"654\" height=\"589\" \/><\/p>\n<p><img loading=\"lazy\" decoding=\"async\" class=\"aligncenter\" src=\"https:\/\/magdacesti.md\/wp-content\/uploads\/2017\/10\/IMG_0019.jpg\" alt=\"\" width=\"522\" height=\"696\" \/><\/p>\n<p><img loading=\"lazy\" decoding=\"async\" class=\"aligncenter\" src=\"https:\/\/magdacesti.md\/wp-content\/uploads\/2017\/10\/IMG_0053.jpg\" alt=\"\" width=\"708\" height=\"531\" \/><\/p>\n<p><img loading=\"lazy\" decoding=\"async\" class=\"aligncenter\" src=\"https:\/\/magdacesti.md\/wp-content\/uploads\/2017\/10\/IMG_0062.jpg\" alt=\"\" width=\"727\" height=\"545\" \/><\/p>\n<p><img loading=\"lazy\" decoding=\"async\" class=\"aligncenter\" src=\"https:\/\/magdacesti.md\/wp-content\/uploads\/2017\/10\/IMG_0071.jpg\" alt=\"\" width=\"720\" height=\"474\" \/><\/p>\n<p><span class=\"text_exposed_show\">Au trecut 50 de ani de dragoste, \u00een\u021belegere \u0219i convie\u021buire sub acela\u0219i acoperi\u0219. S\u0103rb\u0103tori\u021bii au ciocnit c\u00e2te un pahar de \u0219ampanie, au dansat pe muzica l\u0103ut\u0103reasc\u0103 \u0219i \u0219i-au amintit de vremurile frumoase din tinere\u021bea lor. Primarul s. M\u0103gd\u0103ce\u0219ti, Liuba Cojocaru a \u00eenceput festivitatea cu un mesaj de felicitare \u0219i<\/span>\u00a0a oferit fiec\u0103rui cuplu c\u00e2te 1000 de lei, flori \u0219i certificate de c\u0103s\u0103torie.<\/p>\n<p><span class=\"text_exposed_show\">Emo\u021biile au fost cople\u0219itoare, iar lacrimile greu de st\u0103p\u00e2nit.<br \/>\n<\/span><\/p>\n<p>Le mul\u021bumim fiec\u0103rui b\u0103tr\u00e2nel \u00een parte pentru c\u0103ldur\u0103 \u0219i pove\u021be. Sunte\u021bi un exemplu viu pentru societatea t\u00e2n\u0103r\u0103, pentru nepo\u021bi, c\u0103 dragostea le \u00eenvinge pe toate. \u00cen fiecare zi avem o \u00eendatorire sacr\u0103: s\u0103 le ar\u0103t\u0103m recuno\u0219tin\u021b\u0103 \u0219i tot respectul celor care ne-au \u00eenv\u0103\u021bat s\u0103 mergem, s\u0103 vorbim, s\u0103 g\u00e2ndim, \u0219i s\u0103 fim oameni.<\/p>\n<p><img loading=\"lazy\" decoding=\"async\" class=\"aligncenter\" src=\"https:\/\/magdacesti.md\/wp-content\/uploads\/2017\/10\/IMG_0115.jpg\" alt=\"\" width=\"720\" height=\"650\" \/><\/p>\n<p><img loading=\"lazy\" decoding=\"async\" class=\"aligncenter\" src=\"https:\/\/magdacesti.md\/wp-content\/uploads\/2017\/10\/IMG_0127.jpg\" alt=\"\" width=\"720\" height=\"604\" \/><\/p>\n<p><img loading=\"lazy\" decoding=\"async\" class=\"aligncenter\" src=\"https:\/\/magdacesti.md\/wp-content\/uploads\/2017\/10\/IMG_0132.jpg\" alt=\"\" width=\"720\" height=\"625\" \/><\/p>\n<p><img loading=\"lazy\" decoding=\"async\" class=\"aligncenter\" src=\"https:\/\/magdacesti.md\/wp-content\/uploads\/2017\/10\/IMG_0092.jpg\" alt=\"\" width=\"720\" height=\"540\" \/><\/p>\n<p><img loading=\"lazy\" decoding=\"async\" class=\"aligncenter\" src=\"https:\/\/magdacesti.md\/wp-content\/uploads\/2017\/10\/IMG_0097.jpg\" alt=\"\" width=\"720\" height=\"540\" \/><\/p>\n<p><img loading=\"lazy\" decoding=\"async\" class=\"aligncenter\" src=\"https:\/\/magdacesti.md\/wp-content\/uploads\/2017\/10\/IMG_0148.jpg\" alt=\"\" width=\"720\" height=\"540\" \/><\/p>\n<p><img loading=\"lazy\" decoding=\"async\" class=\"aligncenter\" src=\"https:\/\/magdacesti.md\/wp-content\/uploads\/2017\/10\/IMG_0162.jpg\" alt=\"\" width=\"720\" height=\"488\" \/><\/p>\n<p><img loading=\"lazy\" decoding=\"async\" class=\"aligncenter\" src=\"https:\/\/magdacesti.md\/wp-content\/uploads\/2017\/10\/IMG_0168.jpg\" alt=\"\" width=\"720\" height=\"540\" \/><\/p>\n<p><img loading=\"lazy\" decoding=\"async\" class=\"aligncenter\" src=\"https:\/\/magdacesti.md\/wp-content\/uploads\/2017\/10\/IMG_0172.jpg\" alt=\"\" width=\"720\" height=\"540\" \/><\/p>\n<p><img loading=\"lazy\" decoding=\"async\" class=\"aligncenter\" src=\"https:\/\/magdacesti.md\/wp-content\/uploads\/2017\/10\/IMG_0190.jpg\" alt=\"\" width=\"720\" height=\"604\" \/><\/p>\n<p><img loading=\"lazy\" decoding=\"async\" class=\"aligncenter\" src=\"https:\/\/magdacesti.md\/wp-content\/uploads\/2017\/10\/site.jpg\" alt=\"\" width=\"720\" height=\"480\" \/><\/p>\n<p>&nbsp;<\/p>\n<p>&nbsp;<\/p>\n<p>Ne \u00eenchin\u0103m \u00een fa\u021ba dumneavoastr\u0103!<\/p>\n<p>&nbsp;<\/p>\n","protected":false},"excerpt":{"rendered":"<p>Data de 1 octombrie marcheaz\u0103 anual aniversarea persoanelor de v\u00e2rsta a treia. A devenit deja o frumoas\u0103 tradi\u021bie ca administra\u021bia public\u0103 local\u0103 s\u0103 transforme aceast\u0103 zi, \u00eentr-un prilej de bucurie pentru persoanele \u00een etate. \u00cenc\u0103run\u021bi\u021bi de timp, g\u00e2rbovi\u021bi de munci \u0219i griji, peste 100 de persoane de v\u00e2rsta a treia s-au adunat ast\u0103zi la Cantina [&#8230;]\n","protected":false},"author":1,"featured_media":0,"comment_status":"closed","ping_status":"closed","sticky":false,"template":"","format":"standard","meta":{"ngg_post_thumbnail":0,"footnotes":""},"categories":[4],"tags":[],"class_list":["post-2352","post","type-post","status-publish","format-standard","hentry","category-stiri"],"yoast_head":"<!-- This site is optimized with the Yoast SEO plugin v23.3 - https:\/\/yoast.com\/wordpress\/plugins\/seo\/ -->\n<title>De Ziua Interna\u021bional\u0103 a V\u00e2rstnicilor, 3 cupluri din M\u0103gd\u0103ce\u0219ti \u0219i-au s\u0103rb\u0103torit Nunta de Aur. \/Foto\/ - M\u0103gd\u0103ce\u0219ti<\/title>\n<meta name=\"description\" content=\"Bine ati venit pe pagina oficiala a Primariei Magdacesti.\" \/>\n<meta name=\"robots\" content=\"index, follow, max-snippet:-1, max-image-preview:large, max-video-preview:-1\" \/>\n<link rel=\"canonical\" href=\"https:\/\/magdacesti.md\/?p=2352\" \/>\n<meta property=\"og:locale\" content=\"en_US\" \/>\n<meta property=\"og:type\" content=\"article\" \/>\n<meta property=\"og:title\" content=\"De Ziua Interna\u021bional\u0103 a V\u00e2rstnicilor, 3 cupluri din M\u0103gd\u0103ce\u0219ti \u0219i-au s\u0103rb\u0103torit Nunta de Aur. \/Foto\/ - M\u0103gd\u0103ce\u0219ti\" \/>\n<meta property=\"og:description\" content=\"Bine ati venit pe pagina oficiala a Primariei Magdacesti.\" \/>\n<meta property=\"og:url\" content=\"https:\/\/magdacesti.md\/?p=2352\" \/>\n<meta property=\"og:site_name\" content=\"M\u0103gd\u0103ce\u0219ti\" \/>\n<meta property=\"article:publisher\" content=\"https:\/\/www.facebook.com\/magdacesti.md\/\" \/>\n<meta property=\"article:published_time\" content=\"2017-10-02T08:47:21+00:00\" \/>\n<meta property=\"og:image\" content=\"https:\/\/magdacesti.md\/wp-content\/uploads\/2017\/10\/IMG_0047.jpg\" \/>\n<meta name=\"author\" content=\"magdacesti\" \/>\n<meta name=\"twitter:card\" content=\"summary_large_image\" \/>\n<meta name=\"twitter:label1\" content=\"Written by\" \/>\n\t<meta name=\"twitter:data1\" content=\"magdacesti\" \/>\n\t<meta name=\"twitter:label2\" content=\"Est. reading time\" \/>\n\t<meta name=\"twitter:data2\" content=\"1 minute\" \/>\n<script type=\"application\/ld+json\" class=\"yoast-schema-graph\">{\"@context\":\"https:\/\/schema.org\",\"@graph\":[{\"@type\":\"Article\",\"@id\":\"https:\/\/magdacesti.md\/?p=2352#article\",\"isPartOf\":{\"@id\":\"https:\/\/magdacesti.md\/?p=2352\"},\"author\":{\"name\":\"magdacesti\",\"@id\":\"https:\/\/magdacesti.md\/#\/schema\/person\/ee6a6d0a5f0b0cb676ac992c8e414842\"},\"headline\":\"De Ziua Interna\u021bional\u0103 a V\u00e2rstnicilor, 3 cupluri din M\u0103gd\u0103ce\u0219ti \u0219i-au s\u0103rb\u0103torit Nunta de Aur. \/Foto\/\",\"datePublished\":\"2017-10-02T08:47:21+00:00\",\"dateModified\":\"2017-10-02T08:47:21+00:00\",\"mainEntityOfPage\":{\"@id\":\"https:\/\/magdacesti.md\/?p=2352\"},\"wordCount\":283,\"publisher\":{\"@id\":\"https:\/\/magdacesti.md\/#organization\"},\"image\":{\"@id\":\"https:\/\/magdacesti.md\/?p=2352#primaryimage\"},\"thumbnailUrl\":\"https:\/\/magdacesti.md\/wp-content\/uploads\/2017\/10\/IMG_0047.jpg\",\"articleSection\":[\"Stiri\"],\"inLanguage\":\"en-US\"},{\"@type\":\"WebPage\",\"@id\":\"https:\/\/magdacesti.md\/?p=2352\",\"url\":\"https:\/\/magdacesti.md\/?p=2352\",\"name\":\"De Ziua Interna\u021bional\u0103 a V\u00e2rstnicilor, 3 cupluri din M\u0103gd\u0103ce\u0219ti \u0219i-au s\u0103rb\u0103torit Nunta de Aur. \/Foto\/ - M\u0103gd\u0103ce\u0219ti\",\"isPartOf\":{\"@id\":\"https:\/\/magdacesti.md\/#website\"},\"primaryImageOfPage\":{\"@id\":\"https:\/\/magdacesti.md\/?p=2352#primaryimage\"},\"image\":{\"@id\":\"https:\/\/magdacesti.md\/?p=2352#primaryimage\"},\"thumbnailUrl\":\"https:\/\/magdacesti.md\/wp-content\/uploads\/2017\/10\/IMG_0047.jpg\",\"datePublished\":\"2017-10-02T08:47:21+00:00\",\"dateModified\":\"2017-10-02T08:47:21+00:00\",\"description\":\"Bine ati venit pe pagina oficiala a Primariei Magdacesti.\",\"breadcrumb\":{\"@id\":\"https:\/\/magdacesti.md\/?p=2352#breadcrumb\"},\"inLanguage\":\"en-US\",\"potentialAction\":[{\"@type\":\"ReadAction\",\"target\":[\"https:\/\/magdacesti.md\/?p=2352\"]}]},{\"@type\":\"ImageObject\",\"inLanguage\":\"en-US\",\"@id\":\"https:\/\/magdacesti.md\/?p=2352#primaryimage\",\"url\":\"https:\/\/magdacesti.md\/wp-content\/uploads\/2017\/10\/IMG_0047.jpg\",\"contentUrl\":\"https:\/\/magdacesti.md\/wp-content\/uploads\/2017\/10\/IMG_0047.jpg\"},{\"@type\":\"BreadcrumbList\",\"@id\":\"https:\/\/magdacesti.md\/?p=2352#breadcrumb\",\"itemListElement\":[{\"@type\":\"ListItem\",\"position\":1,\"name\":\"Home\",\"item\":\"https:\/\/magdacesti.md\/\"},{\"@type\":\"ListItem\",\"position\":2,\"name\":\"De Ziua Interna\u021bional\u0103 a V\u00e2rstnicilor, 3 cupluri din M\u0103gd\u0103ce\u0219ti \u0219i-au s\u0103rb\u0103torit Nunta de Aur. \/Foto\/\"}]},{\"@type\":\"WebSite\",\"@id\":\"https:\/\/magdacesti.md\/#website\",\"url\":\"https:\/\/magdacesti.md\/\",\"name\":\"M\u0103gd\u0103ce\u0219ti\",\"description\":\"Un or\u0103\u0219el cu condi\u021bii decente de trai!\",\"publisher\":{\"@id\":\"https:\/\/magdacesti.md\/#organization\"},\"potentialAction\":[{\"@type\":\"SearchAction\",\"target\":{\"@type\":\"EntryPoint\",\"urlTemplate\":\"https:\/\/magdacesti.md\/?s={search_term_string}\"},\"query-input\":\"required name=search_term_string\"}],\"inLanguage\":\"en-US\"},{\"@type\":\"Organization\",\"@id\":\"https:\/\/magdacesti.md\/#organization\",\"name\":\"M\u0103gd\u0103ce\u0219ti\",\"url\":\"https:\/\/magdacesti.md\/\",\"logo\":{\"@type\":\"ImageObject\",\"inLanguage\":\"en-US\",\"@id\":\"https:\/\/magdacesti.md\/#\/schema\/logo\/image\/\",\"url\":\"https:\/\/magdacesti.md\/wp-content\/uploads\/2021\/03\/Foto-514-scaled.jpg\",\"contentUrl\":\"https:\/\/magdacesti.md\/wp-content\/uploads\/2021\/03\/Foto-514-scaled.jpg\",\"width\":2560,\"height\":1707,\"caption\":\"M\u0103gd\u0103ce\u0219ti\"},\"image\":{\"@id\":\"https:\/\/magdacesti.md\/#\/schema\/logo\/image\/\"},\"sameAs\":[\"https:\/\/www.facebook.com\/magdacesti.md\/\"]},{\"@type\":\"Person\",\"@id\":\"https:\/\/magdacesti.md\/#\/schema\/person\/ee6a6d0a5f0b0cb676ac992c8e414842\",\"name\":\"magdacesti\",\"sameAs\":[\"https:\/\/magdacesti.md\"],\"url\":\"https:\/\/magdacesti.md\/?author=1\"}]}<\/script>\n<!-- \/ Yoast SEO plugin. -->","yoast_head_json":{"title":"De Ziua Interna\u021bional\u0103 a V\u00e2rstnicilor, 3 cupluri din M\u0103gd\u0103ce\u0219ti \u0219i-au s\u0103rb\u0103torit Nunta de Aur. \/Foto\/ - M\u0103gd\u0103ce\u0219ti","description":"Bine ati venit pe pagina oficiala a Primariei Magdacesti.","robots":{"index":"index","follow":"follow","max-snippet":"max-snippet:-1","max-image-preview":"max-image-preview:large","max-video-preview":"max-video-preview:-1"},"canonical":"https:\/\/magdacesti.md\/?p=2352","og_locale":"en_US","og_type":"article","og_title":"De Ziua Interna\u021bional\u0103 a V\u00e2rstnicilor, 3 cupluri din M\u0103gd\u0103ce\u0219ti \u0219i-au s\u0103rb\u0103torit Nunta de Aur. \/Foto\/ - M\u0103gd\u0103ce\u0219ti","og_description":"Bine ati venit pe pagina oficiala a Primariei Magdacesti.","og_url":"https:\/\/magdacesti.md\/?p=2352","og_site_name":"M\u0103gd\u0103ce\u0219ti","article_publisher":"https:\/\/www.facebook.com\/magdacesti.md\/","article_published_time":"2017-10-02T08:47:21+00:00","og_image":[{"url":"https:\/\/magdacesti.md\/wp-content\/uploads\/2017\/10\/IMG_0047.jpg"}],"author":"magdacesti","twitter_card":"summary_large_image","twitter_misc":{"Written by":"magdacesti","Est. reading time":"1 minute"},"schema":{"@context":"https:\/\/schema.org","@graph":[{"@type":"Article","@id":"https:\/\/magdacesti.md\/?p=2352#article","isPartOf":{"@id":"https:\/\/magdacesti.md\/?p=2352"},"author":{"name":"magdacesti","@id":"https:\/\/magdacesti.md\/#\/schema\/person\/ee6a6d0a5f0b0cb676ac992c8e414842"},"headline":"De Ziua Interna\u021bional\u0103 a V\u00e2rstnicilor, 3 cupluri din M\u0103gd\u0103ce\u0219ti \u0219i-au s\u0103rb\u0103torit Nunta de Aur. \/Foto\/","datePublished":"2017-10-02T08:47:21+00:00","dateModified":"2017-10-02T08:47:21+00:00","mainEntityOfPage":{"@id":"https:\/\/magdacesti.md\/?p=2352"},"wordCount":283,"publisher":{"@id":"https:\/\/magdacesti.md\/#organization"},"image":{"@id":"https:\/\/magdacesti.md\/?p=2352#primaryimage"},"thumbnailUrl":"https:\/\/magdacesti.md\/wp-content\/uploads\/2017\/10\/IMG_0047.jpg","articleSection":["Stiri"],"inLanguage":"en-US"},{"@type":"WebPage","@id":"https:\/\/magdacesti.md\/?p=2352","url":"https:\/\/magdacesti.md\/?p=2352","name":"De Ziua Interna\u021bional\u0103 a V\u00e2rstnicilor, 3 cupluri din M\u0103gd\u0103ce\u0219ti \u0219i-au s\u0103rb\u0103torit Nunta de Aur. \/Foto\/ - M\u0103gd\u0103ce\u0219ti","isPartOf":{"@id":"https:\/\/magdacesti.md\/#website"},"primaryImageOfPage":{"@id":"https:\/\/magdacesti.md\/?p=2352#primaryimage"},"image":{"@id":"https:\/\/magdacesti.md\/?p=2352#primaryimage"},"thumbnailUrl":"https:\/\/magdacesti.md\/wp-content\/uploads\/2017\/10\/IMG_0047.jpg","datePublished":"2017-10-02T08:47:21+00:00","dateModified":"2017-10-02T08:47:21+00:00","description":"Bine ati venit pe pagina oficiala a Primariei Magdacesti.","breadcrumb":{"@id":"https:\/\/magdacesti.md\/?p=2352#breadcrumb"},"inLanguage":"en-US","potentialAction":[{"@type":"ReadAction","target":["https:\/\/magdacesti.md\/?p=2352"]}]},{"@type":"ImageObject","inLanguage":"en-US","@id":"https:\/\/magdacesti.md\/?p=2352#primaryimage","url":"https:\/\/magdacesti.md\/wp-content\/uploads\/2017\/10\/IMG_0047.jpg","contentUrl":"https:\/\/magdacesti.md\/wp-content\/uploads\/2017\/10\/IMG_0047.jpg"},{"@type":"BreadcrumbList","@id":"https:\/\/magdacesti.md\/?p=2352#breadcrumb","itemListElement":[{"@type":"ListItem","position":1,"name":"Home","item":"https:\/\/magdacesti.md\/"},{"@type":"ListItem","position":2,"name":"De Ziua Interna\u021bional\u0103 a V\u00e2rstnicilor, 3 cupluri din M\u0103gd\u0103ce\u0219ti \u0219i-au s\u0103rb\u0103torit Nunta de Aur. \/Foto\/"}]},{"@type":"WebSite","@id":"https:\/\/magdacesti.md\/#website","url":"https:\/\/magdacesti.md\/","name":"M\u0103gd\u0103ce\u0219ti","description":"Un or\u0103\u0219el cu condi\u021bii decente de trai!","publisher":{"@id":"https:\/\/magdacesti.md\/#organization"},"potentialAction":[{"@type":"SearchAction","target":{"@type":"EntryPoint","urlTemplate":"https:\/\/magdacesti.md\/?s={search_term_string}"},"query-input":"required name=search_term_string"}],"inLanguage":"en-US"},{"@type":"Organization","@id":"https:\/\/magdacesti.md\/#organization","name":"M\u0103gd\u0103ce\u0219ti","url":"https:\/\/magdacesti.md\/","logo":{"@type":"ImageObject","inLanguage":"en-US","@id":"https:\/\/magdacesti.md\/#\/schema\/logo\/image\/","url":"https:\/\/magdacesti.md\/wp-content\/uploads\/2021\/03\/Foto-514-scaled.jpg","contentUrl":"https:\/\/magdacesti.md\/wp-content\/uploads\/2021\/03\/Foto-514-scaled.jpg","width":2560,"height":1707,"caption":"M\u0103gd\u0103ce\u0219ti"},"image":{"@id":"https:\/\/magdacesti.md\/#\/schema\/logo\/image\/"},"sameAs":["https:\/\/www.facebook.com\/magdacesti.md\/"]},{"@type":"Person","@id":"https:\/\/magdacesti.md\/#\/schema\/person\/ee6a6d0a5f0b0cb676ac992c8e414842","name":"magdacesti","sameAs":["https:\/\/magdacesti.md"],"url":"https:\/\/magdacesti.md\/?author=1"}]}},"_links":{"self":[{"href":"https:\/\/magdacesti.md\/index.php?rest_route=\/wp\/v2\/posts\/2352","targetHints":{"allow":["GET"]}}],"collection":[{"href":"https:\/\/magdacesti.md\/index.php?rest_route=\/wp\/v2\/posts"}],"about":[{"href":"https:\/\/magdacesti.md\/index.php?rest_route=\/wp\/v2\/types\/post"}],"author":[{"embeddable":true,"href":"https:\/\/magdacesti.md\/index.php?rest_route=\/wp\/v2\/users\/1"}],"replies":[{"embeddable":true,"href":"https:\/\/magdacesti.md\/index.php?rest_route=%2Fwp%2Fv2%2Fcomments&post=2352"}],"version-history":[{"count":0,"href":"https:\/\/magdacesti.md\/index.php?rest_route=\/wp\/v2\/posts\/2352\/revisions"}],"wp:attachment":[{"href":"https:\/\/magdacesti.md\/index.php?rest_route=%2Fwp%2Fv2%2Fmedia&parent=2352"}],"wp:term":[{"taxonomy":"category","embeddable":true,"href":"https:\/\/magdacesti.md\/index.php?rest_route=%2Fwp%2Fv2%2Fcategories&post=2352"},{"taxonomy":"post_tag","embeddable":true,"href":"https:\/\/magdacesti.md\/index.php?rest_route=%2Fwp%2Fv2%2Ftags&post=2352"}],"curies":[{"name":"wp","href":"https:\/\/api.w.org\/{rel}","templated":true}]}}