{"id":2383,"date":"2017-10-18T14:46:29","date_gmt":"2017-10-18T11:46:29","guid":{"rendered":"https:\/\/magdacesti.md\/?p=2383"},"modified":"2017-10-18T14:46:29","modified_gmt":"2017-10-18T11:46:29","slug":"zi-de-mare-sarbatoare-pentru-micii-prichindei-din-gradinita-floricica-din-s-magdacesti-galerie-foto","status":"publish","type":"post","link":"https:\/\/magdacesti.md\/?p=2383","title":{"rendered":"Zi de mare s\u0103rb\u0103toare pentru micii prichindei din gr\u0103dini\u021ba &#8220;Floricica&#8221;, din s. M\u0103gd\u0103ce\u0219ti. Galerie FOTO"},"content":{"rendered":"<p>&nbsp;<\/p>\n<p><strong>Ast\u0103zi, cei peste 200 de copii din institu\u021bie au transformat toamna \u00eentr-o adev\u0103rat\u0103 poveste, amenaj\u00e2nd curtea din jur cu fel de fel de ornamente din legume \u0219i fructe, tablouri \u0219i obiecte de artizanat. Colectivele didactice s-au \u00eentrecut \u00een crea\u021bii \u0219i au l\u0103sat imagina\u021bia sa dep\u0103\u0219easc\u0103 orice grani\u021b\u0103, marc\u00e2nd astfel, recuno\u0219tin\u021ba pentru roadele \u0219i bog\u0103\u021bia toamnei.<\/strong><\/p>\n<p><img loading=\"lazy\" decoding=\"async\" class=\"aligncenter\" src=\"https:\/\/magdacesti.md\/wp-content\/uploads\/2017\/10\/IMG_0436.jpg\" alt=\"\" width=\"720\" height=\"540\" \/><\/p>\n<p><img loading=\"lazy\" decoding=\"async\" class=\"aligncenter\" src=\"https:\/\/magdacesti.md\/wp-content\/uploads\/2017\/10\/IMG_0407.jpg\" alt=\"\" width=\"720\" height=\"540\" \/><\/p>\n<p><img loading=\"lazy\" decoding=\"async\" class=\"aligncenter\" src=\"https:\/\/magdacesti.md\/wp-content\/uploads\/2017\/10\/IMG_0412.jpg\" alt=\"\" width=\"720\" height=\"540\" \/><\/p>\n<p><img loading=\"lazy\" decoding=\"async\" class=\"aligncenter\" src=\"https:\/\/magdacesti.md\/wp-content\/uploads\/2017\/10\/IMG_0421.jpg\" alt=\"\" width=\"720\" height=\"540\" \/><\/p>\n<p>Sus\u021binu\u021bi de director<span class=\"text_exposed_show\">ul gr\u0103dini\u021bei Ecaterina Onica, educatori \u0219i p\u0103rin\u021bi, micu\u021bii au fost provoca\u021bi s\u0103 \u00eenfrumuse\u021beze dovleci dup\u0103 propria imagina\u021bie, s\u0103 creeze figurine din legume \u0219i fructe, personaje din povesti \u0219i chiar s\u0103 improvizeze o adev\u0103rat\u0103 c\u0103mara cu bun\u0103t\u0103\u021bi. Expozi\u021bia prezentat\u0103 ast\u0103zi, va fi deschis\u0103 c\u00e2teva zile, iar doritorii de a admira crea\u021biile copiilor sunt a\u0219tepta\u021bi cu mare drag \u00een curtea gr\u0103dini\u021bei. Printre culorile vii ale toamnei, micu\u021bii au dat \u0219i un spectacol deosebit dedicat anotimpului auriu, unde au cantat, dansat \u0219i au recitat poezii tematice. Tradi\u021bional &#8220;Toamna de Aur&#8221;&#8221; se s\u0103rb\u0103tore\u0219te \u00een fiecare Institu\u021bie de \u00eenv\u0103\u021b\u0103m\u00e2nt, la mijlocul lunii octombrie.<\/span><\/p>\n<p><img loading=\"lazy\" decoding=\"async\" class=\"aligncenter\" src=\"https:\/\/magdacesti.md\/wp-content\/uploads\/2017\/10\/IMG_0422.jpg\" alt=\"\" width=\"720\" height=\"540\" \/><\/p>\n<p><img loading=\"lazy\" decoding=\"async\" class=\"aligncenter\" src=\"https:\/\/magdacesti.md\/wp-content\/uploads\/2017\/10\/IMG_0433.jpg\" alt=\"\" width=\"720\" height=\"540\" \/><\/p>\n<p><img loading=\"lazy\" decoding=\"async\" class=\"aligncenter\" src=\"https:\/\/magdacesti.md\/wp-content\/uploads\/2017\/10\/IMG_0442.jpg\" alt=\"\" width=\"720\" height=\"540\" \/><\/p>\n<p><img loading=\"lazy\" decoding=\"async\" class=\"aligncenter\" src=\"https:\/\/magdacesti.md\/wp-content\/uploads\/2017\/10\/IMG_0456.jpg\" alt=\"\" width=\"720\" height=\"540\" \/><\/p>\n<p><img loading=\"lazy\" decoding=\"async\" class=\"aligncenter\" src=\"https:\/\/magdacesti.md\/wp-content\/uploads\/2017\/10\/IMG_0458.jpg\" alt=\"\" width=\"720\" height=\"584\" \/><\/p>\n<p><img loading=\"lazy\" decoding=\"async\" class=\"aligncenter\" src=\"https:\/\/magdacesti.md\/wp-content\/uploads\/2017\/10\/IMG_0459.jpg\" alt=\"\" width=\"720\" height=\"540\" \/><\/p>\n<p><img loading=\"lazy\" decoding=\"async\" class=\"aligncenter\" src=\"https:\/\/magdacesti.md\/wp-content\/uploads\/2017\/10\/IMG_0460.jpg\" alt=\"\" width=\"720\" height=\"540\" \/><\/p>\n<p><img loading=\"lazy\" decoding=\"async\" class=\"aligncenter\" src=\"https:\/\/magdacesti.md\/wp-content\/uploads\/2017\/10\/IMG_0470.jpg\" alt=\"\" width=\"720\" height=\"540\" \/><\/p>\n<p><img loading=\"lazy\" decoding=\"async\" class=\"aligncenter\" src=\"https:\/\/magdacesti.md\/wp-content\/uploads\/2017\/10\/IMG_0477.jpg\" alt=\"\" width=\"720\" height=\"540\" \/><\/p>\n<p><img loading=\"lazy\" decoding=\"async\" class=\"aligncenter\" src=\"https:\/\/magdacesti.md\/wp-content\/uploads\/2017\/10\/IMG_0479.jpg\" alt=\"\" width=\"720\" height=\"540\" \/><\/p>\n<p><img loading=\"lazy\" decoding=\"async\" class=\"aligncenter\" src=\"https:\/\/magdacesti.md\/wp-content\/uploads\/2017\/10\/IMG_0495.jpg\" alt=\"\" width=\"720\" height=\"540\" \/><\/p>\n<p><img loading=\"lazy\" decoding=\"async\" class=\"aligncenter\" src=\"https:\/\/magdacesti.md\/wp-content\/uploads\/2017\/10\/IMG_0494.jpg\" alt=\"\" width=\"720\" height=\"540\" \/><\/p>\n<p><img loading=\"lazy\" decoding=\"async\" class=\"aligncenter\" src=\"https:\/\/magdacesti.md\/wp-content\/uploads\/2017\/10\/IMG_0508.jpg\" alt=\"\" width=\"720\" height=\"540\" \/><\/p>\n<p><img loading=\"lazy\" decoding=\"async\" class=\"aligncenter\" src=\"https:\/\/magdacesti.md\/wp-content\/uploads\/2017\/10\/IMG_0516.jpg\" alt=\"\" width=\"720\" height=\"540\" \/><\/p>\n<p><img loading=\"lazy\" decoding=\"async\" class=\"aligncenter\" src=\"https:\/\/magdacesti.md\/wp-content\/uploads\/2017\/10\/IMG_0519.jpg\" alt=\"\" width=\"720\" height=\"540\" \/><\/p>\n<p><img loading=\"lazy\" decoding=\"async\" class=\"aligncenter\" src=\"https:\/\/magdacesti.md\/wp-content\/uploads\/2017\/10\/IMG_0522.jpg\" alt=\"\" width=\"720\" height=\"540\" \/><\/p>\n<p><img loading=\"lazy\" decoding=\"async\" class=\"aligncenter\" src=\"https:\/\/magdacesti.md\/wp-content\/uploads\/2017\/10\/IMG_0618.jpg\" alt=\"\" width=\"720\" height=\"579\" \/><\/p>\n<p><img loading=\"lazy\" decoding=\"async\" class=\"aligncenter\" src=\"https:\/\/magdacesti.md\/wp-content\/uploads\/2017\/10\/IMG_0529.jpg\" alt=\"\" width=\"720\" height=\"540\" \/><\/p>\n<p><img loading=\"lazy\" decoding=\"async\" class=\"aligncenter\" src=\"https:\/\/magdacesti.md\/wp-content\/uploads\/2017\/10\/IMG_0551.jpg\" alt=\"\" width=\"720\" height=\"491\" \/><\/p>\n<p><img loading=\"lazy\" decoding=\"async\" class=\"aligncenter\" src=\"https:\/\/magdacesti.md\/wp-content\/uploads\/2017\/10\/IMG_0598.jpg\" alt=\"\" width=\"720\" height=\"540\" \/><\/p>\n<p><img loading=\"lazy\" decoding=\"async\" class=\"aligncenter\" src=\"https:\/\/magdacesti.md\/wp-content\/uploads\/2017\/10\/IMG_0599.jpg\" alt=\"\" width=\"720\" height=\"489\" \/><\/p>\n<p><img loading=\"lazy\" decoding=\"async\" class=\"aligncenter\" src=\"https:\/\/magdacesti.md\/wp-content\/uploads\/2017\/10\/IMG_0641.jpg\" alt=\"\" width=\"720\" height=\"540\" \/><\/p>\n<p><img loading=\"lazy\" decoding=\"async\" class=\"aligncenter\" src=\"https:\/\/magdacesti.md\/wp-content\/uploads\/2017\/10\/IMG_0699.jpg\" alt=\"\" width=\"720\" height=\"540\" \/><\/p>\n<div class=\"text_exposed_show\">\n<p>&nbsp;<\/p>\n<\/div>\n","protected":false},"excerpt":{"rendered":"<p>&nbsp; Ast\u0103zi, cei peste 200 de copii din institu\u021bie au transformat toamna \u00eentr-o adev\u0103rat\u0103 poveste, amenaj\u00e2nd curtea din jur cu fel de fel de ornamente din legume \u0219i fructe, tablouri \u0219i obiecte de artizanat. Colectivele didactice s-au \u00eentrecut \u00een crea\u021bii \u0219i au l\u0103sat imagina\u021bia sa dep\u0103\u0219easc\u0103 orice grani\u021b\u0103, marc\u00e2nd astfel, recuno\u0219tin\u021ba pentru roadele \u0219i bog\u0103\u021bia [&#8230;]\n","protected":false},"author":1,"featured_media":0,"comment_status":"closed","ping_status":"closed","sticky":false,"template":"","format":"standard","meta":{"ngg_post_thumbnail":0,"footnotes":""},"categories":[4],"tags":[],"class_list":["post-2383","post","type-post","status-publish","format-standard","hentry","category-stiri"],"yoast_head":"<!-- This site is optimized with the Yoast SEO plugin v23.3 - https:\/\/yoast.com\/wordpress\/plugins\/seo\/ -->\n<title>Zi de mare s\u0103rb\u0103toare pentru micii prichindei din gr\u0103dini\u021ba &quot;Floricica&quot;, din s. M\u0103gd\u0103ce\u0219ti. Galerie FOTO - M\u0103gd\u0103ce\u0219ti<\/title>\n<meta name=\"description\" content=\"Bine ati venit pe pagina oficiala a Primariei Magdacesti.\" \/>\n<meta name=\"robots\" content=\"index, follow, max-snippet:-1, max-image-preview:large, max-video-preview:-1\" \/>\n<link rel=\"canonical\" href=\"https:\/\/magdacesti.md\/?p=2383\" \/>\n<meta property=\"og:locale\" content=\"en_US\" \/>\n<meta property=\"og:type\" content=\"article\" \/>\n<meta property=\"og:title\" content=\"Zi de mare s\u0103rb\u0103toare pentru micii prichindei din gr\u0103dini\u021ba &quot;Floricica&quot;, din s. M\u0103gd\u0103ce\u0219ti. Galerie FOTO - M\u0103gd\u0103ce\u0219ti\" \/>\n<meta property=\"og:description\" content=\"Bine ati venit pe pagina oficiala a Primariei Magdacesti.\" \/>\n<meta property=\"og:url\" content=\"https:\/\/magdacesti.md\/?p=2383\" \/>\n<meta property=\"og:site_name\" content=\"M\u0103gd\u0103ce\u0219ti\" \/>\n<meta property=\"article:publisher\" content=\"https:\/\/www.facebook.com\/magdacesti.md\/\" \/>\n<meta property=\"article:published_time\" content=\"2017-10-18T11:46:29+00:00\" \/>\n<meta property=\"og:image\" content=\"https:\/\/magdacesti.md\/wp-content\/uploads\/2017\/10\/IMG_0436.jpg\" \/>\n<meta name=\"author\" content=\"magdacesti\" \/>\n<meta name=\"twitter:card\" content=\"summary_large_image\" \/>\n<meta name=\"twitter:label1\" content=\"Written by\" \/>\n\t<meta name=\"twitter:data1\" content=\"magdacesti\" \/>\n\t<meta name=\"twitter:label2\" content=\"Est. reading time\" \/>\n\t<meta name=\"twitter:data2\" content=\"1 minute\" \/>\n<script type=\"application\/ld+json\" class=\"yoast-schema-graph\">{\"@context\":\"https:\/\/schema.org\",\"@graph\":[{\"@type\":\"Article\",\"@id\":\"https:\/\/magdacesti.md\/?p=2383#article\",\"isPartOf\":{\"@id\":\"https:\/\/magdacesti.md\/?p=2383\"},\"author\":{\"name\":\"magdacesti\",\"@id\":\"https:\/\/magdacesti.md\/#\/schema\/person\/ee6a6d0a5f0b0cb676ac992c8e414842\"},\"headline\":\"Zi de mare s\u0103rb\u0103toare pentru micii prichindei din gr\u0103dini\u021ba &#8220;Floricica&#8221;, din s. M\u0103gd\u0103ce\u0219ti. Galerie FOTO\",\"datePublished\":\"2017-10-18T11:46:29+00:00\",\"dateModified\":\"2017-10-18T11:46:29+00:00\",\"mainEntityOfPage\":{\"@id\":\"https:\/\/magdacesti.md\/?p=2383\"},\"wordCount\":220,\"publisher\":{\"@id\":\"https:\/\/magdacesti.md\/#organization\"},\"image\":{\"@id\":\"https:\/\/magdacesti.md\/?p=2383#primaryimage\"},\"thumbnailUrl\":\"https:\/\/magdacesti.md\/wp-content\/uploads\/2017\/10\/IMG_0436.jpg\",\"articleSection\":[\"Stiri\"],\"inLanguage\":\"en-US\"},{\"@type\":\"WebPage\",\"@id\":\"https:\/\/magdacesti.md\/?p=2383\",\"url\":\"https:\/\/magdacesti.md\/?p=2383\",\"name\":\"Zi de mare s\u0103rb\u0103toare pentru micii prichindei din gr\u0103dini\u021ba \\\"Floricica\\\", din s. M\u0103gd\u0103ce\u0219ti. Galerie FOTO - M\u0103gd\u0103ce\u0219ti\",\"isPartOf\":{\"@id\":\"https:\/\/magdacesti.md\/#website\"},\"primaryImageOfPage\":{\"@id\":\"https:\/\/magdacesti.md\/?p=2383#primaryimage\"},\"image\":{\"@id\":\"https:\/\/magdacesti.md\/?p=2383#primaryimage\"},\"thumbnailUrl\":\"https:\/\/magdacesti.md\/wp-content\/uploads\/2017\/10\/IMG_0436.jpg\",\"datePublished\":\"2017-10-18T11:46:29+00:00\",\"dateModified\":\"2017-10-18T11:46:29+00:00\",\"description\":\"Bine ati venit pe pagina oficiala a Primariei Magdacesti.\",\"breadcrumb\":{\"@id\":\"https:\/\/magdacesti.md\/?p=2383#breadcrumb\"},\"inLanguage\":\"en-US\",\"potentialAction\":[{\"@type\":\"ReadAction\",\"target\":[\"https:\/\/magdacesti.md\/?p=2383\"]}]},{\"@type\":\"ImageObject\",\"inLanguage\":\"en-US\",\"@id\":\"https:\/\/magdacesti.md\/?p=2383#primaryimage\",\"url\":\"https:\/\/magdacesti.md\/wp-content\/uploads\/2017\/10\/IMG_0436.jpg\",\"contentUrl\":\"https:\/\/magdacesti.md\/wp-content\/uploads\/2017\/10\/IMG_0436.jpg\"},{\"@type\":\"BreadcrumbList\",\"@id\":\"https:\/\/magdacesti.md\/?p=2383#breadcrumb\",\"itemListElement\":[{\"@type\":\"ListItem\",\"position\":1,\"name\":\"Home\",\"item\":\"https:\/\/magdacesti.md\/\"},{\"@type\":\"ListItem\",\"position\":2,\"name\":\"Zi de mare s\u0103rb\u0103toare pentru micii prichindei din gr\u0103dini\u021ba &#8220;Floricica&#8221;, din s. M\u0103gd\u0103ce\u0219ti. Galerie FOTO\"}]},{\"@type\":\"WebSite\",\"@id\":\"https:\/\/magdacesti.md\/#website\",\"url\":\"https:\/\/magdacesti.md\/\",\"name\":\"M\u0103gd\u0103ce\u0219ti\",\"description\":\"Un or\u0103\u0219el cu condi\u021bii decente de trai!\",\"publisher\":{\"@id\":\"https:\/\/magdacesti.md\/#organization\"},\"potentialAction\":[{\"@type\":\"SearchAction\",\"target\":{\"@type\":\"EntryPoint\",\"urlTemplate\":\"https:\/\/magdacesti.md\/?s={search_term_string}\"},\"query-input\":\"required name=search_term_string\"}],\"inLanguage\":\"en-US\"},{\"@type\":\"Organization\",\"@id\":\"https:\/\/magdacesti.md\/#organization\",\"name\":\"M\u0103gd\u0103ce\u0219ti\",\"url\":\"https:\/\/magdacesti.md\/\",\"logo\":{\"@type\":\"ImageObject\",\"inLanguage\":\"en-US\",\"@id\":\"https:\/\/magdacesti.md\/#\/schema\/logo\/image\/\",\"url\":\"https:\/\/magdacesti.md\/wp-content\/uploads\/2021\/03\/Foto-514-scaled.jpg\",\"contentUrl\":\"https:\/\/magdacesti.md\/wp-content\/uploads\/2021\/03\/Foto-514-scaled.jpg\",\"width\":2560,\"height\":1707,\"caption\":\"M\u0103gd\u0103ce\u0219ti\"},\"image\":{\"@id\":\"https:\/\/magdacesti.md\/#\/schema\/logo\/image\/\"},\"sameAs\":[\"https:\/\/www.facebook.com\/magdacesti.md\/\"]},{\"@type\":\"Person\",\"@id\":\"https:\/\/magdacesti.md\/#\/schema\/person\/ee6a6d0a5f0b0cb676ac992c8e414842\",\"name\":\"magdacesti\",\"sameAs\":[\"https:\/\/magdacesti.md\"],\"url\":\"https:\/\/magdacesti.md\/?author=1\"}]}<\/script>\n<!-- \/ Yoast SEO plugin. -->","yoast_head_json":{"title":"Zi de mare s\u0103rb\u0103toare pentru micii prichindei din gr\u0103dini\u021ba \"Floricica\", din s. M\u0103gd\u0103ce\u0219ti. Galerie FOTO - M\u0103gd\u0103ce\u0219ti","description":"Bine ati venit pe pagina oficiala a Primariei Magdacesti.","robots":{"index":"index","follow":"follow","max-snippet":"max-snippet:-1","max-image-preview":"max-image-preview:large","max-video-preview":"max-video-preview:-1"},"canonical":"https:\/\/magdacesti.md\/?p=2383","og_locale":"en_US","og_type":"article","og_title":"Zi de mare s\u0103rb\u0103toare pentru micii prichindei din gr\u0103dini\u021ba \"Floricica\", din s. M\u0103gd\u0103ce\u0219ti. Galerie FOTO - M\u0103gd\u0103ce\u0219ti","og_description":"Bine ati venit pe pagina oficiala a Primariei Magdacesti.","og_url":"https:\/\/magdacesti.md\/?p=2383","og_site_name":"M\u0103gd\u0103ce\u0219ti","article_publisher":"https:\/\/www.facebook.com\/magdacesti.md\/","article_published_time":"2017-10-18T11:46:29+00:00","og_image":[{"url":"https:\/\/magdacesti.md\/wp-content\/uploads\/2017\/10\/IMG_0436.jpg"}],"author":"magdacesti","twitter_card":"summary_large_image","twitter_misc":{"Written by":"magdacesti","Est. reading time":"1 minute"},"schema":{"@context":"https:\/\/schema.org","@graph":[{"@type":"Article","@id":"https:\/\/magdacesti.md\/?p=2383#article","isPartOf":{"@id":"https:\/\/magdacesti.md\/?p=2383"},"author":{"name":"magdacesti","@id":"https:\/\/magdacesti.md\/#\/schema\/person\/ee6a6d0a5f0b0cb676ac992c8e414842"},"headline":"Zi de mare s\u0103rb\u0103toare pentru micii prichindei din gr\u0103dini\u021ba &#8220;Floricica&#8221;, din s. M\u0103gd\u0103ce\u0219ti. Galerie FOTO","datePublished":"2017-10-18T11:46:29+00:00","dateModified":"2017-10-18T11:46:29+00:00","mainEntityOfPage":{"@id":"https:\/\/magdacesti.md\/?p=2383"},"wordCount":220,"publisher":{"@id":"https:\/\/magdacesti.md\/#organization"},"image":{"@id":"https:\/\/magdacesti.md\/?p=2383#primaryimage"},"thumbnailUrl":"https:\/\/magdacesti.md\/wp-content\/uploads\/2017\/10\/IMG_0436.jpg","articleSection":["Stiri"],"inLanguage":"en-US"},{"@type":"WebPage","@id":"https:\/\/magdacesti.md\/?p=2383","url":"https:\/\/magdacesti.md\/?p=2383","name":"Zi de mare s\u0103rb\u0103toare pentru micii prichindei din gr\u0103dini\u021ba \"Floricica\", din s. M\u0103gd\u0103ce\u0219ti. Galerie FOTO - M\u0103gd\u0103ce\u0219ti","isPartOf":{"@id":"https:\/\/magdacesti.md\/#website"},"primaryImageOfPage":{"@id":"https:\/\/magdacesti.md\/?p=2383#primaryimage"},"image":{"@id":"https:\/\/magdacesti.md\/?p=2383#primaryimage"},"thumbnailUrl":"https:\/\/magdacesti.md\/wp-content\/uploads\/2017\/10\/IMG_0436.jpg","datePublished":"2017-10-18T11:46:29+00:00","dateModified":"2017-10-18T11:46:29+00:00","description":"Bine ati venit pe pagina oficiala a Primariei Magdacesti.","breadcrumb":{"@id":"https:\/\/magdacesti.md\/?p=2383#breadcrumb"},"inLanguage":"en-US","potentialAction":[{"@type":"ReadAction","target":["https:\/\/magdacesti.md\/?p=2383"]}]},{"@type":"ImageObject","inLanguage":"en-US","@id":"https:\/\/magdacesti.md\/?p=2383#primaryimage","url":"https:\/\/magdacesti.md\/wp-content\/uploads\/2017\/10\/IMG_0436.jpg","contentUrl":"https:\/\/magdacesti.md\/wp-content\/uploads\/2017\/10\/IMG_0436.jpg"},{"@type":"BreadcrumbList","@id":"https:\/\/magdacesti.md\/?p=2383#breadcrumb","itemListElement":[{"@type":"ListItem","position":1,"name":"Home","item":"https:\/\/magdacesti.md\/"},{"@type":"ListItem","position":2,"name":"Zi de mare s\u0103rb\u0103toare pentru micii prichindei din gr\u0103dini\u021ba &#8220;Floricica&#8221;, din s. M\u0103gd\u0103ce\u0219ti. Galerie FOTO"}]},{"@type":"WebSite","@id":"https:\/\/magdacesti.md\/#website","url":"https:\/\/magdacesti.md\/","name":"M\u0103gd\u0103ce\u0219ti","description":"Un or\u0103\u0219el cu condi\u021bii decente de trai!","publisher":{"@id":"https:\/\/magdacesti.md\/#organization"},"potentialAction":[{"@type":"SearchAction","target":{"@type":"EntryPoint","urlTemplate":"https:\/\/magdacesti.md\/?s={search_term_string}"},"query-input":"required name=search_term_string"}],"inLanguage":"en-US"},{"@type":"Organization","@id":"https:\/\/magdacesti.md\/#organization","name":"M\u0103gd\u0103ce\u0219ti","url":"https:\/\/magdacesti.md\/","logo":{"@type":"ImageObject","inLanguage":"en-US","@id":"https:\/\/magdacesti.md\/#\/schema\/logo\/image\/","url":"https:\/\/magdacesti.md\/wp-content\/uploads\/2021\/03\/Foto-514-scaled.jpg","contentUrl":"https:\/\/magdacesti.md\/wp-content\/uploads\/2021\/03\/Foto-514-scaled.jpg","width":2560,"height":1707,"caption":"M\u0103gd\u0103ce\u0219ti"},"image":{"@id":"https:\/\/magdacesti.md\/#\/schema\/logo\/image\/"},"sameAs":["https:\/\/www.facebook.com\/magdacesti.md\/"]},{"@type":"Person","@id":"https:\/\/magdacesti.md\/#\/schema\/person\/ee6a6d0a5f0b0cb676ac992c8e414842","name":"magdacesti","sameAs":["https:\/\/magdacesti.md"],"url":"https:\/\/magdacesti.md\/?author=1"}]}},"_links":{"self":[{"href":"https:\/\/magdacesti.md\/index.php?rest_route=\/wp\/v2\/posts\/2383","targetHints":{"allow":["GET"]}}],"collection":[{"href":"https:\/\/magdacesti.md\/index.php?rest_route=\/wp\/v2\/posts"}],"about":[{"href":"https:\/\/magdacesti.md\/index.php?rest_route=\/wp\/v2\/types\/post"}],"author":[{"embeddable":true,"href":"https:\/\/magdacesti.md\/index.php?rest_route=\/wp\/v2\/users\/1"}],"replies":[{"embeddable":true,"href":"https:\/\/magdacesti.md\/index.php?rest_route=%2Fwp%2Fv2%2Fcomments&post=2383"}],"version-history":[{"count":0,"href":"https:\/\/magdacesti.md\/index.php?rest_route=\/wp\/v2\/posts\/2383\/revisions"}],"wp:attachment":[{"href":"https:\/\/magdacesti.md\/index.php?rest_route=%2Fwp%2Fv2%2Fmedia&parent=2383"}],"wp:term":[{"taxonomy":"category","embeddable":true,"href":"https:\/\/magdacesti.md\/index.php?rest_route=%2Fwp%2Fv2%2Fcategories&post=2383"},{"taxonomy":"post_tag","embeddable":true,"href":"https:\/\/magdacesti.md\/index.php?rest_route=%2Fwp%2Fv2%2Ftags&post=2383"}],"curies":[{"name":"wp","href":"https:\/\/api.w.org\/{rel}","templated":true}]}}