{"id":2422,"date":"2017-10-22T14:22:29","date_gmt":"2017-10-22T11:22:29","guid":{"rendered":"https:\/\/magdacesti.md\/?p=2422"},"modified":"2017-10-22T14:22:29","modified_gmt":"2017-10-22T11:22:29","slug":"toamna-aurie-in-casa-mare-a-s-magdacesti","status":"publish","type":"post","link":"https:\/\/magdacesti.md\/?p=2422","title":{"rendered":"Toamna Aurie \u00een Casa Mare a s. M\u0103gd\u0103ce\u0219ti"},"content":{"rendered":"<p><strong><iframe loading=\"lazy\" src=\"\/\/www.youtube.com\/embed\/9K2aaLBaBZ4\" width=\"560\" height=\"314\" allowfullscreen=\"allowfullscreen\"><\/iframe><\/strong><\/p>\n<p><strong>F\u0103r\u0103 \u00eendoial\u0103, toamna poart\u0103 mai mult aur \u00een buzunar dec\u00e2t toate celelalte anotimpuri la un loc. Mustul proasp\u0103t a \u00eenceput s\u0103 fiarb\u0103, c\u0103mara geme de mur\u0103turi, compoturi \u0219i dulce\u021buri, merele zemoase au f\u0103cut covor \u00een beciuri ca s\u0103 ajung\u0103 pentru toat\u0103 iarna, funiile de ceap\u0103 \u0219i ardeii iu\u021bi at\u00e2rn\u0103 \u021bur\u021buri sub strea\u0219ina \u0219opronului\u2026 semne ale toamnei, care dau bel\u0219ug casei \u0219i m\u00e2ndrie omului gospodar. St\u0103 \u00een firea lucrurilor ca \u021b\u0103ranul s\u0103 mul\u021bumeasc\u0103 pentru toate astea \u00eentr-o zi de s\u0103rb\u0103toare precum&#8221; Toamna de Aur&#8221;.<\/strong><\/p>\n<p><img loading=\"lazy\" decoding=\"async\" class=\"aligncenter\" src=\"https:\/\/magdacesti.md\/wp-content\/uploads\/2017\/10\/IMG_0876.jpg\" alt=\"\" width=\"720\" height=\"515\" \/><\/p>\n<p>La 21 octombrie, \u00een raionul Criuleni a fost marcat\u0103 o adev\u0103rat\u0103 s\u0103rb\u0103toare a recoltei.<\/p>\n<p>Evenimentul a devenit un fel de tradi\u021bie, o s\u0103rb\u0103toare a p\u0103m\u00e2ntului \u0219i a \u021b\u0103ranului, care, dup\u0103 un an de munc\u0103, se poate m\u00e2ndri cu rodul muncii sale.<\/p>\n<p>\u00cen acest an, la eveniment au participat 23 de primarii din 25, printre care \u0219i Prim\u0103ria s. M\u0103gd\u0103ce\u0219ti. Administra\u021bia public\u0103 local\u0103 a improvizat o Cas\u0103 Mare \u0219i o ograd\u0103 \u021b\u0103r\u0103neasc\u0103, \u00een care gospodarii \u0219i gospodinele au treb\u0103luit dou\u0103 zile la r\u00e2nd, ca sa-\u0219i primeasc\u0103 oaspe\u021bii cum se cuvine. Gospodinele au copt pl\u0103cin\u021bele, pr\u0103jituri, au f\u0103cut sarmale, au \u00eempletit colaci boiere\u0219ti.<\/p>\n<p><img loading=\"lazy\" decoding=\"async\" class=\"aligncenter\" src=\"https:\/\/magdacesti.md\/wp-content\/uploads\/2017\/10\/IMG_0836.jpg\" alt=\"\" width=\"720\" height=\"540\" \/><\/p>\n<p><img loading=\"lazy\" decoding=\"async\" class=\"aligncenter\" src=\"https:\/\/magdacesti.md\/wp-content\/uploads\/2017\/10\/IMG_0789.jpg\" alt=\"\" width=\"720\" height=\"540\" \/><\/p>\n<p><img loading=\"lazy\" decoding=\"async\" class=\"aligncenter\" src=\"https:\/\/magdacesti.md\/wp-content\/uploads\/2017\/10\/IMG_0740.jpg\" alt=\"\" width=\"720\" height=\"540\" \/><\/p>\n<p>&nbsp;<\/p>\n<p>Nici gospodarii n-au stat degeaba. Ei au copt purcelu\u0219ul la gr\u0103tar, au pr\u0103jit pe\u0219te, copt m\u0103m\u0103ligu\u021ba cu unt \u0219i br\u00e2nz\u0103 de oi \u0219i au preparat o delicioas\u0103 zeam\u0103 de pe\u0219te.<\/p>\n<p><img loading=\"lazy\" decoding=\"async\" class=\"aligncenter\" src=\"https:\/\/magdacesti.md\/wp-content\/uploads\/2017\/10\/IMG_0723.jpg\" alt=\"\" width=\"720\" height=\"540\" \/><\/p>\n<p><img loading=\"lazy\" decoding=\"async\" class=\"aligncenter\" src=\"https:\/\/magdacesti.md\/wp-content\/uploads\/2017\/10\/IMG_0849.jpg\" alt=\"\" width=\"750\" height=\"563\" \/><\/p>\n<p><img loading=\"lazy\" decoding=\"async\" class=\"aligncenter\" src=\"https:\/\/magdacesti.md\/wp-content\/uploads\/2017\/10\/IMG_0767.jpg\" alt=\"\" width=\"720\" height=\"540\" \/><\/p>\n<p>Masa doldora de bun\u0103t\u0103\u021bi a ademenit mul\u021bi vizitatori, care au r\u0103mas impresiona\u021bi de ospitalitatea s\u0103tenilor no\u0219tri. Atmosfera a fost \u00eentregit\u0103 de melodiile interpretate de Fanfara s. M\u0103gd\u0103ce\u0219ti, care a dat tonul petrecerii.<\/p>\n<p><img loading=\"lazy\" decoding=\"async\" class=\"aligncenter\" src=\"https:\/\/magdacesti.md\/wp-content\/uploads\/2017\/10\/IMG_0726.jpg\" alt=\"\" width=\"720\" height=\"418\" \/><\/p>\n<p>\u00cen cadrul evenimentului s-au desf\u0103\u0219urat mai multe concursuri. La titlul de &#8220;Cel mai bun Agent Economic&#8221;, a fost nominalizat \u0219i SRL Moara Domneasc\u0103 din s. M\u0103gd\u0103ce\u0219ti, care au venit cu o gam\u0103 variat\u0103 de produse f\u0103inoase, \u0219i o expozi\u021bie impresionant\u0103 de coptur\u0103 de cas\u0103.<\/p>\n<p><img loading=\"lazy\" decoding=\"async\" class=\"aligncenter\" src=\"https:\/\/magdacesti.md\/wp-content\/uploads\/2017\/10\/IMG_0773.jpg\" alt=\"\" width=\"720\" height=\"540\" \/><\/p>\n<p>Vizitatorii Festivalului au putut gusta din bucatele alese \u0219i cump\u0103ra diverse obiecte de la expozi\u021biile me\u0219terilor populari.<\/p>\n<p>Festivalul &#8220;Toamna de Aur&#8221; este organizat anual \u00een raionul Criuleni din anul 1980.<\/p>\n<p><img loading=\"lazy\" decoding=\"async\" class=\"aligncenter\" src=\"https:\/\/magdacesti.md\/wp-content\/uploads\/2017\/10\/IMG_0909.jpg\" alt=\"\" width=\"720\" height=\"540\" \/><\/p>\n<p><img loading=\"lazy\" decoding=\"async\" class=\"aligncenter\" src=\"https:\/\/magdacesti.md\/wp-content\/uploads\/2017\/10\/IMG_0914.jpg\" alt=\"\" width=\"720\" height=\"540\" \/><\/p>\n<p><img loading=\"lazy\" decoding=\"async\" class=\"aligncenter\" src=\"https:\/\/magdacesti.md\/wp-content\/uploads\/2017\/10\/IMG_0905.jpg\" alt=\"\" width=\"720\" height=\"540\" \/><\/p>\n<p><img loading=\"lazy\" decoding=\"async\" class=\"aligncenter\" src=\"https:\/\/magdacesti.md\/wp-content\/uploads\/2017\/10\/IMG_0753.jpg\" alt=\"\" width=\"720\" height=\"540\" \/><\/p>\n<p><img loading=\"lazy\" decoding=\"async\" class=\"aligncenter\" src=\"https:\/\/magdacesti.md\/wp-content\/uploads\/2017\/10\/IMG_0884.jpg\" alt=\"\" width=\"720\" height=\"540\" \/><\/p>\n<p><img loading=\"lazy\" decoding=\"async\" class=\"aligncenter\" src=\"https:\/\/magdacesti.md\/wp-content\/uploads\/2017\/10\/IMG_0895.jpg\" alt=\"\" width=\"720\" height=\"540\" \/><\/p>\n<p><img loading=\"lazy\" decoding=\"async\" class=\"aligncenter\" src=\"https:\/\/magdacesti.md\/wp-content\/uploads\/2017\/10\/IMG_0922.jpg\" alt=\"\" width=\"720\" height=\"540\" \/><\/p>\n<p><img loading=\"lazy\" decoding=\"async\" class=\"aligncenter\" src=\"https:\/\/magdacesti.md\/wp-content\/uploads\/2017\/10\/IMG_0935.jpg\" alt=\"\" width=\"720\" height=\"540\" \/><\/p>\n","protected":false},"excerpt":{"rendered":"<p>F\u0103r\u0103 \u00eendoial\u0103, toamna poart\u0103 mai mult aur \u00een buzunar dec\u00e2t toate celelalte anotimpuri la un loc. Mustul proasp\u0103t a \u00eenceput s\u0103 fiarb\u0103, c\u0103mara geme de mur\u0103turi, compoturi \u0219i dulce\u021buri, merele zemoase au f\u0103cut covor \u00een beciuri ca s\u0103 ajung\u0103 pentru toat\u0103 iarna, funiile de ceap\u0103 \u0219i ardeii iu\u021bi at\u00e2rn\u0103 \u021bur\u021buri sub strea\u0219ina \u0219opronului\u2026 semne ale [&#8230;]\n","protected":false},"author":1,"featured_media":0,"comment_status":"closed","ping_status":"closed","sticky":false,"template":"","format":"standard","meta":{"ngg_post_thumbnail":0,"footnotes":""},"categories":[4],"tags":[],"class_list":["post-2422","post","type-post","status-publish","format-standard","hentry","category-stiri"],"yoast_head":"<!-- This site is optimized with the Yoast SEO plugin v23.3 - https:\/\/yoast.com\/wordpress\/plugins\/seo\/ -->\n<title>Toamna Aurie \u00een Casa Mare a s. M\u0103gd\u0103ce\u0219ti - M\u0103gd\u0103ce\u0219ti<\/title>\n<meta name=\"description\" content=\"Bine ati venit pe pagina oficiala a Primariei Magdacesti.\" \/>\n<meta name=\"robots\" content=\"index, follow, max-snippet:-1, max-image-preview:large, max-video-preview:-1\" \/>\n<link rel=\"canonical\" href=\"https:\/\/magdacesti.md\/?p=2422\" \/>\n<meta property=\"og:locale\" content=\"en_US\" \/>\n<meta property=\"og:type\" content=\"article\" \/>\n<meta property=\"og:title\" content=\"Toamna Aurie \u00een Casa Mare a s. M\u0103gd\u0103ce\u0219ti - M\u0103gd\u0103ce\u0219ti\" \/>\n<meta property=\"og:description\" content=\"Bine ati venit pe pagina oficiala a Primariei Magdacesti.\" \/>\n<meta property=\"og:url\" content=\"https:\/\/magdacesti.md\/?p=2422\" \/>\n<meta property=\"og:site_name\" content=\"M\u0103gd\u0103ce\u0219ti\" \/>\n<meta property=\"article:publisher\" content=\"https:\/\/www.facebook.com\/magdacesti.md\/\" \/>\n<meta property=\"article:published_time\" content=\"2017-10-22T11:22:29+00:00\" \/>\n<meta property=\"og:image\" content=\"https:\/\/magdacesti.md\/wp-content\/uploads\/2017\/10\/IMG_0876.jpg\" \/>\n<meta name=\"author\" content=\"magdacesti\" \/>\n<meta name=\"twitter:card\" content=\"summary_large_image\" \/>\n<meta name=\"twitter:label1\" content=\"Written by\" \/>\n\t<meta name=\"twitter:data1\" content=\"magdacesti\" \/>\n\t<meta name=\"twitter:label2\" content=\"Est. reading time\" \/>\n\t<meta name=\"twitter:data2\" content=\"2 minutes\" \/>\n<script type=\"application\/ld+json\" class=\"yoast-schema-graph\">{\"@context\":\"https:\/\/schema.org\",\"@graph\":[{\"@type\":\"Article\",\"@id\":\"https:\/\/magdacesti.md\/?p=2422#article\",\"isPartOf\":{\"@id\":\"https:\/\/magdacesti.md\/?p=2422\"},\"author\":{\"name\":\"magdacesti\",\"@id\":\"https:\/\/magdacesti.md\/#\/schema\/person\/ee6a6d0a5f0b0cb676ac992c8e414842\"},\"headline\":\"Toamna Aurie \u00een Casa Mare a s. M\u0103gd\u0103ce\u0219ti\",\"datePublished\":\"2017-10-22T11:22:29+00:00\",\"dateModified\":\"2017-10-22T11:22:29+00:00\",\"mainEntityOfPage\":{\"@id\":\"https:\/\/magdacesti.md\/?p=2422\"},\"wordCount\":396,\"publisher\":{\"@id\":\"https:\/\/magdacesti.md\/#organization\"},\"image\":{\"@id\":\"https:\/\/magdacesti.md\/?p=2422#primaryimage\"},\"thumbnailUrl\":\"https:\/\/magdacesti.md\/wp-content\/uploads\/2017\/10\/IMG_0876.jpg\",\"articleSection\":[\"Stiri\"],\"inLanguage\":\"en-US\"},{\"@type\":\"WebPage\",\"@id\":\"https:\/\/magdacesti.md\/?p=2422\",\"url\":\"https:\/\/magdacesti.md\/?p=2422\",\"name\":\"Toamna Aurie \u00een Casa Mare a s. M\u0103gd\u0103ce\u0219ti - M\u0103gd\u0103ce\u0219ti\",\"isPartOf\":{\"@id\":\"https:\/\/magdacesti.md\/#website\"},\"primaryImageOfPage\":{\"@id\":\"https:\/\/magdacesti.md\/?p=2422#primaryimage\"},\"image\":{\"@id\":\"https:\/\/magdacesti.md\/?p=2422#primaryimage\"},\"thumbnailUrl\":\"https:\/\/magdacesti.md\/wp-content\/uploads\/2017\/10\/IMG_0876.jpg\",\"datePublished\":\"2017-10-22T11:22:29+00:00\",\"dateModified\":\"2017-10-22T11:22:29+00:00\",\"description\":\"Bine ati venit pe pagina oficiala a Primariei Magdacesti.\",\"breadcrumb\":{\"@id\":\"https:\/\/magdacesti.md\/?p=2422#breadcrumb\"},\"inLanguage\":\"en-US\",\"potentialAction\":[{\"@type\":\"ReadAction\",\"target\":[\"https:\/\/magdacesti.md\/?p=2422\"]}]},{\"@type\":\"ImageObject\",\"inLanguage\":\"en-US\",\"@id\":\"https:\/\/magdacesti.md\/?p=2422#primaryimage\",\"url\":\"https:\/\/magdacesti.md\/wp-content\/uploads\/2017\/10\/IMG_0876.jpg\",\"contentUrl\":\"https:\/\/magdacesti.md\/wp-content\/uploads\/2017\/10\/IMG_0876.jpg\"},{\"@type\":\"BreadcrumbList\",\"@id\":\"https:\/\/magdacesti.md\/?p=2422#breadcrumb\",\"itemListElement\":[{\"@type\":\"ListItem\",\"position\":1,\"name\":\"Home\",\"item\":\"https:\/\/magdacesti.md\/\"},{\"@type\":\"ListItem\",\"position\":2,\"name\":\"Toamna Aurie \u00een Casa Mare a s. M\u0103gd\u0103ce\u0219ti\"}]},{\"@type\":\"WebSite\",\"@id\":\"https:\/\/magdacesti.md\/#website\",\"url\":\"https:\/\/magdacesti.md\/\",\"name\":\"M\u0103gd\u0103ce\u0219ti\",\"description\":\"Un or\u0103\u0219el cu condi\u021bii decente de trai!\",\"publisher\":{\"@id\":\"https:\/\/magdacesti.md\/#organization\"},\"potentialAction\":[{\"@type\":\"SearchAction\",\"target\":{\"@type\":\"EntryPoint\",\"urlTemplate\":\"https:\/\/magdacesti.md\/?s={search_term_string}\"},\"query-input\":\"required name=search_term_string\"}],\"inLanguage\":\"en-US\"},{\"@type\":\"Organization\",\"@id\":\"https:\/\/magdacesti.md\/#organization\",\"name\":\"M\u0103gd\u0103ce\u0219ti\",\"url\":\"https:\/\/magdacesti.md\/\",\"logo\":{\"@type\":\"ImageObject\",\"inLanguage\":\"en-US\",\"@id\":\"https:\/\/magdacesti.md\/#\/schema\/logo\/image\/\",\"url\":\"https:\/\/magdacesti.md\/wp-content\/uploads\/2021\/03\/Foto-514-scaled.jpg\",\"contentUrl\":\"https:\/\/magdacesti.md\/wp-content\/uploads\/2021\/03\/Foto-514-scaled.jpg\",\"width\":2560,\"height\":1707,\"caption\":\"M\u0103gd\u0103ce\u0219ti\"},\"image\":{\"@id\":\"https:\/\/magdacesti.md\/#\/schema\/logo\/image\/\"},\"sameAs\":[\"https:\/\/www.facebook.com\/magdacesti.md\/\"]},{\"@type\":\"Person\",\"@id\":\"https:\/\/magdacesti.md\/#\/schema\/person\/ee6a6d0a5f0b0cb676ac992c8e414842\",\"name\":\"magdacesti\",\"sameAs\":[\"https:\/\/magdacesti.md\"],\"url\":\"https:\/\/magdacesti.md\/?author=1\"}]}<\/script>\n<!-- \/ Yoast SEO plugin. -->","yoast_head_json":{"title":"Toamna Aurie \u00een Casa Mare a s. M\u0103gd\u0103ce\u0219ti - M\u0103gd\u0103ce\u0219ti","description":"Bine ati venit pe pagina oficiala a Primariei Magdacesti.","robots":{"index":"index","follow":"follow","max-snippet":"max-snippet:-1","max-image-preview":"max-image-preview:large","max-video-preview":"max-video-preview:-1"},"canonical":"https:\/\/magdacesti.md\/?p=2422","og_locale":"en_US","og_type":"article","og_title":"Toamna Aurie \u00een Casa Mare a s. M\u0103gd\u0103ce\u0219ti - M\u0103gd\u0103ce\u0219ti","og_description":"Bine ati venit pe pagina oficiala a Primariei Magdacesti.","og_url":"https:\/\/magdacesti.md\/?p=2422","og_site_name":"M\u0103gd\u0103ce\u0219ti","article_publisher":"https:\/\/www.facebook.com\/magdacesti.md\/","article_published_time":"2017-10-22T11:22:29+00:00","og_image":[{"url":"https:\/\/magdacesti.md\/wp-content\/uploads\/2017\/10\/IMG_0876.jpg"}],"author":"magdacesti","twitter_card":"summary_large_image","twitter_misc":{"Written by":"magdacesti","Est. reading time":"2 minutes"},"schema":{"@context":"https:\/\/schema.org","@graph":[{"@type":"Article","@id":"https:\/\/magdacesti.md\/?p=2422#article","isPartOf":{"@id":"https:\/\/magdacesti.md\/?p=2422"},"author":{"name":"magdacesti","@id":"https:\/\/magdacesti.md\/#\/schema\/person\/ee6a6d0a5f0b0cb676ac992c8e414842"},"headline":"Toamna Aurie \u00een Casa Mare a s. M\u0103gd\u0103ce\u0219ti","datePublished":"2017-10-22T11:22:29+00:00","dateModified":"2017-10-22T11:22:29+00:00","mainEntityOfPage":{"@id":"https:\/\/magdacesti.md\/?p=2422"},"wordCount":396,"publisher":{"@id":"https:\/\/magdacesti.md\/#organization"},"image":{"@id":"https:\/\/magdacesti.md\/?p=2422#primaryimage"},"thumbnailUrl":"https:\/\/magdacesti.md\/wp-content\/uploads\/2017\/10\/IMG_0876.jpg","articleSection":["Stiri"],"inLanguage":"en-US"},{"@type":"WebPage","@id":"https:\/\/magdacesti.md\/?p=2422","url":"https:\/\/magdacesti.md\/?p=2422","name":"Toamna Aurie \u00een Casa Mare a s. M\u0103gd\u0103ce\u0219ti - M\u0103gd\u0103ce\u0219ti","isPartOf":{"@id":"https:\/\/magdacesti.md\/#website"},"primaryImageOfPage":{"@id":"https:\/\/magdacesti.md\/?p=2422#primaryimage"},"image":{"@id":"https:\/\/magdacesti.md\/?p=2422#primaryimage"},"thumbnailUrl":"https:\/\/magdacesti.md\/wp-content\/uploads\/2017\/10\/IMG_0876.jpg","datePublished":"2017-10-22T11:22:29+00:00","dateModified":"2017-10-22T11:22:29+00:00","description":"Bine ati venit pe pagina oficiala a Primariei Magdacesti.","breadcrumb":{"@id":"https:\/\/magdacesti.md\/?p=2422#breadcrumb"},"inLanguage":"en-US","potentialAction":[{"@type":"ReadAction","target":["https:\/\/magdacesti.md\/?p=2422"]}]},{"@type":"ImageObject","inLanguage":"en-US","@id":"https:\/\/magdacesti.md\/?p=2422#primaryimage","url":"https:\/\/magdacesti.md\/wp-content\/uploads\/2017\/10\/IMG_0876.jpg","contentUrl":"https:\/\/magdacesti.md\/wp-content\/uploads\/2017\/10\/IMG_0876.jpg"},{"@type":"BreadcrumbList","@id":"https:\/\/magdacesti.md\/?p=2422#breadcrumb","itemListElement":[{"@type":"ListItem","position":1,"name":"Home","item":"https:\/\/magdacesti.md\/"},{"@type":"ListItem","position":2,"name":"Toamna Aurie \u00een Casa Mare a s. M\u0103gd\u0103ce\u0219ti"}]},{"@type":"WebSite","@id":"https:\/\/magdacesti.md\/#website","url":"https:\/\/magdacesti.md\/","name":"M\u0103gd\u0103ce\u0219ti","description":"Un or\u0103\u0219el cu condi\u021bii decente de trai!","publisher":{"@id":"https:\/\/magdacesti.md\/#organization"},"potentialAction":[{"@type":"SearchAction","target":{"@type":"EntryPoint","urlTemplate":"https:\/\/magdacesti.md\/?s={search_term_string}"},"query-input":"required name=search_term_string"}],"inLanguage":"en-US"},{"@type":"Organization","@id":"https:\/\/magdacesti.md\/#organization","name":"M\u0103gd\u0103ce\u0219ti","url":"https:\/\/magdacesti.md\/","logo":{"@type":"ImageObject","inLanguage":"en-US","@id":"https:\/\/magdacesti.md\/#\/schema\/logo\/image\/","url":"https:\/\/magdacesti.md\/wp-content\/uploads\/2021\/03\/Foto-514-scaled.jpg","contentUrl":"https:\/\/magdacesti.md\/wp-content\/uploads\/2021\/03\/Foto-514-scaled.jpg","width":2560,"height":1707,"caption":"M\u0103gd\u0103ce\u0219ti"},"image":{"@id":"https:\/\/magdacesti.md\/#\/schema\/logo\/image\/"},"sameAs":["https:\/\/www.facebook.com\/magdacesti.md\/"]},{"@type":"Person","@id":"https:\/\/magdacesti.md\/#\/schema\/person\/ee6a6d0a5f0b0cb676ac992c8e414842","name":"magdacesti","sameAs":["https:\/\/magdacesti.md"],"url":"https:\/\/magdacesti.md\/?author=1"}]}},"_links":{"self":[{"href":"https:\/\/magdacesti.md\/index.php?rest_route=\/wp\/v2\/posts\/2422","targetHints":{"allow":["GET"]}}],"collection":[{"href":"https:\/\/magdacesti.md\/index.php?rest_route=\/wp\/v2\/posts"}],"about":[{"href":"https:\/\/magdacesti.md\/index.php?rest_route=\/wp\/v2\/types\/post"}],"author":[{"embeddable":true,"href":"https:\/\/magdacesti.md\/index.php?rest_route=\/wp\/v2\/users\/1"}],"replies":[{"embeddable":true,"href":"https:\/\/magdacesti.md\/index.php?rest_route=%2Fwp%2Fv2%2Fcomments&post=2422"}],"version-history":[{"count":0,"href":"https:\/\/magdacesti.md\/index.php?rest_route=\/wp\/v2\/posts\/2422\/revisions"}],"wp:attachment":[{"href":"https:\/\/magdacesti.md\/index.php?rest_route=%2Fwp%2Fv2%2Fmedia&parent=2422"}],"wp:term":[{"taxonomy":"category","embeddable":true,"href":"https:\/\/magdacesti.md\/index.php?rest_route=%2Fwp%2Fv2%2Fcategories&post=2422"},{"taxonomy":"post_tag","embeddable":true,"href":"https:\/\/magdacesti.md\/index.php?rest_route=%2Fwp%2Fv2%2Ftags&post=2422"}],"curies":[{"name":"wp","href":"https:\/\/api.w.org\/{rel}","templated":true}]}}