{"id":2460,"date":"2017-11-03T12:03:10","date_gmt":"2017-11-03T10:03:10","guid":{"rendered":"https:\/\/magdacesti.md\/?p=2460"},"modified":"2017-11-03T12:03:10","modified_gmt":"2017-11-03T10:03:10","slug":"nu-ardeti-frunzele-fumul-sufocant-dauneaza-grav-sanatatii","status":"publish","type":"post","link":"https:\/\/magdacesti.md\/?p=2460","title":{"rendered":"Nu arde\u021bi frunzele: fumul sufocant d\u0103uneaz\u0103 grav s\u0103n\u0103t\u0103\u021bii"},"content":{"rendered":"<p><strong>Stima\u021bi locuitori ai s. M\u0103gd\u0103ce\u0219ti! <\/strong><\/p>\n<p><strong>Pentru \u00eenceput, v\u0103 \u00eentreb\u0103m dac\u0103 v\u0103 pas\u0103 c\u00e2tu\u0219i de pu\u021bin de s\u0103n\u0103tatea voastr\u0103? Dar oare v\u0103 pas\u0103 la fel de mult \u0219i de s\u0103n\u0103tatea celor care au &#8220;norocul&#8221; s\u0103 v\u0103 \u00eenconjoare? <span class=\"text_exposed_show\"><br \/>\n\u00cen ultimile s\u0103pt\u0103m\u00e2ni, odat\u0103 cu venirea toamnei, suntem tot mai des martorii arderilor de frunze. <\/span><\/strong><strong><span class=\"text_exposed_show\">Autorit\u0103\u021bile locale fac un apel disperat c\u0103tre dumneavoastr\u0103.\u00a0<\/span><\/strong><em><strong><span class=\"text_exposed_show\">\u00a0<\/span><\/strong><\/em><\/p>\n<p><span class=\"text_exposed_show\"><img loading=\"lazy\" decoding=\"async\" class=\"aligncenter\" src=\"https:\/\/magdacesti.md\/wp-content\/uploads\/2017\/11\/6587949411_6460fbe825_b.jpg\" alt=\"\" width=\"700\" height=\"392\" \/><br \/>\nOameni buni, tr\u0103im la sat, dar aerul e mai poluat dec\u00e2t la ora\u0219. De cum se las\u0103 seara, localitatea noastr\u0103 se transform\u0103 \u00eentr-un nor de fum, la propriu. Arderea frunzelor este un obicei ur\u00e2t, pe care-l au multe dintre persoanele mature, iar copiii cred c\u0103 ceea ce fac maturii este corect.<br \/>\nDe ce mijloace de informare mai ave\u021bi nevoie ca s\u0103 con\u0219tientiza\u021bi gravitatea fumului toxic pe care \u00eel inspir\u0103m cu to\u021bii?<br \/>\nAvem copii \u0219i oameni bolnavi, care nu pot deschide un geam pentru a &#8220;trage&#8221; o gura de aer curat. Chiar dac\u0103 \u0219ti\u021bi c\u00e2t de d\u0103un\u0103tor este fumul \u00een timpul arderii acestor frunze, dumneavoastr\u0103, oricum continua\u021bi s\u0103 le arde\u021bi pe furi\u0219, \u00een \u00eentuneric, f\u0103r\u0103 fric\u0103, jen\u0103 sau respect fa\u021b\u0103 de vecinii vo\u0219tri.<\/span><\/p>\n<p><span class=\"text_exposed_show\"><img loading=\"lazy\" decoding=\"async\" class=\"aligncenter\" src=\"https:\/\/magdacesti.md\/wp-content\/uploads\/2017\/11\/fire_thumb.jpg\" alt=\"\" width=\"644\" height=\"484\" \/><br \/>\n<em><strong>Ce face\u021bi cu frunzele \u0219i alte resturi vegetale, atunci?<\/strong><\/em><\/span><\/p>\n<div class=\"text_exposed_show\">\n<p>Ave\u021bi doua op\u021biuni: fie c\u0103 le composta\u021bi cu u\u0219urin\u021b\u0103 prin simplul fapt de a le aduna gr\u0103mad\u0103, acestea supun\u00e2ndu-se procesului de descompunere \u00een timpul unui an sau chiar mai putin\u00a0sau le str\u00e2nge\u021bi \u00een saci, iar serviciul de salubrizare le va colecta s\u0103pt\u0103m\u00e2nal.<\/p>\n<p><img loading=\"lazy\" decoding=\"async\" class=\"aligncenter\" src=\"https:\/\/magdacesti.md\/wp-content\/uploads\/2017\/11\/compost.jpg\" alt=\"\" width=\"640\" height=\"428\" \/><\/p>\n<p><img loading=\"lazy\" decoding=\"async\" class=\"aligncenter\" src=\"https:\/\/magdacesti.md\/wp-content\/uploads\/2017\/11\/compost1.jpg\" alt=\"\" width=\"640\" height=\"427\" \/><\/p>\n<p>Avem rug\u0103mintea, atunci c\u00e2nd sunte\u021bi martor al arderilor de frunze, apela\u021bi imediat <strong>poli\u021bistul de sector, la num\u0103rul <span style=\"font-size: 14pt;\">060954552<\/span> (Petru).<\/strong><\/p>\n<p><strong>Amenda<\/strong> pentru arderea frunzelor sau a altor resturi vegetale constituie de la<strong> 600-9000 lei.<\/strong><\/p>\n<\/div>\n","protected":false},"excerpt":{"rendered":"<p>Stima\u021bi locuitori ai s. M\u0103gd\u0103ce\u0219ti! Pentru \u00eenceput, v\u0103 \u00eentreb\u0103m dac\u0103 v\u0103 pas\u0103 c\u00e2tu\u0219i de pu\u021bin de s\u0103n\u0103tatea voastr\u0103? Dar oare v\u0103 pas\u0103 la fel de mult \u0219i de s\u0103n\u0103tatea celor care au &#8220;norocul&#8221; s\u0103 v\u0103 \u00eenconjoare? \u00cen ultimile s\u0103pt\u0103m\u00e2ni, odat\u0103 cu venirea toamnei, suntem tot mai des martorii arderilor de frunze. Autorit\u0103\u021bile locale fac un [&#8230;]\n","protected":false},"author":1,"featured_media":0,"comment_status":"closed","ping_status":"closed","sticky":false,"template":"","format":"standard","meta":{"ngg_post_thumbnail":0,"footnotes":""},"categories":[4],"tags":[],"class_list":["post-2460","post","type-post","status-publish","format-standard","hentry","category-stiri"],"yoast_head":"<!-- This site is optimized with the Yoast SEO plugin v23.3 - https:\/\/yoast.com\/wordpress\/plugins\/seo\/ -->\n<title>Nu arde\u021bi frunzele: fumul sufocant d\u0103uneaz\u0103 grav s\u0103n\u0103t\u0103\u021bii - M\u0103gd\u0103ce\u0219ti<\/title>\n<meta name=\"description\" content=\"Bine ati venit pe pagina oficiala a Primariei Magdacesti.\" \/>\n<meta name=\"robots\" content=\"index, follow, max-snippet:-1, max-image-preview:large, max-video-preview:-1\" \/>\n<link rel=\"canonical\" href=\"https:\/\/magdacesti.md\/?p=2460\" \/>\n<meta property=\"og:locale\" content=\"en_US\" \/>\n<meta property=\"og:type\" content=\"article\" \/>\n<meta property=\"og:title\" content=\"Nu arde\u021bi frunzele: fumul sufocant d\u0103uneaz\u0103 grav s\u0103n\u0103t\u0103\u021bii - M\u0103gd\u0103ce\u0219ti\" \/>\n<meta property=\"og:description\" content=\"Bine ati venit pe pagina oficiala a Primariei Magdacesti.\" \/>\n<meta property=\"og:url\" content=\"https:\/\/magdacesti.md\/?p=2460\" \/>\n<meta property=\"og:site_name\" content=\"M\u0103gd\u0103ce\u0219ti\" \/>\n<meta property=\"article:publisher\" content=\"https:\/\/www.facebook.com\/magdacesti.md\/\" \/>\n<meta property=\"article:published_time\" content=\"2017-11-03T10:03:10+00:00\" \/>\n<meta property=\"og:image\" content=\"https:\/\/magdacesti.md\/wp-content\/uploads\/2017\/11\/6587949411_6460fbe825_b.jpg\" \/>\n<meta name=\"author\" content=\"magdacesti\" \/>\n<meta name=\"twitter:card\" content=\"summary_large_image\" \/>\n<meta name=\"twitter:label1\" content=\"Written by\" \/>\n\t<meta name=\"twitter:data1\" content=\"magdacesti\" \/>\n\t<meta name=\"twitter:label2\" content=\"Est. reading time\" \/>\n\t<meta name=\"twitter:data2\" content=\"2 minutes\" \/>\n<script type=\"application\/ld+json\" class=\"yoast-schema-graph\">{\"@context\":\"https:\/\/schema.org\",\"@graph\":[{\"@type\":\"Article\",\"@id\":\"https:\/\/magdacesti.md\/?p=2460#article\",\"isPartOf\":{\"@id\":\"https:\/\/magdacesti.md\/?p=2460\"},\"author\":{\"name\":\"magdacesti\",\"@id\":\"https:\/\/magdacesti.md\/#\/schema\/person\/ee6a6d0a5f0b0cb676ac992c8e414842\"},\"headline\":\"Nu arde\u021bi frunzele: fumul sufocant d\u0103uneaz\u0103 grav s\u0103n\u0103t\u0103\u021bii\",\"datePublished\":\"2017-11-03T10:03:10+00:00\",\"dateModified\":\"2017-11-03T10:03:10+00:00\",\"mainEntityOfPage\":{\"@id\":\"https:\/\/magdacesti.md\/?p=2460\"},\"wordCount\":329,\"publisher\":{\"@id\":\"https:\/\/magdacesti.md\/#organization\"},\"image\":{\"@id\":\"https:\/\/magdacesti.md\/?p=2460#primaryimage\"},\"thumbnailUrl\":\"https:\/\/magdacesti.md\/wp-content\/uploads\/2017\/11\/6587949411_6460fbe825_b.jpg\",\"articleSection\":[\"Stiri\"],\"inLanguage\":\"en-US\"},{\"@type\":\"WebPage\",\"@id\":\"https:\/\/magdacesti.md\/?p=2460\",\"url\":\"https:\/\/magdacesti.md\/?p=2460\",\"name\":\"Nu arde\u021bi frunzele: fumul sufocant d\u0103uneaz\u0103 grav s\u0103n\u0103t\u0103\u021bii - M\u0103gd\u0103ce\u0219ti\",\"isPartOf\":{\"@id\":\"https:\/\/magdacesti.md\/#website\"},\"primaryImageOfPage\":{\"@id\":\"https:\/\/magdacesti.md\/?p=2460#primaryimage\"},\"image\":{\"@id\":\"https:\/\/magdacesti.md\/?p=2460#primaryimage\"},\"thumbnailUrl\":\"https:\/\/magdacesti.md\/wp-content\/uploads\/2017\/11\/6587949411_6460fbe825_b.jpg\",\"datePublished\":\"2017-11-03T10:03:10+00:00\",\"dateModified\":\"2017-11-03T10:03:10+00:00\",\"description\":\"Bine ati venit pe pagina oficiala a Primariei Magdacesti.\",\"breadcrumb\":{\"@id\":\"https:\/\/magdacesti.md\/?p=2460#breadcrumb\"},\"inLanguage\":\"en-US\",\"potentialAction\":[{\"@type\":\"ReadAction\",\"target\":[\"https:\/\/magdacesti.md\/?p=2460\"]}]},{\"@type\":\"ImageObject\",\"inLanguage\":\"en-US\",\"@id\":\"https:\/\/magdacesti.md\/?p=2460#primaryimage\",\"url\":\"https:\/\/magdacesti.md\/wp-content\/uploads\/2017\/11\/6587949411_6460fbe825_b.jpg\",\"contentUrl\":\"https:\/\/magdacesti.md\/wp-content\/uploads\/2017\/11\/6587949411_6460fbe825_b.jpg\"},{\"@type\":\"BreadcrumbList\",\"@id\":\"https:\/\/magdacesti.md\/?p=2460#breadcrumb\",\"itemListElement\":[{\"@type\":\"ListItem\",\"position\":1,\"name\":\"Home\",\"item\":\"https:\/\/magdacesti.md\/\"},{\"@type\":\"ListItem\",\"position\":2,\"name\":\"Nu arde\u021bi frunzele: fumul sufocant d\u0103uneaz\u0103 grav s\u0103n\u0103t\u0103\u021bii\"}]},{\"@type\":\"WebSite\",\"@id\":\"https:\/\/magdacesti.md\/#website\",\"url\":\"https:\/\/magdacesti.md\/\",\"name\":\"M\u0103gd\u0103ce\u0219ti\",\"description\":\"Un or\u0103\u0219el cu condi\u021bii decente de trai!\",\"publisher\":{\"@id\":\"https:\/\/magdacesti.md\/#organization\"},\"potentialAction\":[{\"@type\":\"SearchAction\",\"target\":{\"@type\":\"EntryPoint\",\"urlTemplate\":\"https:\/\/magdacesti.md\/?s={search_term_string}\"},\"query-input\":\"required name=search_term_string\"}],\"inLanguage\":\"en-US\"},{\"@type\":\"Organization\",\"@id\":\"https:\/\/magdacesti.md\/#organization\",\"name\":\"M\u0103gd\u0103ce\u0219ti\",\"url\":\"https:\/\/magdacesti.md\/\",\"logo\":{\"@type\":\"ImageObject\",\"inLanguage\":\"en-US\",\"@id\":\"https:\/\/magdacesti.md\/#\/schema\/logo\/image\/\",\"url\":\"https:\/\/magdacesti.md\/wp-content\/uploads\/2021\/03\/Foto-514-scaled.jpg\",\"contentUrl\":\"https:\/\/magdacesti.md\/wp-content\/uploads\/2021\/03\/Foto-514-scaled.jpg\",\"width\":2560,\"height\":1707,\"caption\":\"M\u0103gd\u0103ce\u0219ti\"},\"image\":{\"@id\":\"https:\/\/magdacesti.md\/#\/schema\/logo\/image\/\"},\"sameAs\":[\"https:\/\/www.facebook.com\/magdacesti.md\/\"]},{\"@type\":\"Person\",\"@id\":\"https:\/\/magdacesti.md\/#\/schema\/person\/ee6a6d0a5f0b0cb676ac992c8e414842\",\"name\":\"magdacesti\",\"sameAs\":[\"https:\/\/magdacesti.md\"],\"url\":\"https:\/\/magdacesti.md\/?author=1\"}]}<\/script>\n<!-- \/ Yoast SEO plugin. -->","yoast_head_json":{"title":"Nu arde\u021bi frunzele: fumul sufocant d\u0103uneaz\u0103 grav s\u0103n\u0103t\u0103\u021bii - M\u0103gd\u0103ce\u0219ti","description":"Bine ati venit pe pagina oficiala a Primariei Magdacesti.","robots":{"index":"index","follow":"follow","max-snippet":"max-snippet:-1","max-image-preview":"max-image-preview:large","max-video-preview":"max-video-preview:-1"},"canonical":"https:\/\/magdacesti.md\/?p=2460","og_locale":"en_US","og_type":"article","og_title":"Nu arde\u021bi frunzele: fumul sufocant d\u0103uneaz\u0103 grav s\u0103n\u0103t\u0103\u021bii - M\u0103gd\u0103ce\u0219ti","og_description":"Bine ati venit pe pagina oficiala a Primariei Magdacesti.","og_url":"https:\/\/magdacesti.md\/?p=2460","og_site_name":"M\u0103gd\u0103ce\u0219ti","article_publisher":"https:\/\/www.facebook.com\/magdacesti.md\/","article_published_time":"2017-11-03T10:03:10+00:00","og_image":[{"url":"https:\/\/magdacesti.md\/wp-content\/uploads\/2017\/11\/6587949411_6460fbe825_b.jpg"}],"author":"magdacesti","twitter_card":"summary_large_image","twitter_misc":{"Written by":"magdacesti","Est. reading time":"2 minutes"},"schema":{"@context":"https:\/\/schema.org","@graph":[{"@type":"Article","@id":"https:\/\/magdacesti.md\/?p=2460#article","isPartOf":{"@id":"https:\/\/magdacesti.md\/?p=2460"},"author":{"name":"magdacesti","@id":"https:\/\/magdacesti.md\/#\/schema\/person\/ee6a6d0a5f0b0cb676ac992c8e414842"},"headline":"Nu arde\u021bi frunzele: fumul sufocant d\u0103uneaz\u0103 grav s\u0103n\u0103t\u0103\u021bii","datePublished":"2017-11-03T10:03:10+00:00","dateModified":"2017-11-03T10:03:10+00:00","mainEntityOfPage":{"@id":"https:\/\/magdacesti.md\/?p=2460"},"wordCount":329,"publisher":{"@id":"https:\/\/magdacesti.md\/#organization"},"image":{"@id":"https:\/\/magdacesti.md\/?p=2460#primaryimage"},"thumbnailUrl":"https:\/\/magdacesti.md\/wp-content\/uploads\/2017\/11\/6587949411_6460fbe825_b.jpg","articleSection":["Stiri"],"inLanguage":"en-US"},{"@type":"WebPage","@id":"https:\/\/magdacesti.md\/?p=2460","url":"https:\/\/magdacesti.md\/?p=2460","name":"Nu arde\u021bi frunzele: fumul sufocant d\u0103uneaz\u0103 grav s\u0103n\u0103t\u0103\u021bii - M\u0103gd\u0103ce\u0219ti","isPartOf":{"@id":"https:\/\/magdacesti.md\/#website"},"primaryImageOfPage":{"@id":"https:\/\/magdacesti.md\/?p=2460#primaryimage"},"image":{"@id":"https:\/\/magdacesti.md\/?p=2460#primaryimage"},"thumbnailUrl":"https:\/\/magdacesti.md\/wp-content\/uploads\/2017\/11\/6587949411_6460fbe825_b.jpg","datePublished":"2017-11-03T10:03:10+00:00","dateModified":"2017-11-03T10:03:10+00:00","description":"Bine ati venit pe pagina oficiala a Primariei Magdacesti.","breadcrumb":{"@id":"https:\/\/magdacesti.md\/?p=2460#breadcrumb"},"inLanguage":"en-US","potentialAction":[{"@type":"ReadAction","target":["https:\/\/magdacesti.md\/?p=2460"]}]},{"@type":"ImageObject","inLanguage":"en-US","@id":"https:\/\/magdacesti.md\/?p=2460#primaryimage","url":"https:\/\/magdacesti.md\/wp-content\/uploads\/2017\/11\/6587949411_6460fbe825_b.jpg","contentUrl":"https:\/\/magdacesti.md\/wp-content\/uploads\/2017\/11\/6587949411_6460fbe825_b.jpg"},{"@type":"BreadcrumbList","@id":"https:\/\/magdacesti.md\/?p=2460#breadcrumb","itemListElement":[{"@type":"ListItem","position":1,"name":"Home","item":"https:\/\/magdacesti.md\/"},{"@type":"ListItem","position":2,"name":"Nu arde\u021bi frunzele: fumul sufocant d\u0103uneaz\u0103 grav s\u0103n\u0103t\u0103\u021bii"}]},{"@type":"WebSite","@id":"https:\/\/magdacesti.md\/#website","url":"https:\/\/magdacesti.md\/","name":"M\u0103gd\u0103ce\u0219ti","description":"Un or\u0103\u0219el cu condi\u021bii decente de trai!","publisher":{"@id":"https:\/\/magdacesti.md\/#organization"},"potentialAction":[{"@type":"SearchAction","target":{"@type":"EntryPoint","urlTemplate":"https:\/\/magdacesti.md\/?s={search_term_string}"},"query-input":"required name=search_term_string"}],"inLanguage":"en-US"},{"@type":"Organization","@id":"https:\/\/magdacesti.md\/#organization","name":"M\u0103gd\u0103ce\u0219ti","url":"https:\/\/magdacesti.md\/","logo":{"@type":"ImageObject","inLanguage":"en-US","@id":"https:\/\/magdacesti.md\/#\/schema\/logo\/image\/","url":"https:\/\/magdacesti.md\/wp-content\/uploads\/2021\/03\/Foto-514-scaled.jpg","contentUrl":"https:\/\/magdacesti.md\/wp-content\/uploads\/2021\/03\/Foto-514-scaled.jpg","width":2560,"height":1707,"caption":"M\u0103gd\u0103ce\u0219ti"},"image":{"@id":"https:\/\/magdacesti.md\/#\/schema\/logo\/image\/"},"sameAs":["https:\/\/www.facebook.com\/magdacesti.md\/"]},{"@type":"Person","@id":"https:\/\/magdacesti.md\/#\/schema\/person\/ee6a6d0a5f0b0cb676ac992c8e414842","name":"magdacesti","sameAs":["https:\/\/magdacesti.md"],"url":"https:\/\/magdacesti.md\/?author=1"}]}},"_links":{"self":[{"href":"https:\/\/magdacesti.md\/index.php?rest_route=\/wp\/v2\/posts\/2460","targetHints":{"allow":["GET"]}}],"collection":[{"href":"https:\/\/magdacesti.md\/index.php?rest_route=\/wp\/v2\/posts"}],"about":[{"href":"https:\/\/magdacesti.md\/index.php?rest_route=\/wp\/v2\/types\/post"}],"author":[{"embeddable":true,"href":"https:\/\/magdacesti.md\/index.php?rest_route=\/wp\/v2\/users\/1"}],"replies":[{"embeddable":true,"href":"https:\/\/magdacesti.md\/index.php?rest_route=%2Fwp%2Fv2%2Fcomments&post=2460"}],"version-history":[{"count":0,"href":"https:\/\/magdacesti.md\/index.php?rest_route=\/wp\/v2\/posts\/2460\/revisions"}],"wp:attachment":[{"href":"https:\/\/magdacesti.md\/index.php?rest_route=%2Fwp%2Fv2%2Fmedia&parent=2460"}],"wp:term":[{"taxonomy":"category","embeddable":true,"href":"https:\/\/magdacesti.md\/index.php?rest_route=%2Fwp%2Fv2%2Fcategories&post=2460"},{"taxonomy":"post_tag","embeddable":true,"href":"https:\/\/magdacesti.md\/index.php?rest_route=%2Fwp%2Fv2%2Ftags&post=2460"}],"curies":[{"name":"wp","href":"https:\/\/api.w.org\/{rel}","templated":true}]}}