{"id":2468,"date":"2017-11-01T12:21:34","date_gmt":"2017-11-01T10:21:34","guid":{"rendered":"https:\/\/magdacesti.md\/?p=2468"},"modified":"2017-11-01T12:21:34","modified_gmt":"2017-11-01T10:21:34","slug":"statia-terminus-a-rutei-magdacesti-chisinau-va-fi-prelungita","status":"publish","type":"post","link":"https:\/\/magdacesti.md\/?p=2468","title":{"rendered":"Sta\u021bia terminus a rutei M\u0103gd\u0103ce\u0219ti-Chi\u0219in\u0103u va fi prelungit\u0103&#8230;"},"content":{"rendered":"<p><strong>Un nou pavilion de a\u0219teptare a fost construit \u00een cel mai \u00eendep\u0103rtat cartier a s. M\u0103gd\u0103ce\u0219ti (cartierul Fundac).<\/strong><\/p>\n<p><img loading=\"lazy\" decoding=\"async\" class=\"aligncenter\" src=\"https:\/\/magdacesti.md\/wp-content\/uploads\/2017\/11\/hnj.jpg\" alt=\"\" width=\"720\" height=\"540\" \/><\/p>\n<p><img loading=\"lazy\" decoding=\"async\" class=\"aligncenter\" src=\"https:\/\/magdacesti.md\/wp-content\/uploads\/2017\/11\/23000118_294635964371346_8270513663147566606_o.jpg\" alt=\"\" width=\"720\" height=\"540\" \/><\/p>\n<p>Zilnic, locuitorii din aceast\u0103 zon\u0103 parcurg aproape 1 km p\u00e2n\u0103 la cel mai apropiat punct de oprire al microbuzului. Astfel, traseul spre &#8220;Cartierul Fundac&#8221; a fost \u00eembun\u0103t\u0103\u021bit, iar ultima sta\u021bie a rutei locale va fi la sf\u00e2r\u0219itul str\u0103zii \u0218tefan cel Mare (podul lui mo\u0219 Nichifor Guzun).<\/p>\n<p><img loading=\"lazy\" decoding=\"async\" class=\"aligncenter\" src=\"https:\/\/magdacesti.md\/wp-content\/uploads\/2017\/11\/22904976_294635911038018_1098722023831862561_o.jpg\" alt=\"\" width=\"720\" height=\"540\" \/><\/p>\n<p><img loading=\"lazy\" decoding=\"async\" class=\"aligncenter\" src=\"https:\/\/magdacesti.md\/wp-content\/uploads\/2017\/11\/23117061_294686744366268_2307977002272790231_o.jpg\" alt=\"\" width=\"720\" height=\"540\" \/><\/p>\n<p>V\u0103 inform\u0103m,<span class=\"text_exposed_show\">\u00a0c\u0103 \u00een cur\u00e2nd, \u00een fiecare sta\u021bie din s. M\u0103gd\u0103ce\u0219ti va fi amplasat un panou informativ, pe care va fi indicat orarul de circula\u021bie al transportului public. De aceea, ne adres\u0103m c\u0103tre to\u021bi locuitorii s. M\u0103gd\u0103ce\u0219ti, \u00een special copiilor \u0219i adolescen\u021bilor. V\u0103 rug\u0103m insistent s\u0103 p\u0103stra\u021bi ordinea \u00een sta\u021biile de a\u0219teptare \u0219i s\u0103 evita\u021bi deteriorarea lor.<br \/>\nR\u0103uf\u0103c\u0103torii identifica\u021bi vor fi sanc\u021biona\u021bi dur.<\/span><\/p>\n","protected":false},"excerpt":{"rendered":"<p>Un nou pavilion de a\u0219teptare a fost construit \u00een cel mai \u00eendep\u0103rtat cartier a s. M\u0103gd\u0103ce\u0219ti (cartierul Fundac). Zilnic, locuitorii din aceast\u0103 zon\u0103 parcurg aproape 1 km p\u00e2n\u0103 la cel mai apropiat punct de oprire al microbuzului. Astfel, traseul spre &#8220;Cartierul Fundac&#8221; a fost \u00eembun\u0103t\u0103\u021bit, iar ultima sta\u021bie a rutei locale va fi la sf\u00e2r\u0219itul [&#8230;]\n","protected":false},"author":1,"featured_media":0,"comment_status":"closed","ping_status":"closed","sticky":false,"template":"","format":"standard","meta":{"ngg_post_thumbnail":0,"footnotes":""},"categories":[4],"tags":[],"class_list":["post-2468","post","type-post","status-publish","format-standard","hentry","category-stiri"],"yoast_head":"<!-- This site is optimized with the Yoast SEO plugin v23.3 - https:\/\/yoast.com\/wordpress\/plugins\/seo\/ -->\n<title>Sta\u021bia terminus a rutei M\u0103gd\u0103ce\u0219ti-Chi\u0219in\u0103u va fi prelungit\u0103... - M\u0103gd\u0103ce\u0219ti<\/title>\n<meta name=\"description\" content=\"Bine ati venit pe pagina oficiala a Primariei Magdacesti.\" \/>\n<meta name=\"robots\" content=\"index, follow, max-snippet:-1, max-image-preview:large, max-video-preview:-1\" \/>\n<link rel=\"canonical\" href=\"https:\/\/magdacesti.md\/?p=2468\" \/>\n<meta property=\"og:locale\" content=\"en_US\" \/>\n<meta property=\"og:type\" content=\"article\" \/>\n<meta property=\"og:title\" content=\"Sta\u021bia terminus a rutei M\u0103gd\u0103ce\u0219ti-Chi\u0219in\u0103u va fi prelungit\u0103... - M\u0103gd\u0103ce\u0219ti\" \/>\n<meta property=\"og:description\" content=\"Bine ati venit pe pagina oficiala a Primariei Magdacesti.\" \/>\n<meta property=\"og:url\" content=\"https:\/\/magdacesti.md\/?p=2468\" \/>\n<meta property=\"og:site_name\" content=\"M\u0103gd\u0103ce\u0219ti\" \/>\n<meta property=\"article:publisher\" content=\"https:\/\/www.facebook.com\/magdacesti.md\/\" \/>\n<meta property=\"article:published_time\" content=\"2017-11-01T10:21:34+00:00\" \/>\n<meta property=\"og:image\" content=\"https:\/\/magdacesti.md\/wp-content\/uploads\/2017\/11\/hnj.jpg\" \/>\n<meta name=\"author\" content=\"magdacesti\" \/>\n<meta name=\"twitter:card\" content=\"summary_large_image\" \/>\n<meta name=\"twitter:label1\" content=\"Written by\" \/>\n\t<meta name=\"twitter:data1\" content=\"magdacesti\" \/>\n\t<meta name=\"twitter:label2\" content=\"Est. reading time\" \/>\n\t<meta name=\"twitter:data2\" content=\"1 minute\" \/>\n<script type=\"application\/ld+json\" class=\"yoast-schema-graph\">{\"@context\":\"https:\/\/schema.org\",\"@graph\":[{\"@type\":\"Article\",\"@id\":\"https:\/\/magdacesti.md\/?p=2468#article\",\"isPartOf\":{\"@id\":\"https:\/\/magdacesti.md\/?p=2468\"},\"author\":{\"name\":\"magdacesti\",\"@id\":\"https:\/\/magdacesti.md\/#\/schema\/person\/ee6a6d0a5f0b0cb676ac992c8e414842\"},\"headline\":\"Sta\u021bia terminus a rutei M\u0103gd\u0103ce\u0219ti-Chi\u0219in\u0103u va fi prelungit\u0103&#8230;\",\"datePublished\":\"2017-11-01T10:21:34+00:00\",\"dateModified\":\"2017-11-01T10:21:34+00:00\",\"mainEntityOfPage\":{\"@id\":\"https:\/\/magdacesti.md\/?p=2468\"},\"wordCount\":178,\"publisher\":{\"@id\":\"https:\/\/magdacesti.md\/#organization\"},\"image\":{\"@id\":\"https:\/\/magdacesti.md\/?p=2468#primaryimage\"},\"thumbnailUrl\":\"https:\/\/magdacesti.md\/wp-content\/uploads\/2017\/11\/hnj.jpg\",\"articleSection\":[\"Stiri\"],\"inLanguage\":\"en-US\"},{\"@type\":\"WebPage\",\"@id\":\"https:\/\/magdacesti.md\/?p=2468\",\"url\":\"https:\/\/magdacesti.md\/?p=2468\",\"name\":\"Sta\u021bia terminus a rutei M\u0103gd\u0103ce\u0219ti-Chi\u0219in\u0103u va fi prelungit\u0103... - M\u0103gd\u0103ce\u0219ti\",\"isPartOf\":{\"@id\":\"https:\/\/magdacesti.md\/#website\"},\"primaryImageOfPage\":{\"@id\":\"https:\/\/magdacesti.md\/?p=2468#primaryimage\"},\"image\":{\"@id\":\"https:\/\/magdacesti.md\/?p=2468#primaryimage\"},\"thumbnailUrl\":\"https:\/\/magdacesti.md\/wp-content\/uploads\/2017\/11\/hnj.jpg\",\"datePublished\":\"2017-11-01T10:21:34+00:00\",\"dateModified\":\"2017-11-01T10:21:34+00:00\",\"description\":\"Bine ati venit pe pagina oficiala a Primariei Magdacesti.\",\"breadcrumb\":{\"@id\":\"https:\/\/magdacesti.md\/?p=2468#breadcrumb\"},\"inLanguage\":\"en-US\",\"potentialAction\":[{\"@type\":\"ReadAction\",\"target\":[\"https:\/\/magdacesti.md\/?p=2468\"]}]},{\"@type\":\"ImageObject\",\"inLanguage\":\"en-US\",\"@id\":\"https:\/\/magdacesti.md\/?p=2468#primaryimage\",\"url\":\"https:\/\/magdacesti.md\/wp-content\/uploads\/2017\/11\/hnj.jpg\",\"contentUrl\":\"https:\/\/magdacesti.md\/wp-content\/uploads\/2017\/11\/hnj.jpg\"},{\"@type\":\"BreadcrumbList\",\"@id\":\"https:\/\/magdacesti.md\/?p=2468#breadcrumb\",\"itemListElement\":[{\"@type\":\"ListItem\",\"position\":1,\"name\":\"Home\",\"item\":\"https:\/\/magdacesti.md\/\"},{\"@type\":\"ListItem\",\"position\":2,\"name\":\"Sta\u021bia terminus a rutei M\u0103gd\u0103ce\u0219ti-Chi\u0219in\u0103u va fi prelungit\u0103&#8230;\"}]},{\"@type\":\"WebSite\",\"@id\":\"https:\/\/magdacesti.md\/#website\",\"url\":\"https:\/\/magdacesti.md\/\",\"name\":\"M\u0103gd\u0103ce\u0219ti\",\"description\":\"Un or\u0103\u0219el cu condi\u021bii decente de trai!\",\"publisher\":{\"@id\":\"https:\/\/magdacesti.md\/#organization\"},\"potentialAction\":[{\"@type\":\"SearchAction\",\"target\":{\"@type\":\"EntryPoint\",\"urlTemplate\":\"https:\/\/magdacesti.md\/?s={search_term_string}\"},\"query-input\":\"required name=search_term_string\"}],\"inLanguage\":\"en-US\"},{\"@type\":\"Organization\",\"@id\":\"https:\/\/magdacesti.md\/#organization\",\"name\":\"M\u0103gd\u0103ce\u0219ti\",\"url\":\"https:\/\/magdacesti.md\/\",\"logo\":{\"@type\":\"ImageObject\",\"inLanguage\":\"en-US\",\"@id\":\"https:\/\/magdacesti.md\/#\/schema\/logo\/image\/\",\"url\":\"https:\/\/magdacesti.md\/wp-content\/uploads\/2021\/03\/Foto-514-scaled.jpg\",\"contentUrl\":\"https:\/\/magdacesti.md\/wp-content\/uploads\/2021\/03\/Foto-514-scaled.jpg\",\"width\":2560,\"height\":1707,\"caption\":\"M\u0103gd\u0103ce\u0219ti\"},\"image\":{\"@id\":\"https:\/\/magdacesti.md\/#\/schema\/logo\/image\/\"},\"sameAs\":[\"https:\/\/www.facebook.com\/magdacesti.md\/\"]},{\"@type\":\"Person\",\"@id\":\"https:\/\/magdacesti.md\/#\/schema\/person\/ee6a6d0a5f0b0cb676ac992c8e414842\",\"name\":\"magdacesti\",\"sameAs\":[\"https:\/\/magdacesti.md\"],\"url\":\"https:\/\/magdacesti.md\/?author=1\"}]}<\/script>\n<!-- \/ Yoast SEO plugin. -->","yoast_head_json":{"title":"Sta\u021bia terminus a rutei M\u0103gd\u0103ce\u0219ti-Chi\u0219in\u0103u va fi prelungit\u0103... - M\u0103gd\u0103ce\u0219ti","description":"Bine ati venit pe pagina oficiala a Primariei Magdacesti.","robots":{"index":"index","follow":"follow","max-snippet":"max-snippet:-1","max-image-preview":"max-image-preview:large","max-video-preview":"max-video-preview:-1"},"canonical":"https:\/\/magdacesti.md\/?p=2468","og_locale":"en_US","og_type":"article","og_title":"Sta\u021bia terminus a rutei M\u0103gd\u0103ce\u0219ti-Chi\u0219in\u0103u va fi prelungit\u0103... - M\u0103gd\u0103ce\u0219ti","og_description":"Bine ati venit pe pagina oficiala a Primariei Magdacesti.","og_url":"https:\/\/magdacesti.md\/?p=2468","og_site_name":"M\u0103gd\u0103ce\u0219ti","article_publisher":"https:\/\/www.facebook.com\/magdacesti.md\/","article_published_time":"2017-11-01T10:21:34+00:00","og_image":[{"url":"https:\/\/magdacesti.md\/wp-content\/uploads\/2017\/11\/hnj.jpg"}],"author":"magdacesti","twitter_card":"summary_large_image","twitter_misc":{"Written by":"magdacesti","Est. reading time":"1 minute"},"schema":{"@context":"https:\/\/schema.org","@graph":[{"@type":"Article","@id":"https:\/\/magdacesti.md\/?p=2468#article","isPartOf":{"@id":"https:\/\/magdacesti.md\/?p=2468"},"author":{"name":"magdacesti","@id":"https:\/\/magdacesti.md\/#\/schema\/person\/ee6a6d0a5f0b0cb676ac992c8e414842"},"headline":"Sta\u021bia terminus a rutei M\u0103gd\u0103ce\u0219ti-Chi\u0219in\u0103u va fi prelungit\u0103&#8230;","datePublished":"2017-11-01T10:21:34+00:00","dateModified":"2017-11-01T10:21:34+00:00","mainEntityOfPage":{"@id":"https:\/\/magdacesti.md\/?p=2468"},"wordCount":178,"publisher":{"@id":"https:\/\/magdacesti.md\/#organization"},"image":{"@id":"https:\/\/magdacesti.md\/?p=2468#primaryimage"},"thumbnailUrl":"https:\/\/magdacesti.md\/wp-content\/uploads\/2017\/11\/hnj.jpg","articleSection":["Stiri"],"inLanguage":"en-US"},{"@type":"WebPage","@id":"https:\/\/magdacesti.md\/?p=2468","url":"https:\/\/magdacesti.md\/?p=2468","name":"Sta\u021bia terminus a rutei M\u0103gd\u0103ce\u0219ti-Chi\u0219in\u0103u va fi prelungit\u0103... - M\u0103gd\u0103ce\u0219ti","isPartOf":{"@id":"https:\/\/magdacesti.md\/#website"},"primaryImageOfPage":{"@id":"https:\/\/magdacesti.md\/?p=2468#primaryimage"},"image":{"@id":"https:\/\/magdacesti.md\/?p=2468#primaryimage"},"thumbnailUrl":"https:\/\/magdacesti.md\/wp-content\/uploads\/2017\/11\/hnj.jpg","datePublished":"2017-11-01T10:21:34+00:00","dateModified":"2017-11-01T10:21:34+00:00","description":"Bine ati venit pe pagina oficiala a Primariei Magdacesti.","breadcrumb":{"@id":"https:\/\/magdacesti.md\/?p=2468#breadcrumb"},"inLanguage":"en-US","potentialAction":[{"@type":"ReadAction","target":["https:\/\/magdacesti.md\/?p=2468"]}]},{"@type":"ImageObject","inLanguage":"en-US","@id":"https:\/\/magdacesti.md\/?p=2468#primaryimage","url":"https:\/\/magdacesti.md\/wp-content\/uploads\/2017\/11\/hnj.jpg","contentUrl":"https:\/\/magdacesti.md\/wp-content\/uploads\/2017\/11\/hnj.jpg"},{"@type":"BreadcrumbList","@id":"https:\/\/magdacesti.md\/?p=2468#breadcrumb","itemListElement":[{"@type":"ListItem","position":1,"name":"Home","item":"https:\/\/magdacesti.md\/"},{"@type":"ListItem","position":2,"name":"Sta\u021bia terminus a rutei M\u0103gd\u0103ce\u0219ti-Chi\u0219in\u0103u va fi prelungit\u0103&#8230;"}]},{"@type":"WebSite","@id":"https:\/\/magdacesti.md\/#website","url":"https:\/\/magdacesti.md\/","name":"M\u0103gd\u0103ce\u0219ti","description":"Un or\u0103\u0219el cu condi\u021bii decente de trai!","publisher":{"@id":"https:\/\/magdacesti.md\/#organization"},"potentialAction":[{"@type":"SearchAction","target":{"@type":"EntryPoint","urlTemplate":"https:\/\/magdacesti.md\/?s={search_term_string}"},"query-input":"required name=search_term_string"}],"inLanguage":"en-US"},{"@type":"Organization","@id":"https:\/\/magdacesti.md\/#organization","name":"M\u0103gd\u0103ce\u0219ti","url":"https:\/\/magdacesti.md\/","logo":{"@type":"ImageObject","inLanguage":"en-US","@id":"https:\/\/magdacesti.md\/#\/schema\/logo\/image\/","url":"https:\/\/magdacesti.md\/wp-content\/uploads\/2021\/03\/Foto-514-scaled.jpg","contentUrl":"https:\/\/magdacesti.md\/wp-content\/uploads\/2021\/03\/Foto-514-scaled.jpg","width":2560,"height":1707,"caption":"M\u0103gd\u0103ce\u0219ti"},"image":{"@id":"https:\/\/magdacesti.md\/#\/schema\/logo\/image\/"},"sameAs":["https:\/\/www.facebook.com\/magdacesti.md\/"]},{"@type":"Person","@id":"https:\/\/magdacesti.md\/#\/schema\/person\/ee6a6d0a5f0b0cb676ac992c8e414842","name":"magdacesti","sameAs":["https:\/\/magdacesti.md"],"url":"https:\/\/magdacesti.md\/?author=1"}]}},"_links":{"self":[{"href":"https:\/\/magdacesti.md\/index.php?rest_route=\/wp\/v2\/posts\/2468","targetHints":{"allow":["GET"]}}],"collection":[{"href":"https:\/\/magdacesti.md\/index.php?rest_route=\/wp\/v2\/posts"}],"about":[{"href":"https:\/\/magdacesti.md\/index.php?rest_route=\/wp\/v2\/types\/post"}],"author":[{"embeddable":true,"href":"https:\/\/magdacesti.md\/index.php?rest_route=\/wp\/v2\/users\/1"}],"replies":[{"embeddable":true,"href":"https:\/\/magdacesti.md\/index.php?rest_route=%2Fwp%2Fv2%2Fcomments&post=2468"}],"version-history":[{"count":0,"href":"https:\/\/magdacesti.md\/index.php?rest_route=\/wp\/v2\/posts\/2468\/revisions"}],"wp:attachment":[{"href":"https:\/\/magdacesti.md\/index.php?rest_route=%2Fwp%2Fv2%2Fmedia&parent=2468"}],"wp:term":[{"taxonomy":"category","embeddable":true,"href":"https:\/\/magdacesti.md\/index.php?rest_route=%2Fwp%2Fv2%2Fcategories&post=2468"},{"taxonomy":"post_tag","embeddable":true,"href":"https:\/\/magdacesti.md\/index.php?rest_route=%2Fwp%2Fv2%2Ftags&post=2468"}],"curies":[{"name":"wp","href":"https:\/\/api.w.org\/{rel}","templated":true}]}}