{"id":2513,"date":"2017-11-21T12:12:48","date_gmt":"2017-11-21T10:12:48","guid":{"rendered":"https:\/\/magdacesti.md\/?p=2513"},"modified":"2017-11-21T12:12:48","modified_gmt":"2017-11-21T10:12:48","slug":"satul-magdacesti-este-in-doliu","status":"publish","type":"post","link":"https:\/\/magdacesti.md\/?p=2513","title":{"rendered":"Satul M\u0103gd\u0103ce\u0219ti este \u00een doliu&#8230;"},"content":{"rendered":"<p style=\"text-align: center;\"><strong><img loading=\"lazy\" decoding=\"async\" class=\"alignnone\" src=\"https:\/\/magdacesti.md\/wp-content\/uploads\/2017\/11\/calde_luci_di_natale__warm_lights_of_christmas.jpg\" alt=\"\" width=\"483\" height=\"362\" \/><\/strong><\/p>\n<p style=\"text-align: center;\"><strong>Cu ad\u00e2nc\u0103 durere \u00een suflet, multe regrete \u0219i lacrimi, adres\u0103m sincere condolean\u021be din partea tuturor locuitorilor s. M\u0103gd\u0103ce\u0219ti, celor trei familii, care au pierdut asear\u0103 trei fii, so\u021bi \u0219i ta\u021bi, \u00een tragicul accident de la mina din Pa\u0219cani. Un sat \u00eentreg este \u0219ocat de vestea c\u0103 cei trei b\u0103ie\u021bi tineri, \u00een floarea v\u00e2rstei, nu mai sunt printre noi. Aceast\u0103 tragedie a l\u0103sat \u00een urma un gol imens, o mare de durere pentru familiile lor, dar \u0219i pentru \u00eentreaga comunitate. \u00cen aceste momente grele, cuvintele sunt de prisos!<\/strong><br \/>\n<strong> Odihn\u0103 ve\u0219nic\u0103 \u0219i sincere condolean\u021be!<\/strong><\/p>\n<p style=\"text-align: center;\"><strong>Primarul s. M\u0103gd\u0103ce\u0219ti a semnat o dispozi\u021bie, prin care data de 23 \u0219i 24 noiembrie este declarat\u0103 zi de doliu \u00een s. M\u0103gd\u0103ce\u0219ti.<\/strong><\/p>\n<p style=\"text-align: center;\"><img loading=\"lazy\" decoding=\"async\" class=\"aligncenter\" src=\"https:\/\/magdacesti.md\/wp-content\/uploads\/2017\/11\/decret.jpg\" alt=\"\" width=\"584\" height=\"826\" \/><\/p>\n","protected":false},"excerpt":{"rendered":"<p>Cu ad\u00e2nc\u0103 durere \u00een suflet, multe regrete \u0219i lacrimi, adres\u0103m sincere condolean\u021be din partea tuturor locuitorilor s. M\u0103gd\u0103ce\u0219ti, celor trei familii, care au pierdut asear\u0103 trei fii, so\u021bi \u0219i ta\u021bi, \u00een tragicul accident de la mina din Pa\u0219cani. Un sat \u00eentreg este \u0219ocat de vestea c\u0103 cei trei b\u0103ie\u021bi tineri, \u00een floarea v\u00e2rstei, nu mai [&#8230;]\n","protected":false},"author":1,"featured_media":0,"comment_status":"closed","ping_status":"closed","sticky":false,"template":"","format":"standard","meta":{"ngg_post_thumbnail":0,"footnotes":""},"categories":[4],"tags":[],"class_list":["post-2513","post","type-post","status-publish","format-standard","hentry","category-stiri"],"yoast_head":"<!-- This site is optimized with the Yoast SEO plugin v23.3 - https:\/\/yoast.com\/wordpress\/plugins\/seo\/ -->\n<title>Satul M\u0103gd\u0103ce\u0219ti este \u00een doliu... - M\u0103gd\u0103ce\u0219ti<\/title>\n<meta name=\"description\" content=\"Bine ati venit pe pagina oficiala a Primariei Magdacesti.\" \/>\n<meta name=\"robots\" content=\"index, follow, max-snippet:-1, max-image-preview:large, max-video-preview:-1\" \/>\n<link rel=\"canonical\" href=\"https:\/\/magdacesti.md\/?p=2513\" \/>\n<meta property=\"og:locale\" content=\"en_US\" \/>\n<meta property=\"og:type\" content=\"article\" \/>\n<meta property=\"og:title\" content=\"Satul M\u0103gd\u0103ce\u0219ti este \u00een doliu... - M\u0103gd\u0103ce\u0219ti\" \/>\n<meta property=\"og:description\" content=\"Bine ati venit pe pagina oficiala a Primariei Magdacesti.\" \/>\n<meta property=\"og:url\" content=\"https:\/\/magdacesti.md\/?p=2513\" \/>\n<meta property=\"og:site_name\" content=\"M\u0103gd\u0103ce\u0219ti\" \/>\n<meta property=\"article:publisher\" content=\"https:\/\/www.facebook.com\/magdacesti.md\/\" \/>\n<meta property=\"article:published_time\" content=\"2017-11-21T10:12:48+00:00\" \/>\n<meta property=\"og:image\" content=\"https:\/\/magdacesti.md\/wp-content\/uploads\/2017\/11\/calde_luci_di_natale__warm_lights_of_christmas.jpg\" \/>\n<meta name=\"author\" content=\"magdacesti\" \/>\n<meta name=\"twitter:card\" content=\"summary_large_image\" \/>\n<meta name=\"twitter:label1\" content=\"Written by\" \/>\n\t<meta name=\"twitter:data1\" content=\"magdacesti\" \/>\n\t<meta name=\"twitter:label2\" content=\"Est. reading time\" \/>\n\t<meta name=\"twitter:data2\" content=\"1 minute\" \/>\n<script type=\"application\/ld+json\" class=\"yoast-schema-graph\">{\"@context\":\"https:\/\/schema.org\",\"@graph\":[{\"@type\":\"Article\",\"@id\":\"https:\/\/magdacesti.md\/?p=2513#article\",\"isPartOf\":{\"@id\":\"https:\/\/magdacesti.md\/?p=2513\"},\"author\":{\"name\":\"magdacesti\",\"@id\":\"https:\/\/magdacesti.md\/#\/schema\/person\/ee6a6d0a5f0b0cb676ac992c8e414842\"},\"headline\":\"Satul M\u0103gd\u0103ce\u0219ti este \u00een doliu&#8230;\",\"datePublished\":\"2017-11-21T10:12:48+00:00\",\"dateModified\":\"2017-11-21T10:12:48+00:00\",\"mainEntityOfPage\":{\"@id\":\"https:\/\/magdacesti.md\/?p=2513\"},\"wordCount\":143,\"publisher\":{\"@id\":\"https:\/\/magdacesti.md\/#organization\"},\"image\":{\"@id\":\"https:\/\/magdacesti.md\/?p=2513#primaryimage\"},\"thumbnailUrl\":\"https:\/\/magdacesti.md\/wp-content\/uploads\/2017\/11\/calde_luci_di_natale__warm_lights_of_christmas.jpg\",\"articleSection\":[\"Stiri\"],\"inLanguage\":\"en-US\"},{\"@type\":\"WebPage\",\"@id\":\"https:\/\/magdacesti.md\/?p=2513\",\"url\":\"https:\/\/magdacesti.md\/?p=2513\",\"name\":\"Satul M\u0103gd\u0103ce\u0219ti este \u00een doliu... - M\u0103gd\u0103ce\u0219ti\",\"isPartOf\":{\"@id\":\"https:\/\/magdacesti.md\/#website\"},\"primaryImageOfPage\":{\"@id\":\"https:\/\/magdacesti.md\/?p=2513#primaryimage\"},\"image\":{\"@id\":\"https:\/\/magdacesti.md\/?p=2513#primaryimage\"},\"thumbnailUrl\":\"https:\/\/magdacesti.md\/wp-content\/uploads\/2017\/11\/calde_luci_di_natale__warm_lights_of_christmas.jpg\",\"datePublished\":\"2017-11-21T10:12:48+00:00\",\"dateModified\":\"2017-11-21T10:12:48+00:00\",\"description\":\"Bine ati venit pe pagina oficiala a Primariei Magdacesti.\",\"breadcrumb\":{\"@id\":\"https:\/\/magdacesti.md\/?p=2513#breadcrumb\"},\"inLanguage\":\"en-US\",\"potentialAction\":[{\"@type\":\"ReadAction\",\"target\":[\"https:\/\/magdacesti.md\/?p=2513\"]}]},{\"@type\":\"ImageObject\",\"inLanguage\":\"en-US\",\"@id\":\"https:\/\/magdacesti.md\/?p=2513#primaryimage\",\"url\":\"https:\/\/magdacesti.md\/wp-content\/uploads\/2017\/11\/calde_luci_di_natale__warm_lights_of_christmas.jpg\",\"contentUrl\":\"https:\/\/magdacesti.md\/wp-content\/uploads\/2017\/11\/calde_luci_di_natale__warm_lights_of_christmas.jpg\"},{\"@type\":\"BreadcrumbList\",\"@id\":\"https:\/\/magdacesti.md\/?p=2513#breadcrumb\",\"itemListElement\":[{\"@type\":\"ListItem\",\"position\":1,\"name\":\"Home\",\"item\":\"https:\/\/magdacesti.md\/\"},{\"@type\":\"ListItem\",\"position\":2,\"name\":\"Satul M\u0103gd\u0103ce\u0219ti este \u00een doliu&#8230;\"}]},{\"@type\":\"WebSite\",\"@id\":\"https:\/\/magdacesti.md\/#website\",\"url\":\"https:\/\/magdacesti.md\/\",\"name\":\"M\u0103gd\u0103ce\u0219ti\",\"description\":\"Un or\u0103\u0219el cu condi\u021bii decente de trai!\",\"publisher\":{\"@id\":\"https:\/\/magdacesti.md\/#organization\"},\"potentialAction\":[{\"@type\":\"SearchAction\",\"target\":{\"@type\":\"EntryPoint\",\"urlTemplate\":\"https:\/\/magdacesti.md\/?s={search_term_string}\"},\"query-input\":\"required name=search_term_string\"}],\"inLanguage\":\"en-US\"},{\"@type\":\"Organization\",\"@id\":\"https:\/\/magdacesti.md\/#organization\",\"name\":\"M\u0103gd\u0103ce\u0219ti\",\"url\":\"https:\/\/magdacesti.md\/\",\"logo\":{\"@type\":\"ImageObject\",\"inLanguage\":\"en-US\",\"@id\":\"https:\/\/magdacesti.md\/#\/schema\/logo\/image\/\",\"url\":\"https:\/\/magdacesti.md\/wp-content\/uploads\/2021\/03\/Foto-514-scaled.jpg\",\"contentUrl\":\"https:\/\/magdacesti.md\/wp-content\/uploads\/2021\/03\/Foto-514-scaled.jpg\",\"width\":2560,\"height\":1707,\"caption\":\"M\u0103gd\u0103ce\u0219ti\"},\"image\":{\"@id\":\"https:\/\/magdacesti.md\/#\/schema\/logo\/image\/\"},\"sameAs\":[\"https:\/\/www.facebook.com\/magdacesti.md\/\"]},{\"@type\":\"Person\",\"@id\":\"https:\/\/magdacesti.md\/#\/schema\/person\/ee6a6d0a5f0b0cb676ac992c8e414842\",\"name\":\"magdacesti\",\"sameAs\":[\"https:\/\/magdacesti.md\"],\"url\":\"https:\/\/magdacesti.md\/?author=1\"}]}<\/script>\n<!-- \/ Yoast SEO plugin. -->","yoast_head_json":{"title":"Satul M\u0103gd\u0103ce\u0219ti este \u00een doliu... - M\u0103gd\u0103ce\u0219ti","description":"Bine ati venit pe pagina oficiala a Primariei Magdacesti.","robots":{"index":"index","follow":"follow","max-snippet":"max-snippet:-1","max-image-preview":"max-image-preview:large","max-video-preview":"max-video-preview:-1"},"canonical":"https:\/\/magdacesti.md\/?p=2513","og_locale":"en_US","og_type":"article","og_title":"Satul M\u0103gd\u0103ce\u0219ti este \u00een doliu... - M\u0103gd\u0103ce\u0219ti","og_description":"Bine ati venit pe pagina oficiala a Primariei Magdacesti.","og_url":"https:\/\/magdacesti.md\/?p=2513","og_site_name":"M\u0103gd\u0103ce\u0219ti","article_publisher":"https:\/\/www.facebook.com\/magdacesti.md\/","article_published_time":"2017-11-21T10:12:48+00:00","og_image":[{"url":"https:\/\/magdacesti.md\/wp-content\/uploads\/2017\/11\/calde_luci_di_natale__warm_lights_of_christmas.jpg"}],"author":"magdacesti","twitter_card":"summary_large_image","twitter_misc":{"Written by":"magdacesti","Est. reading time":"1 minute"},"schema":{"@context":"https:\/\/schema.org","@graph":[{"@type":"Article","@id":"https:\/\/magdacesti.md\/?p=2513#article","isPartOf":{"@id":"https:\/\/magdacesti.md\/?p=2513"},"author":{"name":"magdacesti","@id":"https:\/\/magdacesti.md\/#\/schema\/person\/ee6a6d0a5f0b0cb676ac992c8e414842"},"headline":"Satul M\u0103gd\u0103ce\u0219ti este \u00een doliu&#8230;","datePublished":"2017-11-21T10:12:48+00:00","dateModified":"2017-11-21T10:12:48+00:00","mainEntityOfPage":{"@id":"https:\/\/magdacesti.md\/?p=2513"},"wordCount":143,"publisher":{"@id":"https:\/\/magdacesti.md\/#organization"},"image":{"@id":"https:\/\/magdacesti.md\/?p=2513#primaryimage"},"thumbnailUrl":"https:\/\/magdacesti.md\/wp-content\/uploads\/2017\/11\/calde_luci_di_natale__warm_lights_of_christmas.jpg","articleSection":["Stiri"],"inLanguage":"en-US"},{"@type":"WebPage","@id":"https:\/\/magdacesti.md\/?p=2513","url":"https:\/\/magdacesti.md\/?p=2513","name":"Satul M\u0103gd\u0103ce\u0219ti este \u00een doliu... - M\u0103gd\u0103ce\u0219ti","isPartOf":{"@id":"https:\/\/magdacesti.md\/#website"},"primaryImageOfPage":{"@id":"https:\/\/magdacesti.md\/?p=2513#primaryimage"},"image":{"@id":"https:\/\/magdacesti.md\/?p=2513#primaryimage"},"thumbnailUrl":"https:\/\/magdacesti.md\/wp-content\/uploads\/2017\/11\/calde_luci_di_natale__warm_lights_of_christmas.jpg","datePublished":"2017-11-21T10:12:48+00:00","dateModified":"2017-11-21T10:12:48+00:00","description":"Bine ati venit pe pagina oficiala a Primariei Magdacesti.","breadcrumb":{"@id":"https:\/\/magdacesti.md\/?p=2513#breadcrumb"},"inLanguage":"en-US","potentialAction":[{"@type":"ReadAction","target":["https:\/\/magdacesti.md\/?p=2513"]}]},{"@type":"ImageObject","inLanguage":"en-US","@id":"https:\/\/magdacesti.md\/?p=2513#primaryimage","url":"https:\/\/magdacesti.md\/wp-content\/uploads\/2017\/11\/calde_luci_di_natale__warm_lights_of_christmas.jpg","contentUrl":"https:\/\/magdacesti.md\/wp-content\/uploads\/2017\/11\/calde_luci_di_natale__warm_lights_of_christmas.jpg"},{"@type":"BreadcrumbList","@id":"https:\/\/magdacesti.md\/?p=2513#breadcrumb","itemListElement":[{"@type":"ListItem","position":1,"name":"Home","item":"https:\/\/magdacesti.md\/"},{"@type":"ListItem","position":2,"name":"Satul M\u0103gd\u0103ce\u0219ti este \u00een doliu&#8230;"}]},{"@type":"WebSite","@id":"https:\/\/magdacesti.md\/#website","url":"https:\/\/magdacesti.md\/","name":"M\u0103gd\u0103ce\u0219ti","description":"Un or\u0103\u0219el cu condi\u021bii decente de trai!","publisher":{"@id":"https:\/\/magdacesti.md\/#organization"},"potentialAction":[{"@type":"SearchAction","target":{"@type":"EntryPoint","urlTemplate":"https:\/\/magdacesti.md\/?s={search_term_string}"},"query-input":"required name=search_term_string"}],"inLanguage":"en-US"},{"@type":"Organization","@id":"https:\/\/magdacesti.md\/#organization","name":"M\u0103gd\u0103ce\u0219ti","url":"https:\/\/magdacesti.md\/","logo":{"@type":"ImageObject","inLanguage":"en-US","@id":"https:\/\/magdacesti.md\/#\/schema\/logo\/image\/","url":"https:\/\/magdacesti.md\/wp-content\/uploads\/2021\/03\/Foto-514-scaled.jpg","contentUrl":"https:\/\/magdacesti.md\/wp-content\/uploads\/2021\/03\/Foto-514-scaled.jpg","width":2560,"height":1707,"caption":"M\u0103gd\u0103ce\u0219ti"},"image":{"@id":"https:\/\/magdacesti.md\/#\/schema\/logo\/image\/"},"sameAs":["https:\/\/www.facebook.com\/magdacesti.md\/"]},{"@type":"Person","@id":"https:\/\/magdacesti.md\/#\/schema\/person\/ee6a6d0a5f0b0cb676ac992c8e414842","name":"magdacesti","sameAs":["https:\/\/magdacesti.md"],"url":"https:\/\/magdacesti.md\/?author=1"}]}},"_links":{"self":[{"href":"https:\/\/magdacesti.md\/index.php?rest_route=\/wp\/v2\/posts\/2513","targetHints":{"allow":["GET"]}}],"collection":[{"href":"https:\/\/magdacesti.md\/index.php?rest_route=\/wp\/v2\/posts"}],"about":[{"href":"https:\/\/magdacesti.md\/index.php?rest_route=\/wp\/v2\/types\/post"}],"author":[{"embeddable":true,"href":"https:\/\/magdacesti.md\/index.php?rest_route=\/wp\/v2\/users\/1"}],"replies":[{"embeddable":true,"href":"https:\/\/magdacesti.md\/index.php?rest_route=%2Fwp%2Fv2%2Fcomments&post=2513"}],"version-history":[{"count":0,"href":"https:\/\/magdacesti.md\/index.php?rest_route=\/wp\/v2\/posts\/2513\/revisions"}],"wp:attachment":[{"href":"https:\/\/magdacesti.md\/index.php?rest_route=%2Fwp%2Fv2%2Fmedia&parent=2513"}],"wp:term":[{"taxonomy":"category","embeddable":true,"href":"https:\/\/magdacesti.md\/index.php?rest_route=%2Fwp%2Fv2%2Fcategories&post=2513"},{"taxonomy":"post_tag","embeddable":true,"href":"https:\/\/magdacesti.md\/index.php?rest_route=%2Fwp%2Fv2%2Ftags&post=2513"}],"curies":[{"name":"wp","href":"https:\/\/api.w.org\/{rel}","templated":true}]}}