{"id":2542,"date":"2017-11-30T14:20:59","date_gmt":"2017-11-30T12:20:59","guid":{"rendered":"https:\/\/magdacesti.md\/?p=2542"},"modified":"2017-11-30T14:20:59","modified_gmt":"2017-11-30T12:20:59","slug":"1-decembrie-romanii-sarbatoresc-99-de-ani-de-la-marea-unire","status":"publish","type":"post","link":"https:\/\/magdacesti.md\/?p=2542","title":{"rendered":"1 Decembrie &#8211; Rom\u00e2nii s\u0103rb\u0103toresc 99 de ani de la Marea Unire"},"content":{"rendered":"<p><em><strong>Ziua de 1 decembrie, s\u0103rb\u0103toarea de suflet a tuturor celor care simt \u0219i tr\u0103iesc rom\u00e2ne\u0219te, \u00eemi ofer\u0103 prilejul de a adresa cele mai frumoase \u0219i alese g\u00e2nduri tuturor rom\u00e2nilor de pretutindeni, \u00een special fra\u021bilor no\u0219tri din ora\u0219ul Mioveni, jud Arge\u0219.<\/strong><\/em><\/p>\n<p><img loading=\"lazy\" decoding=\"async\" class=\"aligncenter\" src=\"https:\/\/magdacesti.md\/wp-content\/uploads\/2017\/11\/111.jpg\" alt=\"\" width=\"720\" height=\"480\" \/><\/p>\n<p style=\"text-align: center;\"><span style=\"font-size: 12pt;\"><em><strong>Am deosebita pl\u0103cere de-a adresa cele mai sincere \u0219i cor<span class=\"text_exposed_show\">diale felicit\u0103ri tuturor locuitorilor or. Mioveni, deopotriv\u0103 \u0219i celui care este la c\u00e2rma prim\u0103riei Mioveni, domnul Ion Georgescu. Cu o satisfac\u021bie aparte constat faptul c\u0103 \u00een ultimii doi ani, de c\u00e2nd localit\u0103\u021bile noastre s-au \u00eenfr\u0103\u021bit, numeroase proiecte au cunoscut o dezvoltare continu\u0103, avans\u00e2nd pe un f\u0103ga\u0219 pragmatic. Vreau s\u0103 exprim profund\u0103 gratitudine pentru angajamentul valoros pe care Vi l-a\u021bi asumat \u00eentru colaborare \u0219i sus\u021binerea localit\u0103\u021bii noastre. Cu cele mai bune g\u00e2nduri \u0219i distinse sentimente, cu alese ur\u0103ri de bun\u0103stare a \u00eentregului popor rom\u00e2n, v\u0103 suntem mereu al\u0103turi, inclusiv \u0219i \u00een aceast\u0103 important\u0103 zi! <\/span><\/strong><\/em><\/span><\/p>\n<p style=\"text-align: center;\"><span style=\"font-size: 12pt;\"><em><strong><span class=\"text_exposed_show\">La Mul\u021bi Ani, Rom\u00e2nia!&#8221;<\/span><\/strong><\/em><\/span><\/p>\n<p style=\"text-align: center;\">\u00a0 \u00a0 \u00a0 \u00a0 \u00a0 \u00a0<span style=\"font-size: 10pt;\"><strong>Primarul s. M\u0103gd\u0103ce\u0219ti, Liuba COJOCARU<\/strong><\/span><\/p>\n","protected":false},"excerpt":{"rendered":"<p>Ziua de 1 decembrie, s\u0103rb\u0103toarea de suflet a tuturor celor care simt \u0219i tr\u0103iesc rom\u00e2ne\u0219te, \u00eemi ofer\u0103 prilejul de a adresa cele mai frumoase \u0219i alese g\u00e2nduri tuturor rom\u00e2nilor de pretutindeni, \u00een special fra\u021bilor no\u0219tri din ora\u0219ul Mioveni, jud Arge\u0219. Am deosebita pl\u0103cere de-a adresa cele mai sincere \u0219i cordiale felicit\u0103ri tuturor locuitorilor or. Mioveni, [&#8230;]\n","protected":false},"author":1,"featured_media":0,"comment_status":"closed","ping_status":"closed","sticky":false,"template":"","format":"standard","meta":{"ngg_post_thumbnail":0,"footnotes":""},"categories":[4],"tags":[],"class_list":["post-2542","post","type-post","status-publish","format-standard","hentry","category-stiri"],"yoast_head":"<!-- This site is optimized with the Yoast SEO plugin v23.3 - https:\/\/yoast.com\/wordpress\/plugins\/seo\/ -->\n<title>1 Decembrie - Rom\u00e2nii s\u0103rb\u0103toresc 99 de ani de la Marea Unire - M\u0103gd\u0103ce\u0219ti<\/title>\n<meta name=\"description\" content=\"Bine ati venit pe pagina oficiala a Primariei Magdacesti.\" \/>\n<meta name=\"robots\" content=\"index, follow, max-snippet:-1, max-image-preview:large, max-video-preview:-1\" \/>\n<link rel=\"canonical\" href=\"https:\/\/magdacesti.md\/?p=2542\" \/>\n<meta property=\"og:locale\" content=\"en_US\" \/>\n<meta property=\"og:type\" content=\"article\" \/>\n<meta property=\"og:title\" content=\"1 Decembrie - Rom\u00e2nii s\u0103rb\u0103toresc 99 de ani de la Marea Unire - M\u0103gd\u0103ce\u0219ti\" \/>\n<meta property=\"og:description\" content=\"Bine ati venit pe pagina oficiala a Primariei Magdacesti.\" \/>\n<meta property=\"og:url\" content=\"https:\/\/magdacesti.md\/?p=2542\" \/>\n<meta property=\"og:site_name\" content=\"M\u0103gd\u0103ce\u0219ti\" \/>\n<meta property=\"article:publisher\" content=\"https:\/\/www.facebook.com\/magdacesti.md\/\" \/>\n<meta property=\"article:published_time\" content=\"2017-11-30T12:20:59+00:00\" \/>\n<meta property=\"og:image\" content=\"https:\/\/magdacesti.md\/wp-content\/uploads\/2017\/11\/111.jpg\" \/>\n<meta name=\"author\" content=\"magdacesti\" \/>\n<meta name=\"twitter:card\" content=\"summary_large_image\" \/>\n<meta name=\"twitter:label1\" content=\"Written by\" \/>\n\t<meta name=\"twitter:data1\" content=\"magdacesti\" \/>\n\t<meta name=\"twitter:label2\" content=\"Est. reading time\" \/>\n\t<meta name=\"twitter:data2\" content=\"1 minute\" \/>\n<script type=\"application\/ld+json\" class=\"yoast-schema-graph\">{\"@context\":\"https:\/\/schema.org\",\"@graph\":[{\"@type\":\"Article\",\"@id\":\"https:\/\/magdacesti.md\/?p=2542#article\",\"isPartOf\":{\"@id\":\"https:\/\/magdacesti.md\/?p=2542\"},\"author\":{\"name\":\"magdacesti\",\"@id\":\"https:\/\/magdacesti.md\/#\/schema\/person\/ee6a6d0a5f0b0cb676ac992c8e414842\"},\"headline\":\"1 Decembrie &#8211; Rom\u00e2nii s\u0103rb\u0103toresc 99 de ani de la Marea Unire\",\"datePublished\":\"2017-11-30T12:20:59+00:00\",\"dateModified\":\"2017-11-30T12:20:59+00:00\",\"mainEntityOfPage\":{\"@id\":\"https:\/\/magdacesti.md\/?p=2542\"},\"wordCount\":196,\"publisher\":{\"@id\":\"https:\/\/magdacesti.md\/#organization\"},\"image\":{\"@id\":\"https:\/\/magdacesti.md\/?p=2542#primaryimage\"},\"thumbnailUrl\":\"https:\/\/magdacesti.md\/wp-content\/uploads\/2017\/11\/111.jpg\",\"articleSection\":[\"Stiri\"],\"inLanguage\":\"en-US\"},{\"@type\":\"WebPage\",\"@id\":\"https:\/\/magdacesti.md\/?p=2542\",\"url\":\"https:\/\/magdacesti.md\/?p=2542\",\"name\":\"1 Decembrie - Rom\u00e2nii s\u0103rb\u0103toresc 99 de ani de la Marea Unire - M\u0103gd\u0103ce\u0219ti\",\"isPartOf\":{\"@id\":\"https:\/\/magdacesti.md\/#website\"},\"primaryImageOfPage\":{\"@id\":\"https:\/\/magdacesti.md\/?p=2542#primaryimage\"},\"image\":{\"@id\":\"https:\/\/magdacesti.md\/?p=2542#primaryimage\"},\"thumbnailUrl\":\"https:\/\/magdacesti.md\/wp-content\/uploads\/2017\/11\/111.jpg\",\"datePublished\":\"2017-11-30T12:20:59+00:00\",\"dateModified\":\"2017-11-30T12:20:59+00:00\",\"description\":\"Bine ati venit pe pagina oficiala a Primariei Magdacesti.\",\"breadcrumb\":{\"@id\":\"https:\/\/magdacesti.md\/?p=2542#breadcrumb\"},\"inLanguage\":\"en-US\",\"potentialAction\":[{\"@type\":\"ReadAction\",\"target\":[\"https:\/\/magdacesti.md\/?p=2542\"]}]},{\"@type\":\"ImageObject\",\"inLanguage\":\"en-US\",\"@id\":\"https:\/\/magdacesti.md\/?p=2542#primaryimage\",\"url\":\"https:\/\/magdacesti.md\/wp-content\/uploads\/2017\/11\/111.jpg\",\"contentUrl\":\"https:\/\/magdacesti.md\/wp-content\/uploads\/2017\/11\/111.jpg\"},{\"@type\":\"BreadcrumbList\",\"@id\":\"https:\/\/magdacesti.md\/?p=2542#breadcrumb\",\"itemListElement\":[{\"@type\":\"ListItem\",\"position\":1,\"name\":\"Home\",\"item\":\"https:\/\/magdacesti.md\/\"},{\"@type\":\"ListItem\",\"position\":2,\"name\":\"1 Decembrie &#8211; Rom\u00e2nii s\u0103rb\u0103toresc 99 de ani de la Marea Unire\"}]},{\"@type\":\"WebSite\",\"@id\":\"https:\/\/magdacesti.md\/#website\",\"url\":\"https:\/\/magdacesti.md\/\",\"name\":\"M\u0103gd\u0103ce\u0219ti\",\"description\":\"Un or\u0103\u0219el cu condi\u021bii decente de trai!\",\"publisher\":{\"@id\":\"https:\/\/magdacesti.md\/#organization\"},\"potentialAction\":[{\"@type\":\"SearchAction\",\"target\":{\"@type\":\"EntryPoint\",\"urlTemplate\":\"https:\/\/magdacesti.md\/?s={search_term_string}\"},\"query-input\":\"required name=search_term_string\"}],\"inLanguage\":\"en-US\"},{\"@type\":\"Organization\",\"@id\":\"https:\/\/magdacesti.md\/#organization\",\"name\":\"M\u0103gd\u0103ce\u0219ti\",\"url\":\"https:\/\/magdacesti.md\/\",\"logo\":{\"@type\":\"ImageObject\",\"inLanguage\":\"en-US\",\"@id\":\"https:\/\/magdacesti.md\/#\/schema\/logo\/image\/\",\"url\":\"https:\/\/magdacesti.md\/wp-content\/uploads\/2021\/03\/Foto-514-scaled.jpg\",\"contentUrl\":\"https:\/\/magdacesti.md\/wp-content\/uploads\/2021\/03\/Foto-514-scaled.jpg\",\"width\":2560,\"height\":1707,\"caption\":\"M\u0103gd\u0103ce\u0219ti\"},\"image\":{\"@id\":\"https:\/\/magdacesti.md\/#\/schema\/logo\/image\/\"},\"sameAs\":[\"https:\/\/www.facebook.com\/magdacesti.md\/\"]},{\"@type\":\"Person\",\"@id\":\"https:\/\/magdacesti.md\/#\/schema\/person\/ee6a6d0a5f0b0cb676ac992c8e414842\",\"name\":\"magdacesti\",\"sameAs\":[\"https:\/\/magdacesti.md\"],\"url\":\"https:\/\/magdacesti.md\/?author=1\"}]}<\/script>\n<!-- \/ Yoast SEO plugin. -->","yoast_head_json":{"title":"1 Decembrie - Rom\u00e2nii s\u0103rb\u0103toresc 99 de ani de la Marea Unire - M\u0103gd\u0103ce\u0219ti","description":"Bine ati venit pe pagina oficiala a Primariei Magdacesti.","robots":{"index":"index","follow":"follow","max-snippet":"max-snippet:-1","max-image-preview":"max-image-preview:large","max-video-preview":"max-video-preview:-1"},"canonical":"https:\/\/magdacesti.md\/?p=2542","og_locale":"en_US","og_type":"article","og_title":"1 Decembrie - Rom\u00e2nii s\u0103rb\u0103toresc 99 de ani de la Marea Unire - M\u0103gd\u0103ce\u0219ti","og_description":"Bine ati venit pe pagina oficiala a Primariei Magdacesti.","og_url":"https:\/\/magdacesti.md\/?p=2542","og_site_name":"M\u0103gd\u0103ce\u0219ti","article_publisher":"https:\/\/www.facebook.com\/magdacesti.md\/","article_published_time":"2017-11-30T12:20:59+00:00","og_image":[{"url":"https:\/\/magdacesti.md\/wp-content\/uploads\/2017\/11\/111.jpg"}],"author":"magdacesti","twitter_card":"summary_large_image","twitter_misc":{"Written by":"magdacesti","Est. reading time":"1 minute"},"schema":{"@context":"https:\/\/schema.org","@graph":[{"@type":"Article","@id":"https:\/\/magdacesti.md\/?p=2542#article","isPartOf":{"@id":"https:\/\/magdacesti.md\/?p=2542"},"author":{"name":"magdacesti","@id":"https:\/\/magdacesti.md\/#\/schema\/person\/ee6a6d0a5f0b0cb676ac992c8e414842"},"headline":"1 Decembrie &#8211; Rom\u00e2nii s\u0103rb\u0103toresc 99 de ani de la Marea Unire","datePublished":"2017-11-30T12:20:59+00:00","dateModified":"2017-11-30T12:20:59+00:00","mainEntityOfPage":{"@id":"https:\/\/magdacesti.md\/?p=2542"},"wordCount":196,"publisher":{"@id":"https:\/\/magdacesti.md\/#organization"},"image":{"@id":"https:\/\/magdacesti.md\/?p=2542#primaryimage"},"thumbnailUrl":"https:\/\/magdacesti.md\/wp-content\/uploads\/2017\/11\/111.jpg","articleSection":["Stiri"],"inLanguage":"en-US"},{"@type":"WebPage","@id":"https:\/\/magdacesti.md\/?p=2542","url":"https:\/\/magdacesti.md\/?p=2542","name":"1 Decembrie - Rom\u00e2nii s\u0103rb\u0103toresc 99 de ani de la Marea Unire - M\u0103gd\u0103ce\u0219ti","isPartOf":{"@id":"https:\/\/magdacesti.md\/#website"},"primaryImageOfPage":{"@id":"https:\/\/magdacesti.md\/?p=2542#primaryimage"},"image":{"@id":"https:\/\/magdacesti.md\/?p=2542#primaryimage"},"thumbnailUrl":"https:\/\/magdacesti.md\/wp-content\/uploads\/2017\/11\/111.jpg","datePublished":"2017-11-30T12:20:59+00:00","dateModified":"2017-11-30T12:20:59+00:00","description":"Bine ati venit pe pagina oficiala a Primariei Magdacesti.","breadcrumb":{"@id":"https:\/\/magdacesti.md\/?p=2542#breadcrumb"},"inLanguage":"en-US","potentialAction":[{"@type":"ReadAction","target":["https:\/\/magdacesti.md\/?p=2542"]}]},{"@type":"ImageObject","inLanguage":"en-US","@id":"https:\/\/magdacesti.md\/?p=2542#primaryimage","url":"https:\/\/magdacesti.md\/wp-content\/uploads\/2017\/11\/111.jpg","contentUrl":"https:\/\/magdacesti.md\/wp-content\/uploads\/2017\/11\/111.jpg"},{"@type":"BreadcrumbList","@id":"https:\/\/magdacesti.md\/?p=2542#breadcrumb","itemListElement":[{"@type":"ListItem","position":1,"name":"Home","item":"https:\/\/magdacesti.md\/"},{"@type":"ListItem","position":2,"name":"1 Decembrie &#8211; Rom\u00e2nii s\u0103rb\u0103toresc 99 de ani de la Marea Unire"}]},{"@type":"WebSite","@id":"https:\/\/magdacesti.md\/#website","url":"https:\/\/magdacesti.md\/","name":"M\u0103gd\u0103ce\u0219ti","description":"Un or\u0103\u0219el cu condi\u021bii decente de trai!","publisher":{"@id":"https:\/\/magdacesti.md\/#organization"},"potentialAction":[{"@type":"SearchAction","target":{"@type":"EntryPoint","urlTemplate":"https:\/\/magdacesti.md\/?s={search_term_string}"},"query-input":"required name=search_term_string"}],"inLanguage":"en-US"},{"@type":"Organization","@id":"https:\/\/magdacesti.md\/#organization","name":"M\u0103gd\u0103ce\u0219ti","url":"https:\/\/magdacesti.md\/","logo":{"@type":"ImageObject","inLanguage":"en-US","@id":"https:\/\/magdacesti.md\/#\/schema\/logo\/image\/","url":"https:\/\/magdacesti.md\/wp-content\/uploads\/2021\/03\/Foto-514-scaled.jpg","contentUrl":"https:\/\/magdacesti.md\/wp-content\/uploads\/2021\/03\/Foto-514-scaled.jpg","width":2560,"height":1707,"caption":"M\u0103gd\u0103ce\u0219ti"},"image":{"@id":"https:\/\/magdacesti.md\/#\/schema\/logo\/image\/"},"sameAs":["https:\/\/www.facebook.com\/magdacesti.md\/"]},{"@type":"Person","@id":"https:\/\/magdacesti.md\/#\/schema\/person\/ee6a6d0a5f0b0cb676ac992c8e414842","name":"magdacesti","sameAs":["https:\/\/magdacesti.md"],"url":"https:\/\/magdacesti.md\/?author=1"}]}},"_links":{"self":[{"href":"https:\/\/magdacesti.md\/index.php?rest_route=\/wp\/v2\/posts\/2542","targetHints":{"allow":["GET"]}}],"collection":[{"href":"https:\/\/magdacesti.md\/index.php?rest_route=\/wp\/v2\/posts"}],"about":[{"href":"https:\/\/magdacesti.md\/index.php?rest_route=\/wp\/v2\/types\/post"}],"author":[{"embeddable":true,"href":"https:\/\/magdacesti.md\/index.php?rest_route=\/wp\/v2\/users\/1"}],"replies":[{"embeddable":true,"href":"https:\/\/magdacesti.md\/index.php?rest_route=%2Fwp%2Fv2%2Fcomments&post=2542"}],"version-history":[{"count":0,"href":"https:\/\/magdacesti.md\/index.php?rest_route=\/wp\/v2\/posts\/2542\/revisions"}],"wp:attachment":[{"href":"https:\/\/magdacesti.md\/index.php?rest_route=%2Fwp%2Fv2%2Fmedia&parent=2542"}],"wp:term":[{"taxonomy":"category","embeddable":true,"href":"https:\/\/magdacesti.md\/index.php?rest_route=%2Fwp%2Fv2%2Fcategories&post=2542"},{"taxonomy":"post_tag","embeddable":true,"href":"https:\/\/magdacesti.md\/index.php?rest_route=%2Fwp%2Fv2%2Ftags&post=2542"}],"curies":[{"name":"wp","href":"https:\/\/api.w.org\/{rel}","templated":true}]}}