{"id":2598,"date":"2017-12-21T11:50:07","date_gmt":"2017-12-21T09:50:07","guid":{"rendered":"https:\/\/magdacesti.md\/?p=2598"},"modified":"2017-12-21T11:50:07","modified_gmt":"2017-12-21T09:50:07","slug":"duminica-24-decembrie-inaugurarea-bradului-in-s-magdacesti","status":"publish","type":"post","link":"https:\/\/magdacesti.md\/?p=2598","title":{"rendered":"Duminic\u0103, 24 decembrie &#8211; Inaugurarea Bradului \u00een s. M\u0103gd\u0103ce\u0219ti"},"content":{"rendered":"<p style=\"text-align: center;\"><span style=\"font-size: 12pt;\">Vino, Duminic\u0103, 24 decembrie, ora 17.00, la estrada de var\u0103, cu \u00eentreaga familie, s\u0103 inaugur\u0103m \u0219i s\u0103 aprindem lumini\u021bele de s\u0103rb\u0103toare de pe Bradul de Cr\u0103ciun. \u00cen ajun de s\u0103rb\u0103tori, prim\u0103ria s. M\u0103gd\u0103ce\u0219ti a preg\u0103tit numeroase surprize pentru to\u021bi locuitorii. Nelipsit de la festivitate va fi Mo\u0219 Cr\u0103ciun, care va \u00eemp\u0103r\u021bi cadouri copiilor cumin\u021bi, iar \u00een scuarul estradei de var\u0103 va fi organizat\u0103 \u0219i o discotec\u0103 pentru to\u021bi invita\u021bii.<\/span><\/p>\n<p style=\"text-align: center;\"><span style=\"font-size: 12pt;\"><strong>V\u0103 a\u0219tept\u0103m pe to\u021bi cu drag!<\/strong><\/span><\/p>\n<p style=\"text-align: center;\"><img loading=\"lazy\" decoding=\"async\" class=\"aligncenter\" src=\"https:\/\/magdacesti.md\/wp-content\/uploads\/2017\/12\/1512372597087.jpg\" alt=\"\" width=\"615\" height=\"410\" \/><\/p>\n<p style=\"text-align: center;\">\n","protected":false},"excerpt":{"rendered":"<p>Vino, Duminic\u0103, 24 decembrie, ora 17.00, la estrada de var\u0103, cu \u00eentreaga familie, s\u0103 inaugur\u0103m \u0219i s\u0103 aprindem lumini\u021bele de s\u0103rb\u0103toare de pe Bradul de Cr\u0103ciun. \u00cen ajun de s\u0103rb\u0103tori, prim\u0103ria s. M\u0103gd\u0103ce\u0219ti a preg\u0103tit numeroase surprize pentru to\u021bi locuitorii. Nelipsit de la festivitate va fi Mo\u0219 Cr\u0103ciun, care va \u00eemp\u0103r\u021bi cadouri copiilor cumin\u021bi, iar [&#8230;]\n","protected":false},"author":1,"featured_media":0,"comment_status":"closed","ping_status":"closed","sticky":false,"template":"","format":"standard","meta":{"ngg_post_thumbnail":0,"footnotes":""},"categories":[4],"tags":[],"class_list":["post-2598","post","type-post","status-publish","format-standard","hentry","category-stiri"],"yoast_head":"<!-- This site is optimized with the Yoast SEO plugin v23.3 - https:\/\/yoast.com\/wordpress\/plugins\/seo\/ -->\n<title>Duminic\u0103, 24 decembrie - Inaugurarea Bradului \u00een s. M\u0103gd\u0103ce\u0219ti - M\u0103gd\u0103ce\u0219ti<\/title>\n<meta name=\"description\" content=\"Bine ati venit pe pagina oficiala a Primariei Magdacesti.\" \/>\n<meta name=\"robots\" content=\"index, follow, max-snippet:-1, max-image-preview:large, max-video-preview:-1\" \/>\n<link rel=\"canonical\" href=\"https:\/\/magdacesti.md\/?p=2598\" \/>\n<meta property=\"og:locale\" content=\"en_US\" \/>\n<meta property=\"og:type\" content=\"article\" \/>\n<meta property=\"og:title\" content=\"Duminic\u0103, 24 decembrie - Inaugurarea Bradului \u00een s. M\u0103gd\u0103ce\u0219ti - M\u0103gd\u0103ce\u0219ti\" \/>\n<meta property=\"og:description\" content=\"Bine ati venit pe pagina oficiala a Primariei Magdacesti.\" \/>\n<meta property=\"og:url\" content=\"https:\/\/magdacesti.md\/?p=2598\" \/>\n<meta property=\"og:site_name\" content=\"M\u0103gd\u0103ce\u0219ti\" \/>\n<meta property=\"article:publisher\" content=\"https:\/\/www.facebook.com\/magdacesti.md\/\" \/>\n<meta property=\"article:published_time\" content=\"2017-12-21T09:50:07+00:00\" \/>\n<meta property=\"og:image\" content=\"https:\/\/magdacesti.md\/wp-content\/uploads\/2017\/12\/1512372597087.jpg\" \/>\n<meta name=\"author\" content=\"magdacesti\" \/>\n<meta name=\"twitter:card\" content=\"summary_large_image\" \/>\n<meta name=\"twitter:label1\" content=\"Written by\" \/>\n\t<meta name=\"twitter:data1\" content=\"magdacesti\" \/>\n<script type=\"application\/ld+json\" class=\"yoast-schema-graph\">{\"@context\":\"https:\/\/schema.org\",\"@graph\":[{\"@type\":\"Article\",\"@id\":\"https:\/\/magdacesti.md\/?p=2598#article\",\"isPartOf\":{\"@id\":\"https:\/\/magdacesti.md\/?p=2598\"},\"author\":{\"name\":\"magdacesti\",\"@id\":\"https:\/\/magdacesti.md\/#\/schema\/person\/ee6a6d0a5f0b0cb676ac992c8e414842\"},\"headline\":\"Duminic\u0103, 24 decembrie &#8211; Inaugurarea Bradului \u00een s. M\u0103gd\u0103ce\u0219ti\",\"datePublished\":\"2017-12-21T09:50:07+00:00\",\"dateModified\":\"2017-12-21T09:50:07+00:00\",\"mainEntityOfPage\":{\"@id\":\"https:\/\/magdacesti.md\/?p=2598\"},\"wordCount\":106,\"publisher\":{\"@id\":\"https:\/\/magdacesti.md\/#organization\"},\"image\":{\"@id\":\"https:\/\/magdacesti.md\/?p=2598#primaryimage\"},\"thumbnailUrl\":\"https:\/\/magdacesti.md\/wp-content\/uploads\/2017\/12\/1512372597087.jpg\",\"articleSection\":[\"Stiri\"],\"inLanguage\":\"en-US\"},{\"@type\":\"WebPage\",\"@id\":\"https:\/\/magdacesti.md\/?p=2598\",\"url\":\"https:\/\/magdacesti.md\/?p=2598\",\"name\":\"Duminic\u0103, 24 decembrie - Inaugurarea Bradului \u00een s. M\u0103gd\u0103ce\u0219ti - M\u0103gd\u0103ce\u0219ti\",\"isPartOf\":{\"@id\":\"https:\/\/magdacesti.md\/#website\"},\"primaryImageOfPage\":{\"@id\":\"https:\/\/magdacesti.md\/?p=2598#primaryimage\"},\"image\":{\"@id\":\"https:\/\/magdacesti.md\/?p=2598#primaryimage\"},\"thumbnailUrl\":\"https:\/\/magdacesti.md\/wp-content\/uploads\/2017\/12\/1512372597087.jpg\",\"datePublished\":\"2017-12-21T09:50:07+00:00\",\"dateModified\":\"2017-12-21T09:50:07+00:00\",\"description\":\"Bine ati venit pe pagina oficiala a Primariei Magdacesti.\",\"breadcrumb\":{\"@id\":\"https:\/\/magdacesti.md\/?p=2598#breadcrumb\"},\"inLanguage\":\"en-US\",\"potentialAction\":[{\"@type\":\"ReadAction\",\"target\":[\"https:\/\/magdacesti.md\/?p=2598\"]}]},{\"@type\":\"ImageObject\",\"inLanguage\":\"en-US\",\"@id\":\"https:\/\/magdacesti.md\/?p=2598#primaryimage\",\"url\":\"https:\/\/magdacesti.md\/wp-content\/uploads\/2017\/12\/1512372597087.jpg\",\"contentUrl\":\"https:\/\/magdacesti.md\/wp-content\/uploads\/2017\/12\/1512372597087.jpg\"},{\"@type\":\"BreadcrumbList\",\"@id\":\"https:\/\/magdacesti.md\/?p=2598#breadcrumb\",\"itemListElement\":[{\"@type\":\"ListItem\",\"position\":1,\"name\":\"Home\",\"item\":\"https:\/\/magdacesti.md\/\"},{\"@type\":\"ListItem\",\"position\":2,\"name\":\"Duminic\u0103, 24 decembrie &#8211; Inaugurarea Bradului \u00een s. M\u0103gd\u0103ce\u0219ti\"}]},{\"@type\":\"WebSite\",\"@id\":\"https:\/\/magdacesti.md\/#website\",\"url\":\"https:\/\/magdacesti.md\/\",\"name\":\"M\u0103gd\u0103ce\u0219ti\",\"description\":\"Un or\u0103\u0219el cu condi\u021bii decente de trai!\",\"publisher\":{\"@id\":\"https:\/\/magdacesti.md\/#organization\"},\"potentialAction\":[{\"@type\":\"SearchAction\",\"target\":{\"@type\":\"EntryPoint\",\"urlTemplate\":\"https:\/\/magdacesti.md\/?s={search_term_string}\"},\"query-input\":\"required name=search_term_string\"}],\"inLanguage\":\"en-US\"},{\"@type\":\"Organization\",\"@id\":\"https:\/\/magdacesti.md\/#organization\",\"name\":\"M\u0103gd\u0103ce\u0219ti\",\"url\":\"https:\/\/magdacesti.md\/\",\"logo\":{\"@type\":\"ImageObject\",\"inLanguage\":\"en-US\",\"@id\":\"https:\/\/magdacesti.md\/#\/schema\/logo\/image\/\",\"url\":\"https:\/\/magdacesti.md\/wp-content\/uploads\/2021\/03\/Foto-514-scaled.jpg\",\"contentUrl\":\"https:\/\/magdacesti.md\/wp-content\/uploads\/2021\/03\/Foto-514-scaled.jpg\",\"width\":2560,\"height\":1707,\"caption\":\"M\u0103gd\u0103ce\u0219ti\"},\"image\":{\"@id\":\"https:\/\/magdacesti.md\/#\/schema\/logo\/image\/\"},\"sameAs\":[\"https:\/\/www.facebook.com\/magdacesti.md\/\"]},{\"@type\":\"Person\",\"@id\":\"https:\/\/magdacesti.md\/#\/schema\/person\/ee6a6d0a5f0b0cb676ac992c8e414842\",\"name\":\"magdacesti\",\"sameAs\":[\"https:\/\/magdacesti.md\"],\"url\":\"https:\/\/magdacesti.md\/?author=1\"}]}<\/script>\n<!-- \/ Yoast SEO plugin. -->","yoast_head_json":{"title":"Duminic\u0103, 24 decembrie - Inaugurarea Bradului \u00een s. M\u0103gd\u0103ce\u0219ti - M\u0103gd\u0103ce\u0219ti","description":"Bine ati venit pe pagina oficiala a Primariei Magdacesti.","robots":{"index":"index","follow":"follow","max-snippet":"max-snippet:-1","max-image-preview":"max-image-preview:large","max-video-preview":"max-video-preview:-1"},"canonical":"https:\/\/magdacesti.md\/?p=2598","og_locale":"en_US","og_type":"article","og_title":"Duminic\u0103, 24 decembrie - Inaugurarea Bradului \u00een s. M\u0103gd\u0103ce\u0219ti - M\u0103gd\u0103ce\u0219ti","og_description":"Bine ati venit pe pagina oficiala a Primariei Magdacesti.","og_url":"https:\/\/magdacesti.md\/?p=2598","og_site_name":"M\u0103gd\u0103ce\u0219ti","article_publisher":"https:\/\/www.facebook.com\/magdacesti.md\/","article_published_time":"2017-12-21T09:50:07+00:00","og_image":[{"url":"https:\/\/magdacesti.md\/wp-content\/uploads\/2017\/12\/1512372597087.jpg"}],"author":"magdacesti","twitter_card":"summary_large_image","twitter_misc":{"Written by":"magdacesti"},"schema":{"@context":"https:\/\/schema.org","@graph":[{"@type":"Article","@id":"https:\/\/magdacesti.md\/?p=2598#article","isPartOf":{"@id":"https:\/\/magdacesti.md\/?p=2598"},"author":{"name":"magdacesti","@id":"https:\/\/magdacesti.md\/#\/schema\/person\/ee6a6d0a5f0b0cb676ac992c8e414842"},"headline":"Duminic\u0103, 24 decembrie &#8211; Inaugurarea Bradului \u00een s. M\u0103gd\u0103ce\u0219ti","datePublished":"2017-12-21T09:50:07+00:00","dateModified":"2017-12-21T09:50:07+00:00","mainEntityOfPage":{"@id":"https:\/\/magdacesti.md\/?p=2598"},"wordCount":106,"publisher":{"@id":"https:\/\/magdacesti.md\/#organization"},"image":{"@id":"https:\/\/magdacesti.md\/?p=2598#primaryimage"},"thumbnailUrl":"https:\/\/magdacesti.md\/wp-content\/uploads\/2017\/12\/1512372597087.jpg","articleSection":["Stiri"],"inLanguage":"en-US"},{"@type":"WebPage","@id":"https:\/\/magdacesti.md\/?p=2598","url":"https:\/\/magdacesti.md\/?p=2598","name":"Duminic\u0103, 24 decembrie - Inaugurarea Bradului \u00een s. M\u0103gd\u0103ce\u0219ti - M\u0103gd\u0103ce\u0219ti","isPartOf":{"@id":"https:\/\/magdacesti.md\/#website"},"primaryImageOfPage":{"@id":"https:\/\/magdacesti.md\/?p=2598#primaryimage"},"image":{"@id":"https:\/\/magdacesti.md\/?p=2598#primaryimage"},"thumbnailUrl":"https:\/\/magdacesti.md\/wp-content\/uploads\/2017\/12\/1512372597087.jpg","datePublished":"2017-12-21T09:50:07+00:00","dateModified":"2017-12-21T09:50:07+00:00","description":"Bine ati venit pe pagina oficiala a Primariei Magdacesti.","breadcrumb":{"@id":"https:\/\/magdacesti.md\/?p=2598#breadcrumb"},"inLanguage":"en-US","potentialAction":[{"@type":"ReadAction","target":["https:\/\/magdacesti.md\/?p=2598"]}]},{"@type":"ImageObject","inLanguage":"en-US","@id":"https:\/\/magdacesti.md\/?p=2598#primaryimage","url":"https:\/\/magdacesti.md\/wp-content\/uploads\/2017\/12\/1512372597087.jpg","contentUrl":"https:\/\/magdacesti.md\/wp-content\/uploads\/2017\/12\/1512372597087.jpg"},{"@type":"BreadcrumbList","@id":"https:\/\/magdacesti.md\/?p=2598#breadcrumb","itemListElement":[{"@type":"ListItem","position":1,"name":"Home","item":"https:\/\/magdacesti.md\/"},{"@type":"ListItem","position":2,"name":"Duminic\u0103, 24 decembrie &#8211; Inaugurarea Bradului \u00een s. M\u0103gd\u0103ce\u0219ti"}]},{"@type":"WebSite","@id":"https:\/\/magdacesti.md\/#website","url":"https:\/\/magdacesti.md\/","name":"M\u0103gd\u0103ce\u0219ti","description":"Un or\u0103\u0219el cu condi\u021bii decente de trai!","publisher":{"@id":"https:\/\/magdacesti.md\/#organization"},"potentialAction":[{"@type":"SearchAction","target":{"@type":"EntryPoint","urlTemplate":"https:\/\/magdacesti.md\/?s={search_term_string}"},"query-input":"required name=search_term_string"}],"inLanguage":"en-US"},{"@type":"Organization","@id":"https:\/\/magdacesti.md\/#organization","name":"M\u0103gd\u0103ce\u0219ti","url":"https:\/\/magdacesti.md\/","logo":{"@type":"ImageObject","inLanguage":"en-US","@id":"https:\/\/magdacesti.md\/#\/schema\/logo\/image\/","url":"https:\/\/magdacesti.md\/wp-content\/uploads\/2021\/03\/Foto-514-scaled.jpg","contentUrl":"https:\/\/magdacesti.md\/wp-content\/uploads\/2021\/03\/Foto-514-scaled.jpg","width":2560,"height":1707,"caption":"M\u0103gd\u0103ce\u0219ti"},"image":{"@id":"https:\/\/magdacesti.md\/#\/schema\/logo\/image\/"},"sameAs":["https:\/\/www.facebook.com\/magdacesti.md\/"]},{"@type":"Person","@id":"https:\/\/magdacesti.md\/#\/schema\/person\/ee6a6d0a5f0b0cb676ac992c8e414842","name":"magdacesti","sameAs":["https:\/\/magdacesti.md"],"url":"https:\/\/magdacesti.md\/?author=1"}]}},"_links":{"self":[{"href":"https:\/\/magdacesti.md\/index.php?rest_route=\/wp\/v2\/posts\/2598","targetHints":{"allow":["GET"]}}],"collection":[{"href":"https:\/\/magdacesti.md\/index.php?rest_route=\/wp\/v2\/posts"}],"about":[{"href":"https:\/\/magdacesti.md\/index.php?rest_route=\/wp\/v2\/types\/post"}],"author":[{"embeddable":true,"href":"https:\/\/magdacesti.md\/index.php?rest_route=\/wp\/v2\/users\/1"}],"replies":[{"embeddable":true,"href":"https:\/\/magdacesti.md\/index.php?rest_route=%2Fwp%2Fv2%2Fcomments&post=2598"}],"version-history":[{"count":0,"href":"https:\/\/magdacesti.md\/index.php?rest_route=\/wp\/v2\/posts\/2598\/revisions"}],"wp:attachment":[{"href":"https:\/\/magdacesti.md\/index.php?rest_route=%2Fwp%2Fv2%2Fmedia&parent=2598"}],"wp:term":[{"taxonomy":"category","embeddable":true,"href":"https:\/\/magdacesti.md\/index.php?rest_route=%2Fwp%2Fv2%2Fcategories&post=2598"},{"taxonomy":"post_tag","embeddable":true,"href":"https:\/\/magdacesti.md\/index.php?rest_route=%2Fwp%2Fv2%2Ftags&post=2598"}],"curies":[{"name":"wp","href":"https:\/\/api.w.org\/{rel}","templated":true}]}}