{"id":2628,"date":"2018-01-03T22:30:13","date_gmt":"2018-01-03T20:30:13","guid":{"rendered":"https:\/\/magdacesti.md\/?p=2628"},"modified":"2018-01-03T22:30:13","modified_gmt":"2018-01-03T20:30:13","slug":"gala-omul-anului-2017-in-s-magdacesti","status":"publish","type":"post","link":"https:\/\/magdacesti.md\/?p=2628","title":{"rendered":"Gala &#8220;Omul Anului 2017, \u00een s. M\u0103gd\u0103ce\u0219ti&#8221;. Video\/Foto"},"content":{"rendered":"<p><strong><iframe loading=\"lazy\" src=\"\/\/www.youtube.com\/embed\/NJUnhlVGgKY\" width=\"560\" height=\"314\" allowfullscreen=\"allowfullscreen\"><\/iframe><\/strong><\/p>\n<p><strong>Pe 30 decembrie 2017, prim\u0103ria s. M\u0103gd\u0103ce\u0219ti a organizat un eveniment grandios:&#8221; &#8220;Revelionul \u0219i Gala &#8220;Omul Anului-2017&#8221;.\u00a0Peste 250 de persoane: locuitori ai s. M\u0103gd\u0103ce\u0219ti, agen\u021bi economici, persoane publice \u0219i cet\u0103\u021benii care au colaborat eficient cu administra\u021bia public\u0103 local\u0103, s-au distrat pe cinste \u00een ajunul nop\u021bii dintre ani.<\/strong><\/p>\n<p>\u00cen cadrul evenimentului, au fost premia\u021bi 9 personalit\u0103\u021bi din localitate, pentru exercitarea co<span class=\"text_exposed_show\">mpeten\u021belor profesionale, contribu\u021bie personal\u0103 la prestarea serviciilor de calitate \u00een comunitate \u0219i pentru participare activ\u0103 la ac\u021biunile socio comunitare.<\/span><\/p>\n<p><img loading=\"lazy\" decoding=\"async\" class=\"aligncenter\" src=\"https:\/\/magdacesti.md\/wp-content\/uploads\/2018\/01\/Foto-2.jpg\" alt=\"\" width=\"608\" height=\"405\" \/><\/p>\n<p><img loading=\"lazy\" decoding=\"async\" class=\"aligncenter\" src=\"https:\/\/magdacesti.md\/wp-content\/uploads\/2018\/01\/Foto-3.jpg\" alt=\"\" width=\"603\" height=\"402\" \/><\/p>\n<p><img loading=\"lazy\" decoding=\"async\" class=\"aligncenter\" src=\"https:\/\/magdacesti.md\/wp-content\/uploads\/2018\/01\/Foto-4.jpg\" alt=\"\" width=\"605\" height=\"403\" \/><\/p>\n<p><img loading=\"lazy\" decoding=\"async\" class=\"aligncenter\" src=\"https:\/\/magdacesti.md\/wp-content\/uploads\/2018\/01\/Foto-5.jpg\" alt=\"\" width=\"594\" height=\"396\" \/><\/p>\n<p><img loading=\"lazy\" decoding=\"async\" class=\"aligncenter\" src=\"https:\/\/magdacesti.md\/wp-content\/uploads\/2018\/01\/Foto-6.jpg\" alt=\"\" width=\"587\" height=\"391\" \/><\/p>\n<p><img loading=\"lazy\" decoding=\"async\" class=\"aligncenter\" src=\"https:\/\/magdacesti.md\/wp-content\/uploads\/2018\/01\/Foto-7.jpg\" alt=\"\" width=\"587\" height=\"391\" \/><\/p>\n<p><img loading=\"lazy\" decoding=\"async\" class=\"aligncenter\" src=\"https:\/\/magdacesti.md\/wp-content\/uploads\/2018\/01\/Foto-9.jpg\" width=\"585\" height=\"390\" \/><\/p>\n<p><img loading=\"lazy\" decoding=\"async\" class=\"aligncenter\" src=\"https:\/\/magdacesti.md\/wp-content\/uploads\/2018\/01\/Foto-19.jpg\" alt=\"\" width=\"720\" height=\"480\" \/><\/p>\n<p><span class=\"text_exposed_show\">Ne-au urat \u0219i \u00eenc\u00e2ntat grupul de colind\u0103tori din Ansamblul local &#8220;Cununa Dorului&#8221; \u0219i Corul satului &#8220;Balada. Atmosfera muzical\u0103 a fost \u00eentre\u021binut\u0103 de instrumenti\u0219tii din &#8220;Fanfara satului M\u0103gd\u0103ce\u0219ti&#8221;.<br \/>\nSurpriza serii au fost cei din Orchestra &#8220;Tharmis&#8221; \u0219i Valentin Uzun, care au sus\u021binut un recital de zile mari.<\/span><\/p>\n","protected":false},"excerpt":{"rendered":"<p>Pe 30 decembrie 2017, prim\u0103ria s. M\u0103gd\u0103ce\u0219ti a organizat un eveniment grandios:&#8221; &#8220;Revelionul \u0219i Gala &#8220;Omul Anului-2017&#8221;.\u00a0Peste 250 de persoane: locuitori ai s. M\u0103gd\u0103ce\u0219ti, agen\u021bi economici, persoane publice \u0219i cet\u0103\u021benii care au colaborat eficient cu administra\u021bia public\u0103 local\u0103, s-au distrat pe cinste \u00een ajunul nop\u021bii dintre ani. \u00cen cadrul evenimentului, au fost premia\u021bi 9 personalit\u0103\u021bi [&#8230;]\n","protected":false},"author":1,"featured_media":0,"comment_status":"closed","ping_status":"closed","sticky":false,"template":"","format":"standard","meta":{"ngg_post_thumbnail":0,"footnotes":""},"categories":[4],"tags":[],"class_list":["post-2628","post","type-post","status-publish","format-standard","hentry","category-stiri"],"yoast_head":"<!-- This site is optimized with the Yoast SEO plugin v23.3 - https:\/\/yoast.com\/wordpress\/plugins\/seo\/ -->\n<title>Gala &quot;Omul Anului 2017, \u00een s. M\u0103gd\u0103ce\u0219ti&quot;. Video\/Foto - M\u0103gd\u0103ce\u0219ti<\/title>\n<meta name=\"description\" content=\"Bine ati venit pe pagina oficiala a Primariei Magdacesti.\" \/>\n<meta name=\"robots\" content=\"index, follow, max-snippet:-1, max-image-preview:large, max-video-preview:-1\" \/>\n<link rel=\"canonical\" href=\"https:\/\/magdacesti.md\/?p=2628\" \/>\n<meta property=\"og:locale\" content=\"en_US\" \/>\n<meta property=\"og:type\" content=\"article\" \/>\n<meta property=\"og:title\" content=\"Gala &quot;Omul Anului 2017, \u00een s. M\u0103gd\u0103ce\u0219ti&quot;. Video\/Foto - M\u0103gd\u0103ce\u0219ti\" \/>\n<meta property=\"og:description\" content=\"Bine ati venit pe pagina oficiala a Primariei Magdacesti.\" \/>\n<meta property=\"og:url\" content=\"https:\/\/magdacesti.md\/?p=2628\" \/>\n<meta property=\"og:site_name\" content=\"M\u0103gd\u0103ce\u0219ti\" \/>\n<meta property=\"article:publisher\" content=\"https:\/\/www.facebook.com\/magdacesti.md\/\" \/>\n<meta property=\"article:published_time\" content=\"2018-01-03T20:30:13+00:00\" \/>\n<meta property=\"og:image\" content=\"https:\/\/magdacesti.md\/wp-content\/uploads\/2018\/01\/Foto-2.jpg\" \/>\n<meta name=\"author\" content=\"magdacesti\" \/>\n<meta name=\"twitter:card\" content=\"summary_large_image\" \/>\n<meta name=\"twitter:label1\" content=\"Written by\" \/>\n\t<meta name=\"twitter:data1\" content=\"magdacesti\" \/>\n\t<meta name=\"twitter:label2\" content=\"Est. reading time\" \/>\n\t<meta name=\"twitter:data2\" content=\"1 minute\" \/>\n<script type=\"application\/ld+json\" class=\"yoast-schema-graph\">{\"@context\":\"https:\/\/schema.org\",\"@graph\":[{\"@type\":\"Article\",\"@id\":\"https:\/\/magdacesti.md\/?p=2628#article\",\"isPartOf\":{\"@id\":\"https:\/\/magdacesti.md\/?p=2628\"},\"author\":{\"name\":\"magdacesti\",\"@id\":\"https:\/\/magdacesti.md\/#\/schema\/person\/ee6a6d0a5f0b0cb676ac992c8e414842\"},\"headline\":\"Gala &#8220;Omul Anului 2017, \u00een s. M\u0103gd\u0103ce\u0219ti&#8221;. Video\/Foto\",\"datePublished\":\"2018-01-03T20:30:13+00:00\",\"dateModified\":\"2018-01-03T20:30:13+00:00\",\"mainEntityOfPage\":{\"@id\":\"https:\/\/magdacesti.md\/?p=2628\"},\"wordCount\":156,\"publisher\":{\"@id\":\"https:\/\/magdacesti.md\/#organization\"},\"image\":{\"@id\":\"https:\/\/magdacesti.md\/?p=2628#primaryimage\"},\"thumbnailUrl\":\"https:\/\/magdacesti.md\/wp-content\/uploads\/2018\/01\/Foto-2.jpg\",\"articleSection\":[\"Stiri\"],\"inLanguage\":\"en-US\"},{\"@type\":\"WebPage\",\"@id\":\"https:\/\/magdacesti.md\/?p=2628\",\"url\":\"https:\/\/magdacesti.md\/?p=2628\",\"name\":\"Gala \\\"Omul Anului 2017, \u00een s. M\u0103gd\u0103ce\u0219ti\\\". Video\/Foto - M\u0103gd\u0103ce\u0219ti\",\"isPartOf\":{\"@id\":\"https:\/\/magdacesti.md\/#website\"},\"primaryImageOfPage\":{\"@id\":\"https:\/\/magdacesti.md\/?p=2628#primaryimage\"},\"image\":{\"@id\":\"https:\/\/magdacesti.md\/?p=2628#primaryimage\"},\"thumbnailUrl\":\"https:\/\/magdacesti.md\/wp-content\/uploads\/2018\/01\/Foto-2.jpg\",\"datePublished\":\"2018-01-03T20:30:13+00:00\",\"dateModified\":\"2018-01-03T20:30:13+00:00\",\"description\":\"Bine ati venit pe pagina oficiala a Primariei Magdacesti.\",\"breadcrumb\":{\"@id\":\"https:\/\/magdacesti.md\/?p=2628#breadcrumb\"},\"inLanguage\":\"en-US\",\"potentialAction\":[{\"@type\":\"ReadAction\",\"target\":[\"https:\/\/magdacesti.md\/?p=2628\"]}]},{\"@type\":\"ImageObject\",\"inLanguage\":\"en-US\",\"@id\":\"https:\/\/magdacesti.md\/?p=2628#primaryimage\",\"url\":\"https:\/\/magdacesti.md\/wp-content\/uploads\/2018\/01\/Foto-2.jpg\",\"contentUrl\":\"https:\/\/magdacesti.md\/wp-content\/uploads\/2018\/01\/Foto-2.jpg\"},{\"@type\":\"BreadcrumbList\",\"@id\":\"https:\/\/magdacesti.md\/?p=2628#breadcrumb\",\"itemListElement\":[{\"@type\":\"ListItem\",\"position\":1,\"name\":\"Home\",\"item\":\"https:\/\/magdacesti.md\/\"},{\"@type\":\"ListItem\",\"position\":2,\"name\":\"Gala &#8220;Omul Anului 2017, \u00een s. M\u0103gd\u0103ce\u0219ti&#8221;. Video\/Foto\"}]},{\"@type\":\"WebSite\",\"@id\":\"https:\/\/magdacesti.md\/#website\",\"url\":\"https:\/\/magdacesti.md\/\",\"name\":\"M\u0103gd\u0103ce\u0219ti\",\"description\":\"Un or\u0103\u0219el cu condi\u021bii decente de trai!\",\"publisher\":{\"@id\":\"https:\/\/magdacesti.md\/#organization\"},\"potentialAction\":[{\"@type\":\"SearchAction\",\"target\":{\"@type\":\"EntryPoint\",\"urlTemplate\":\"https:\/\/magdacesti.md\/?s={search_term_string}\"},\"query-input\":\"required name=search_term_string\"}],\"inLanguage\":\"en-US\"},{\"@type\":\"Organization\",\"@id\":\"https:\/\/magdacesti.md\/#organization\",\"name\":\"M\u0103gd\u0103ce\u0219ti\",\"url\":\"https:\/\/magdacesti.md\/\",\"logo\":{\"@type\":\"ImageObject\",\"inLanguage\":\"en-US\",\"@id\":\"https:\/\/magdacesti.md\/#\/schema\/logo\/image\/\",\"url\":\"https:\/\/magdacesti.md\/wp-content\/uploads\/2021\/03\/Foto-514-scaled.jpg\",\"contentUrl\":\"https:\/\/magdacesti.md\/wp-content\/uploads\/2021\/03\/Foto-514-scaled.jpg\",\"width\":2560,\"height\":1707,\"caption\":\"M\u0103gd\u0103ce\u0219ti\"},\"image\":{\"@id\":\"https:\/\/magdacesti.md\/#\/schema\/logo\/image\/\"},\"sameAs\":[\"https:\/\/www.facebook.com\/magdacesti.md\/\"]},{\"@type\":\"Person\",\"@id\":\"https:\/\/magdacesti.md\/#\/schema\/person\/ee6a6d0a5f0b0cb676ac992c8e414842\",\"name\":\"magdacesti\",\"sameAs\":[\"https:\/\/magdacesti.md\"],\"url\":\"https:\/\/magdacesti.md\/?author=1\"}]}<\/script>\n<!-- \/ Yoast SEO plugin. -->","yoast_head_json":{"title":"Gala \"Omul Anului 2017, \u00een s. M\u0103gd\u0103ce\u0219ti\". Video\/Foto - M\u0103gd\u0103ce\u0219ti","description":"Bine ati venit pe pagina oficiala a Primariei Magdacesti.","robots":{"index":"index","follow":"follow","max-snippet":"max-snippet:-1","max-image-preview":"max-image-preview:large","max-video-preview":"max-video-preview:-1"},"canonical":"https:\/\/magdacesti.md\/?p=2628","og_locale":"en_US","og_type":"article","og_title":"Gala \"Omul Anului 2017, \u00een s. M\u0103gd\u0103ce\u0219ti\". Video\/Foto - M\u0103gd\u0103ce\u0219ti","og_description":"Bine ati venit pe pagina oficiala a Primariei Magdacesti.","og_url":"https:\/\/magdacesti.md\/?p=2628","og_site_name":"M\u0103gd\u0103ce\u0219ti","article_publisher":"https:\/\/www.facebook.com\/magdacesti.md\/","article_published_time":"2018-01-03T20:30:13+00:00","og_image":[{"url":"https:\/\/magdacesti.md\/wp-content\/uploads\/2018\/01\/Foto-2.jpg"}],"author":"magdacesti","twitter_card":"summary_large_image","twitter_misc":{"Written by":"magdacesti","Est. reading time":"1 minute"},"schema":{"@context":"https:\/\/schema.org","@graph":[{"@type":"Article","@id":"https:\/\/magdacesti.md\/?p=2628#article","isPartOf":{"@id":"https:\/\/magdacesti.md\/?p=2628"},"author":{"name":"magdacesti","@id":"https:\/\/magdacesti.md\/#\/schema\/person\/ee6a6d0a5f0b0cb676ac992c8e414842"},"headline":"Gala &#8220;Omul Anului 2017, \u00een s. M\u0103gd\u0103ce\u0219ti&#8221;. Video\/Foto","datePublished":"2018-01-03T20:30:13+00:00","dateModified":"2018-01-03T20:30:13+00:00","mainEntityOfPage":{"@id":"https:\/\/magdacesti.md\/?p=2628"},"wordCount":156,"publisher":{"@id":"https:\/\/magdacesti.md\/#organization"},"image":{"@id":"https:\/\/magdacesti.md\/?p=2628#primaryimage"},"thumbnailUrl":"https:\/\/magdacesti.md\/wp-content\/uploads\/2018\/01\/Foto-2.jpg","articleSection":["Stiri"],"inLanguage":"en-US"},{"@type":"WebPage","@id":"https:\/\/magdacesti.md\/?p=2628","url":"https:\/\/magdacesti.md\/?p=2628","name":"Gala \"Omul Anului 2017, \u00een s. M\u0103gd\u0103ce\u0219ti\". Video\/Foto - M\u0103gd\u0103ce\u0219ti","isPartOf":{"@id":"https:\/\/magdacesti.md\/#website"},"primaryImageOfPage":{"@id":"https:\/\/magdacesti.md\/?p=2628#primaryimage"},"image":{"@id":"https:\/\/magdacesti.md\/?p=2628#primaryimage"},"thumbnailUrl":"https:\/\/magdacesti.md\/wp-content\/uploads\/2018\/01\/Foto-2.jpg","datePublished":"2018-01-03T20:30:13+00:00","dateModified":"2018-01-03T20:30:13+00:00","description":"Bine ati venit pe pagina oficiala a Primariei Magdacesti.","breadcrumb":{"@id":"https:\/\/magdacesti.md\/?p=2628#breadcrumb"},"inLanguage":"en-US","potentialAction":[{"@type":"ReadAction","target":["https:\/\/magdacesti.md\/?p=2628"]}]},{"@type":"ImageObject","inLanguage":"en-US","@id":"https:\/\/magdacesti.md\/?p=2628#primaryimage","url":"https:\/\/magdacesti.md\/wp-content\/uploads\/2018\/01\/Foto-2.jpg","contentUrl":"https:\/\/magdacesti.md\/wp-content\/uploads\/2018\/01\/Foto-2.jpg"},{"@type":"BreadcrumbList","@id":"https:\/\/magdacesti.md\/?p=2628#breadcrumb","itemListElement":[{"@type":"ListItem","position":1,"name":"Home","item":"https:\/\/magdacesti.md\/"},{"@type":"ListItem","position":2,"name":"Gala &#8220;Omul Anului 2017, \u00een s. M\u0103gd\u0103ce\u0219ti&#8221;. Video\/Foto"}]},{"@type":"WebSite","@id":"https:\/\/magdacesti.md\/#website","url":"https:\/\/magdacesti.md\/","name":"M\u0103gd\u0103ce\u0219ti","description":"Un or\u0103\u0219el cu condi\u021bii decente de trai!","publisher":{"@id":"https:\/\/magdacesti.md\/#organization"},"potentialAction":[{"@type":"SearchAction","target":{"@type":"EntryPoint","urlTemplate":"https:\/\/magdacesti.md\/?s={search_term_string}"},"query-input":"required name=search_term_string"}],"inLanguage":"en-US"},{"@type":"Organization","@id":"https:\/\/magdacesti.md\/#organization","name":"M\u0103gd\u0103ce\u0219ti","url":"https:\/\/magdacesti.md\/","logo":{"@type":"ImageObject","inLanguage":"en-US","@id":"https:\/\/magdacesti.md\/#\/schema\/logo\/image\/","url":"https:\/\/magdacesti.md\/wp-content\/uploads\/2021\/03\/Foto-514-scaled.jpg","contentUrl":"https:\/\/magdacesti.md\/wp-content\/uploads\/2021\/03\/Foto-514-scaled.jpg","width":2560,"height":1707,"caption":"M\u0103gd\u0103ce\u0219ti"},"image":{"@id":"https:\/\/magdacesti.md\/#\/schema\/logo\/image\/"},"sameAs":["https:\/\/www.facebook.com\/magdacesti.md\/"]},{"@type":"Person","@id":"https:\/\/magdacesti.md\/#\/schema\/person\/ee6a6d0a5f0b0cb676ac992c8e414842","name":"magdacesti","sameAs":["https:\/\/magdacesti.md"],"url":"https:\/\/magdacesti.md\/?author=1"}]}},"_links":{"self":[{"href":"https:\/\/magdacesti.md\/index.php?rest_route=\/wp\/v2\/posts\/2628","targetHints":{"allow":["GET"]}}],"collection":[{"href":"https:\/\/magdacesti.md\/index.php?rest_route=\/wp\/v2\/posts"}],"about":[{"href":"https:\/\/magdacesti.md\/index.php?rest_route=\/wp\/v2\/types\/post"}],"author":[{"embeddable":true,"href":"https:\/\/magdacesti.md\/index.php?rest_route=\/wp\/v2\/users\/1"}],"replies":[{"embeddable":true,"href":"https:\/\/magdacesti.md\/index.php?rest_route=%2Fwp%2Fv2%2Fcomments&post=2628"}],"version-history":[{"count":0,"href":"https:\/\/magdacesti.md\/index.php?rest_route=\/wp\/v2\/posts\/2628\/revisions"}],"wp:attachment":[{"href":"https:\/\/magdacesti.md\/index.php?rest_route=%2Fwp%2Fv2%2Fmedia&parent=2628"}],"wp:term":[{"taxonomy":"category","embeddable":true,"href":"https:\/\/magdacesti.md\/index.php?rest_route=%2Fwp%2Fv2%2Fcategories&post=2628"},{"taxonomy":"post_tag","embeddable":true,"href":"https:\/\/magdacesti.md\/index.php?rest_route=%2Fwp%2Fv2%2Ftags&post=2628"}],"curies":[{"name":"wp","href":"https:\/\/api.w.org\/{rel}","templated":true}]}}