{"id":2754,"date":"2018-02-01T10:29:13","date_gmt":"2018-02-01T08:29:13","guid":{"rendered":"https:\/\/magdacesti.md\/?p=2754"},"modified":"2018-02-01T10:29:13","modified_gmt":"2018-02-01T08:29:13","slug":"1-februarie-ziua-autonomiei-locale-si-a-lucratorului-din-administratia-publica","status":"publish","type":"post","link":"https:\/\/magdacesti.md\/?p=2754","title":{"rendered":"1 februarie &#8211; Ziua autonomiei locale \u0219i a lucr\u0103torului din administra\u021bia public\u0103"},"content":{"rendered":"<p style=\"text-align: center;\"><span style=\"font-size: 12pt;\"><span id=\"cch_fb681d4e4ac36c\" class=\"_mh6 _wsc\"><span class=\"_3oh- _58nk\">Stima\u021bi colegi,<\/span><\/span><\/span><\/p>\n<p style=\"text-align: center;\"><span style=\"font-size: 12pt;\"><span id=\"cch_fb681d4e4ac36c\" class=\"_mh6 _wsc\"><span class=\"_3oh- _58nk\"> V\u0103 adresez cele mai sincere felicit\u0103ri \u0219i ur\u0103ri de bine cu prilejul s\u0103rb\u0103torii profesionale &#8211; <strong>Ziua autonomiei locale \u0219i a lucr\u0103torului din administra\u021bia public\u0103 local\u0103!<\/strong><\/span><\/span><\/span><\/p>\n<p style=\"padding-left: 30px; text-align: center;\"><span style=\"font-size: 12pt;\"><span id=\"cch_fb681d4e4ac36c\" class=\"_mh6 _wsc\"><span class=\"_3oh- _58nk\"> V\u0103 mul\u021bumesc pentru munca asidu\u0103 \u0219i devotamentul zilnic de care da\u021bi dovad\u0103, \u0219i v\u0103 doresc \u00een continuare mult succes \u00eentru realizarea obiectivelor stabilite \u0219i a angajamentelor asumate fa\u021b\u0103 de cet\u0103\u021beni. Doar \u00eempreun\u0103 am reu\u0219it s\u0103 implement\u0103m numeroase proiecte \u0219i reforme destinate \u00eembun\u0103t\u0103\u021birii calit\u0103\u021bii vie\u021bii localnicilor no\u0219tri \u0219i suntem obliga\u021bi s\u0103 continu\u0103m \u0219i pe viitor aceste schimb\u0103ri. <\/span><\/span><\/span><\/p>\n<p style=\"text-align: center;\"><span style=\"font-size: 12pt;\"><span id=\"cch_fb681d4e4ac36c\" class=\"_mh6 _wsc\"><span class=\"_3oh- _58nk\">Scopul nostru este s\u0103 transform\u0103m localitatea noastr\u0103 \u00eentr-un or\u0103\u0219el cu condi\u021bii decente de via\u021b\u0103. <\/span><\/span><\/span><\/p>\n<p style=\"text-align: center;\"><span style=\"font-size: 12pt;\"><span id=\"cch_fb681d4e4ac36c\" class=\"_mh6 _wsc\"><span class=\"_3oh- _58nk\">V\u0103 mul\u021bumesc pentru c\u0103, zi de zi, sunte\u021bi al\u0103turi de cet\u0103\u021benii no\u0219tri \u0219i v\u0103 doresc mult succes \u00een activitate, \u00eentru binele oamenilor \u0219i al \u021b\u0103rii!<\/span><\/span><\/span><\/p>\n<p style=\"text-align: center;\"><em><a href=\"https:\/\/magdacesti.md\/wp-content\/uploads\/2018\/02\/doamna-Liuba.png\"><img loading=\"lazy\" decoding=\"async\" class=\"wp-image-2755 aligncenter\" src=\"https:\/\/magdacesti.md\/wp-content\/uploads\/2018\/02\/doamna-Liuba-300x235.png\" alt=\"\" width=\"612\" height=\"479\" \/><\/a><\/em><\/p>\n","protected":false},"excerpt":{"rendered":"<p>Stima\u021bi colegi, V\u0103 adresez cele mai sincere felicit\u0103ri \u0219i ur\u0103ri de bine cu prilejul s\u0103rb\u0103torii profesionale &#8211; Ziua autonomiei locale \u0219i a lucr\u0103torului din administra\u021bia public\u0103 local\u0103! V\u0103 mul\u021bumesc pentru munca asidu\u0103 \u0219i devotamentul zilnic de care da\u021bi dovad\u0103, \u0219i v\u0103 doresc \u00een continuare mult succes \u00eentru realizarea obiectivelor stabilite \u0219i a angajamentelor asumate fa\u021b\u0103 [&#8230;]\n","protected":false},"author":2,"featured_media":0,"comment_status":"closed","ping_status":"closed","sticky":false,"template":"","format":"standard","meta":{"ngg_post_thumbnail":0,"footnotes":""},"categories":[4],"tags":[],"class_list":["post-2754","post","type-post","status-publish","format-standard","hentry","category-stiri"],"yoast_head":"<!-- This site is optimized with the Yoast SEO plugin v23.3 - https:\/\/yoast.com\/wordpress\/plugins\/seo\/ -->\n<title>1 februarie - Ziua autonomiei locale \u0219i a lucr\u0103torului din administra\u021bia public\u0103 - M\u0103gd\u0103ce\u0219ti<\/title>\n<meta name=\"description\" content=\"Bine ati venit pe pagina oficiala a Primariei Magdacesti.\" \/>\n<meta name=\"robots\" content=\"index, follow, max-snippet:-1, max-image-preview:large, max-video-preview:-1\" \/>\n<link rel=\"canonical\" href=\"https:\/\/magdacesti.md\/?p=2754\" \/>\n<meta property=\"og:locale\" content=\"en_US\" \/>\n<meta property=\"og:type\" content=\"article\" \/>\n<meta property=\"og:title\" content=\"1 februarie - Ziua autonomiei locale \u0219i a lucr\u0103torului din administra\u021bia public\u0103 - M\u0103gd\u0103ce\u0219ti\" \/>\n<meta property=\"og:description\" content=\"Bine ati venit pe pagina oficiala a Primariei Magdacesti.\" \/>\n<meta property=\"og:url\" content=\"https:\/\/magdacesti.md\/?p=2754\" \/>\n<meta property=\"og:site_name\" content=\"M\u0103gd\u0103ce\u0219ti\" \/>\n<meta property=\"article:publisher\" content=\"https:\/\/www.facebook.com\/magdacesti.md\/\" \/>\n<meta property=\"article:published_time\" content=\"2018-02-01T08:29:13+00:00\" \/>\n<meta property=\"og:image\" content=\"https:\/\/magdacesti.md\/wp-content\/uploads\/2018\/02\/doamna-Liuba-300x235.png\" \/>\n<meta name=\"author\" content=\"Olga Enachi\" \/>\n<meta name=\"twitter:card\" content=\"summary_large_image\" \/>\n<meta name=\"twitter:label1\" content=\"Written by\" \/>\n\t<meta name=\"twitter:data1\" content=\"Olga Enachi\" \/>\n\t<meta name=\"twitter:label2\" content=\"Est. reading time\" \/>\n\t<meta name=\"twitter:data2\" content=\"1 minute\" \/>\n<script type=\"application\/ld+json\" class=\"yoast-schema-graph\">{\"@context\":\"https:\/\/schema.org\",\"@graph\":[{\"@type\":\"Article\",\"@id\":\"https:\/\/magdacesti.md\/?p=2754#article\",\"isPartOf\":{\"@id\":\"https:\/\/magdacesti.md\/?p=2754\"},\"author\":{\"name\":\"Olga Enachi\",\"@id\":\"https:\/\/magdacesti.md\/#\/schema\/person\/0068cad735c7cf3ab41a532515da0575\"},\"headline\":\"1 februarie &#8211; Ziua autonomiei locale \u0219i a lucr\u0103torului din administra\u021bia public\u0103\",\"datePublished\":\"2018-02-01T08:29:13+00:00\",\"dateModified\":\"2018-02-01T08:29:13+00:00\",\"mainEntityOfPage\":{\"@id\":\"https:\/\/magdacesti.md\/?p=2754\"},\"wordCount\":163,\"publisher\":{\"@id\":\"https:\/\/magdacesti.md\/#organization\"},\"image\":{\"@id\":\"https:\/\/magdacesti.md\/?p=2754#primaryimage\"},\"thumbnailUrl\":\"https:\/\/magdacesti.md\/wp-content\/uploads\/2018\/02\/doamna-Liuba-300x235.png\",\"articleSection\":[\"Stiri\"],\"inLanguage\":\"en-US\"},{\"@type\":\"WebPage\",\"@id\":\"https:\/\/magdacesti.md\/?p=2754\",\"url\":\"https:\/\/magdacesti.md\/?p=2754\",\"name\":\"1 februarie - Ziua autonomiei locale \u0219i a lucr\u0103torului din administra\u021bia public\u0103 - M\u0103gd\u0103ce\u0219ti\",\"isPartOf\":{\"@id\":\"https:\/\/magdacesti.md\/#website\"},\"primaryImageOfPage\":{\"@id\":\"https:\/\/magdacesti.md\/?p=2754#primaryimage\"},\"image\":{\"@id\":\"https:\/\/magdacesti.md\/?p=2754#primaryimage\"},\"thumbnailUrl\":\"https:\/\/magdacesti.md\/wp-content\/uploads\/2018\/02\/doamna-Liuba-300x235.png\",\"datePublished\":\"2018-02-01T08:29:13+00:00\",\"dateModified\":\"2018-02-01T08:29:13+00:00\",\"description\":\"Bine ati venit pe pagina oficiala a Primariei Magdacesti.\",\"breadcrumb\":{\"@id\":\"https:\/\/magdacesti.md\/?p=2754#breadcrumb\"},\"inLanguage\":\"en-US\",\"potentialAction\":[{\"@type\":\"ReadAction\",\"target\":[\"https:\/\/magdacesti.md\/?p=2754\"]}]},{\"@type\":\"ImageObject\",\"inLanguage\":\"en-US\",\"@id\":\"https:\/\/magdacesti.md\/?p=2754#primaryimage\",\"url\":\"https:\/\/magdacesti.md\/wp-content\/uploads\/2018\/02\/doamna-Liuba-300x235.png\",\"contentUrl\":\"https:\/\/magdacesti.md\/wp-content\/uploads\/2018\/02\/doamna-Liuba-300x235.png\"},{\"@type\":\"BreadcrumbList\",\"@id\":\"https:\/\/magdacesti.md\/?p=2754#breadcrumb\",\"itemListElement\":[{\"@type\":\"ListItem\",\"position\":1,\"name\":\"Home\",\"item\":\"https:\/\/magdacesti.md\/\"},{\"@type\":\"ListItem\",\"position\":2,\"name\":\"1 februarie &#8211; Ziua autonomiei locale \u0219i a lucr\u0103torului din administra\u021bia public\u0103\"}]},{\"@type\":\"WebSite\",\"@id\":\"https:\/\/magdacesti.md\/#website\",\"url\":\"https:\/\/magdacesti.md\/\",\"name\":\"M\u0103gd\u0103ce\u0219ti\",\"description\":\"Un or\u0103\u0219el cu condi\u021bii decente de trai!\",\"publisher\":{\"@id\":\"https:\/\/magdacesti.md\/#organization\"},\"potentialAction\":[{\"@type\":\"SearchAction\",\"target\":{\"@type\":\"EntryPoint\",\"urlTemplate\":\"https:\/\/magdacesti.md\/?s={search_term_string}\"},\"query-input\":\"required name=search_term_string\"}],\"inLanguage\":\"en-US\"},{\"@type\":\"Organization\",\"@id\":\"https:\/\/magdacesti.md\/#organization\",\"name\":\"M\u0103gd\u0103ce\u0219ti\",\"url\":\"https:\/\/magdacesti.md\/\",\"logo\":{\"@type\":\"ImageObject\",\"inLanguage\":\"en-US\",\"@id\":\"https:\/\/magdacesti.md\/#\/schema\/logo\/image\/\",\"url\":\"https:\/\/magdacesti.md\/wp-content\/uploads\/2021\/03\/Foto-514-scaled.jpg\",\"contentUrl\":\"https:\/\/magdacesti.md\/wp-content\/uploads\/2021\/03\/Foto-514-scaled.jpg\",\"width\":2560,\"height\":1707,\"caption\":\"M\u0103gd\u0103ce\u0219ti\"},\"image\":{\"@id\":\"https:\/\/magdacesti.md\/#\/schema\/logo\/image\/\"},\"sameAs\":[\"https:\/\/www.facebook.com\/magdacesti.md\/\"]},{\"@type\":\"Person\",\"@id\":\"https:\/\/magdacesti.md\/#\/schema\/person\/0068cad735c7cf3ab41a532515da0575\",\"name\":\"Olga Enachi\",\"url\":\"https:\/\/magdacesti.md\/?author=2\"}]}<\/script>\n<!-- \/ Yoast SEO plugin. -->","yoast_head_json":{"title":"1 februarie - Ziua autonomiei locale \u0219i a lucr\u0103torului din administra\u021bia public\u0103 - M\u0103gd\u0103ce\u0219ti","description":"Bine ati venit pe pagina oficiala a Primariei Magdacesti.","robots":{"index":"index","follow":"follow","max-snippet":"max-snippet:-1","max-image-preview":"max-image-preview:large","max-video-preview":"max-video-preview:-1"},"canonical":"https:\/\/magdacesti.md\/?p=2754","og_locale":"en_US","og_type":"article","og_title":"1 februarie - Ziua autonomiei locale \u0219i a lucr\u0103torului din administra\u021bia public\u0103 - M\u0103gd\u0103ce\u0219ti","og_description":"Bine ati venit pe pagina oficiala a Primariei Magdacesti.","og_url":"https:\/\/magdacesti.md\/?p=2754","og_site_name":"M\u0103gd\u0103ce\u0219ti","article_publisher":"https:\/\/www.facebook.com\/magdacesti.md\/","article_published_time":"2018-02-01T08:29:13+00:00","og_image":[{"url":"https:\/\/magdacesti.md\/wp-content\/uploads\/2018\/02\/doamna-Liuba-300x235.png"}],"author":"Olga Enachi","twitter_card":"summary_large_image","twitter_misc":{"Written by":"Olga Enachi","Est. reading time":"1 minute"},"schema":{"@context":"https:\/\/schema.org","@graph":[{"@type":"Article","@id":"https:\/\/magdacesti.md\/?p=2754#article","isPartOf":{"@id":"https:\/\/magdacesti.md\/?p=2754"},"author":{"name":"Olga Enachi","@id":"https:\/\/magdacesti.md\/#\/schema\/person\/0068cad735c7cf3ab41a532515da0575"},"headline":"1 februarie &#8211; Ziua autonomiei locale \u0219i a lucr\u0103torului din administra\u021bia public\u0103","datePublished":"2018-02-01T08:29:13+00:00","dateModified":"2018-02-01T08:29:13+00:00","mainEntityOfPage":{"@id":"https:\/\/magdacesti.md\/?p=2754"},"wordCount":163,"publisher":{"@id":"https:\/\/magdacesti.md\/#organization"},"image":{"@id":"https:\/\/magdacesti.md\/?p=2754#primaryimage"},"thumbnailUrl":"https:\/\/magdacesti.md\/wp-content\/uploads\/2018\/02\/doamna-Liuba-300x235.png","articleSection":["Stiri"],"inLanguage":"en-US"},{"@type":"WebPage","@id":"https:\/\/magdacesti.md\/?p=2754","url":"https:\/\/magdacesti.md\/?p=2754","name":"1 februarie - Ziua autonomiei locale \u0219i a lucr\u0103torului din administra\u021bia public\u0103 - M\u0103gd\u0103ce\u0219ti","isPartOf":{"@id":"https:\/\/magdacesti.md\/#website"},"primaryImageOfPage":{"@id":"https:\/\/magdacesti.md\/?p=2754#primaryimage"},"image":{"@id":"https:\/\/magdacesti.md\/?p=2754#primaryimage"},"thumbnailUrl":"https:\/\/magdacesti.md\/wp-content\/uploads\/2018\/02\/doamna-Liuba-300x235.png","datePublished":"2018-02-01T08:29:13+00:00","dateModified":"2018-02-01T08:29:13+00:00","description":"Bine ati venit pe pagina oficiala a Primariei Magdacesti.","breadcrumb":{"@id":"https:\/\/magdacesti.md\/?p=2754#breadcrumb"},"inLanguage":"en-US","potentialAction":[{"@type":"ReadAction","target":["https:\/\/magdacesti.md\/?p=2754"]}]},{"@type":"ImageObject","inLanguage":"en-US","@id":"https:\/\/magdacesti.md\/?p=2754#primaryimage","url":"https:\/\/magdacesti.md\/wp-content\/uploads\/2018\/02\/doamna-Liuba-300x235.png","contentUrl":"https:\/\/magdacesti.md\/wp-content\/uploads\/2018\/02\/doamna-Liuba-300x235.png"},{"@type":"BreadcrumbList","@id":"https:\/\/magdacesti.md\/?p=2754#breadcrumb","itemListElement":[{"@type":"ListItem","position":1,"name":"Home","item":"https:\/\/magdacesti.md\/"},{"@type":"ListItem","position":2,"name":"1 februarie &#8211; Ziua autonomiei locale \u0219i a lucr\u0103torului din administra\u021bia public\u0103"}]},{"@type":"WebSite","@id":"https:\/\/magdacesti.md\/#website","url":"https:\/\/magdacesti.md\/","name":"M\u0103gd\u0103ce\u0219ti","description":"Un or\u0103\u0219el cu condi\u021bii decente de trai!","publisher":{"@id":"https:\/\/magdacesti.md\/#organization"},"potentialAction":[{"@type":"SearchAction","target":{"@type":"EntryPoint","urlTemplate":"https:\/\/magdacesti.md\/?s={search_term_string}"},"query-input":"required name=search_term_string"}],"inLanguage":"en-US"},{"@type":"Organization","@id":"https:\/\/magdacesti.md\/#organization","name":"M\u0103gd\u0103ce\u0219ti","url":"https:\/\/magdacesti.md\/","logo":{"@type":"ImageObject","inLanguage":"en-US","@id":"https:\/\/magdacesti.md\/#\/schema\/logo\/image\/","url":"https:\/\/magdacesti.md\/wp-content\/uploads\/2021\/03\/Foto-514-scaled.jpg","contentUrl":"https:\/\/magdacesti.md\/wp-content\/uploads\/2021\/03\/Foto-514-scaled.jpg","width":2560,"height":1707,"caption":"M\u0103gd\u0103ce\u0219ti"},"image":{"@id":"https:\/\/magdacesti.md\/#\/schema\/logo\/image\/"},"sameAs":["https:\/\/www.facebook.com\/magdacesti.md\/"]},{"@type":"Person","@id":"https:\/\/magdacesti.md\/#\/schema\/person\/0068cad735c7cf3ab41a532515da0575","name":"Olga Enachi","url":"https:\/\/magdacesti.md\/?author=2"}]}},"_links":{"self":[{"href":"https:\/\/magdacesti.md\/index.php?rest_route=\/wp\/v2\/posts\/2754","targetHints":{"allow":["GET"]}}],"collection":[{"href":"https:\/\/magdacesti.md\/index.php?rest_route=\/wp\/v2\/posts"}],"about":[{"href":"https:\/\/magdacesti.md\/index.php?rest_route=\/wp\/v2\/types\/post"}],"author":[{"embeddable":true,"href":"https:\/\/magdacesti.md\/index.php?rest_route=\/wp\/v2\/users\/2"}],"replies":[{"embeddable":true,"href":"https:\/\/magdacesti.md\/index.php?rest_route=%2Fwp%2Fv2%2Fcomments&post=2754"}],"version-history":[{"count":0,"href":"https:\/\/magdacesti.md\/index.php?rest_route=\/wp\/v2\/posts\/2754\/revisions"}],"wp:attachment":[{"href":"https:\/\/magdacesti.md\/index.php?rest_route=%2Fwp%2Fv2%2Fmedia&parent=2754"}],"wp:term":[{"taxonomy":"category","embeddable":true,"href":"https:\/\/magdacesti.md\/index.php?rest_route=%2Fwp%2Fv2%2Fcategories&post=2754"},{"taxonomy":"post_tag","embeddable":true,"href":"https:\/\/magdacesti.md\/index.php?rest_route=%2Fwp%2Fv2%2Ftags&post=2754"}],"curies":[{"name":"wp","href":"https:\/\/api.w.org\/{rel}","templated":true}]}}