{"id":2927,"date":"2018-04-02T17:16:46","date_gmt":"2018-04-02T14:16:46","guid":{"rendered":"https:\/\/magdacesti.md\/?p=2927"},"modified":"2018-04-02T17:16:46","modified_gmt":"2018-04-02T14:16:46","slug":"donatii-de-pasti-pentru-cei-mai-tristi-ca-noi","status":"publish","type":"post","link":"https:\/\/magdacesti.md\/?p=2927","title":{"rendered":"Dona\u021bii de Pa\u0219ti pentru cei mai tri\u0219ti ca noi"},"content":{"rendered":"<p style=\"text-align: left;\"><strong>Dragi s\u0103teni,<\/strong><br \/>\n<strong> Se apropie sfintele s\u0103rb\u0103tori de Pa\u0219ti! Suntem \u00een s\u0103pt\u0103m\u00e2na patimilor, perioada c\u00e2nd fiecare om trebuie sa fac\u0103 o jertf\u0103, pentru a se sim\u021bi \u00eemplinit suflete\u0219te<\/strong><\/p>\n<div class=\"text_exposed_show\">\n<p style=\"text-align: left;\"><strong>De aceea, venim cu un apel c\u0103tre to\u021bi oamenii cu suflet mare, s\u0103 punem m\u00e2n\u0103 de la m\u00e2n\u0103 \u0219i s\u0103 d\u0103ruim un lic\u0103r de bucurie celor care au cu adev\u0103rat nevoie de ea.<\/strong><br \/>\n<strong> Dona\u021biile pot fi f\u0103cute la: Biseric\u0103, Prim\u0103rie, Oficiul Po\u0219tal, \u00een Institu\u021biile agen\u021bilor economici din localitate.<\/strong><br \/>\n<strong> Haide\u021bi, s\u0103 aducem bucuria sfintelor s\u0103rb\u0103tori pascale \u00een casele celor mai tri\u0219ti ca noi, pentru ca binele f\u0103cut la nevoie, \u021bi-l r\u0103spl\u0103te\u0219te \u00eenzecit Dumnezeu, c\u00e2nd nici nu te g\u00e2nde\u0219ti.<\/strong><br \/>\n<strong> Cont\u0103m mult pe sus\u021binerea Dumneavoastr\u0103.<\/strong><br \/>\n<strong> Orice dona\u021bie conteaz\u0103.<\/strong><br \/>\n<strong> Va mul\u021bumim din suflet!<\/strong><\/p>\n<p style=\"text-align: left;\"><img loading=\"lazy\" decoding=\"async\" class=\"aligncenter\" src=\"https:\/\/magdacesti.md\/wp-content\/uploads\/2018\/04\/batrani_foto-oana_nechifor.jpg\" alt=\"\" width=\"700\" height=\"466\" \/><\/p>\n<p style=\"text-align: left;\">\n<\/div>\n","protected":false},"excerpt":{"rendered":"<p>Dragi s\u0103teni, Se apropie sfintele s\u0103rb\u0103tori de Pa\u0219ti! Suntem \u00een s\u0103pt\u0103m\u00e2na patimilor, perioada c\u00e2nd fiecare om trebuie sa fac\u0103 o jertf\u0103, pentru a se sim\u021bi \u00eemplinit suflete\u0219te De aceea, venim cu un apel c\u0103tre to\u021bi oamenii cu suflet mare, s\u0103 punem m\u00e2n\u0103 de la m\u00e2n\u0103 \u0219i s\u0103 d\u0103ruim un lic\u0103r de bucurie celor care au [&#8230;]\n","protected":false},"author":2,"featured_media":0,"comment_status":"closed","ping_status":"closed","sticky":false,"template":"","format":"standard","meta":{"ngg_post_thumbnail":0,"footnotes":""},"categories":[4],"tags":[],"class_list":["post-2927","post","type-post","status-publish","format-standard","hentry","category-stiri"],"yoast_head":"<!-- This site is optimized with the Yoast SEO plugin v23.3 - https:\/\/yoast.com\/wordpress\/plugins\/seo\/ -->\n<title>Dona\u021bii de Pa\u0219ti pentru cei mai tri\u0219ti ca noi - M\u0103gd\u0103ce\u0219ti<\/title>\n<meta name=\"description\" content=\"Bine ati venit pe pagina oficiala a Primariei Magdacesti.\" \/>\n<meta name=\"robots\" content=\"index, follow, max-snippet:-1, max-image-preview:large, max-video-preview:-1\" \/>\n<link rel=\"canonical\" href=\"https:\/\/magdacesti.md\/?p=2927\" \/>\n<meta property=\"og:locale\" content=\"en_US\" \/>\n<meta property=\"og:type\" content=\"article\" \/>\n<meta property=\"og:title\" content=\"Dona\u021bii de Pa\u0219ti pentru cei mai tri\u0219ti ca noi - M\u0103gd\u0103ce\u0219ti\" \/>\n<meta property=\"og:description\" content=\"Bine ati venit pe pagina oficiala a Primariei Magdacesti.\" \/>\n<meta property=\"og:url\" content=\"https:\/\/magdacesti.md\/?p=2927\" \/>\n<meta property=\"og:site_name\" content=\"M\u0103gd\u0103ce\u0219ti\" \/>\n<meta property=\"article:publisher\" content=\"https:\/\/www.facebook.com\/magdacesti.md\/\" \/>\n<meta property=\"article:published_time\" content=\"2018-04-02T14:16:46+00:00\" \/>\n<meta property=\"og:image\" content=\"https:\/\/magdacesti.md\/wp-content\/uploads\/2018\/04\/batrani_foto-oana_nechifor.jpg\" \/>\n<meta name=\"author\" content=\"Olga Enachi\" \/>\n<meta name=\"twitter:card\" content=\"summary_large_image\" \/>\n<meta name=\"twitter:label1\" content=\"Written by\" \/>\n\t<meta name=\"twitter:data1\" content=\"Olga Enachi\" \/>\n\t<meta name=\"twitter:label2\" content=\"Est. reading time\" \/>\n\t<meta name=\"twitter:data2\" content=\"1 minute\" \/>\n<script type=\"application\/ld+json\" class=\"yoast-schema-graph\">{\"@context\":\"https:\/\/schema.org\",\"@graph\":[{\"@type\":\"Article\",\"@id\":\"https:\/\/magdacesti.md\/?p=2927#article\",\"isPartOf\":{\"@id\":\"https:\/\/magdacesti.md\/?p=2927\"},\"author\":{\"name\":\"Olga Enachi\",\"@id\":\"https:\/\/magdacesti.md\/#\/schema\/person\/0068cad735c7cf3ab41a532515da0575\"},\"headline\":\"Dona\u021bii de Pa\u0219ti pentru cei mai tri\u0219ti ca noi\",\"datePublished\":\"2018-04-02T14:16:46+00:00\",\"dateModified\":\"2018-04-02T14:16:46+00:00\",\"mainEntityOfPage\":{\"@id\":\"https:\/\/magdacesti.md\/?p=2927\"},\"wordCount\":166,\"publisher\":{\"@id\":\"https:\/\/magdacesti.md\/#organization\"},\"image\":{\"@id\":\"https:\/\/magdacesti.md\/?p=2927#primaryimage\"},\"thumbnailUrl\":\"https:\/\/magdacesti.md\/wp-content\/uploads\/2018\/04\/batrani_foto-oana_nechifor.jpg\",\"articleSection\":[\"Stiri\"],\"inLanguage\":\"en-US\"},{\"@type\":\"WebPage\",\"@id\":\"https:\/\/magdacesti.md\/?p=2927\",\"url\":\"https:\/\/magdacesti.md\/?p=2927\",\"name\":\"Dona\u021bii de Pa\u0219ti pentru cei mai tri\u0219ti ca noi - M\u0103gd\u0103ce\u0219ti\",\"isPartOf\":{\"@id\":\"https:\/\/magdacesti.md\/#website\"},\"primaryImageOfPage\":{\"@id\":\"https:\/\/magdacesti.md\/?p=2927#primaryimage\"},\"image\":{\"@id\":\"https:\/\/magdacesti.md\/?p=2927#primaryimage\"},\"thumbnailUrl\":\"https:\/\/magdacesti.md\/wp-content\/uploads\/2018\/04\/batrani_foto-oana_nechifor.jpg\",\"datePublished\":\"2018-04-02T14:16:46+00:00\",\"dateModified\":\"2018-04-02T14:16:46+00:00\",\"description\":\"Bine ati venit pe pagina oficiala a Primariei Magdacesti.\",\"breadcrumb\":{\"@id\":\"https:\/\/magdacesti.md\/?p=2927#breadcrumb\"},\"inLanguage\":\"en-US\",\"potentialAction\":[{\"@type\":\"ReadAction\",\"target\":[\"https:\/\/magdacesti.md\/?p=2927\"]}]},{\"@type\":\"ImageObject\",\"inLanguage\":\"en-US\",\"@id\":\"https:\/\/magdacesti.md\/?p=2927#primaryimage\",\"url\":\"https:\/\/magdacesti.md\/wp-content\/uploads\/2018\/04\/batrani_foto-oana_nechifor.jpg\",\"contentUrl\":\"https:\/\/magdacesti.md\/wp-content\/uploads\/2018\/04\/batrani_foto-oana_nechifor.jpg\"},{\"@type\":\"BreadcrumbList\",\"@id\":\"https:\/\/magdacesti.md\/?p=2927#breadcrumb\",\"itemListElement\":[{\"@type\":\"ListItem\",\"position\":1,\"name\":\"Home\",\"item\":\"https:\/\/magdacesti.md\/\"},{\"@type\":\"ListItem\",\"position\":2,\"name\":\"Dona\u021bii de Pa\u0219ti pentru cei mai tri\u0219ti ca noi\"}]},{\"@type\":\"WebSite\",\"@id\":\"https:\/\/magdacesti.md\/#website\",\"url\":\"https:\/\/magdacesti.md\/\",\"name\":\"M\u0103gd\u0103ce\u0219ti\",\"description\":\"Un or\u0103\u0219el cu condi\u021bii decente de trai!\",\"publisher\":{\"@id\":\"https:\/\/magdacesti.md\/#organization\"},\"potentialAction\":[{\"@type\":\"SearchAction\",\"target\":{\"@type\":\"EntryPoint\",\"urlTemplate\":\"https:\/\/magdacesti.md\/?s={search_term_string}\"},\"query-input\":\"required name=search_term_string\"}],\"inLanguage\":\"en-US\"},{\"@type\":\"Organization\",\"@id\":\"https:\/\/magdacesti.md\/#organization\",\"name\":\"M\u0103gd\u0103ce\u0219ti\",\"url\":\"https:\/\/magdacesti.md\/\",\"logo\":{\"@type\":\"ImageObject\",\"inLanguage\":\"en-US\",\"@id\":\"https:\/\/magdacesti.md\/#\/schema\/logo\/image\/\",\"url\":\"https:\/\/magdacesti.md\/wp-content\/uploads\/2021\/03\/Foto-514-scaled.jpg\",\"contentUrl\":\"https:\/\/magdacesti.md\/wp-content\/uploads\/2021\/03\/Foto-514-scaled.jpg\",\"width\":2560,\"height\":1707,\"caption\":\"M\u0103gd\u0103ce\u0219ti\"},\"image\":{\"@id\":\"https:\/\/magdacesti.md\/#\/schema\/logo\/image\/\"},\"sameAs\":[\"https:\/\/www.facebook.com\/magdacesti.md\/\"]},{\"@type\":\"Person\",\"@id\":\"https:\/\/magdacesti.md\/#\/schema\/person\/0068cad735c7cf3ab41a532515da0575\",\"name\":\"Olga Enachi\",\"url\":\"https:\/\/magdacesti.md\/?author=2\"}]}<\/script>\n<!-- \/ Yoast SEO plugin. -->","yoast_head_json":{"title":"Dona\u021bii de Pa\u0219ti pentru cei mai tri\u0219ti ca noi - M\u0103gd\u0103ce\u0219ti","description":"Bine ati venit pe pagina oficiala a Primariei Magdacesti.","robots":{"index":"index","follow":"follow","max-snippet":"max-snippet:-1","max-image-preview":"max-image-preview:large","max-video-preview":"max-video-preview:-1"},"canonical":"https:\/\/magdacesti.md\/?p=2927","og_locale":"en_US","og_type":"article","og_title":"Dona\u021bii de Pa\u0219ti pentru cei mai tri\u0219ti ca noi - M\u0103gd\u0103ce\u0219ti","og_description":"Bine ati venit pe pagina oficiala a Primariei Magdacesti.","og_url":"https:\/\/magdacesti.md\/?p=2927","og_site_name":"M\u0103gd\u0103ce\u0219ti","article_publisher":"https:\/\/www.facebook.com\/magdacesti.md\/","article_published_time":"2018-04-02T14:16:46+00:00","og_image":[{"url":"https:\/\/magdacesti.md\/wp-content\/uploads\/2018\/04\/batrani_foto-oana_nechifor.jpg"}],"author":"Olga Enachi","twitter_card":"summary_large_image","twitter_misc":{"Written by":"Olga Enachi","Est. reading time":"1 minute"},"schema":{"@context":"https:\/\/schema.org","@graph":[{"@type":"Article","@id":"https:\/\/magdacesti.md\/?p=2927#article","isPartOf":{"@id":"https:\/\/magdacesti.md\/?p=2927"},"author":{"name":"Olga Enachi","@id":"https:\/\/magdacesti.md\/#\/schema\/person\/0068cad735c7cf3ab41a532515da0575"},"headline":"Dona\u021bii de Pa\u0219ti pentru cei mai tri\u0219ti ca noi","datePublished":"2018-04-02T14:16:46+00:00","dateModified":"2018-04-02T14:16:46+00:00","mainEntityOfPage":{"@id":"https:\/\/magdacesti.md\/?p=2927"},"wordCount":166,"publisher":{"@id":"https:\/\/magdacesti.md\/#organization"},"image":{"@id":"https:\/\/magdacesti.md\/?p=2927#primaryimage"},"thumbnailUrl":"https:\/\/magdacesti.md\/wp-content\/uploads\/2018\/04\/batrani_foto-oana_nechifor.jpg","articleSection":["Stiri"],"inLanguage":"en-US"},{"@type":"WebPage","@id":"https:\/\/magdacesti.md\/?p=2927","url":"https:\/\/magdacesti.md\/?p=2927","name":"Dona\u021bii de Pa\u0219ti pentru cei mai tri\u0219ti ca noi - M\u0103gd\u0103ce\u0219ti","isPartOf":{"@id":"https:\/\/magdacesti.md\/#website"},"primaryImageOfPage":{"@id":"https:\/\/magdacesti.md\/?p=2927#primaryimage"},"image":{"@id":"https:\/\/magdacesti.md\/?p=2927#primaryimage"},"thumbnailUrl":"https:\/\/magdacesti.md\/wp-content\/uploads\/2018\/04\/batrani_foto-oana_nechifor.jpg","datePublished":"2018-04-02T14:16:46+00:00","dateModified":"2018-04-02T14:16:46+00:00","description":"Bine ati venit pe pagina oficiala a Primariei Magdacesti.","breadcrumb":{"@id":"https:\/\/magdacesti.md\/?p=2927#breadcrumb"},"inLanguage":"en-US","potentialAction":[{"@type":"ReadAction","target":["https:\/\/magdacesti.md\/?p=2927"]}]},{"@type":"ImageObject","inLanguage":"en-US","@id":"https:\/\/magdacesti.md\/?p=2927#primaryimage","url":"https:\/\/magdacesti.md\/wp-content\/uploads\/2018\/04\/batrani_foto-oana_nechifor.jpg","contentUrl":"https:\/\/magdacesti.md\/wp-content\/uploads\/2018\/04\/batrani_foto-oana_nechifor.jpg"},{"@type":"BreadcrumbList","@id":"https:\/\/magdacesti.md\/?p=2927#breadcrumb","itemListElement":[{"@type":"ListItem","position":1,"name":"Home","item":"https:\/\/magdacesti.md\/"},{"@type":"ListItem","position":2,"name":"Dona\u021bii de Pa\u0219ti pentru cei mai tri\u0219ti ca noi"}]},{"@type":"WebSite","@id":"https:\/\/magdacesti.md\/#website","url":"https:\/\/magdacesti.md\/","name":"M\u0103gd\u0103ce\u0219ti","description":"Un or\u0103\u0219el cu condi\u021bii decente de trai!","publisher":{"@id":"https:\/\/magdacesti.md\/#organization"},"potentialAction":[{"@type":"SearchAction","target":{"@type":"EntryPoint","urlTemplate":"https:\/\/magdacesti.md\/?s={search_term_string}"},"query-input":"required name=search_term_string"}],"inLanguage":"en-US"},{"@type":"Organization","@id":"https:\/\/magdacesti.md\/#organization","name":"M\u0103gd\u0103ce\u0219ti","url":"https:\/\/magdacesti.md\/","logo":{"@type":"ImageObject","inLanguage":"en-US","@id":"https:\/\/magdacesti.md\/#\/schema\/logo\/image\/","url":"https:\/\/magdacesti.md\/wp-content\/uploads\/2021\/03\/Foto-514-scaled.jpg","contentUrl":"https:\/\/magdacesti.md\/wp-content\/uploads\/2021\/03\/Foto-514-scaled.jpg","width":2560,"height":1707,"caption":"M\u0103gd\u0103ce\u0219ti"},"image":{"@id":"https:\/\/magdacesti.md\/#\/schema\/logo\/image\/"},"sameAs":["https:\/\/www.facebook.com\/magdacesti.md\/"]},{"@type":"Person","@id":"https:\/\/magdacesti.md\/#\/schema\/person\/0068cad735c7cf3ab41a532515da0575","name":"Olga Enachi","url":"https:\/\/magdacesti.md\/?author=2"}]}},"_links":{"self":[{"href":"https:\/\/magdacesti.md\/index.php?rest_route=\/wp\/v2\/posts\/2927","targetHints":{"allow":["GET"]}}],"collection":[{"href":"https:\/\/magdacesti.md\/index.php?rest_route=\/wp\/v2\/posts"}],"about":[{"href":"https:\/\/magdacesti.md\/index.php?rest_route=\/wp\/v2\/types\/post"}],"author":[{"embeddable":true,"href":"https:\/\/magdacesti.md\/index.php?rest_route=\/wp\/v2\/users\/2"}],"replies":[{"embeddable":true,"href":"https:\/\/magdacesti.md\/index.php?rest_route=%2Fwp%2Fv2%2Fcomments&post=2927"}],"version-history":[{"count":0,"href":"https:\/\/magdacesti.md\/index.php?rest_route=\/wp\/v2\/posts\/2927\/revisions"}],"wp:attachment":[{"href":"https:\/\/magdacesti.md\/index.php?rest_route=%2Fwp%2Fv2%2Fmedia&parent=2927"}],"wp:term":[{"taxonomy":"category","embeddable":true,"href":"https:\/\/magdacesti.md\/index.php?rest_route=%2Fwp%2Fv2%2Fcategories&post=2927"},{"taxonomy":"post_tag","embeddable":true,"href":"https:\/\/magdacesti.md\/index.php?rest_route=%2Fwp%2Fv2%2Ftags&post=2927"}],"curies":[{"name":"wp","href":"https:\/\/api.w.org\/{rel}","templated":true}]}}