{"id":2944,"date":"2018-04-10T15:40:58","date_gmt":"2018-04-10T12:40:58","guid":{"rendered":"https:\/\/magdacesti.md\/?p=2944"},"modified":"2018-04-10T15:40:58","modified_gmt":"2018-04-10T12:40:58","slug":"sarbatorile-pascale-traditii-pastrate-cu-sfintenie-la-magdacesti","status":"publish","type":"post","link":"https:\/\/magdacesti.md\/?p=2944","title":{"rendered":"S\u0103rb\u0103torile Pascale- tradi\u021bii p\u0103strate cu sfin\u021benie la M\u0103gd\u0103ce\u0219ti"},"content":{"rendered":"<p><strong>A devenit deja un frumos obicei, ca \u00een a doua zi de Pa\u0219te, prim\u0103ria s M\u0103gd\u0103ce\u0219ti s\u0103 reuneasc\u0103 to\u021bi localnicii, \u00eentr-o zi de sf\u00e2nt\u0103 s\u0103rb\u0103toare.<\/strong><\/p>\n<p>&nbsp;<\/p>\n<p><iframe loading=\"lazy\" src=\"\/\/www.youtube.com\/embed\/eHC2tHJ8Kfc\" width=\"560\" height=\"314\" allowfullscreen=\"allowfullscreen\"><\/iframe><\/p>\n<p>Invita\u021bii s-au bucurat de vreme frumoas\u0103 \u0219i de un program artistic deosebit, unde au r\u0103sunat tradi\u021bionalele colinde pascale, interpretate de Ansamblurile folclorice \u0219i tinerele talente din s. M\u0103gd\u0103ce\u0219ti.<\/p>\n<p><img loading=\"lazy\" decoding=\"async\" class=\"aligncenter\" src=\"https:\/\/magdacesti.md\/wp-content\/uploads\/2018\/04\/IMG_3845.jpg\" alt=\"\" width=\"640\" height=\"427\" \/><\/p>\n<p><img loading=\"lazy\" decoding=\"async\" class=\"aligncenter\" src=\"https:\/\/magdacesti.md\/wp-content\/uploads\/2018\/04\/IMG_3861.jpg\" alt=\"\" width=\"640\" height=\"427\" \/><\/p>\n<p><img loading=\"lazy\" decoding=\"async\" class=\"aligncenter\" src=\"https:\/\/magdacesti.md\/wp-content\/uploads\/2018\/04\/IMG_3894.jpg\" alt=\"\" width=\"640\" height=\"427\" \/><\/p>\n<p><img loading=\"lazy\" decoding=\"async\" class=\"aligncenter\" src=\"https:\/\/magdacesti.md\/wp-content\/uploads\/2018\/04\/IMG_3903.jpg\" alt=\"\" width=\"640\" height=\"360\" \/><br \/>\n\u00cen premier\u0103, \u00een acest an, de Pa\u0219te, au fost premia\u021bi:<br \/>\n<strong>cel mai longeviv locuitor<\/strong> din sat, mo\u0219 Ion Efros (de 94 de ani) ; <strong>Cel mai longeviv cuplul din localitate<\/strong>, Onica Constantin \u0219i Teodora, care au s\u0103rb\u0103torit de cur\u00e2nd 65 de ani de c\u0103s\u0103torie <em><strong>(Nunta de Marmur\u0103 Alb\u0103)<\/strong><\/em>, precum \u0219i <strong>cel mai t\u00e2n\u0103r membru al comunit\u0103\u021bii noastre<\/strong>, Ianis Efros, n\u0103scut la data de 7 aprilie 2018, chiar \u00een ajun de Pa\u0219te. To\u021bi s-au ales cu ur\u0103ri de s\u0103n\u0103tate, dar \u0219i cu premii b\u0103ne\u0219ti.<\/p>\n<p><img loading=\"lazy\" decoding=\"async\" class=\"aligncenter\" src=\"https:\/\/magdacesti.md\/wp-content\/uploads\/2018\/04\/IMG_3873.jpg\" alt=\"\" width=\"640\" height=\"427\" \/><\/p>\n<p><img loading=\"lazy\" decoding=\"async\" class=\"aligncenter\" src=\"https:\/\/magdacesti.md\/wp-content\/uploads\/2018\/04\/IMG_3883.jpg\" alt=\"\" width=\"640\" height=\"360\" \/><\/p>\n<p><img loading=\"lazy\" decoding=\"async\" class=\"aligncenter\" src=\"https:\/\/magdacesti.md\/wp-content\/uploads\/2018\/04\/IMG_3880.jpg\" alt=\"\" width=\"640\" height=\"427\" \/><br \/>\nAtmosfera de s\u0103rb\u0103toare a fost de-a dreptul \u00eencins\u0103 de c\u0103tre invita\u021bii no\u0219tri speciali : Ady Carp si N\u0103t\u0103li\u021ba Olaru.<\/p>\n<p><img loading=\"lazy\" decoding=\"async\" class=\"aligncenter\" src=\"https:\/\/magdacesti.md\/wp-content\/uploads\/2018\/04\/IMG_3909.jpg\" alt=\"\" width=\"640\" height=\"360\" \/><\/p>\n","protected":false},"excerpt":{"rendered":"<p>A devenit deja un frumos obicei, ca \u00een a doua zi de Pa\u0219te, prim\u0103ria s M\u0103gd\u0103ce\u0219ti s\u0103 reuneasc\u0103 to\u021bi localnicii, \u00eentr-o zi de sf\u00e2nt\u0103 s\u0103rb\u0103toare. &nbsp; Invita\u021bii s-au bucurat de vreme frumoas\u0103 \u0219i de un program artistic deosebit, unde au r\u0103sunat tradi\u021bionalele colinde pascale, interpretate de Ansamblurile folclorice \u0219i tinerele talente din s. M\u0103gd\u0103ce\u0219ti. \u00cen [&#8230;]\n","protected":false},"author":2,"featured_media":0,"comment_status":"closed","ping_status":"closed","sticky":false,"template":"","format":"standard","meta":{"ngg_post_thumbnail":0,"footnotes":""},"categories":[4],"tags":[],"class_list":["post-2944","post","type-post","status-publish","format-standard","hentry","category-stiri"],"yoast_head":"<!-- This site is optimized with the Yoast SEO plugin v23.3 - https:\/\/yoast.com\/wordpress\/plugins\/seo\/ -->\n<title>S\u0103rb\u0103torile Pascale- tradi\u021bii p\u0103strate cu sfin\u021benie la M\u0103gd\u0103ce\u0219ti - M\u0103gd\u0103ce\u0219ti<\/title>\n<meta name=\"description\" content=\"Bine ati venit pe pagina oficiala a Primariei Magdacesti.\" \/>\n<meta name=\"robots\" content=\"index, follow, max-snippet:-1, max-image-preview:large, max-video-preview:-1\" \/>\n<link rel=\"canonical\" href=\"https:\/\/magdacesti.md\/?p=2944\" \/>\n<meta property=\"og:locale\" content=\"en_US\" \/>\n<meta property=\"og:type\" content=\"article\" \/>\n<meta property=\"og:title\" content=\"S\u0103rb\u0103torile Pascale- tradi\u021bii p\u0103strate cu sfin\u021benie la M\u0103gd\u0103ce\u0219ti - M\u0103gd\u0103ce\u0219ti\" \/>\n<meta property=\"og:description\" content=\"Bine ati venit pe pagina oficiala a Primariei Magdacesti.\" \/>\n<meta property=\"og:url\" content=\"https:\/\/magdacesti.md\/?p=2944\" \/>\n<meta property=\"og:site_name\" content=\"M\u0103gd\u0103ce\u0219ti\" \/>\n<meta property=\"article:publisher\" content=\"https:\/\/www.facebook.com\/magdacesti.md\/\" \/>\n<meta property=\"article:published_time\" content=\"2018-04-10T12:40:58+00:00\" \/>\n<meta property=\"og:image\" content=\"https:\/\/magdacesti.md\/wp-content\/uploads\/2018\/04\/IMG_3845.jpg\" \/>\n<meta name=\"author\" content=\"Olga Enachi\" \/>\n<meta name=\"twitter:card\" content=\"summary_large_image\" \/>\n<meta name=\"twitter:label1\" content=\"Written by\" \/>\n\t<meta name=\"twitter:data1\" content=\"Olga Enachi\" \/>\n\t<meta name=\"twitter:label2\" content=\"Est. reading time\" \/>\n\t<meta name=\"twitter:data2\" content=\"1 minute\" \/>\n<script type=\"application\/ld+json\" class=\"yoast-schema-graph\">{\"@context\":\"https:\/\/schema.org\",\"@graph\":[{\"@type\":\"Article\",\"@id\":\"https:\/\/magdacesti.md\/?p=2944#article\",\"isPartOf\":{\"@id\":\"https:\/\/magdacesti.md\/?p=2944\"},\"author\":{\"name\":\"Olga Enachi\",\"@id\":\"https:\/\/magdacesti.md\/#\/schema\/person\/0068cad735c7cf3ab41a532515da0575\"},\"headline\":\"S\u0103rb\u0103torile Pascale- tradi\u021bii p\u0103strate cu sfin\u021benie la M\u0103gd\u0103ce\u0219ti\",\"datePublished\":\"2018-04-10T12:40:58+00:00\",\"dateModified\":\"2018-04-10T12:40:58+00:00\",\"mainEntityOfPage\":{\"@id\":\"https:\/\/magdacesti.md\/?p=2944\"},\"wordCount\":207,\"publisher\":{\"@id\":\"https:\/\/magdacesti.md\/#organization\"},\"image\":{\"@id\":\"https:\/\/magdacesti.md\/?p=2944#primaryimage\"},\"thumbnailUrl\":\"https:\/\/magdacesti.md\/wp-content\/uploads\/2018\/04\/IMG_3845.jpg\",\"articleSection\":[\"Stiri\"],\"inLanguage\":\"en-US\"},{\"@type\":\"WebPage\",\"@id\":\"https:\/\/magdacesti.md\/?p=2944\",\"url\":\"https:\/\/magdacesti.md\/?p=2944\",\"name\":\"S\u0103rb\u0103torile Pascale- tradi\u021bii p\u0103strate cu sfin\u021benie la M\u0103gd\u0103ce\u0219ti - M\u0103gd\u0103ce\u0219ti\",\"isPartOf\":{\"@id\":\"https:\/\/magdacesti.md\/#website\"},\"primaryImageOfPage\":{\"@id\":\"https:\/\/magdacesti.md\/?p=2944#primaryimage\"},\"image\":{\"@id\":\"https:\/\/magdacesti.md\/?p=2944#primaryimage\"},\"thumbnailUrl\":\"https:\/\/magdacesti.md\/wp-content\/uploads\/2018\/04\/IMG_3845.jpg\",\"datePublished\":\"2018-04-10T12:40:58+00:00\",\"dateModified\":\"2018-04-10T12:40:58+00:00\",\"description\":\"Bine ati venit pe pagina oficiala a Primariei Magdacesti.\",\"breadcrumb\":{\"@id\":\"https:\/\/magdacesti.md\/?p=2944#breadcrumb\"},\"inLanguage\":\"en-US\",\"potentialAction\":[{\"@type\":\"ReadAction\",\"target\":[\"https:\/\/magdacesti.md\/?p=2944\"]}]},{\"@type\":\"ImageObject\",\"inLanguage\":\"en-US\",\"@id\":\"https:\/\/magdacesti.md\/?p=2944#primaryimage\",\"url\":\"https:\/\/magdacesti.md\/wp-content\/uploads\/2018\/04\/IMG_3845.jpg\",\"contentUrl\":\"https:\/\/magdacesti.md\/wp-content\/uploads\/2018\/04\/IMG_3845.jpg\"},{\"@type\":\"BreadcrumbList\",\"@id\":\"https:\/\/magdacesti.md\/?p=2944#breadcrumb\",\"itemListElement\":[{\"@type\":\"ListItem\",\"position\":1,\"name\":\"Home\",\"item\":\"https:\/\/magdacesti.md\/\"},{\"@type\":\"ListItem\",\"position\":2,\"name\":\"S\u0103rb\u0103torile Pascale- tradi\u021bii p\u0103strate cu sfin\u021benie la M\u0103gd\u0103ce\u0219ti\"}]},{\"@type\":\"WebSite\",\"@id\":\"https:\/\/magdacesti.md\/#website\",\"url\":\"https:\/\/magdacesti.md\/\",\"name\":\"M\u0103gd\u0103ce\u0219ti\",\"description\":\"Un or\u0103\u0219el cu condi\u021bii decente de trai!\",\"publisher\":{\"@id\":\"https:\/\/magdacesti.md\/#organization\"},\"potentialAction\":[{\"@type\":\"SearchAction\",\"target\":{\"@type\":\"EntryPoint\",\"urlTemplate\":\"https:\/\/magdacesti.md\/?s={search_term_string}\"},\"query-input\":\"required name=search_term_string\"}],\"inLanguage\":\"en-US\"},{\"@type\":\"Organization\",\"@id\":\"https:\/\/magdacesti.md\/#organization\",\"name\":\"M\u0103gd\u0103ce\u0219ti\",\"url\":\"https:\/\/magdacesti.md\/\",\"logo\":{\"@type\":\"ImageObject\",\"inLanguage\":\"en-US\",\"@id\":\"https:\/\/magdacesti.md\/#\/schema\/logo\/image\/\",\"url\":\"https:\/\/magdacesti.md\/wp-content\/uploads\/2021\/03\/Foto-514-scaled.jpg\",\"contentUrl\":\"https:\/\/magdacesti.md\/wp-content\/uploads\/2021\/03\/Foto-514-scaled.jpg\",\"width\":2560,\"height\":1707,\"caption\":\"M\u0103gd\u0103ce\u0219ti\"},\"image\":{\"@id\":\"https:\/\/magdacesti.md\/#\/schema\/logo\/image\/\"},\"sameAs\":[\"https:\/\/www.facebook.com\/magdacesti.md\/\"]},{\"@type\":\"Person\",\"@id\":\"https:\/\/magdacesti.md\/#\/schema\/person\/0068cad735c7cf3ab41a532515da0575\",\"name\":\"Olga Enachi\",\"url\":\"https:\/\/magdacesti.md\/?author=2\"}]}<\/script>\n<!-- \/ Yoast SEO plugin. -->","yoast_head_json":{"title":"S\u0103rb\u0103torile Pascale- tradi\u021bii p\u0103strate cu sfin\u021benie la M\u0103gd\u0103ce\u0219ti - M\u0103gd\u0103ce\u0219ti","description":"Bine ati venit pe pagina oficiala a Primariei Magdacesti.","robots":{"index":"index","follow":"follow","max-snippet":"max-snippet:-1","max-image-preview":"max-image-preview:large","max-video-preview":"max-video-preview:-1"},"canonical":"https:\/\/magdacesti.md\/?p=2944","og_locale":"en_US","og_type":"article","og_title":"S\u0103rb\u0103torile Pascale- tradi\u021bii p\u0103strate cu sfin\u021benie la M\u0103gd\u0103ce\u0219ti - M\u0103gd\u0103ce\u0219ti","og_description":"Bine ati venit pe pagina oficiala a Primariei Magdacesti.","og_url":"https:\/\/magdacesti.md\/?p=2944","og_site_name":"M\u0103gd\u0103ce\u0219ti","article_publisher":"https:\/\/www.facebook.com\/magdacesti.md\/","article_published_time":"2018-04-10T12:40:58+00:00","og_image":[{"url":"https:\/\/magdacesti.md\/wp-content\/uploads\/2018\/04\/IMG_3845.jpg"}],"author":"Olga Enachi","twitter_card":"summary_large_image","twitter_misc":{"Written by":"Olga Enachi","Est. reading time":"1 minute"},"schema":{"@context":"https:\/\/schema.org","@graph":[{"@type":"Article","@id":"https:\/\/magdacesti.md\/?p=2944#article","isPartOf":{"@id":"https:\/\/magdacesti.md\/?p=2944"},"author":{"name":"Olga Enachi","@id":"https:\/\/magdacesti.md\/#\/schema\/person\/0068cad735c7cf3ab41a532515da0575"},"headline":"S\u0103rb\u0103torile Pascale- tradi\u021bii p\u0103strate cu sfin\u021benie la M\u0103gd\u0103ce\u0219ti","datePublished":"2018-04-10T12:40:58+00:00","dateModified":"2018-04-10T12:40:58+00:00","mainEntityOfPage":{"@id":"https:\/\/magdacesti.md\/?p=2944"},"wordCount":207,"publisher":{"@id":"https:\/\/magdacesti.md\/#organization"},"image":{"@id":"https:\/\/magdacesti.md\/?p=2944#primaryimage"},"thumbnailUrl":"https:\/\/magdacesti.md\/wp-content\/uploads\/2018\/04\/IMG_3845.jpg","articleSection":["Stiri"],"inLanguage":"en-US"},{"@type":"WebPage","@id":"https:\/\/magdacesti.md\/?p=2944","url":"https:\/\/magdacesti.md\/?p=2944","name":"S\u0103rb\u0103torile Pascale- tradi\u021bii p\u0103strate cu sfin\u021benie la M\u0103gd\u0103ce\u0219ti - M\u0103gd\u0103ce\u0219ti","isPartOf":{"@id":"https:\/\/magdacesti.md\/#website"},"primaryImageOfPage":{"@id":"https:\/\/magdacesti.md\/?p=2944#primaryimage"},"image":{"@id":"https:\/\/magdacesti.md\/?p=2944#primaryimage"},"thumbnailUrl":"https:\/\/magdacesti.md\/wp-content\/uploads\/2018\/04\/IMG_3845.jpg","datePublished":"2018-04-10T12:40:58+00:00","dateModified":"2018-04-10T12:40:58+00:00","description":"Bine ati venit pe pagina oficiala a Primariei Magdacesti.","breadcrumb":{"@id":"https:\/\/magdacesti.md\/?p=2944#breadcrumb"},"inLanguage":"en-US","potentialAction":[{"@type":"ReadAction","target":["https:\/\/magdacesti.md\/?p=2944"]}]},{"@type":"ImageObject","inLanguage":"en-US","@id":"https:\/\/magdacesti.md\/?p=2944#primaryimage","url":"https:\/\/magdacesti.md\/wp-content\/uploads\/2018\/04\/IMG_3845.jpg","contentUrl":"https:\/\/magdacesti.md\/wp-content\/uploads\/2018\/04\/IMG_3845.jpg"},{"@type":"BreadcrumbList","@id":"https:\/\/magdacesti.md\/?p=2944#breadcrumb","itemListElement":[{"@type":"ListItem","position":1,"name":"Home","item":"https:\/\/magdacesti.md\/"},{"@type":"ListItem","position":2,"name":"S\u0103rb\u0103torile Pascale- tradi\u021bii p\u0103strate cu sfin\u021benie la M\u0103gd\u0103ce\u0219ti"}]},{"@type":"WebSite","@id":"https:\/\/magdacesti.md\/#website","url":"https:\/\/magdacesti.md\/","name":"M\u0103gd\u0103ce\u0219ti","description":"Un or\u0103\u0219el cu condi\u021bii decente de trai!","publisher":{"@id":"https:\/\/magdacesti.md\/#organization"},"potentialAction":[{"@type":"SearchAction","target":{"@type":"EntryPoint","urlTemplate":"https:\/\/magdacesti.md\/?s={search_term_string}"},"query-input":"required name=search_term_string"}],"inLanguage":"en-US"},{"@type":"Organization","@id":"https:\/\/magdacesti.md\/#organization","name":"M\u0103gd\u0103ce\u0219ti","url":"https:\/\/magdacesti.md\/","logo":{"@type":"ImageObject","inLanguage":"en-US","@id":"https:\/\/magdacesti.md\/#\/schema\/logo\/image\/","url":"https:\/\/magdacesti.md\/wp-content\/uploads\/2021\/03\/Foto-514-scaled.jpg","contentUrl":"https:\/\/magdacesti.md\/wp-content\/uploads\/2021\/03\/Foto-514-scaled.jpg","width":2560,"height":1707,"caption":"M\u0103gd\u0103ce\u0219ti"},"image":{"@id":"https:\/\/magdacesti.md\/#\/schema\/logo\/image\/"},"sameAs":["https:\/\/www.facebook.com\/magdacesti.md\/"]},{"@type":"Person","@id":"https:\/\/magdacesti.md\/#\/schema\/person\/0068cad735c7cf3ab41a532515da0575","name":"Olga Enachi","url":"https:\/\/magdacesti.md\/?author=2"}]}},"_links":{"self":[{"href":"https:\/\/magdacesti.md\/index.php?rest_route=\/wp\/v2\/posts\/2944","targetHints":{"allow":["GET"]}}],"collection":[{"href":"https:\/\/magdacesti.md\/index.php?rest_route=\/wp\/v2\/posts"}],"about":[{"href":"https:\/\/magdacesti.md\/index.php?rest_route=\/wp\/v2\/types\/post"}],"author":[{"embeddable":true,"href":"https:\/\/magdacesti.md\/index.php?rest_route=\/wp\/v2\/users\/2"}],"replies":[{"embeddable":true,"href":"https:\/\/magdacesti.md\/index.php?rest_route=%2Fwp%2Fv2%2Fcomments&post=2944"}],"version-history":[{"count":0,"href":"https:\/\/magdacesti.md\/index.php?rest_route=\/wp\/v2\/posts\/2944\/revisions"}],"wp:attachment":[{"href":"https:\/\/magdacesti.md\/index.php?rest_route=%2Fwp%2Fv2%2Fmedia&parent=2944"}],"wp:term":[{"taxonomy":"category","embeddable":true,"href":"https:\/\/magdacesti.md\/index.php?rest_route=%2Fwp%2Fv2%2Fcategories&post=2944"},{"taxonomy":"post_tag","embeddable":true,"href":"https:\/\/magdacesti.md\/index.php?rest_route=%2Fwp%2Fv2%2Ftags&post=2944"}],"curies":[{"name":"wp","href":"https:\/\/api.w.org\/{rel}","templated":true}]}}