{"id":3004,"date":"2018-05-06T22:21:36","date_gmt":"2018-05-06T19:21:36","guid":{"rendered":"https:\/\/magdacesti.md\/?p=3004"},"modified":"2018-05-06T22:21:36","modified_gmt":"2018-05-06T19:21:36","slug":"la-multi-ani-de-sfantul-mare-mucenic-gheorghe","status":"publish","type":"post","link":"https:\/\/magdacesti.md\/?p=3004","title":{"rendered":"La mul\u021bi ani de Sf\u00e2ntul Mare Mucenic Gheorghe!"},"content":{"rendered":"<p>Ast\u0103zi, credincio\u0219ii ortodoc\u0219i \u00eel pr\u0103znuiesc pe Sf\u00e2ntul Marele Mucenic Gheorghe, considerat unul dintre cei mai cunoscu\u021bi \u0219i venera\u021bi ap\u0103r\u0103tori ai cre\u0219tinismului. Numele Gheorghe vine din greac\u0103, Gheorghios \u00eensemn\u00e2nd agricultor.<br \/>\n\u00cen diminea\u021ba zilei de Sf\u00e2ntul Gheorghe, capul familiei, \u00eentotdeauna un b\u0103rbat, a\u0219eaz\u0103 la st\u00e2lpii por\u021bilor, ai caselor, la ferestrele \u0219i pe la u\u0219i, \u00een gr\u0103dini \u0219i pe mormintele din cimitire ramuri verzi. Astfel, se crede ca oamenii, vitele \u0219i sem\u0103naturile sunt protejate de for\u021bele malefice.<\/p>\n<p><img loading=\"lazy\" decoding=\"async\" class=\"aligncenter\" src=\"https:\/\/magdacesti.md\/wp-content\/uploads\/2018\/05\/gheorghe_1-1.jpg\" alt=\"\" width=\"530\" height=\"754\" \/><\/p>\n<p style=\"text-align: center;\">Cu ocazia acestei frumoase s\u0103rb\u0103tori, v\u0103 transmitem cele mai alese g\u00e2nduri de pace \u0219i lini\u0219te sufleteasc\u0103, bucurii nenum\u0103rate al\u0103turi de oamenii dragi. Aceast\u0103 sf\u00e2nt\u0103 s\u0103rb\u0103toare s\u0103 v\u0103 aduc\u0103 mult\u0103 lumin\u0103 \u00een suflet, s\u0103n\u0103tate \u0219i fericire, iar Sf\u00e2ntul al c\u0103rui nume-l purta\u021bi, s\u0103 v\u0103 c\u0103l\u0103uzeasc\u0103 pa\u0219ii mereu!<br \/>\nLa mul\u021bi ani, Gheorghe, Gheorghine, George \u0219i Georgete!<\/p>\n<p>&nbsp;<\/p>\n","protected":false},"excerpt":{"rendered":"<p>Ast\u0103zi, credincio\u0219ii ortodoc\u0219i \u00eel pr\u0103znuiesc pe Sf\u00e2ntul Marele Mucenic Gheorghe, considerat unul dintre cei mai cunoscu\u021bi \u0219i venera\u021bi ap\u0103r\u0103tori ai cre\u0219tinismului. Numele Gheorghe vine din greac\u0103, Gheorghios \u00eensemn\u00e2nd agricultor. \u00cen diminea\u021ba zilei de Sf\u00e2ntul Gheorghe, capul familiei, \u00eentotdeauna un b\u0103rbat, a\u0219eaz\u0103 la st\u00e2lpii por\u021bilor, ai caselor, la ferestrele \u0219i pe la u\u0219i, \u00een gr\u0103dini \u0219i [&#8230;]\n","protected":false},"author":2,"featured_media":0,"comment_status":"closed","ping_status":"closed","sticky":false,"template":"","format":"standard","meta":{"ngg_post_thumbnail":0,"footnotes":""},"categories":[4],"tags":[],"class_list":["post-3004","post","type-post","status-publish","format-standard","hentry","category-stiri"],"yoast_head":"<!-- This site is optimized with the Yoast SEO plugin v23.3 - https:\/\/yoast.com\/wordpress\/plugins\/seo\/ -->\n<title>La mul\u021bi ani de Sf\u00e2ntul Mare Mucenic Gheorghe! - M\u0103gd\u0103ce\u0219ti<\/title>\n<meta name=\"description\" content=\"Bine ati venit pe pagina oficiala a Primariei Magdacesti.\" \/>\n<meta name=\"robots\" content=\"index, follow, max-snippet:-1, max-image-preview:large, max-video-preview:-1\" \/>\n<link rel=\"canonical\" href=\"https:\/\/magdacesti.md\/?p=3004\" \/>\n<meta property=\"og:locale\" content=\"en_US\" \/>\n<meta property=\"og:type\" content=\"article\" \/>\n<meta property=\"og:title\" content=\"La mul\u021bi ani de Sf\u00e2ntul Mare Mucenic Gheorghe! - M\u0103gd\u0103ce\u0219ti\" \/>\n<meta property=\"og:description\" content=\"Bine ati venit pe pagina oficiala a Primariei Magdacesti.\" \/>\n<meta property=\"og:url\" content=\"https:\/\/magdacesti.md\/?p=3004\" \/>\n<meta property=\"og:site_name\" content=\"M\u0103gd\u0103ce\u0219ti\" \/>\n<meta property=\"article:publisher\" content=\"https:\/\/www.facebook.com\/magdacesti.md\/\" \/>\n<meta property=\"article:published_time\" content=\"2018-05-06T19:21:36+00:00\" \/>\n<meta property=\"og:image\" content=\"https:\/\/magdacesti.md\/wp-content\/uploads\/2018\/05\/gheorghe_1-1.jpg\" \/>\n<meta name=\"author\" content=\"Olga Enachi\" \/>\n<meta name=\"twitter:card\" content=\"summary_large_image\" \/>\n<meta name=\"twitter:label1\" content=\"Written by\" \/>\n\t<meta name=\"twitter:data1\" content=\"Olga Enachi\" \/>\n\t<meta name=\"twitter:label2\" content=\"Est. reading time\" \/>\n\t<meta name=\"twitter:data2\" content=\"1 minute\" \/>\n<script type=\"application\/ld+json\" class=\"yoast-schema-graph\">{\"@context\":\"https:\/\/schema.org\",\"@graph\":[{\"@type\":\"Article\",\"@id\":\"https:\/\/magdacesti.md\/?p=3004#article\",\"isPartOf\":{\"@id\":\"https:\/\/magdacesti.md\/?p=3004\"},\"author\":{\"name\":\"Olga Enachi\",\"@id\":\"https:\/\/magdacesti.md\/#\/schema\/person\/0068cad735c7cf3ab41a532515da0575\"},\"headline\":\"La mul\u021bi ani de Sf\u00e2ntul Mare Mucenic Gheorghe!\",\"datePublished\":\"2018-05-06T19:21:36+00:00\",\"dateModified\":\"2018-05-06T19:21:36+00:00\",\"mainEntityOfPage\":{\"@id\":\"https:\/\/magdacesti.md\/?p=3004\"},\"wordCount\":178,\"publisher\":{\"@id\":\"https:\/\/magdacesti.md\/#organization\"},\"image\":{\"@id\":\"https:\/\/magdacesti.md\/?p=3004#primaryimage\"},\"thumbnailUrl\":\"https:\/\/magdacesti.md\/wp-content\/uploads\/2018\/05\/gheorghe_1-1.jpg\",\"articleSection\":[\"Stiri\"],\"inLanguage\":\"en-US\"},{\"@type\":\"WebPage\",\"@id\":\"https:\/\/magdacesti.md\/?p=3004\",\"url\":\"https:\/\/magdacesti.md\/?p=3004\",\"name\":\"La mul\u021bi ani de Sf\u00e2ntul Mare Mucenic Gheorghe! - M\u0103gd\u0103ce\u0219ti\",\"isPartOf\":{\"@id\":\"https:\/\/magdacesti.md\/#website\"},\"primaryImageOfPage\":{\"@id\":\"https:\/\/magdacesti.md\/?p=3004#primaryimage\"},\"image\":{\"@id\":\"https:\/\/magdacesti.md\/?p=3004#primaryimage\"},\"thumbnailUrl\":\"https:\/\/magdacesti.md\/wp-content\/uploads\/2018\/05\/gheorghe_1-1.jpg\",\"datePublished\":\"2018-05-06T19:21:36+00:00\",\"dateModified\":\"2018-05-06T19:21:36+00:00\",\"description\":\"Bine ati venit pe pagina oficiala a Primariei Magdacesti.\",\"breadcrumb\":{\"@id\":\"https:\/\/magdacesti.md\/?p=3004#breadcrumb\"},\"inLanguage\":\"en-US\",\"potentialAction\":[{\"@type\":\"ReadAction\",\"target\":[\"https:\/\/magdacesti.md\/?p=3004\"]}]},{\"@type\":\"ImageObject\",\"inLanguage\":\"en-US\",\"@id\":\"https:\/\/magdacesti.md\/?p=3004#primaryimage\",\"url\":\"https:\/\/magdacesti.md\/wp-content\/uploads\/2018\/05\/gheorghe_1-1.jpg\",\"contentUrl\":\"https:\/\/magdacesti.md\/wp-content\/uploads\/2018\/05\/gheorghe_1-1.jpg\"},{\"@type\":\"BreadcrumbList\",\"@id\":\"https:\/\/magdacesti.md\/?p=3004#breadcrumb\",\"itemListElement\":[{\"@type\":\"ListItem\",\"position\":1,\"name\":\"Home\",\"item\":\"https:\/\/magdacesti.md\/\"},{\"@type\":\"ListItem\",\"position\":2,\"name\":\"La mul\u021bi ani de Sf\u00e2ntul Mare Mucenic Gheorghe!\"}]},{\"@type\":\"WebSite\",\"@id\":\"https:\/\/magdacesti.md\/#website\",\"url\":\"https:\/\/magdacesti.md\/\",\"name\":\"M\u0103gd\u0103ce\u0219ti\",\"description\":\"Un or\u0103\u0219el cu condi\u021bii decente de trai!\",\"publisher\":{\"@id\":\"https:\/\/magdacesti.md\/#organization\"},\"potentialAction\":[{\"@type\":\"SearchAction\",\"target\":{\"@type\":\"EntryPoint\",\"urlTemplate\":\"https:\/\/magdacesti.md\/?s={search_term_string}\"},\"query-input\":\"required name=search_term_string\"}],\"inLanguage\":\"en-US\"},{\"@type\":\"Organization\",\"@id\":\"https:\/\/magdacesti.md\/#organization\",\"name\":\"M\u0103gd\u0103ce\u0219ti\",\"url\":\"https:\/\/magdacesti.md\/\",\"logo\":{\"@type\":\"ImageObject\",\"inLanguage\":\"en-US\",\"@id\":\"https:\/\/magdacesti.md\/#\/schema\/logo\/image\/\",\"url\":\"https:\/\/magdacesti.md\/wp-content\/uploads\/2021\/03\/Foto-514-scaled.jpg\",\"contentUrl\":\"https:\/\/magdacesti.md\/wp-content\/uploads\/2021\/03\/Foto-514-scaled.jpg\",\"width\":2560,\"height\":1707,\"caption\":\"M\u0103gd\u0103ce\u0219ti\"},\"image\":{\"@id\":\"https:\/\/magdacesti.md\/#\/schema\/logo\/image\/\"},\"sameAs\":[\"https:\/\/www.facebook.com\/magdacesti.md\/\"]},{\"@type\":\"Person\",\"@id\":\"https:\/\/magdacesti.md\/#\/schema\/person\/0068cad735c7cf3ab41a532515da0575\",\"name\":\"Olga Enachi\",\"url\":\"https:\/\/magdacesti.md\/?author=2\"}]}<\/script>\n<!-- \/ Yoast SEO plugin. -->","yoast_head_json":{"title":"La mul\u021bi ani de Sf\u00e2ntul Mare Mucenic Gheorghe! - M\u0103gd\u0103ce\u0219ti","description":"Bine ati venit pe pagina oficiala a Primariei Magdacesti.","robots":{"index":"index","follow":"follow","max-snippet":"max-snippet:-1","max-image-preview":"max-image-preview:large","max-video-preview":"max-video-preview:-1"},"canonical":"https:\/\/magdacesti.md\/?p=3004","og_locale":"en_US","og_type":"article","og_title":"La mul\u021bi ani de Sf\u00e2ntul Mare Mucenic Gheorghe! - M\u0103gd\u0103ce\u0219ti","og_description":"Bine ati venit pe pagina oficiala a Primariei Magdacesti.","og_url":"https:\/\/magdacesti.md\/?p=3004","og_site_name":"M\u0103gd\u0103ce\u0219ti","article_publisher":"https:\/\/www.facebook.com\/magdacesti.md\/","article_published_time":"2018-05-06T19:21:36+00:00","og_image":[{"url":"https:\/\/magdacesti.md\/wp-content\/uploads\/2018\/05\/gheorghe_1-1.jpg"}],"author":"Olga Enachi","twitter_card":"summary_large_image","twitter_misc":{"Written by":"Olga Enachi","Est. reading time":"1 minute"},"schema":{"@context":"https:\/\/schema.org","@graph":[{"@type":"Article","@id":"https:\/\/magdacesti.md\/?p=3004#article","isPartOf":{"@id":"https:\/\/magdacesti.md\/?p=3004"},"author":{"name":"Olga Enachi","@id":"https:\/\/magdacesti.md\/#\/schema\/person\/0068cad735c7cf3ab41a532515da0575"},"headline":"La mul\u021bi ani de Sf\u00e2ntul Mare Mucenic Gheorghe!","datePublished":"2018-05-06T19:21:36+00:00","dateModified":"2018-05-06T19:21:36+00:00","mainEntityOfPage":{"@id":"https:\/\/magdacesti.md\/?p=3004"},"wordCount":178,"publisher":{"@id":"https:\/\/magdacesti.md\/#organization"},"image":{"@id":"https:\/\/magdacesti.md\/?p=3004#primaryimage"},"thumbnailUrl":"https:\/\/magdacesti.md\/wp-content\/uploads\/2018\/05\/gheorghe_1-1.jpg","articleSection":["Stiri"],"inLanguage":"en-US"},{"@type":"WebPage","@id":"https:\/\/magdacesti.md\/?p=3004","url":"https:\/\/magdacesti.md\/?p=3004","name":"La mul\u021bi ani de Sf\u00e2ntul Mare Mucenic Gheorghe! - M\u0103gd\u0103ce\u0219ti","isPartOf":{"@id":"https:\/\/magdacesti.md\/#website"},"primaryImageOfPage":{"@id":"https:\/\/magdacesti.md\/?p=3004#primaryimage"},"image":{"@id":"https:\/\/magdacesti.md\/?p=3004#primaryimage"},"thumbnailUrl":"https:\/\/magdacesti.md\/wp-content\/uploads\/2018\/05\/gheorghe_1-1.jpg","datePublished":"2018-05-06T19:21:36+00:00","dateModified":"2018-05-06T19:21:36+00:00","description":"Bine ati venit pe pagina oficiala a Primariei Magdacesti.","breadcrumb":{"@id":"https:\/\/magdacesti.md\/?p=3004#breadcrumb"},"inLanguage":"en-US","potentialAction":[{"@type":"ReadAction","target":["https:\/\/magdacesti.md\/?p=3004"]}]},{"@type":"ImageObject","inLanguage":"en-US","@id":"https:\/\/magdacesti.md\/?p=3004#primaryimage","url":"https:\/\/magdacesti.md\/wp-content\/uploads\/2018\/05\/gheorghe_1-1.jpg","contentUrl":"https:\/\/magdacesti.md\/wp-content\/uploads\/2018\/05\/gheorghe_1-1.jpg"},{"@type":"BreadcrumbList","@id":"https:\/\/magdacesti.md\/?p=3004#breadcrumb","itemListElement":[{"@type":"ListItem","position":1,"name":"Home","item":"https:\/\/magdacesti.md\/"},{"@type":"ListItem","position":2,"name":"La mul\u021bi ani de Sf\u00e2ntul Mare Mucenic Gheorghe!"}]},{"@type":"WebSite","@id":"https:\/\/magdacesti.md\/#website","url":"https:\/\/magdacesti.md\/","name":"M\u0103gd\u0103ce\u0219ti","description":"Un or\u0103\u0219el cu condi\u021bii decente de trai!","publisher":{"@id":"https:\/\/magdacesti.md\/#organization"},"potentialAction":[{"@type":"SearchAction","target":{"@type":"EntryPoint","urlTemplate":"https:\/\/magdacesti.md\/?s={search_term_string}"},"query-input":"required name=search_term_string"}],"inLanguage":"en-US"},{"@type":"Organization","@id":"https:\/\/magdacesti.md\/#organization","name":"M\u0103gd\u0103ce\u0219ti","url":"https:\/\/magdacesti.md\/","logo":{"@type":"ImageObject","inLanguage":"en-US","@id":"https:\/\/magdacesti.md\/#\/schema\/logo\/image\/","url":"https:\/\/magdacesti.md\/wp-content\/uploads\/2021\/03\/Foto-514-scaled.jpg","contentUrl":"https:\/\/magdacesti.md\/wp-content\/uploads\/2021\/03\/Foto-514-scaled.jpg","width":2560,"height":1707,"caption":"M\u0103gd\u0103ce\u0219ti"},"image":{"@id":"https:\/\/magdacesti.md\/#\/schema\/logo\/image\/"},"sameAs":["https:\/\/www.facebook.com\/magdacesti.md\/"]},{"@type":"Person","@id":"https:\/\/magdacesti.md\/#\/schema\/person\/0068cad735c7cf3ab41a532515da0575","name":"Olga Enachi","url":"https:\/\/magdacesti.md\/?author=2"}]}},"_links":{"self":[{"href":"https:\/\/magdacesti.md\/index.php?rest_route=\/wp\/v2\/posts\/3004","targetHints":{"allow":["GET"]}}],"collection":[{"href":"https:\/\/magdacesti.md\/index.php?rest_route=\/wp\/v2\/posts"}],"about":[{"href":"https:\/\/magdacesti.md\/index.php?rest_route=\/wp\/v2\/types\/post"}],"author":[{"embeddable":true,"href":"https:\/\/magdacesti.md\/index.php?rest_route=\/wp\/v2\/users\/2"}],"replies":[{"embeddable":true,"href":"https:\/\/magdacesti.md\/index.php?rest_route=%2Fwp%2Fv2%2Fcomments&post=3004"}],"version-history":[{"count":0,"href":"https:\/\/magdacesti.md\/index.php?rest_route=\/wp\/v2\/posts\/3004\/revisions"}],"wp:attachment":[{"href":"https:\/\/magdacesti.md\/index.php?rest_route=%2Fwp%2Fv2%2Fmedia&parent=3004"}],"wp:term":[{"taxonomy":"category","embeddable":true,"href":"https:\/\/magdacesti.md\/index.php?rest_route=%2Fwp%2Fv2%2Fcategories&post=3004"},{"taxonomy":"post_tag","embeddable":true,"href":"https:\/\/magdacesti.md\/index.php?rest_route=%2Fwp%2Fv2%2Ftags&post=3004"}],"curies":[{"name":"wp","href":"https:\/\/api.w.org\/{rel}","templated":true}]}}