{"id":3011,"date":"2018-05-08T21:50:49","date_gmt":"2018-05-08T18:50:49","guid":{"rendered":"https:\/\/magdacesti.md\/?p=3011"},"modified":"2018-05-08T21:50:49","modified_gmt":"2018-05-08T18:50:49","slug":"anunt-10-mai-2018-sedinta-ordinara-a-consiliului-satesc","status":"publish","type":"post","link":"https:\/\/magdacesti.md\/?p=3011","title":{"rendered":"Anun\u021b! 10 mai 2018 &#8211; \u0219edin\u021ba ordinar\u0103 a Consiliului s\u0103tesc M\u0103gd\u0103ce\u015fti"},"content":{"rendered":"<p>\u00cen conformitate cu art. 16 p.1 p .5 din Legea privind administra\u021bia public\u0103 local\u0103 nr.436-XVI din 28.12.2006 dispozi\u021bia nr.22 A\/B din 03 mai 2018<\/p>\n<p>10 mai 2018<strong> ora 19.00<\/strong> \u00een incinta Prim\u0103riei M\u0103gd\u0103ce\u0219ti se convoac\u0103 \u0219edin\u021ba ordinar\u0103 a Consiliului s\u0103tesc M\u0103gd\u0103ce\u015fti cu ORDINEA DE ZI :<\/p>\n<ol>\n<li>Cu privire la rectificarea bugetului satului M\u0103gd\u0103ce\u0219ti pentru anul 2018\n<ul>\n<li>Raportor\u00a0 Svetlana B\u00ceTLAN ,secretarul Consiliului s\u0103tesc<\/li>\n<\/ul>\n<\/li>\n<li>Cu privire la cump\u0103rarea imobilului cu nr.cadastral\u00a0 31292202771, pentru construc\u021bia gr\u0103dini\u021bei de copii \u00een satul M\u0103gd\u0103ce\u0219ti\n<ul>\n<li>Raportor: Svetlana B\u00ceTLAN, secretarul Consiliului<\/li>\n<\/ul>\n<\/li>\n<li>\u00a0Cu privire la\u00a0 acordarea ajutorului\u00a0 material cet\u0103\u021benilor\n<ul>\n<li>Raportor: Liuba COJOCARU, primar<\/li>\n<\/ul>\n<\/li>\n<li>Cu privire la modificarea planului urbanistic al satului M\u0103gd\u0103ce\u015fti\n<ul>\n<li>Raportor: Liuba COJOCARU, primar<\/li>\n<\/ul>\n<\/li>\n<li>Cu privire la\u00a0 modificarea\u00a0 componen\u021bei nominale\u00a0 a comisiei pentru \u00a0educa\u021bie,s\u0103n\u0103tate protec\u021bie social\u0103,activit\u0103\u021bi social culturale \u0219i informare<\/li>\n<li>Cu privire la schimbarea destina\u021biei imobilului cu nr. cadastral 3129220260.02<\/li>\n<li style=\"list-style-type: none;\"><\/li>\n<\/ol>\n<p>&nbsp;<\/p>\n","protected":false},"excerpt":{"rendered":"<p>\u00cen conformitate cu art. 16 p.1 p .5 din Legea privind administra\u021bia public\u0103 local\u0103 nr.436-XVI din 28.12.2006 dispozi\u021bia nr.22 A\/B din 03 mai 2018 10 mai 2018 ora 19.00 \u00een incinta Prim\u0103riei M\u0103gd\u0103ce\u0219ti se convoac\u0103 \u0219edin\u021ba ordinar\u0103 a Consiliului s\u0103tesc M\u0103gd\u0103ce\u015fti cu ORDINEA DE ZI : Cu privire la rectificarea bugetului satului M\u0103gd\u0103ce\u0219ti pentru anul [&#8230;]\n","protected":false},"author":2,"featured_media":0,"comment_status":"closed","ping_status":"closed","sticky":false,"template":"","format":"standard","meta":{"ngg_post_thumbnail":0,"footnotes":""},"categories":[4],"tags":[],"class_list":["post-3011","post","type-post","status-publish","format-standard","hentry","category-stiri"],"yoast_head":"<!-- This site is optimized with the Yoast SEO plugin v23.3 - https:\/\/yoast.com\/wordpress\/plugins\/seo\/ -->\n<title>Anun\u021b! 10 mai 2018 - \u0219edin\u021ba ordinar\u0103 a Consiliului s\u0103tesc M\u0103gd\u0103ce\u015fti - M\u0103gd\u0103ce\u0219ti<\/title>\n<meta name=\"description\" content=\"Bine ati venit pe pagina oficiala a Primariei Magdacesti.\" \/>\n<meta name=\"robots\" content=\"index, follow, max-snippet:-1, max-image-preview:large, max-video-preview:-1\" \/>\n<link rel=\"canonical\" href=\"https:\/\/magdacesti.md\/?p=3011\" \/>\n<meta property=\"og:locale\" content=\"en_US\" \/>\n<meta property=\"og:type\" content=\"article\" \/>\n<meta property=\"og:title\" content=\"Anun\u021b! 10 mai 2018 - \u0219edin\u021ba ordinar\u0103 a Consiliului s\u0103tesc M\u0103gd\u0103ce\u015fti - M\u0103gd\u0103ce\u0219ti\" \/>\n<meta property=\"og:description\" content=\"Bine ati venit pe pagina oficiala a Primariei Magdacesti.\" \/>\n<meta property=\"og:url\" content=\"https:\/\/magdacesti.md\/?p=3011\" \/>\n<meta property=\"og:site_name\" content=\"M\u0103gd\u0103ce\u0219ti\" \/>\n<meta property=\"article:publisher\" content=\"https:\/\/www.facebook.com\/magdacesti.md\/\" \/>\n<meta property=\"article:published_time\" content=\"2018-05-08T18:50:49+00:00\" \/>\n<meta property=\"og:image\" content=\"https:\/\/magdacesti.md\/wp-content\/uploads\/2021\/03\/Foto-514-edit-scaled.jpg\" \/>\n\t<meta property=\"og:image:width\" content=\"2560\" \/>\n\t<meta property=\"og:image:height\" content=\"1707\" \/>\n\t<meta property=\"og:image:type\" content=\"image\/jpeg\" \/>\n<meta name=\"author\" content=\"Olga Enachi\" \/>\n<meta name=\"twitter:card\" content=\"summary_large_image\" \/>\n<meta name=\"twitter:label1\" content=\"Written by\" \/>\n\t<meta name=\"twitter:data1\" content=\"Olga Enachi\" \/>\n\t<meta name=\"twitter:label2\" content=\"Est. reading time\" \/>\n\t<meta name=\"twitter:data2\" content=\"1 minute\" \/>\n<script type=\"application\/ld+json\" class=\"yoast-schema-graph\">{\"@context\":\"https:\/\/schema.org\",\"@graph\":[{\"@type\":\"Article\",\"@id\":\"https:\/\/magdacesti.md\/?p=3011#article\",\"isPartOf\":{\"@id\":\"https:\/\/magdacesti.md\/?p=3011\"},\"author\":{\"name\":\"Olga Enachi\",\"@id\":\"https:\/\/magdacesti.md\/#\/schema\/person\/0068cad735c7cf3ab41a532515da0575\"},\"headline\":\"Anun\u021b! 10 mai 2018 &#8211; \u0219edin\u021ba ordinar\u0103 a Consiliului s\u0103tesc M\u0103gd\u0103ce\u015fti\",\"datePublished\":\"2018-05-08T18:50:49+00:00\",\"dateModified\":\"2018-05-08T18:50:49+00:00\",\"mainEntityOfPage\":{\"@id\":\"https:\/\/magdacesti.md\/?p=3011\"},\"wordCount\":176,\"publisher\":{\"@id\":\"https:\/\/magdacesti.md\/#organization\"},\"articleSection\":[\"Stiri\"],\"inLanguage\":\"en-US\"},{\"@type\":\"WebPage\",\"@id\":\"https:\/\/magdacesti.md\/?p=3011\",\"url\":\"https:\/\/magdacesti.md\/?p=3011\",\"name\":\"Anun\u021b! 10 mai 2018 - \u0219edin\u021ba ordinar\u0103 a Consiliului s\u0103tesc M\u0103gd\u0103ce\u015fti - M\u0103gd\u0103ce\u0219ti\",\"isPartOf\":{\"@id\":\"https:\/\/magdacesti.md\/#website\"},\"datePublished\":\"2018-05-08T18:50:49+00:00\",\"dateModified\":\"2018-05-08T18:50:49+00:00\",\"description\":\"Bine ati venit pe pagina oficiala a Primariei Magdacesti.\",\"breadcrumb\":{\"@id\":\"https:\/\/magdacesti.md\/?p=3011#breadcrumb\"},\"inLanguage\":\"en-US\",\"potentialAction\":[{\"@type\":\"ReadAction\",\"target\":[\"https:\/\/magdacesti.md\/?p=3011\"]}]},{\"@type\":\"BreadcrumbList\",\"@id\":\"https:\/\/magdacesti.md\/?p=3011#breadcrumb\",\"itemListElement\":[{\"@type\":\"ListItem\",\"position\":1,\"name\":\"Home\",\"item\":\"https:\/\/magdacesti.md\/\"},{\"@type\":\"ListItem\",\"position\":2,\"name\":\"Anun\u021b! 10 mai 2018 &#8211; \u0219edin\u021ba ordinar\u0103 a Consiliului s\u0103tesc M\u0103gd\u0103ce\u015fti\"}]},{\"@type\":\"WebSite\",\"@id\":\"https:\/\/magdacesti.md\/#website\",\"url\":\"https:\/\/magdacesti.md\/\",\"name\":\"M\u0103gd\u0103ce\u0219ti\",\"description\":\"Un or\u0103\u0219el cu condi\u021bii decente de trai!\",\"publisher\":{\"@id\":\"https:\/\/magdacesti.md\/#organization\"},\"potentialAction\":[{\"@type\":\"SearchAction\",\"target\":{\"@type\":\"EntryPoint\",\"urlTemplate\":\"https:\/\/magdacesti.md\/?s={search_term_string}\"},\"query-input\":\"required name=search_term_string\"}],\"inLanguage\":\"en-US\"},{\"@type\":\"Organization\",\"@id\":\"https:\/\/magdacesti.md\/#organization\",\"name\":\"M\u0103gd\u0103ce\u0219ti\",\"url\":\"https:\/\/magdacesti.md\/\",\"logo\":{\"@type\":\"ImageObject\",\"inLanguage\":\"en-US\",\"@id\":\"https:\/\/magdacesti.md\/#\/schema\/logo\/image\/\",\"url\":\"https:\/\/magdacesti.md\/wp-content\/uploads\/2021\/03\/Foto-514-scaled.jpg\",\"contentUrl\":\"https:\/\/magdacesti.md\/wp-content\/uploads\/2021\/03\/Foto-514-scaled.jpg\",\"width\":2560,\"height\":1707,\"caption\":\"M\u0103gd\u0103ce\u0219ti\"},\"image\":{\"@id\":\"https:\/\/magdacesti.md\/#\/schema\/logo\/image\/\"},\"sameAs\":[\"https:\/\/www.facebook.com\/magdacesti.md\/\"]},{\"@type\":\"Person\",\"@id\":\"https:\/\/magdacesti.md\/#\/schema\/person\/0068cad735c7cf3ab41a532515da0575\",\"name\":\"Olga Enachi\",\"url\":\"https:\/\/magdacesti.md\/?author=2\"}]}<\/script>\n<!-- \/ Yoast SEO plugin. -->","yoast_head_json":{"title":"Anun\u021b! 10 mai 2018 - \u0219edin\u021ba ordinar\u0103 a Consiliului s\u0103tesc M\u0103gd\u0103ce\u015fti - M\u0103gd\u0103ce\u0219ti","description":"Bine ati venit pe pagina oficiala a Primariei Magdacesti.","robots":{"index":"index","follow":"follow","max-snippet":"max-snippet:-1","max-image-preview":"max-image-preview:large","max-video-preview":"max-video-preview:-1"},"canonical":"https:\/\/magdacesti.md\/?p=3011","og_locale":"en_US","og_type":"article","og_title":"Anun\u021b! 10 mai 2018 - \u0219edin\u021ba ordinar\u0103 a Consiliului s\u0103tesc M\u0103gd\u0103ce\u015fti - M\u0103gd\u0103ce\u0219ti","og_description":"Bine ati venit pe pagina oficiala a Primariei Magdacesti.","og_url":"https:\/\/magdacesti.md\/?p=3011","og_site_name":"M\u0103gd\u0103ce\u0219ti","article_publisher":"https:\/\/www.facebook.com\/magdacesti.md\/","article_published_time":"2018-05-08T18:50:49+00:00","og_image":[{"width":2560,"height":1707,"url":"https:\/\/magdacesti.md\/wp-content\/uploads\/2021\/03\/Foto-514-edit-scaled.jpg","type":"image\/jpeg"}],"author":"Olga Enachi","twitter_card":"summary_large_image","twitter_misc":{"Written by":"Olga Enachi","Est. reading time":"1 minute"},"schema":{"@context":"https:\/\/schema.org","@graph":[{"@type":"Article","@id":"https:\/\/magdacesti.md\/?p=3011#article","isPartOf":{"@id":"https:\/\/magdacesti.md\/?p=3011"},"author":{"name":"Olga Enachi","@id":"https:\/\/magdacesti.md\/#\/schema\/person\/0068cad735c7cf3ab41a532515da0575"},"headline":"Anun\u021b! 10 mai 2018 &#8211; \u0219edin\u021ba ordinar\u0103 a Consiliului s\u0103tesc M\u0103gd\u0103ce\u015fti","datePublished":"2018-05-08T18:50:49+00:00","dateModified":"2018-05-08T18:50:49+00:00","mainEntityOfPage":{"@id":"https:\/\/magdacesti.md\/?p=3011"},"wordCount":176,"publisher":{"@id":"https:\/\/magdacesti.md\/#organization"},"articleSection":["Stiri"],"inLanguage":"en-US"},{"@type":"WebPage","@id":"https:\/\/magdacesti.md\/?p=3011","url":"https:\/\/magdacesti.md\/?p=3011","name":"Anun\u021b! 10 mai 2018 - \u0219edin\u021ba ordinar\u0103 a Consiliului s\u0103tesc M\u0103gd\u0103ce\u015fti - M\u0103gd\u0103ce\u0219ti","isPartOf":{"@id":"https:\/\/magdacesti.md\/#website"},"datePublished":"2018-05-08T18:50:49+00:00","dateModified":"2018-05-08T18:50:49+00:00","description":"Bine ati venit pe pagina oficiala a Primariei Magdacesti.","breadcrumb":{"@id":"https:\/\/magdacesti.md\/?p=3011#breadcrumb"},"inLanguage":"en-US","potentialAction":[{"@type":"ReadAction","target":["https:\/\/magdacesti.md\/?p=3011"]}]},{"@type":"BreadcrumbList","@id":"https:\/\/magdacesti.md\/?p=3011#breadcrumb","itemListElement":[{"@type":"ListItem","position":1,"name":"Home","item":"https:\/\/magdacesti.md\/"},{"@type":"ListItem","position":2,"name":"Anun\u021b! 10 mai 2018 &#8211; \u0219edin\u021ba ordinar\u0103 a Consiliului s\u0103tesc M\u0103gd\u0103ce\u015fti"}]},{"@type":"WebSite","@id":"https:\/\/magdacesti.md\/#website","url":"https:\/\/magdacesti.md\/","name":"M\u0103gd\u0103ce\u0219ti","description":"Un or\u0103\u0219el cu condi\u021bii decente de trai!","publisher":{"@id":"https:\/\/magdacesti.md\/#organization"},"potentialAction":[{"@type":"SearchAction","target":{"@type":"EntryPoint","urlTemplate":"https:\/\/magdacesti.md\/?s={search_term_string}"},"query-input":"required name=search_term_string"}],"inLanguage":"en-US"},{"@type":"Organization","@id":"https:\/\/magdacesti.md\/#organization","name":"M\u0103gd\u0103ce\u0219ti","url":"https:\/\/magdacesti.md\/","logo":{"@type":"ImageObject","inLanguage":"en-US","@id":"https:\/\/magdacesti.md\/#\/schema\/logo\/image\/","url":"https:\/\/magdacesti.md\/wp-content\/uploads\/2021\/03\/Foto-514-scaled.jpg","contentUrl":"https:\/\/magdacesti.md\/wp-content\/uploads\/2021\/03\/Foto-514-scaled.jpg","width":2560,"height":1707,"caption":"M\u0103gd\u0103ce\u0219ti"},"image":{"@id":"https:\/\/magdacesti.md\/#\/schema\/logo\/image\/"},"sameAs":["https:\/\/www.facebook.com\/magdacesti.md\/"]},{"@type":"Person","@id":"https:\/\/magdacesti.md\/#\/schema\/person\/0068cad735c7cf3ab41a532515da0575","name":"Olga Enachi","url":"https:\/\/magdacesti.md\/?author=2"}]}},"_links":{"self":[{"href":"https:\/\/magdacesti.md\/index.php?rest_route=\/wp\/v2\/posts\/3011","targetHints":{"allow":["GET"]}}],"collection":[{"href":"https:\/\/magdacesti.md\/index.php?rest_route=\/wp\/v2\/posts"}],"about":[{"href":"https:\/\/magdacesti.md\/index.php?rest_route=\/wp\/v2\/types\/post"}],"author":[{"embeddable":true,"href":"https:\/\/magdacesti.md\/index.php?rest_route=\/wp\/v2\/users\/2"}],"replies":[{"embeddable":true,"href":"https:\/\/magdacesti.md\/index.php?rest_route=%2Fwp%2Fv2%2Fcomments&post=3011"}],"version-history":[{"count":0,"href":"https:\/\/magdacesti.md\/index.php?rest_route=\/wp\/v2\/posts\/3011\/revisions"}],"wp:attachment":[{"href":"https:\/\/magdacesti.md\/index.php?rest_route=%2Fwp%2Fv2%2Fmedia&parent=3011"}],"wp:term":[{"taxonomy":"category","embeddable":true,"href":"https:\/\/magdacesti.md\/index.php?rest_route=%2Fwp%2Fv2%2Fcategories&post=3011"},{"taxonomy":"post_tag","embeddable":true,"href":"https:\/\/magdacesti.md\/index.php?rest_route=%2Fwp%2Fv2%2Ftags&post=3011"}],"curies":[{"name":"wp","href":"https:\/\/api.w.org\/{rel}","templated":true}]}}