{"id":3022,"date":"2018-05-09T13:51:35","date_gmt":"2018-05-09T10:51:35","guid":{"rendered":"https:\/\/magdacesti.md\/?p=3022"},"modified":"2018-05-09T13:51:35","modified_gmt":"2018-05-09T10:51:35","slug":"9-mai-ziua-europei-si-a-victoriei-coalitiei-natiunilor-unite-in-cel-de-al-doilea-razboi-mondial-2","status":"publish","type":"post","link":"https:\/\/magdacesti.md\/?p=3022","title":{"rendered":"9 mai \u2013 Ziua Europei \u0219i a Victoriei Coali\u021biei Na\u021biunilor Unite \u00een cel de-al doilea R\u0103zboi Mondial."},"content":{"rendered":"<p><strong>Ast\u0103zi, 9 mai este ziua \u00een care le aducem un omagiu buneilor care au luptat \u00een cel de-al doilea R\u0103zboi Mondial.<\/strong><\/p>\n<p><img loading=\"lazy\" decoding=\"async\" class=\"aligncenter\" src=\"https:\/\/magdacesti.md\/wp-content\/uploads\/2018\/05\/Foto-9.jpg\" alt=\"\" width=\"720\" height=\"480\" \/><!--more--><\/p>\n<p><img loading=\"lazy\" decoding=\"async\" class=\"aligncenter\" src=\"https:\/\/magdacesti.md\/wp-content\/uploads\/2018\/05\/Foto-2.jpg\" alt=\"\" width=\"720\" height=\"480\" \/><\/p>\n<p>Cu trecerea fiec\u0103rui an, tot mai pu\u021bini r\u0103m\u00e2n cei, pentru care r\u0103zboiul r\u0103m\u00e2ne a fi o amintire extrem de dureroas\u0103. Trecut de 92 de ani, mo\u0219 Ion Efros este unicul veteran r\u0103mas \u00een via\u021b\u0103, din localitatea noastr\u0103, care a gustat din amarul r\u0103zboiului.<\/p>\n<p><img loading=\"lazy\" decoding=\"async\" class=\"aligncenter\" src=\"https:\/\/magdacesti.md\/wp-content\/uploads\/2018\/05\/Foto-12.jpg\" alt=\"\" width=\"720\" height=\"1080\" \/><\/p>\n<p>Mo\u0219 Ion este \u0219i cel mai longeviv locuitor al s. M\u0103gd\u0103ce\u0219ti. Administra\u021bia public\u0103 local\u0103 vine \u00een fiecare an cu ajutoare materiale \u00eentru sus\u021binerea veteranului. B\u0103tr\u00e2nul ne-a \u00eent\u00e2mpinat ca \u00eentotdeauna cu poarta deschis\u0103 \u0219i ochii plini de lacrimi. C\u00e2teva clipe petrecute al\u0103turi de dumnealui, e ca \u0219i cum ai deschide o carte de istorie. Ast\u0103zi, \u00eenconjurat de copii, nepo\u021bi \u0219i str\u0103-str\u0103nepo\u021bi, \u00een familia lui mo\u0219 Ion e mare s\u0103rb\u0103toare.<\/p>\n<p><img loading=\"lazy\" decoding=\"async\" class=\"aligncenter\" src=\"https:\/\/magdacesti.md\/wp-content\/uploads\/2018\/05\/Foto-10.jpg\" alt=\"\" width=\"720\" height=\"480\" \/><\/p>\n<p>Veteranii de r\u0103zboi sunt eroii no\u0219tri, care au pus datoria fa\u021b\u0103 de patrie mai presus de propria lor via\u021b\u0103.<\/p>\n","protected":false},"excerpt":{"rendered":"<p>Ast\u0103zi, 9 mai este ziua \u00een care le aducem un omagiu buneilor care au luptat \u00een cel de-al doilea R\u0103zboi Mondial.<\/p>\n","protected":false},"author":2,"featured_media":0,"comment_status":"closed","ping_status":"closed","sticky":false,"template":"","format":"standard","meta":{"ngg_post_thumbnail":0,"footnotes":""},"categories":[4],"tags":[],"class_list":["post-3022","post","type-post","status-publish","format-standard","hentry","category-stiri"],"yoast_head":"<!-- This site is optimized with the Yoast SEO plugin v23.3 - https:\/\/yoast.com\/wordpress\/plugins\/seo\/ -->\n<title>9 mai \u2013 Ziua Europei \u0219i a Victoriei Coali\u021biei Na\u021biunilor Unite \u00een cel de-al doilea R\u0103zboi Mondial. - M\u0103gd\u0103ce\u0219ti<\/title>\n<meta name=\"description\" content=\"Bine ati venit pe pagina oficiala a Primariei Magdacesti.\" \/>\n<meta name=\"robots\" content=\"index, follow, max-snippet:-1, max-image-preview:large, max-video-preview:-1\" \/>\n<link rel=\"canonical\" href=\"https:\/\/magdacesti.md\/?p=3022\" \/>\n<meta property=\"og:locale\" content=\"en_US\" \/>\n<meta property=\"og:type\" content=\"article\" \/>\n<meta property=\"og:title\" content=\"9 mai \u2013 Ziua Europei \u0219i a Victoriei Coali\u021biei Na\u021biunilor Unite \u00een cel de-al doilea R\u0103zboi Mondial. - M\u0103gd\u0103ce\u0219ti\" \/>\n<meta property=\"og:description\" content=\"Bine ati venit pe pagina oficiala a Primariei Magdacesti.\" \/>\n<meta property=\"og:url\" content=\"https:\/\/magdacesti.md\/?p=3022\" \/>\n<meta property=\"og:site_name\" content=\"M\u0103gd\u0103ce\u0219ti\" \/>\n<meta property=\"article:publisher\" content=\"https:\/\/www.facebook.com\/magdacesti.md\/\" \/>\n<meta property=\"article:published_time\" content=\"2018-05-09T10:51:35+00:00\" \/>\n<meta property=\"og:image\" content=\"https:\/\/magdacesti.md\/wp-content\/uploads\/2018\/05\/Foto-9.jpg\" \/>\n<meta name=\"author\" content=\"Olga Enachi\" \/>\n<meta name=\"twitter:card\" content=\"summary_large_image\" \/>\n<meta name=\"twitter:label1\" content=\"Written by\" \/>\n\t<meta name=\"twitter:data1\" content=\"Olga Enachi\" \/>\n\t<meta name=\"twitter:label2\" content=\"Est. reading time\" \/>\n\t<meta name=\"twitter:data2\" content=\"1 minute\" \/>\n<script type=\"application\/ld+json\" class=\"yoast-schema-graph\">{\"@context\":\"https:\/\/schema.org\",\"@graph\":[{\"@type\":\"Article\",\"@id\":\"https:\/\/magdacesti.md\/?p=3022#article\",\"isPartOf\":{\"@id\":\"https:\/\/magdacesti.md\/?p=3022\"},\"author\":{\"name\":\"Olga Enachi\",\"@id\":\"https:\/\/magdacesti.md\/#\/schema\/person\/0068cad735c7cf3ab41a532515da0575\"},\"headline\":\"9 mai \u2013 Ziua Europei \u0219i a Victoriei Coali\u021biei Na\u021biunilor Unite \u00een cel de-al doilea R\u0103zboi Mondial.\",\"datePublished\":\"2018-05-09T10:51:35+00:00\",\"dateModified\":\"2018-05-09T10:51:35+00:00\",\"mainEntityOfPage\":{\"@id\":\"https:\/\/magdacesti.md\/?p=3022\"},\"wordCount\":197,\"publisher\":{\"@id\":\"https:\/\/magdacesti.md\/#organization\"},\"image\":{\"@id\":\"https:\/\/magdacesti.md\/?p=3022#primaryimage\"},\"thumbnailUrl\":\"https:\/\/magdacesti.md\/wp-content\/uploads\/2018\/05\/Foto-9.jpg\",\"articleSection\":[\"Stiri\"],\"inLanguage\":\"en-US\"},{\"@type\":\"WebPage\",\"@id\":\"https:\/\/magdacesti.md\/?p=3022\",\"url\":\"https:\/\/magdacesti.md\/?p=3022\",\"name\":\"9 mai \u2013 Ziua Europei \u0219i a Victoriei Coali\u021biei Na\u021biunilor Unite \u00een cel de-al doilea R\u0103zboi Mondial. - M\u0103gd\u0103ce\u0219ti\",\"isPartOf\":{\"@id\":\"https:\/\/magdacesti.md\/#website\"},\"primaryImageOfPage\":{\"@id\":\"https:\/\/magdacesti.md\/?p=3022#primaryimage\"},\"image\":{\"@id\":\"https:\/\/magdacesti.md\/?p=3022#primaryimage\"},\"thumbnailUrl\":\"https:\/\/magdacesti.md\/wp-content\/uploads\/2018\/05\/Foto-9.jpg\",\"datePublished\":\"2018-05-09T10:51:35+00:00\",\"dateModified\":\"2018-05-09T10:51:35+00:00\",\"description\":\"Bine ati venit pe pagina oficiala a Primariei Magdacesti.\",\"breadcrumb\":{\"@id\":\"https:\/\/magdacesti.md\/?p=3022#breadcrumb\"},\"inLanguage\":\"en-US\",\"potentialAction\":[{\"@type\":\"ReadAction\",\"target\":[\"https:\/\/magdacesti.md\/?p=3022\"]}]},{\"@type\":\"ImageObject\",\"inLanguage\":\"en-US\",\"@id\":\"https:\/\/magdacesti.md\/?p=3022#primaryimage\",\"url\":\"https:\/\/magdacesti.md\/wp-content\/uploads\/2018\/05\/Foto-9.jpg\",\"contentUrl\":\"https:\/\/magdacesti.md\/wp-content\/uploads\/2018\/05\/Foto-9.jpg\"},{\"@type\":\"BreadcrumbList\",\"@id\":\"https:\/\/magdacesti.md\/?p=3022#breadcrumb\",\"itemListElement\":[{\"@type\":\"ListItem\",\"position\":1,\"name\":\"Home\",\"item\":\"https:\/\/magdacesti.md\/\"},{\"@type\":\"ListItem\",\"position\":2,\"name\":\"9 mai \u2013 Ziua Europei \u0219i a Victoriei Coali\u021biei Na\u021biunilor Unite \u00een cel de-al doilea R\u0103zboi Mondial.\"}]},{\"@type\":\"WebSite\",\"@id\":\"https:\/\/magdacesti.md\/#website\",\"url\":\"https:\/\/magdacesti.md\/\",\"name\":\"M\u0103gd\u0103ce\u0219ti\",\"description\":\"Un or\u0103\u0219el cu condi\u021bii decente de trai!\",\"publisher\":{\"@id\":\"https:\/\/magdacesti.md\/#organization\"},\"potentialAction\":[{\"@type\":\"SearchAction\",\"target\":{\"@type\":\"EntryPoint\",\"urlTemplate\":\"https:\/\/magdacesti.md\/?s={search_term_string}\"},\"query-input\":\"required name=search_term_string\"}],\"inLanguage\":\"en-US\"},{\"@type\":\"Organization\",\"@id\":\"https:\/\/magdacesti.md\/#organization\",\"name\":\"M\u0103gd\u0103ce\u0219ti\",\"url\":\"https:\/\/magdacesti.md\/\",\"logo\":{\"@type\":\"ImageObject\",\"inLanguage\":\"en-US\",\"@id\":\"https:\/\/magdacesti.md\/#\/schema\/logo\/image\/\",\"url\":\"https:\/\/magdacesti.md\/wp-content\/uploads\/2021\/03\/Foto-514-scaled.jpg\",\"contentUrl\":\"https:\/\/magdacesti.md\/wp-content\/uploads\/2021\/03\/Foto-514-scaled.jpg\",\"width\":2560,\"height\":1707,\"caption\":\"M\u0103gd\u0103ce\u0219ti\"},\"image\":{\"@id\":\"https:\/\/magdacesti.md\/#\/schema\/logo\/image\/\"},\"sameAs\":[\"https:\/\/www.facebook.com\/magdacesti.md\/\"]},{\"@type\":\"Person\",\"@id\":\"https:\/\/magdacesti.md\/#\/schema\/person\/0068cad735c7cf3ab41a532515da0575\",\"name\":\"Olga Enachi\",\"url\":\"https:\/\/magdacesti.md\/?author=2\"}]}<\/script>\n<!-- \/ Yoast SEO plugin. -->","yoast_head_json":{"title":"9 mai \u2013 Ziua Europei \u0219i a Victoriei Coali\u021biei Na\u021biunilor Unite \u00een cel de-al doilea R\u0103zboi Mondial. - M\u0103gd\u0103ce\u0219ti","description":"Bine ati venit pe pagina oficiala a Primariei Magdacesti.","robots":{"index":"index","follow":"follow","max-snippet":"max-snippet:-1","max-image-preview":"max-image-preview:large","max-video-preview":"max-video-preview:-1"},"canonical":"https:\/\/magdacesti.md\/?p=3022","og_locale":"en_US","og_type":"article","og_title":"9 mai \u2013 Ziua Europei \u0219i a Victoriei Coali\u021biei Na\u021biunilor Unite \u00een cel de-al doilea R\u0103zboi Mondial. - M\u0103gd\u0103ce\u0219ti","og_description":"Bine ati venit pe pagina oficiala a Primariei Magdacesti.","og_url":"https:\/\/magdacesti.md\/?p=3022","og_site_name":"M\u0103gd\u0103ce\u0219ti","article_publisher":"https:\/\/www.facebook.com\/magdacesti.md\/","article_published_time":"2018-05-09T10:51:35+00:00","og_image":[{"url":"https:\/\/magdacesti.md\/wp-content\/uploads\/2018\/05\/Foto-9.jpg"}],"author":"Olga Enachi","twitter_card":"summary_large_image","twitter_misc":{"Written by":"Olga Enachi","Est. reading time":"1 minute"},"schema":{"@context":"https:\/\/schema.org","@graph":[{"@type":"Article","@id":"https:\/\/magdacesti.md\/?p=3022#article","isPartOf":{"@id":"https:\/\/magdacesti.md\/?p=3022"},"author":{"name":"Olga Enachi","@id":"https:\/\/magdacesti.md\/#\/schema\/person\/0068cad735c7cf3ab41a532515da0575"},"headline":"9 mai \u2013 Ziua Europei \u0219i a Victoriei Coali\u021biei Na\u021biunilor Unite \u00een cel de-al doilea R\u0103zboi Mondial.","datePublished":"2018-05-09T10:51:35+00:00","dateModified":"2018-05-09T10:51:35+00:00","mainEntityOfPage":{"@id":"https:\/\/magdacesti.md\/?p=3022"},"wordCount":197,"publisher":{"@id":"https:\/\/magdacesti.md\/#organization"},"image":{"@id":"https:\/\/magdacesti.md\/?p=3022#primaryimage"},"thumbnailUrl":"https:\/\/magdacesti.md\/wp-content\/uploads\/2018\/05\/Foto-9.jpg","articleSection":["Stiri"],"inLanguage":"en-US"},{"@type":"WebPage","@id":"https:\/\/magdacesti.md\/?p=3022","url":"https:\/\/magdacesti.md\/?p=3022","name":"9 mai \u2013 Ziua Europei \u0219i a Victoriei Coali\u021biei Na\u021biunilor Unite \u00een cel de-al doilea R\u0103zboi Mondial. - M\u0103gd\u0103ce\u0219ti","isPartOf":{"@id":"https:\/\/magdacesti.md\/#website"},"primaryImageOfPage":{"@id":"https:\/\/magdacesti.md\/?p=3022#primaryimage"},"image":{"@id":"https:\/\/magdacesti.md\/?p=3022#primaryimage"},"thumbnailUrl":"https:\/\/magdacesti.md\/wp-content\/uploads\/2018\/05\/Foto-9.jpg","datePublished":"2018-05-09T10:51:35+00:00","dateModified":"2018-05-09T10:51:35+00:00","description":"Bine ati venit pe pagina oficiala a Primariei Magdacesti.","breadcrumb":{"@id":"https:\/\/magdacesti.md\/?p=3022#breadcrumb"},"inLanguage":"en-US","potentialAction":[{"@type":"ReadAction","target":["https:\/\/magdacesti.md\/?p=3022"]}]},{"@type":"ImageObject","inLanguage":"en-US","@id":"https:\/\/magdacesti.md\/?p=3022#primaryimage","url":"https:\/\/magdacesti.md\/wp-content\/uploads\/2018\/05\/Foto-9.jpg","contentUrl":"https:\/\/magdacesti.md\/wp-content\/uploads\/2018\/05\/Foto-9.jpg"},{"@type":"BreadcrumbList","@id":"https:\/\/magdacesti.md\/?p=3022#breadcrumb","itemListElement":[{"@type":"ListItem","position":1,"name":"Home","item":"https:\/\/magdacesti.md\/"},{"@type":"ListItem","position":2,"name":"9 mai \u2013 Ziua Europei \u0219i a Victoriei Coali\u021biei Na\u021biunilor Unite \u00een cel de-al doilea R\u0103zboi Mondial."}]},{"@type":"WebSite","@id":"https:\/\/magdacesti.md\/#website","url":"https:\/\/magdacesti.md\/","name":"M\u0103gd\u0103ce\u0219ti","description":"Un or\u0103\u0219el cu condi\u021bii decente de trai!","publisher":{"@id":"https:\/\/magdacesti.md\/#organization"},"potentialAction":[{"@type":"SearchAction","target":{"@type":"EntryPoint","urlTemplate":"https:\/\/magdacesti.md\/?s={search_term_string}"},"query-input":"required name=search_term_string"}],"inLanguage":"en-US"},{"@type":"Organization","@id":"https:\/\/magdacesti.md\/#organization","name":"M\u0103gd\u0103ce\u0219ti","url":"https:\/\/magdacesti.md\/","logo":{"@type":"ImageObject","inLanguage":"en-US","@id":"https:\/\/magdacesti.md\/#\/schema\/logo\/image\/","url":"https:\/\/magdacesti.md\/wp-content\/uploads\/2021\/03\/Foto-514-scaled.jpg","contentUrl":"https:\/\/magdacesti.md\/wp-content\/uploads\/2021\/03\/Foto-514-scaled.jpg","width":2560,"height":1707,"caption":"M\u0103gd\u0103ce\u0219ti"},"image":{"@id":"https:\/\/magdacesti.md\/#\/schema\/logo\/image\/"},"sameAs":["https:\/\/www.facebook.com\/magdacesti.md\/"]},{"@type":"Person","@id":"https:\/\/magdacesti.md\/#\/schema\/person\/0068cad735c7cf3ab41a532515da0575","name":"Olga Enachi","url":"https:\/\/magdacesti.md\/?author=2"}]}},"_links":{"self":[{"href":"https:\/\/magdacesti.md\/index.php?rest_route=\/wp\/v2\/posts\/3022","targetHints":{"allow":["GET"]}}],"collection":[{"href":"https:\/\/magdacesti.md\/index.php?rest_route=\/wp\/v2\/posts"}],"about":[{"href":"https:\/\/magdacesti.md\/index.php?rest_route=\/wp\/v2\/types\/post"}],"author":[{"embeddable":true,"href":"https:\/\/magdacesti.md\/index.php?rest_route=\/wp\/v2\/users\/2"}],"replies":[{"embeddable":true,"href":"https:\/\/magdacesti.md\/index.php?rest_route=%2Fwp%2Fv2%2Fcomments&post=3022"}],"version-history":[{"count":0,"href":"https:\/\/magdacesti.md\/index.php?rest_route=\/wp\/v2\/posts\/3022\/revisions"}],"wp:attachment":[{"href":"https:\/\/magdacesti.md\/index.php?rest_route=%2Fwp%2Fv2%2Fmedia&parent=3022"}],"wp:term":[{"taxonomy":"category","embeddable":true,"href":"https:\/\/magdacesti.md\/index.php?rest_route=%2Fwp%2Fv2%2Fcategories&post=3022"},{"taxonomy":"post_tag","embeddable":true,"href":"https:\/\/magdacesti.md\/index.php?rest_route=%2Fwp%2Fv2%2Ftags&post=3022"}],"curies":[{"name":"wp","href":"https:\/\/api.w.org\/{rel}","templated":true}]}}