{"id":3036,"date":"2018-05-15T10:23:28","date_gmt":"2018-05-15T07:23:28","guid":{"rendered":"https:\/\/magdacesti.md\/?p=3036"},"modified":"2018-05-15T10:23:28","modified_gmt":"2018-05-15T07:23:28","slug":"campionatul-de-gimnastica-artistica-2018","status":"publish","type":"post","link":"https:\/\/magdacesti.md\/?p=3036","title":{"rendered":"Campionatul de Gimnastic\u0103 Artistic\u0103 -2018"},"content":{"rendered":"<p><strong>La data de 13 mai 2018, \u00een incinta Liceului Teoretic M\u0103gd\u0103ce\u0219ti, s-a desf\u0103\u0219urat Campionatul \u0218colii Sportive la Gimnastica Artistic\u0103. \u00cen cadrul concursului au fost admise 30 de participante, cu v\u00e2rsta cuprins\u0103 \u00eentre 7-13 ani.<\/strong><\/p>\n<p><img loading=\"lazy\" decoding=\"async\" class=\"aligncenter\" src=\"https:\/\/magdacesti.md\/wp-content\/uploads\/2018\/05\/32258205_1868155663482513_8222620093968809984_n.jpg\" alt=\"\" width=\"720\" height=\"480\" \/><!--more--><br \/>\n<strong>La categoria de v\u00e2rst\u0103 2005-2006 :<\/strong><br \/>\n<em><strong>Locul I-\u00e2i, l-a ob\u021binut Efros Mirela<span class=\"text_exposed_show\"><br \/>\nLocul II- Guzun Maria<br \/>\nLocul III-Vi\u021bu Dana<\/span><\/strong><\/em><\/p>\n<p><img loading=\"lazy\" decoding=\"async\" class=\"aligncenter\" src=\"https:\/\/magdacesti.md\/wp-content\/uploads\/2018\/05\/32585712_1868155776815835_5209644602465714176_n-Copy.jpg\" alt=\"\" width=\"720\" height=\"480\" \/><\/p>\n<p><strong>La categoria de v\u00e2rst\u0103 2008-2011:<\/strong><br \/>\n<em><strong>Locul I-\u00e2i &#8211; Guzun Ana<\/strong><\/em><br \/>\n<em><strong>Locul II &#8211; Soltan Cezara<\/strong><\/em><br \/>\n<em><strong>Locul III &#8211; Cheptea Anastasia\u00a0<\/strong><\/em><\/p>\n<div class=\"text_exposed_show\">\n<p><img loading=\"lazy\" decoding=\"async\" class=\"aligncenter\" src=\"https:\/\/magdacesti.md\/wp-content\/uploads\/2018\/05\/32629424_1868155720149174_75368056045436928_n.jpg\" alt=\"\" width=\"720\" height=\"480\" \/><br \/>\n\u00cen cadrul evenimentului au fost invita\u021bi arbitri de la \u0218coala Sportiv\u0103 Specializat\u0103 &#8220;Speran\u021ba&#8221;, iar competi\u021bia a fost arbitrat\u0103 de c\u0103tre campioanele Republicii Moldova la Gimnastic\u0103 Artistic\u0103: Cernenchi Ana si Sacunova Iulia \u0219i de c\u0103tre arbitru de categorie republican\u0103, Gumeniuc Svetlana.<\/p>\n<p><img loading=\"lazy\" decoding=\"async\" class=\"aligncenter\" src=\"https:\/\/magdacesti.md\/wp-content\/uploads\/2018\/05\/32458497_1868155810149165_1552654514572492800_n.jpg\" alt=\"\" width=\"720\" height=\"480\" \/><\/p>\n<p><img loading=\"lazy\" decoding=\"async\" class=\"aligncenter\" src=\"https:\/\/magdacesti.md\/wp-content\/uploads\/2018\/05\/32456344_1868155000149246_3490284484236935168_n.jpg\" alt=\"\" width=\"720\" height=\"480\" \/><\/p>\n<p>Sincere\u00a0<span id=\"u_7q_2\" class=\"_ezo\">felicit\u0103ri<\/span>\u00a0tuturor participantelor \u0219i profesorilor-antrenori: Efros Elena \u0219i Botnari Tatiana, care depun zilnic o munc\u0103 enorm\u0103, s\u0103 ajung\u0103 la astfel de performa\u021be.<\/p>\n<p><img loading=\"lazy\" decoding=\"async\" class=\"aligncenter\" src=\"https:\/\/magdacesti.md\/wp-content\/uploads\/2018\/05\/ughuj.jpg\" alt=\"\" width=\"720\" height=\"480\" \/><br \/>\nMult succes tuturor!<\/p>\n<\/div>\n","protected":false},"excerpt":{"rendered":"<p>La data de 13 mai 2018, \u00een incinta Liceului Teoretic M\u0103gd\u0103ce\u0219ti, s-a desf\u0103\u0219urat Campionatul \u0218colii Sportive la Gimnastica Artistic\u0103. \u00cen cadrul concursului au fost admise 30 de participante, cu v\u00e2rsta cuprins\u0103 \u00eentre 7-13 ani.<\/p>\n","protected":false},"author":2,"featured_media":0,"comment_status":"closed","ping_status":"closed","sticky":false,"template":"","format":"standard","meta":{"ngg_post_thumbnail":0,"footnotes":""},"categories":[4],"tags":[],"class_list":["post-3036","post","type-post","status-publish","format-standard","hentry","category-stiri"],"yoast_head":"<!-- This site is optimized with the Yoast SEO plugin v23.3 - https:\/\/yoast.com\/wordpress\/plugins\/seo\/ -->\n<title>Campionatul de Gimnastic\u0103 Artistic\u0103 -2018 - M\u0103gd\u0103ce\u0219ti<\/title>\n<meta name=\"description\" content=\"Bine ati venit pe pagina oficiala a Primariei Magdacesti.\" \/>\n<meta name=\"robots\" content=\"index, follow, max-snippet:-1, max-image-preview:large, max-video-preview:-1\" \/>\n<link rel=\"canonical\" href=\"https:\/\/magdacesti.md\/?p=3036\" \/>\n<meta property=\"og:locale\" content=\"en_US\" \/>\n<meta property=\"og:type\" content=\"article\" \/>\n<meta property=\"og:title\" content=\"Campionatul de Gimnastic\u0103 Artistic\u0103 -2018 - M\u0103gd\u0103ce\u0219ti\" \/>\n<meta property=\"og:description\" content=\"Bine ati venit pe pagina oficiala a Primariei Magdacesti.\" \/>\n<meta property=\"og:url\" content=\"https:\/\/magdacesti.md\/?p=3036\" \/>\n<meta property=\"og:site_name\" content=\"M\u0103gd\u0103ce\u0219ti\" \/>\n<meta property=\"article:publisher\" content=\"https:\/\/www.facebook.com\/magdacesti.md\/\" \/>\n<meta property=\"article:published_time\" content=\"2018-05-15T07:23:28+00:00\" \/>\n<meta property=\"og:image\" content=\"https:\/\/magdacesti.md\/wp-content\/uploads\/2018\/05\/32258205_1868155663482513_8222620093968809984_n.jpg\" \/>\n<meta name=\"author\" content=\"Olga Enachi\" \/>\n<meta name=\"twitter:card\" content=\"summary_large_image\" \/>\n<meta name=\"twitter:label1\" content=\"Written by\" \/>\n\t<meta name=\"twitter:data1\" content=\"Olga Enachi\" \/>\n\t<meta name=\"twitter:label2\" content=\"Est. reading time\" \/>\n\t<meta name=\"twitter:data2\" content=\"1 minute\" \/>\n<script type=\"application\/ld+json\" class=\"yoast-schema-graph\">{\"@context\":\"https:\/\/schema.org\",\"@graph\":[{\"@type\":\"Article\",\"@id\":\"https:\/\/magdacesti.md\/?p=3036#article\",\"isPartOf\":{\"@id\":\"https:\/\/magdacesti.md\/?p=3036\"},\"author\":{\"name\":\"Olga Enachi\",\"@id\":\"https:\/\/magdacesti.md\/#\/schema\/person\/0068cad735c7cf3ab41a532515da0575\"},\"headline\":\"Campionatul de Gimnastic\u0103 Artistic\u0103 -2018\",\"datePublished\":\"2018-05-15T07:23:28+00:00\",\"dateModified\":\"2018-05-15T07:23:28+00:00\",\"mainEntityOfPage\":{\"@id\":\"https:\/\/magdacesti.md\/?p=3036\"},\"wordCount\":158,\"publisher\":{\"@id\":\"https:\/\/magdacesti.md\/#organization\"},\"image\":{\"@id\":\"https:\/\/magdacesti.md\/?p=3036#primaryimage\"},\"thumbnailUrl\":\"https:\/\/magdacesti.md\/wp-content\/uploads\/2018\/05\/32258205_1868155663482513_8222620093968809984_n.jpg\",\"articleSection\":[\"Stiri\"],\"inLanguage\":\"en-US\"},{\"@type\":\"WebPage\",\"@id\":\"https:\/\/magdacesti.md\/?p=3036\",\"url\":\"https:\/\/magdacesti.md\/?p=3036\",\"name\":\"Campionatul de Gimnastic\u0103 Artistic\u0103 -2018 - M\u0103gd\u0103ce\u0219ti\",\"isPartOf\":{\"@id\":\"https:\/\/magdacesti.md\/#website\"},\"primaryImageOfPage\":{\"@id\":\"https:\/\/magdacesti.md\/?p=3036#primaryimage\"},\"image\":{\"@id\":\"https:\/\/magdacesti.md\/?p=3036#primaryimage\"},\"thumbnailUrl\":\"https:\/\/magdacesti.md\/wp-content\/uploads\/2018\/05\/32258205_1868155663482513_8222620093968809984_n.jpg\",\"datePublished\":\"2018-05-15T07:23:28+00:00\",\"dateModified\":\"2018-05-15T07:23:28+00:00\",\"description\":\"Bine ati venit pe pagina oficiala a Primariei Magdacesti.\",\"breadcrumb\":{\"@id\":\"https:\/\/magdacesti.md\/?p=3036#breadcrumb\"},\"inLanguage\":\"en-US\",\"potentialAction\":[{\"@type\":\"ReadAction\",\"target\":[\"https:\/\/magdacesti.md\/?p=3036\"]}]},{\"@type\":\"ImageObject\",\"inLanguage\":\"en-US\",\"@id\":\"https:\/\/magdacesti.md\/?p=3036#primaryimage\",\"url\":\"https:\/\/magdacesti.md\/wp-content\/uploads\/2018\/05\/32258205_1868155663482513_8222620093968809984_n.jpg\",\"contentUrl\":\"https:\/\/magdacesti.md\/wp-content\/uploads\/2018\/05\/32258205_1868155663482513_8222620093968809984_n.jpg\"},{\"@type\":\"BreadcrumbList\",\"@id\":\"https:\/\/magdacesti.md\/?p=3036#breadcrumb\",\"itemListElement\":[{\"@type\":\"ListItem\",\"position\":1,\"name\":\"Home\",\"item\":\"https:\/\/magdacesti.md\/\"},{\"@type\":\"ListItem\",\"position\":2,\"name\":\"Campionatul de Gimnastic\u0103 Artistic\u0103 -2018\"}]},{\"@type\":\"WebSite\",\"@id\":\"https:\/\/magdacesti.md\/#website\",\"url\":\"https:\/\/magdacesti.md\/\",\"name\":\"M\u0103gd\u0103ce\u0219ti\",\"description\":\"Un or\u0103\u0219el cu condi\u021bii decente de trai!\",\"publisher\":{\"@id\":\"https:\/\/magdacesti.md\/#organization\"},\"potentialAction\":[{\"@type\":\"SearchAction\",\"target\":{\"@type\":\"EntryPoint\",\"urlTemplate\":\"https:\/\/magdacesti.md\/?s={search_term_string}\"},\"query-input\":\"required name=search_term_string\"}],\"inLanguage\":\"en-US\"},{\"@type\":\"Organization\",\"@id\":\"https:\/\/magdacesti.md\/#organization\",\"name\":\"M\u0103gd\u0103ce\u0219ti\",\"url\":\"https:\/\/magdacesti.md\/\",\"logo\":{\"@type\":\"ImageObject\",\"inLanguage\":\"en-US\",\"@id\":\"https:\/\/magdacesti.md\/#\/schema\/logo\/image\/\",\"url\":\"https:\/\/magdacesti.md\/wp-content\/uploads\/2021\/03\/Foto-514-scaled.jpg\",\"contentUrl\":\"https:\/\/magdacesti.md\/wp-content\/uploads\/2021\/03\/Foto-514-scaled.jpg\",\"width\":2560,\"height\":1707,\"caption\":\"M\u0103gd\u0103ce\u0219ti\"},\"image\":{\"@id\":\"https:\/\/magdacesti.md\/#\/schema\/logo\/image\/\"},\"sameAs\":[\"https:\/\/www.facebook.com\/magdacesti.md\/\"]},{\"@type\":\"Person\",\"@id\":\"https:\/\/magdacesti.md\/#\/schema\/person\/0068cad735c7cf3ab41a532515da0575\",\"name\":\"Olga Enachi\",\"url\":\"https:\/\/magdacesti.md\/?author=2\"}]}<\/script>\n<!-- \/ Yoast SEO plugin. -->","yoast_head_json":{"title":"Campionatul de Gimnastic\u0103 Artistic\u0103 -2018 - M\u0103gd\u0103ce\u0219ti","description":"Bine ati venit pe pagina oficiala a Primariei Magdacesti.","robots":{"index":"index","follow":"follow","max-snippet":"max-snippet:-1","max-image-preview":"max-image-preview:large","max-video-preview":"max-video-preview:-1"},"canonical":"https:\/\/magdacesti.md\/?p=3036","og_locale":"en_US","og_type":"article","og_title":"Campionatul de Gimnastic\u0103 Artistic\u0103 -2018 - M\u0103gd\u0103ce\u0219ti","og_description":"Bine ati venit pe pagina oficiala a Primariei Magdacesti.","og_url":"https:\/\/magdacesti.md\/?p=3036","og_site_name":"M\u0103gd\u0103ce\u0219ti","article_publisher":"https:\/\/www.facebook.com\/magdacesti.md\/","article_published_time":"2018-05-15T07:23:28+00:00","og_image":[{"url":"https:\/\/magdacesti.md\/wp-content\/uploads\/2018\/05\/32258205_1868155663482513_8222620093968809984_n.jpg"}],"author":"Olga Enachi","twitter_card":"summary_large_image","twitter_misc":{"Written by":"Olga Enachi","Est. reading time":"1 minute"},"schema":{"@context":"https:\/\/schema.org","@graph":[{"@type":"Article","@id":"https:\/\/magdacesti.md\/?p=3036#article","isPartOf":{"@id":"https:\/\/magdacesti.md\/?p=3036"},"author":{"name":"Olga Enachi","@id":"https:\/\/magdacesti.md\/#\/schema\/person\/0068cad735c7cf3ab41a532515da0575"},"headline":"Campionatul de Gimnastic\u0103 Artistic\u0103 -2018","datePublished":"2018-05-15T07:23:28+00:00","dateModified":"2018-05-15T07:23:28+00:00","mainEntityOfPage":{"@id":"https:\/\/magdacesti.md\/?p=3036"},"wordCount":158,"publisher":{"@id":"https:\/\/magdacesti.md\/#organization"},"image":{"@id":"https:\/\/magdacesti.md\/?p=3036#primaryimage"},"thumbnailUrl":"https:\/\/magdacesti.md\/wp-content\/uploads\/2018\/05\/32258205_1868155663482513_8222620093968809984_n.jpg","articleSection":["Stiri"],"inLanguage":"en-US"},{"@type":"WebPage","@id":"https:\/\/magdacesti.md\/?p=3036","url":"https:\/\/magdacesti.md\/?p=3036","name":"Campionatul de Gimnastic\u0103 Artistic\u0103 -2018 - M\u0103gd\u0103ce\u0219ti","isPartOf":{"@id":"https:\/\/magdacesti.md\/#website"},"primaryImageOfPage":{"@id":"https:\/\/magdacesti.md\/?p=3036#primaryimage"},"image":{"@id":"https:\/\/magdacesti.md\/?p=3036#primaryimage"},"thumbnailUrl":"https:\/\/magdacesti.md\/wp-content\/uploads\/2018\/05\/32258205_1868155663482513_8222620093968809984_n.jpg","datePublished":"2018-05-15T07:23:28+00:00","dateModified":"2018-05-15T07:23:28+00:00","description":"Bine ati venit pe pagina oficiala a Primariei Magdacesti.","breadcrumb":{"@id":"https:\/\/magdacesti.md\/?p=3036#breadcrumb"},"inLanguage":"en-US","potentialAction":[{"@type":"ReadAction","target":["https:\/\/magdacesti.md\/?p=3036"]}]},{"@type":"ImageObject","inLanguage":"en-US","@id":"https:\/\/magdacesti.md\/?p=3036#primaryimage","url":"https:\/\/magdacesti.md\/wp-content\/uploads\/2018\/05\/32258205_1868155663482513_8222620093968809984_n.jpg","contentUrl":"https:\/\/magdacesti.md\/wp-content\/uploads\/2018\/05\/32258205_1868155663482513_8222620093968809984_n.jpg"},{"@type":"BreadcrumbList","@id":"https:\/\/magdacesti.md\/?p=3036#breadcrumb","itemListElement":[{"@type":"ListItem","position":1,"name":"Home","item":"https:\/\/magdacesti.md\/"},{"@type":"ListItem","position":2,"name":"Campionatul de Gimnastic\u0103 Artistic\u0103 -2018"}]},{"@type":"WebSite","@id":"https:\/\/magdacesti.md\/#website","url":"https:\/\/magdacesti.md\/","name":"M\u0103gd\u0103ce\u0219ti","description":"Un or\u0103\u0219el cu condi\u021bii decente de trai!","publisher":{"@id":"https:\/\/magdacesti.md\/#organization"},"potentialAction":[{"@type":"SearchAction","target":{"@type":"EntryPoint","urlTemplate":"https:\/\/magdacesti.md\/?s={search_term_string}"},"query-input":"required name=search_term_string"}],"inLanguage":"en-US"},{"@type":"Organization","@id":"https:\/\/magdacesti.md\/#organization","name":"M\u0103gd\u0103ce\u0219ti","url":"https:\/\/magdacesti.md\/","logo":{"@type":"ImageObject","inLanguage":"en-US","@id":"https:\/\/magdacesti.md\/#\/schema\/logo\/image\/","url":"https:\/\/magdacesti.md\/wp-content\/uploads\/2021\/03\/Foto-514-scaled.jpg","contentUrl":"https:\/\/magdacesti.md\/wp-content\/uploads\/2021\/03\/Foto-514-scaled.jpg","width":2560,"height":1707,"caption":"M\u0103gd\u0103ce\u0219ti"},"image":{"@id":"https:\/\/magdacesti.md\/#\/schema\/logo\/image\/"},"sameAs":["https:\/\/www.facebook.com\/magdacesti.md\/"]},{"@type":"Person","@id":"https:\/\/magdacesti.md\/#\/schema\/person\/0068cad735c7cf3ab41a532515da0575","name":"Olga Enachi","url":"https:\/\/magdacesti.md\/?author=2"}]}},"_links":{"self":[{"href":"https:\/\/magdacesti.md\/index.php?rest_route=\/wp\/v2\/posts\/3036","targetHints":{"allow":["GET"]}}],"collection":[{"href":"https:\/\/magdacesti.md\/index.php?rest_route=\/wp\/v2\/posts"}],"about":[{"href":"https:\/\/magdacesti.md\/index.php?rest_route=\/wp\/v2\/types\/post"}],"author":[{"embeddable":true,"href":"https:\/\/magdacesti.md\/index.php?rest_route=\/wp\/v2\/users\/2"}],"replies":[{"embeddable":true,"href":"https:\/\/magdacesti.md\/index.php?rest_route=%2Fwp%2Fv2%2Fcomments&post=3036"}],"version-history":[{"count":0,"href":"https:\/\/magdacesti.md\/index.php?rest_route=\/wp\/v2\/posts\/3036\/revisions"}],"wp:attachment":[{"href":"https:\/\/magdacesti.md\/index.php?rest_route=%2Fwp%2Fv2%2Fmedia&parent=3036"}],"wp:term":[{"taxonomy":"category","embeddable":true,"href":"https:\/\/magdacesti.md\/index.php?rest_route=%2Fwp%2Fv2%2Fcategories&post=3036"},{"taxonomy":"post_tag","embeddable":true,"href":"https:\/\/magdacesti.md\/index.php?rest_route=%2Fwp%2Fv2%2Ftags&post=3036"}],"curies":[{"name":"wp","href":"https:\/\/api.w.org\/{rel}","templated":true}]}}