{"id":3114,"date":"2018-08-20T15:38:46","date_gmt":"2018-08-20T12:38:46","guid":{"rendered":"https:\/\/magdacesti.md\/?p=3114"},"modified":"2018-08-20T15:38:46","modified_gmt":"2018-08-20T12:38:46","slug":"anunt-10-mai-2018-sedinta-ordinara-a-consiliului-satesc-2","status":"publish","type":"post","link":"https:\/\/magdacesti.md\/?p=3114","title":{"rendered":"Anun\u021b! 23 august 2018 &#8211; \u0218edin\u021ba ordinar\u0103 a Consiliului s\u0103tesc M\u0103gd\u0103ce\u015fti"},"content":{"rendered":"<p>\u00cen conformitate cu art. 16 p.1 p .5 din Legea privind administra\u021bia public\u0103 local\u0103 nr.436-XVI, din 28.12.2006 dispozi\u021bia nr.22 A\/B din 03 mai 2018<\/p>\n<p>23 august 2018, <strong>ora 19.00,<\/strong> \u00een incinta Prim\u0103riei M\u0103gd\u0103ce\u0219ti, se convoac\u0103 \u0218edin\u021ba ordinar\u0103 a Consiliului s\u0103tesc M\u0103gd\u0103ce\u015fti cu ORDINEA DE ZI:<\/p>\n<p><img loading=\"lazy\" decoding=\"async\" class=\"wp-image-3119 aligncenter\" src=\"https:\/\/magdacesti.md\/wp-content\/uploads\/2018\/08\/sedinta-300x186.jpg\" alt=\"\" width=\"563\" height=\"349\" \/><\/p>\n<p><!--more--><\/p>\n<ol>\n<li><span style=\"font-family: georgia, palatino; font-size: 12pt;\">\u00a0Cu privire la corelarea\u00a0 bugetului satului M\u0103gd\u0103ce\u0219ti aprobat pentru anul 2018<\/span>\n<ul>\n<li><span style=\"font-family: georgia, palatino; font-size: 12pt;\">Raportor: Cezara BOAGHIE, contabil \u0219ef<\/span><\/li>\n<\/ul>\n<\/li>\n<li><span style=\"font-family: georgia, palatino; font-size: 12pt;\">Cu privire la aprobarea dispozi\u0163iei nr. Nr.29A\/B\u00a0 din 27 iunie 2018\u00a0 \u201eCu privire la delegarea \u00een ora\u0219ul Mioveni ,jude\u021bul Arge\u0219,Rom\u00e2nia\u201d<\/span><\/li>\n<li><span style=\"font-family: georgia, palatino; font-size: 12pt;\">Cu privire la\u00a0 acordarea ajutorului\u00a0 material cet\u0103\u0163enilor<\/span>\n<ul>\n<li><span style=\"font-family: georgia, palatino; font-size: 12pt;\">Raportor: Liuba COJOCARU, primar<\/span><\/li>\n<\/ul>\n<\/li>\n<li><span style=\"font-family: georgia, palatino; font-size: 12pt;\"> Cu\u00a0 privire\u00a0 la schimbarea modului de folosin\u021b\u0103 a terenului\u00a0 agricol<\/span>\n<ul>\n<li><span style=\"font-family: georgia, palatino; font-size: 12pt;\">Raportor: Feodosie\u00a0 SOLOTCHI, specialist<\/span><\/li>\n<\/ul>\n<\/li>\n<li><span style=\"font-family: georgia, palatino; font-size: 12pt;\"> Cu privire la alocarea terenului cu suprafa\u021ba de 0,1436 ha , nr. cadastral 3129213244, pentru forarea f\u00eent\u00eenii arteziene<\/span>\n<ul>\n<li><span style=\"font-family: georgia, palatino; font-size: 12pt;\">Raportor: Liuba COJOCARU, primar<\/span><\/li>\n<\/ul>\n<\/li>\n<li><span style=\"font-family: georgia, palatino; font-size: 12pt;\">Cu privire la examinarea cererii\u00a0 cet. Guzun Maria \/Guzun Dumitru\u00a0 privind schimbarea destina\u021biei terenului cu nr. cadastral\u00a0 31292202407, s-0,04ha<\/span>\n<ul>\n<li><span style=\"font-family: georgia, palatino; font-size: 12pt;\">Raportor: Liuba COJOCARU, primar<\/span><\/li>\n<\/ul>\n<\/li>\n<li><span style=\"font-family: georgia, palatino; font-size: 12pt;\"> Cu privire la examinarea cererii \u00ce I \u201dGuzun Maria\u201d privind schimbarea destina\u021biei terenului cu nr. cadastral\u00a0\u00a0 31292203343, s-0,14ha<\/span>\n<ul>\n<li><span style=\"font-family: georgia, palatino; font-size: 12pt;\"> R<\/span><span style=\"font-family: georgia, palatino; font-size: 12pt;\">aportor: Liuba COJOCARU, primar<\/span><\/li>\n<\/ul>\n<\/li>\n<li><span style=\"font-family: georgia, palatino; font-size: 12pt;\"> Cu privire \u00a0la ini\u021bierea procedurii de\u00a0 formare a\u00a0 bunului imobil<\/span>\n<ul>\n<li><span style=\"font-family: georgia, palatino; font-size: 12pt;\">Raportor: Liuba COJOCARU, primar<\/span><\/li>\n<\/ul>\n<\/li>\n<li><span style=\"font-family: georgia, palatino; font-size: 12pt;\"> Cu privire la ini\u021bierea procedurii de\u00a0 formare a\u00a0 bunului imobil<\/span>\n<ul>\n<li><span style=\"font-family: georgia, palatino; font-size: 12pt;\">Raportor: Feodosie\u00a0 SOLOTCHI, specialist<\/span><\/li>\n<\/ul>\n<\/li>\n<li><span style=\"font-family: georgia, palatino; font-size: 12pt;\">Cu privire la\u00a0 examinarea\u00a0 cererii\u00a0 cet. Moraru Oleg privind aprobarea planului geometric\u00a0 al\u00a0 terenului\u00a0<\/span>\n<ul>\n<li><span style=\"font-family: georgia, palatino; font-size: 12pt;\">Raportor: Feodosie\u00a0 SOLOTCHI, specialist<\/span><\/li>\n<\/ul>\n<\/li>\n<li><span style=\"font-family: georgia, palatino; font-size: 12pt;\"> Cu privire la\u00a0 examinarea\u00a0 cererii\u00a0 cet.Go\u021buleac Igor privind aprobarea planului geometric\u00a0 al\u00a0 terenului\u00a0<\/span>\n<ul>\n<li><span style=\"font-family: georgia, palatino; font-size: 12pt;\">Raportor: Feodosie\u00a0 SOLOTCHI, specialist<\/span><\/li>\n<\/ul>\n<\/li>\n<li><span style=\"font-family: georgia, palatino; font-size: 12pt;\"> Cu privire la modificarea deciziei nr .04\/22\u00a0 din 11.12.2015<\/span>\n<ul>\n<li><span style=\"font-family: georgia, palatino; font-size: 12pt;\">Raportor: Liuba COJOCARU, primar<\/span><\/li>\n<\/ul>\n<\/li>\n<li><span style=\"font-family: georgia, palatino; font-size: 12pt;\"> Cu privire la expunerea\u00a0 la licita\u0163ie public\u0103 cu strigare<\/span>\n<ul>\n<li><span style=\"font-family: georgia, palatino; font-size: 12pt;\">Raportor: Liuba COJOCARU, primar<\/span><\/li>\n<\/ul>\n<\/li>\n<li><span style=\"font-family: georgia, palatino; font-size: 12pt;\">Cu privire la\u00a0 examinarea\u00a0 cererii\u00a0 cet. Botnari Efrosinia privind\u00a0 radierea\u00a0 din registrul bunurilor imobile\u00a0 a terenului\u00a0 cu nr. cadastral 31292203303<\/span>\n<ul>\n<li><span style=\"font-family: georgia, palatino; font-size: 12pt;\">Raportor: Feodosie\u00a0 SOLOTCHI, specialist<\/span><\/li>\n<\/ul>\n<\/li>\n<li><span style=\"font-family: georgia, palatino; font-size: 12pt;\">Cu privire la rectificarea bugetului satului M\u0103gd\u0103ce\u0219ti<\/span>\n<ul>\n<li><span style=\"font-family: georgia, palatino; font-size: 12pt;\">Raportor: Liuba COJOCARU, primar<\/span><\/li>\n<\/ul>\n<\/li>\n<li><span style=\"font-family: georgia, palatino; font-size: 12pt;\">Cu\u00a0 privire\u00a0 la aprobarea beneficiarilor de serviciul cantinei sociale<\/span>\n<ul>\n<li><span style=\"font-family: georgia, palatino; font-size: 12pt;\">Raportor: Liuba COJOCARU, primar<\/span><\/li>\n<\/ul>\n<\/li>\n<li><span style=\"font-family: georgia, palatino; font-size: 12pt;\">Diverse<\/span><\/li>\n<\/ol>\n<h1><span style=\"font-family: georgia, palatino; font-size: 12pt;\">\u00a0<\/span><\/h1>\n<p>&nbsp;<\/p>\n","protected":false},"excerpt":{"rendered":"<p>\u00cen conformitate cu art. 16 p.1 p .5 din Legea privind administra\u021bia public\u0103 local\u0103 nr.436-XVI, din 28.12.2006 dispozi\u021bia nr.22 A\/B din 03 mai 2018 23 august 2018, ora 19.00, \u00een incinta Prim\u0103riei M\u0103gd\u0103ce\u0219ti, se convoac\u0103 \u0218edin\u021ba ordinar\u0103 a Consiliului s\u0103tesc M\u0103gd\u0103ce\u015fti cu ORDINEA DE ZI:<\/p>\n","protected":false},"author":1,"featured_media":0,"comment_status":"closed","ping_status":"closed","sticky":false,"template":"","format":"standard","meta":{"ngg_post_thumbnail":0,"footnotes":""},"categories":[4],"tags":[],"class_list":["post-3114","post","type-post","status-publish","format-standard","hentry","category-stiri"],"yoast_head":"<!-- This site is optimized with the Yoast SEO plugin v23.3 - https:\/\/yoast.com\/wordpress\/plugins\/seo\/ -->\n<title>Anun\u021b! 23 august 2018 - \u0218edin\u021ba ordinar\u0103 a Consiliului s\u0103tesc M\u0103gd\u0103ce\u015fti - M\u0103gd\u0103ce\u0219ti<\/title>\n<meta name=\"description\" content=\"Bine ati venit pe pagina oficiala a Primariei Magdacesti.\" \/>\n<meta name=\"robots\" content=\"index, follow, max-snippet:-1, max-image-preview:large, max-video-preview:-1\" \/>\n<link rel=\"canonical\" href=\"https:\/\/magdacesti.md\/?p=3114\" \/>\n<meta property=\"og:locale\" content=\"en_US\" \/>\n<meta property=\"og:type\" content=\"article\" \/>\n<meta property=\"og:title\" content=\"Anun\u021b! 23 august 2018 - \u0218edin\u021ba ordinar\u0103 a Consiliului s\u0103tesc M\u0103gd\u0103ce\u015fti - M\u0103gd\u0103ce\u0219ti\" \/>\n<meta property=\"og:description\" content=\"Bine ati venit pe pagina oficiala a Primariei Magdacesti.\" \/>\n<meta property=\"og:url\" content=\"https:\/\/magdacesti.md\/?p=3114\" \/>\n<meta property=\"og:site_name\" content=\"M\u0103gd\u0103ce\u0219ti\" \/>\n<meta property=\"article:publisher\" content=\"https:\/\/www.facebook.com\/magdacesti.md\/\" \/>\n<meta property=\"article:published_time\" content=\"2018-08-20T12:38:46+00:00\" \/>\n<meta property=\"og:image\" content=\"https:\/\/magdacesti.md\/wp-content\/uploads\/2018\/08\/sedinta-300x186.jpg\" \/>\n<meta name=\"author\" content=\"magdacesti\" \/>\n<meta name=\"twitter:card\" content=\"summary_large_image\" \/>\n<meta name=\"twitter:label1\" content=\"Written by\" \/>\n\t<meta name=\"twitter:data1\" content=\"magdacesti\" \/>\n\t<meta name=\"twitter:label2\" content=\"Est. reading time\" \/>\n\t<meta name=\"twitter:data2\" content=\"2 minutes\" \/>\n<script type=\"application\/ld+json\" class=\"yoast-schema-graph\">{\"@context\":\"https:\/\/schema.org\",\"@graph\":[{\"@type\":\"Article\",\"@id\":\"https:\/\/magdacesti.md\/?p=3114#article\",\"isPartOf\":{\"@id\":\"https:\/\/magdacesti.md\/?p=3114\"},\"author\":{\"name\":\"magdacesti\",\"@id\":\"https:\/\/magdacesti.md\/#\/schema\/person\/ee6a6d0a5f0b0cb676ac992c8e414842\"},\"headline\":\"Anun\u021b! 23 august 2018 &#8211; \u0218edin\u021ba ordinar\u0103 a Consiliului s\u0103tesc M\u0103gd\u0103ce\u015fti\",\"datePublished\":\"2018-08-20T12:38:46+00:00\",\"dateModified\":\"2018-08-20T12:38:46+00:00\",\"mainEntityOfPage\":{\"@id\":\"https:\/\/magdacesti.md\/?p=3114\"},\"wordCount\":346,\"publisher\":{\"@id\":\"https:\/\/magdacesti.md\/#organization\"},\"image\":{\"@id\":\"https:\/\/magdacesti.md\/?p=3114#primaryimage\"},\"thumbnailUrl\":\"https:\/\/magdacesti.md\/wp-content\/uploads\/2018\/08\/sedinta-300x186.jpg\",\"articleSection\":[\"Stiri\"],\"inLanguage\":\"en-US\"},{\"@type\":\"WebPage\",\"@id\":\"https:\/\/magdacesti.md\/?p=3114\",\"url\":\"https:\/\/magdacesti.md\/?p=3114\",\"name\":\"Anun\u021b! 23 august 2018 - \u0218edin\u021ba ordinar\u0103 a Consiliului s\u0103tesc M\u0103gd\u0103ce\u015fti - M\u0103gd\u0103ce\u0219ti\",\"isPartOf\":{\"@id\":\"https:\/\/magdacesti.md\/#website\"},\"primaryImageOfPage\":{\"@id\":\"https:\/\/magdacesti.md\/?p=3114#primaryimage\"},\"image\":{\"@id\":\"https:\/\/magdacesti.md\/?p=3114#primaryimage\"},\"thumbnailUrl\":\"https:\/\/magdacesti.md\/wp-content\/uploads\/2018\/08\/sedinta-300x186.jpg\",\"datePublished\":\"2018-08-20T12:38:46+00:00\",\"dateModified\":\"2018-08-20T12:38:46+00:00\",\"description\":\"Bine ati venit pe pagina oficiala a Primariei Magdacesti.\",\"breadcrumb\":{\"@id\":\"https:\/\/magdacesti.md\/?p=3114#breadcrumb\"},\"inLanguage\":\"en-US\",\"potentialAction\":[{\"@type\":\"ReadAction\",\"target\":[\"https:\/\/magdacesti.md\/?p=3114\"]}]},{\"@type\":\"ImageObject\",\"inLanguage\":\"en-US\",\"@id\":\"https:\/\/magdacesti.md\/?p=3114#primaryimage\",\"url\":\"https:\/\/magdacesti.md\/wp-content\/uploads\/2018\/08\/sedinta-300x186.jpg\",\"contentUrl\":\"https:\/\/magdacesti.md\/wp-content\/uploads\/2018\/08\/sedinta-300x186.jpg\"},{\"@type\":\"BreadcrumbList\",\"@id\":\"https:\/\/magdacesti.md\/?p=3114#breadcrumb\",\"itemListElement\":[{\"@type\":\"ListItem\",\"position\":1,\"name\":\"Home\",\"item\":\"https:\/\/magdacesti.md\/\"},{\"@type\":\"ListItem\",\"position\":2,\"name\":\"Anun\u021b! 23 august 2018 &#8211; \u0218edin\u021ba ordinar\u0103 a Consiliului s\u0103tesc M\u0103gd\u0103ce\u015fti\"}]},{\"@type\":\"WebSite\",\"@id\":\"https:\/\/magdacesti.md\/#website\",\"url\":\"https:\/\/magdacesti.md\/\",\"name\":\"M\u0103gd\u0103ce\u0219ti\",\"description\":\"Un or\u0103\u0219el cu condi\u021bii decente de trai!\",\"publisher\":{\"@id\":\"https:\/\/magdacesti.md\/#organization\"},\"potentialAction\":[{\"@type\":\"SearchAction\",\"target\":{\"@type\":\"EntryPoint\",\"urlTemplate\":\"https:\/\/magdacesti.md\/?s={search_term_string}\"},\"query-input\":\"required name=search_term_string\"}],\"inLanguage\":\"en-US\"},{\"@type\":\"Organization\",\"@id\":\"https:\/\/magdacesti.md\/#organization\",\"name\":\"M\u0103gd\u0103ce\u0219ti\",\"url\":\"https:\/\/magdacesti.md\/\",\"logo\":{\"@type\":\"ImageObject\",\"inLanguage\":\"en-US\",\"@id\":\"https:\/\/magdacesti.md\/#\/schema\/logo\/image\/\",\"url\":\"https:\/\/magdacesti.md\/wp-content\/uploads\/2021\/03\/Foto-514-scaled.jpg\",\"contentUrl\":\"https:\/\/magdacesti.md\/wp-content\/uploads\/2021\/03\/Foto-514-scaled.jpg\",\"width\":2560,\"height\":1707,\"caption\":\"M\u0103gd\u0103ce\u0219ti\"},\"image\":{\"@id\":\"https:\/\/magdacesti.md\/#\/schema\/logo\/image\/\"},\"sameAs\":[\"https:\/\/www.facebook.com\/magdacesti.md\/\"]},{\"@type\":\"Person\",\"@id\":\"https:\/\/magdacesti.md\/#\/schema\/person\/ee6a6d0a5f0b0cb676ac992c8e414842\",\"name\":\"magdacesti\",\"sameAs\":[\"https:\/\/magdacesti.md\"],\"url\":\"https:\/\/magdacesti.md\/?author=1\"}]}<\/script>\n<!-- \/ Yoast SEO plugin. -->","yoast_head_json":{"title":"Anun\u021b! 23 august 2018 - \u0218edin\u021ba ordinar\u0103 a Consiliului s\u0103tesc M\u0103gd\u0103ce\u015fti - M\u0103gd\u0103ce\u0219ti","description":"Bine ati venit pe pagina oficiala a Primariei Magdacesti.","robots":{"index":"index","follow":"follow","max-snippet":"max-snippet:-1","max-image-preview":"max-image-preview:large","max-video-preview":"max-video-preview:-1"},"canonical":"https:\/\/magdacesti.md\/?p=3114","og_locale":"en_US","og_type":"article","og_title":"Anun\u021b! 23 august 2018 - \u0218edin\u021ba ordinar\u0103 a Consiliului s\u0103tesc M\u0103gd\u0103ce\u015fti - M\u0103gd\u0103ce\u0219ti","og_description":"Bine ati venit pe pagina oficiala a Primariei Magdacesti.","og_url":"https:\/\/magdacesti.md\/?p=3114","og_site_name":"M\u0103gd\u0103ce\u0219ti","article_publisher":"https:\/\/www.facebook.com\/magdacesti.md\/","article_published_time":"2018-08-20T12:38:46+00:00","og_image":[{"url":"https:\/\/magdacesti.md\/wp-content\/uploads\/2018\/08\/sedinta-300x186.jpg"}],"author":"magdacesti","twitter_card":"summary_large_image","twitter_misc":{"Written by":"magdacesti","Est. reading time":"2 minutes"},"schema":{"@context":"https:\/\/schema.org","@graph":[{"@type":"Article","@id":"https:\/\/magdacesti.md\/?p=3114#article","isPartOf":{"@id":"https:\/\/magdacesti.md\/?p=3114"},"author":{"name":"magdacesti","@id":"https:\/\/magdacesti.md\/#\/schema\/person\/ee6a6d0a5f0b0cb676ac992c8e414842"},"headline":"Anun\u021b! 23 august 2018 &#8211; \u0218edin\u021ba ordinar\u0103 a Consiliului s\u0103tesc M\u0103gd\u0103ce\u015fti","datePublished":"2018-08-20T12:38:46+00:00","dateModified":"2018-08-20T12:38:46+00:00","mainEntityOfPage":{"@id":"https:\/\/magdacesti.md\/?p=3114"},"wordCount":346,"publisher":{"@id":"https:\/\/magdacesti.md\/#organization"},"image":{"@id":"https:\/\/magdacesti.md\/?p=3114#primaryimage"},"thumbnailUrl":"https:\/\/magdacesti.md\/wp-content\/uploads\/2018\/08\/sedinta-300x186.jpg","articleSection":["Stiri"],"inLanguage":"en-US"},{"@type":"WebPage","@id":"https:\/\/magdacesti.md\/?p=3114","url":"https:\/\/magdacesti.md\/?p=3114","name":"Anun\u021b! 23 august 2018 - \u0218edin\u021ba ordinar\u0103 a Consiliului s\u0103tesc M\u0103gd\u0103ce\u015fti - M\u0103gd\u0103ce\u0219ti","isPartOf":{"@id":"https:\/\/magdacesti.md\/#website"},"primaryImageOfPage":{"@id":"https:\/\/magdacesti.md\/?p=3114#primaryimage"},"image":{"@id":"https:\/\/magdacesti.md\/?p=3114#primaryimage"},"thumbnailUrl":"https:\/\/magdacesti.md\/wp-content\/uploads\/2018\/08\/sedinta-300x186.jpg","datePublished":"2018-08-20T12:38:46+00:00","dateModified":"2018-08-20T12:38:46+00:00","description":"Bine ati venit pe pagina oficiala a Primariei Magdacesti.","breadcrumb":{"@id":"https:\/\/magdacesti.md\/?p=3114#breadcrumb"},"inLanguage":"en-US","potentialAction":[{"@type":"ReadAction","target":["https:\/\/magdacesti.md\/?p=3114"]}]},{"@type":"ImageObject","inLanguage":"en-US","@id":"https:\/\/magdacesti.md\/?p=3114#primaryimage","url":"https:\/\/magdacesti.md\/wp-content\/uploads\/2018\/08\/sedinta-300x186.jpg","contentUrl":"https:\/\/magdacesti.md\/wp-content\/uploads\/2018\/08\/sedinta-300x186.jpg"},{"@type":"BreadcrumbList","@id":"https:\/\/magdacesti.md\/?p=3114#breadcrumb","itemListElement":[{"@type":"ListItem","position":1,"name":"Home","item":"https:\/\/magdacesti.md\/"},{"@type":"ListItem","position":2,"name":"Anun\u021b! 23 august 2018 &#8211; \u0218edin\u021ba ordinar\u0103 a Consiliului s\u0103tesc M\u0103gd\u0103ce\u015fti"}]},{"@type":"WebSite","@id":"https:\/\/magdacesti.md\/#website","url":"https:\/\/magdacesti.md\/","name":"M\u0103gd\u0103ce\u0219ti","description":"Un or\u0103\u0219el cu condi\u021bii decente de trai!","publisher":{"@id":"https:\/\/magdacesti.md\/#organization"},"potentialAction":[{"@type":"SearchAction","target":{"@type":"EntryPoint","urlTemplate":"https:\/\/magdacesti.md\/?s={search_term_string}"},"query-input":"required name=search_term_string"}],"inLanguage":"en-US"},{"@type":"Organization","@id":"https:\/\/magdacesti.md\/#organization","name":"M\u0103gd\u0103ce\u0219ti","url":"https:\/\/magdacesti.md\/","logo":{"@type":"ImageObject","inLanguage":"en-US","@id":"https:\/\/magdacesti.md\/#\/schema\/logo\/image\/","url":"https:\/\/magdacesti.md\/wp-content\/uploads\/2021\/03\/Foto-514-scaled.jpg","contentUrl":"https:\/\/magdacesti.md\/wp-content\/uploads\/2021\/03\/Foto-514-scaled.jpg","width":2560,"height":1707,"caption":"M\u0103gd\u0103ce\u0219ti"},"image":{"@id":"https:\/\/magdacesti.md\/#\/schema\/logo\/image\/"},"sameAs":["https:\/\/www.facebook.com\/magdacesti.md\/"]},{"@type":"Person","@id":"https:\/\/magdacesti.md\/#\/schema\/person\/ee6a6d0a5f0b0cb676ac992c8e414842","name":"magdacesti","sameAs":["https:\/\/magdacesti.md"],"url":"https:\/\/magdacesti.md\/?author=1"}]}},"_links":{"self":[{"href":"https:\/\/magdacesti.md\/index.php?rest_route=\/wp\/v2\/posts\/3114","targetHints":{"allow":["GET"]}}],"collection":[{"href":"https:\/\/magdacesti.md\/index.php?rest_route=\/wp\/v2\/posts"}],"about":[{"href":"https:\/\/magdacesti.md\/index.php?rest_route=\/wp\/v2\/types\/post"}],"author":[{"embeddable":true,"href":"https:\/\/magdacesti.md\/index.php?rest_route=\/wp\/v2\/users\/1"}],"replies":[{"embeddable":true,"href":"https:\/\/magdacesti.md\/index.php?rest_route=%2Fwp%2Fv2%2Fcomments&post=3114"}],"version-history":[{"count":0,"href":"https:\/\/magdacesti.md\/index.php?rest_route=\/wp\/v2\/posts\/3114\/revisions"}],"wp:attachment":[{"href":"https:\/\/magdacesti.md\/index.php?rest_route=%2Fwp%2Fv2%2Fmedia&parent=3114"}],"wp:term":[{"taxonomy":"category","embeddable":true,"href":"https:\/\/magdacesti.md\/index.php?rest_route=%2Fwp%2Fv2%2Fcategories&post=3114"},{"taxonomy":"post_tag","embeddable":true,"href":"https:\/\/magdacesti.md\/index.php?rest_route=%2Fwp%2Fv2%2Ftags&post=3114"}],"curies":[{"name":"wp","href":"https:\/\/api.w.org\/{rel}","templated":true}]}}