{"id":3136,"date":"2018-09-07T14:35:03","date_gmt":"2018-09-07T11:35:03","guid":{"rendered":"https:\/\/magdacesti.md\/?p=3136"},"modified":"2018-09-07T14:35:03","modified_gmt":"2018-09-07T11:35:03","slug":"locuitorii-celui-mai-vechi-cartier-al-s-magdacesti-au-acces-la-un-drum-nou-nout","status":"publish","type":"post","link":"https:\/\/magdacesti.md\/?p=3136","title":{"rendered":"Locuitorii celui mai vechi cartier din s. M\u0103gd\u0103ce\u0219ti au acces la un drum nou-nou\u021b"},"content":{"rendered":"<p><strong>Cu trei ani \u00een urm\u0103, cartierul fundac, era o zon\u0103 f\u0103r\u0103 infrastructur\u0103.<\/strong><br \/>\n<strong>Ast\u0103zi, toate gospod\u0103riile sunt conectate la toate utilit\u0103\u021bile unei vie\u021bi moderne: gaz, apeduct, canalizare, iluminare stradal\u0103, iar din aceast\u0103 s\u0103pt\u0103m\u00e2n\u0103, cel mai anevoios tronson de drum din acest cartier a fost construit capital.<\/strong><\/p>\n<p><strong><img loading=\"lazy\" decoding=\"async\" class=\"aligncenter\" src=\"https:\/\/magdacesti.md\/wp-content\/uploads\/2018\/09\/FUNDAC.jpg\" alt=\"\" width=\"720\" height=\"480\" \/><\/strong><\/p>\n<p><strong> \u00cen sf\u00e2r\u0219it, copiii nu vor mai fi nevoi\u021bi s\u0103 mearg\u0103 prin noroi atunci c\u00e2nd vor pleca la \u0219coal\u0103 \u0219i la gr\u0103dini\u021b\u0103, iar\u00a0<\/strong><span class=\"text_exposed_show\"><strong>transportul public se va deplasa p\u00e2n\u0103 la ultima sta\u021bie de a\u0219teptare. <\/strong><\/span><!--more--><\/p>\n<p style=\"text-align: center;\"><span class=\"text_exposed_show\"><img loading=\"lazy\" decoding=\"async\" class=\"aligncenter\" src=\"https:\/\/magdacesti.md\/wp-content\/uploads\/2018\/09\/FUNDAC1.jpg\" alt=\"\" width=\"653\" height=\"435\" \/><br \/>\n<strong>Mul\u021bumim din suflet Guvernului Republicii Moldova, pentru cei 1 milion jum\u0103tate de lei acorda\u021bi \u00een cadrul programului na\u021bional &#8220;Drumuri bune pentru Moldova&#8221;, contribu\u021bia administra\u021biei publice locale \u0219i contribu\u021bia financiar\u0103 a locuitorilor din acest cartier.\u00a0<\/strong><br \/>\n<strong>V\u0103 mul\u021bumim mult!<\/strong><\/span><\/p>\n","protected":false},"excerpt":{"rendered":"<p>Cu trei ani \u00een urm\u0103, cartierul fundac, era o zon\u0103 f\u0103r\u0103 infrastructur\u0103. Ast\u0103zi, toate gospod\u0103riile sunt conectate la toate utilit\u0103\u021bile unei vie\u021bi moderne: gaz, apeduct, canalizare, iluminare stradal\u0103, iar din aceast\u0103 s\u0103pt\u0103m\u00e2n\u0103, cel mai anevoios tronson de drum din acest cartier a fost construit capital. \u00cen sf\u00e2r\u0219it, copiii nu vor mai fi nevoi\u021bi s\u0103 mearg\u0103 [&#8230;]\n","protected":false},"author":2,"featured_media":0,"comment_status":"closed","ping_status":"closed","sticky":false,"template":"","format":"standard","meta":{"ngg_post_thumbnail":0,"footnotes":""},"categories":[4],"tags":[],"class_list":["post-3136","post","type-post","status-publish","format-standard","hentry","category-stiri"],"yoast_head":"<!-- This site is optimized with the Yoast SEO plugin v23.3 - https:\/\/yoast.com\/wordpress\/plugins\/seo\/ -->\n<title>Locuitorii celui mai vechi cartier din s. M\u0103gd\u0103ce\u0219ti au acces la un drum nou-nou\u021b - M\u0103gd\u0103ce\u0219ti<\/title>\n<meta name=\"description\" content=\"Bine ati venit pe pagina oficiala a Primariei Magdacesti.\" \/>\n<meta name=\"robots\" content=\"index, follow, max-snippet:-1, max-image-preview:large, max-video-preview:-1\" \/>\n<link rel=\"canonical\" href=\"https:\/\/magdacesti.md\/?p=3136\" \/>\n<meta property=\"og:locale\" content=\"en_US\" \/>\n<meta property=\"og:type\" content=\"article\" \/>\n<meta property=\"og:title\" content=\"Locuitorii celui mai vechi cartier din s. M\u0103gd\u0103ce\u0219ti au acces la un drum nou-nou\u021b - M\u0103gd\u0103ce\u0219ti\" \/>\n<meta property=\"og:description\" content=\"Bine ati venit pe pagina oficiala a Primariei Magdacesti.\" \/>\n<meta property=\"og:url\" content=\"https:\/\/magdacesti.md\/?p=3136\" \/>\n<meta property=\"og:site_name\" content=\"M\u0103gd\u0103ce\u0219ti\" \/>\n<meta property=\"article:publisher\" content=\"https:\/\/www.facebook.com\/magdacesti.md\/\" \/>\n<meta property=\"article:published_time\" content=\"2018-09-07T11:35:03+00:00\" \/>\n<meta property=\"og:image\" content=\"https:\/\/magdacesti.md\/wp-content\/uploads\/2018\/09\/FUNDAC.jpg\" \/>\n<meta name=\"author\" content=\"Olga Enachi\" \/>\n<meta name=\"twitter:card\" content=\"summary_large_image\" \/>\n<meta name=\"twitter:label1\" content=\"Written by\" \/>\n\t<meta name=\"twitter:data1\" content=\"Olga Enachi\" \/>\n\t<meta name=\"twitter:label2\" content=\"Est. reading time\" \/>\n\t<meta name=\"twitter:data2\" content=\"1 minute\" \/>\n<script type=\"application\/ld+json\" class=\"yoast-schema-graph\">{\"@context\":\"https:\/\/schema.org\",\"@graph\":[{\"@type\":\"Article\",\"@id\":\"https:\/\/magdacesti.md\/?p=3136#article\",\"isPartOf\":{\"@id\":\"https:\/\/magdacesti.md\/?p=3136\"},\"author\":{\"name\":\"Olga Enachi\",\"@id\":\"https:\/\/magdacesti.md\/#\/schema\/person\/0068cad735c7cf3ab41a532515da0575\"},\"headline\":\"Locuitorii celui mai vechi cartier din s. M\u0103gd\u0103ce\u0219ti au acces la un drum nou-nou\u021b\",\"datePublished\":\"2018-09-07T11:35:03+00:00\",\"dateModified\":\"2018-09-07T11:35:03+00:00\",\"mainEntityOfPage\":{\"@id\":\"https:\/\/magdacesti.md\/?p=3136\"},\"wordCount\":155,\"publisher\":{\"@id\":\"https:\/\/magdacesti.md\/#organization\"},\"image\":{\"@id\":\"https:\/\/magdacesti.md\/?p=3136#primaryimage\"},\"thumbnailUrl\":\"https:\/\/magdacesti.md\/wp-content\/uploads\/2018\/09\/FUNDAC.jpg\",\"articleSection\":[\"Stiri\"],\"inLanguage\":\"en-US\"},{\"@type\":\"WebPage\",\"@id\":\"https:\/\/magdacesti.md\/?p=3136\",\"url\":\"https:\/\/magdacesti.md\/?p=3136\",\"name\":\"Locuitorii celui mai vechi cartier din s. M\u0103gd\u0103ce\u0219ti au acces la un drum nou-nou\u021b - M\u0103gd\u0103ce\u0219ti\",\"isPartOf\":{\"@id\":\"https:\/\/magdacesti.md\/#website\"},\"primaryImageOfPage\":{\"@id\":\"https:\/\/magdacesti.md\/?p=3136#primaryimage\"},\"image\":{\"@id\":\"https:\/\/magdacesti.md\/?p=3136#primaryimage\"},\"thumbnailUrl\":\"https:\/\/magdacesti.md\/wp-content\/uploads\/2018\/09\/FUNDAC.jpg\",\"datePublished\":\"2018-09-07T11:35:03+00:00\",\"dateModified\":\"2018-09-07T11:35:03+00:00\",\"description\":\"Bine ati venit pe pagina oficiala a Primariei Magdacesti.\",\"breadcrumb\":{\"@id\":\"https:\/\/magdacesti.md\/?p=3136#breadcrumb\"},\"inLanguage\":\"en-US\",\"potentialAction\":[{\"@type\":\"ReadAction\",\"target\":[\"https:\/\/magdacesti.md\/?p=3136\"]}]},{\"@type\":\"ImageObject\",\"inLanguage\":\"en-US\",\"@id\":\"https:\/\/magdacesti.md\/?p=3136#primaryimage\",\"url\":\"https:\/\/magdacesti.md\/wp-content\/uploads\/2018\/09\/FUNDAC.jpg\",\"contentUrl\":\"https:\/\/magdacesti.md\/wp-content\/uploads\/2018\/09\/FUNDAC.jpg\"},{\"@type\":\"BreadcrumbList\",\"@id\":\"https:\/\/magdacesti.md\/?p=3136#breadcrumb\",\"itemListElement\":[{\"@type\":\"ListItem\",\"position\":1,\"name\":\"Home\",\"item\":\"https:\/\/magdacesti.md\/\"},{\"@type\":\"ListItem\",\"position\":2,\"name\":\"Locuitorii celui mai vechi cartier din s. M\u0103gd\u0103ce\u0219ti au acces la un drum nou-nou\u021b\"}]},{\"@type\":\"WebSite\",\"@id\":\"https:\/\/magdacesti.md\/#website\",\"url\":\"https:\/\/magdacesti.md\/\",\"name\":\"M\u0103gd\u0103ce\u0219ti\",\"description\":\"Un or\u0103\u0219el cu condi\u021bii decente de trai!\",\"publisher\":{\"@id\":\"https:\/\/magdacesti.md\/#organization\"},\"potentialAction\":[{\"@type\":\"SearchAction\",\"target\":{\"@type\":\"EntryPoint\",\"urlTemplate\":\"https:\/\/magdacesti.md\/?s={search_term_string}\"},\"query-input\":\"required name=search_term_string\"}],\"inLanguage\":\"en-US\"},{\"@type\":\"Organization\",\"@id\":\"https:\/\/magdacesti.md\/#organization\",\"name\":\"M\u0103gd\u0103ce\u0219ti\",\"url\":\"https:\/\/magdacesti.md\/\",\"logo\":{\"@type\":\"ImageObject\",\"inLanguage\":\"en-US\",\"@id\":\"https:\/\/magdacesti.md\/#\/schema\/logo\/image\/\",\"url\":\"https:\/\/magdacesti.md\/wp-content\/uploads\/2021\/03\/Foto-514-scaled.jpg\",\"contentUrl\":\"https:\/\/magdacesti.md\/wp-content\/uploads\/2021\/03\/Foto-514-scaled.jpg\",\"width\":2560,\"height\":1707,\"caption\":\"M\u0103gd\u0103ce\u0219ti\"},\"image\":{\"@id\":\"https:\/\/magdacesti.md\/#\/schema\/logo\/image\/\"},\"sameAs\":[\"https:\/\/www.facebook.com\/magdacesti.md\/\"]},{\"@type\":\"Person\",\"@id\":\"https:\/\/magdacesti.md\/#\/schema\/person\/0068cad735c7cf3ab41a532515da0575\",\"name\":\"Olga Enachi\",\"url\":\"https:\/\/magdacesti.md\/?author=2\"}]}<\/script>\n<!-- \/ Yoast SEO plugin. -->","yoast_head_json":{"title":"Locuitorii celui mai vechi cartier din s. M\u0103gd\u0103ce\u0219ti au acces la un drum nou-nou\u021b - M\u0103gd\u0103ce\u0219ti","description":"Bine ati venit pe pagina oficiala a Primariei Magdacesti.","robots":{"index":"index","follow":"follow","max-snippet":"max-snippet:-1","max-image-preview":"max-image-preview:large","max-video-preview":"max-video-preview:-1"},"canonical":"https:\/\/magdacesti.md\/?p=3136","og_locale":"en_US","og_type":"article","og_title":"Locuitorii celui mai vechi cartier din s. M\u0103gd\u0103ce\u0219ti au acces la un drum nou-nou\u021b - M\u0103gd\u0103ce\u0219ti","og_description":"Bine ati venit pe pagina oficiala a Primariei Magdacesti.","og_url":"https:\/\/magdacesti.md\/?p=3136","og_site_name":"M\u0103gd\u0103ce\u0219ti","article_publisher":"https:\/\/www.facebook.com\/magdacesti.md\/","article_published_time":"2018-09-07T11:35:03+00:00","og_image":[{"url":"https:\/\/magdacesti.md\/wp-content\/uploads\/2018\/09\/FUNDAC.jpg"}],"author":"Olga Enachi","twitter_card":"summary_large_image","twitter_misc":{"Written by":"Olga Enachi","Est. reading time":"1 minute"},"schema":{"@context":"https:\/\/schema.org","@graph":[{"@type":"Article","@id":"https:\/\/magdacesti.md\/?p=3136#article","isPartOf":{"@id":"https:\/\/magdacesti.md\/?p=3136"},"author":{"name":"Olga Enachi","@id":"https:\/\/magdacesti.md\/#\/schema\/person\/0068cad735c7cf3ab41a532515da0575"},"headline":"Locuitorii celui mai vechi cartier din s. M\u0103gd\u0103ce\u0219ti au acces la un drum nou-nou\u021b","datePublished":"2018-09-07T11:35:03+00:00","dateModified":"2018-09-07T11:35:03+00:00","mainEntityOfPage":{"@id":"https:\/\/magdacesti.md\/?p=3136"},"wordCount":155,"publisher":{"@id":"https:\/\/magdacesti.md\/#organization"},"image":{"@id":"https:\/\/magdacesti.md\/?p=3136#primaryimage"},"thumbnailUrl":"https:\/\/magdacesti.md\/wp-content\/uploads\/2018\/09\/FUNDAC.jpg","articleSection":["Stiri"],"inLanguage":"en-US"},{"@type":"WebPage","@id":"https:\/\/magdacesti.md\/?p=3136","url":"https:\/\/magdacesti.md\/?p=3136","name":"Locuitorii celui mai vechi cartier din s. M\u0103gd\u0103ce\u0219ti au acces la un drum nou-nou\u021b - M\u0103gd\u0103ce\u0219ti","isPartOf":{"@id":"https:\/\/magdacesti.md\/#website"},"primaryImageOfPage":{"@id":"https:\/\/magdacesti.md\/?p=3136#primaryimage"},"image":{"@id":"https:\/\/magdacesti.md\/?p=3136#primaryimage"},"thumbnailUrl":"https:\/\/magdacesti.md\/wp-content\/uploads\/2018\/09\/FUNDAC.jpg","datePublished":"2018-09-07T11:35:03+00:00","dateModified":"2018-09-07T11:35:03+00:00","description":"Bine ati venit pe pagina oficiala a Primariei Magdacesti.","breadcrumb":{"@id":"https:\/\/magdacesti.md\/?p=3136#breadcrumb"},"inLanguage":"en-US","potentialAction":[{"@type":"ReadAction","target":["https:\/\/magdacesti.md\/?p=3136"]}]},{"@type":"ImageObject","inLanguage":"en-US","@id":"https:\/\/magdacesti.md\/?p=3136#primaryimage","url":"https:\/\/magdacesti.md\/wp-content\/uploads\/2018\/09\/FUNDAC.jpg","contentUrl":"https:\/\/magdacesti.md\/wp-content\/uploads\/2018\/09\/FUNDAC.jpg"},{"@type":"BreadcrumbList","@id":"https:\/\/magdacesti.md\/?p=3136#breadcrumb","itemListElement":[{"@type":"ListItem","position":1,"name":"Home","item":"https:\/\/magdacesti.md\/"},{"@type":"ListItem","position":2,"name":"Locuitorii celui mai vechi cartier din s. M\u0103gd\u0103ce\u0219ti au acces la un drum nou-nou\u021b"}]},{"@type":"WebSite","@id":"https:\/\/magdacesti.md\/#website","url":"https:\/\/magdacesti.md\/","name":"M\u0103gd\u0103ce\u0219ti","description":"Un or\u0103\u0219el cu condi\u021bii decente de trai!","publisher":{"@id":"https:\/\/magdacesti.md\/#organization"},"potentialAction":[{"@type":"SearchAction","target":{"@type":"EntryPoint","urlTemplate":"https:\/\/magdacesti.md\/?s={search_term_string}"},"query-input":"required name=search_term_string"}],"inLanguage":"en-US"},{"@type":"Organization","@id":"https:\/\/magdacesti.md\/#organization","name":"M\u0103gd\u0103ce\u0219ti","url":"https:\/\/magdacesti.md\/","logo":{"@type":"ImageObject","inLanguage":"en-US","@id":"https:\/\/magdacesti.md\/#\/schema\/logo\/image\/","url":"https:\/\/magdacesti.md\/wp-content\/uploads\/2021\/03\/Foto-514-scaled.jpg","contentUrl":"https:\/\/magdacesti.md\/wp-content\/uploads\/2021\/03\/Foto-514-scaled.jpg","width":2560,"height":1707,"caption":"M\u0103gd\u0103ce\u0219ti"},"image":{"@id":"https:\/\/magdacesti.md\/#\/schema\/logo\/image\/"},"sameAs":["https:\/\/www.facebook.com\/magdacesti.md\/"]},{"@type":"Person","@id":"https:\/\/magdacesti.md\/#\/schema\/person\/0068cad735c7cf3ab41a532515da0575","name":"Olga Enachi","url":"https:\/\/magdacesti.md\/?author=2"}]}},"_links":{"self":[{"href":"https:\/\/magdacesti.md\/index.php?rest_route=\/wp\/v2\/posts\/3136","targetHints":{"allow":["GET"]}}],"collection":[{"href":"https:\/\/magdacesti.md\/index.php?rest_route=\/wp\/v2\/posts"}],"about":[{"href":"https:\/\/magdacesti.md\/index.php?rest_route=\/wp\/v2\/types\/post"}],"author":[{"embeddable":true,"href":"https:\/\/magdacesti.md\/index.php?rest_route=\/wp\/v2\/users\/2"}],"replies":[{"embeddable":true,"href":"https:\/\/magdacesti.md\/index.php?rest_route=%2Fwp%2Fv2%2Fcomments&post=3136"}],"version-history":[{"count":0,"href":"https:\/\/magdacesti.md\/index.php?rest_route=\/wp\/v2\/posts\/3136\/revisions"}],"wp:attachment":[{"href":"https:\/\/magdacesti.md\/index.php?rest_route=%2Fwp%2Fv2%2Fmedia&parent=3136"}],"wp:term":[{"taxonomy":"category","embeddable":true,"href":"https:\/\/magdacesti.md\/index.php?rest_route=%2Fwp%2Fv2%2Fcategories&post=3136"},{"taxonomy":"post_tag","embeddable":true,"href":"https:\/\/magdacesti.md\/index.php?rest_route=%2Fwp%2Fv2%2Ftags&post=3136"}],"curies":[{"name":"wp","href":"https:\/\/api.w.org\/{rel}","templated":true}]}}