{"id":3187,"date":"2018-09-17T10:05:08","date_gmt":"2018-09-17T07:05:08","guid":{"rendered":"https:\/\/magdacesti.md\/?p=3187"},"modified":"2018-09-17T10:05:08","modified_gmt":"2018-09-17T07:05:08","slug":"va-poftim-la-hramul-s-magdacesti","status":"publish","type":"post","link":"https:\/\/magdacesti.md\/?p=3187","title":{"rendered":"V\u0103 poftim la Hramul s. M\u0103gd\u0103ce\u0219ti"},"content":{"rendered":"<p style=\"text-align: center;\"><strong><span class=\"text_exposed_show\">\u00a0<\/span><\/strong><\/p>\n<p style=\"text-align: center;\"><img loading=\"lazy\" decoding=\"async\" class=\"aligncenter\" src=\"https:\/\/magdacesti.md\/wp-content\/uploads\/2018\/09\/AFIS-Magdacesti-2018-var-3-print-.jpeg\" alt=\"\" width=\"508\" height=\"695\" \/><\/p>\n<p style=\"text-align: center;\"><strong>Dragi locuitori \u0219i oaspe\u021bi ai s. M\u0103gd\u0103ce\u0219ti, <\/strong><br \/>\n<strong> Vineri, 21 septembrie 2018, ora 20.30, \u00een sf\u00e2nt\u0103 zi a &#8220;Na\u0219terii Maicii Domnului&#8221;, v\u0103 invit\u0103m cu drag la s\u0103rb\u0103toarea satului nostru. Tradi\u021bional, administra\u021bia public\u0103 local\u0103 a preg\u0103tit un program artistic deosebit. <\/strong><br \/>\n<strong> Al\u0103turi de noi, \u00een aceast\u0103 zi de s\u0103rb\u0103toare, vor fi fra\u021bii no\u0219tri din Mioveni, jude\u021bul Arge\u0219 (Rom\u00e2nia), iar surpriza serii va fi cuplul Ionu\u021b \u0219i Doini\u021ba Dol\u0103nescu, care va sus\u021bine un <span class=\"text_exposed_show\">recital extraordinar, acompania\u021bi de Orchestra de muzic\u0103 popular\u0103 &#8220;Rapsozii Moldovei&#8221;, dirijat\u0103 de maestrul Vitalie Dorin .<br \/>\nV\u0103 promitem o sear\u0103 de suflet, cu mult c\u00e2ntec, dans \u0219i surprize frumoase.<br \/>\nV\u0103 a\u0219tept\u0103m cu mare drag!<\/span><\/strong><\/p>\n","protected":false},"excerpt":{"rendered":"<p>\u00a0 Dragi locuitori \u0219i oaspe\u021bi ai s. M\u0103gd\u0103ce\u0219ti, Vineri, 21 septembrie 2018, ora 20.30, \u00een sf\u00e2nt\u0103 zi a &#8220;Na\u0219terii Maicii Domnului&#8221;, v\u0103 invit\u0103m cu drag la s\u0103rb\u0103toarea satului nostru. Tradi\u021bional, administra\u021bia public\u0103 local\u0103 a preg\u0103tit un program artistic deosebit. Al\u0103turi de noi, \u00een aceast\u0103 zi de s\u0103rb\u0103toare, vor fi fra\u021bii no\u0219tri din Mioveni, jude\u021bul Arge\u0219 [&#8230;]\n","protected":false},"author":2,"featured_media":0,"comment_status":"closed","ping_status":"closed","sticky":false,"template":"","format":"standard","meta":{"ngg_post_thumbnail":0,"footnotes":""},"categories":[4],"tags":[],"class_list":["post-3187","post","type-post","status-publish","format-standard","hentry","category-stiri"],"yoast_head":"<!-- This site is optimized with the Yoast SEO plugin v23.3 - https:\/\/yoast.com\/wordpress\/plugins\/seo\/ -->\n<title>V\u0103 poftim la Hramul s. M\u0103gd\u0103ce\u0219ti - M\u0103gd\u0103ce\u0219ti<\/title>\n<meta name=\"description\" content=\"Bine ati venit pe pagina oficiala a Primariei Magdacesti.\" \/>\n<meta name=\"robots\" content=\"index, follow, max-snippet:-1, max-image-preview:large, max-video-preview:-1\" \/>\n<link rel=\"canonical\" href=\"https:\/\/magdacesti.md\/?p=3187\" \/>\n<meta property=\"og:locale\" content=\"en_US\" \/>\n<meta property=\"og:type\" content=\"article\" \/>\n<meta property=\"og:title\" content=\"V\u0103 poftim la Hramul s. M\u0103gd\u0103ce\u0219ti - M\u0103gd\u0103ce\u0219ti\" \/>\n<meta property=\"og:description\" content=\"Bine ati venit pe pagina oficiala a Primariei Magdacesti.\" \/>\n<meta property=\"og:url\" content=\"https:\/\/magdacesti.md\/?p=3187\" \/>\n<meta property=\"og:site_name\" content=\"M\u0103gd\u0103ce\u0219ti\" \/>\n<meta property=\"article:publisher\" content=\"https:\/\/www.facebook.com\/magdacesti.md\/\" \/>\n<meta property=\"article:published_time\" content=\"2018-09-17T07:05:08+00:00\" \/>\n<meta property=\"og:image\" content=\"https:\/\/magdacesti.md\/wp-content\/uploads\/2018\/09\/AFIS-Magdacesti-2018-var-3-print-.jpeg\" \/>\n<meta name=\"author\" content=\"Olga Enachi\" \/>\n<meta name=\"twitter:card\" content=\"summary_large_image\" \/>\n<meta name=\"twitter:label1\" content=\"Written by\" \/>\n\t<meta name=\"twitter:data1\" content=\"Olga Enachi\" \/>\n\t<meta name=\"twitter:label2\" content=\"Est. reading time\" \/>\n\t<meta name=\"twitter:data2\" content=\"1 minute\" \/>\n<script type=\"application\/ld+json\" class=\"yoast-schema-graph\">{\"@context\":\"https:\/\/schema.org\",\"@graph\":[{\"@type\":\"Article\",\"@id\":\"https:\/\/magdacesti.md\/?p=3187#article\",\"isPartOf\":{\"@id\":\"https:\/\/magdacesti.md\/?p=3187\"},\"author\":{\"name\":\"Olga Enachi\",\"@id\":\"https:\/\/magdacesti.md\/#\/schema\/person\/0068cad735c7cf3ab41a532515da0575\"},\"headline\":\"V\u0103 poftim la Hramul s. M\u0103gd\u0103ce\u0219ti\",\"datePublished\":\"2018-09-17T07:05:08+00:00\",\"dateModified\":\"2018-09-17T07:05:08+00:00\",\"mainEntityOfPage\":{\"@id\":\"https:\/\/magdacesti.md\/?p=3187\"},\"wordCount\":134,\"publisher\":{\"@id\":\"https:\/\/magdacesti.md\/#organization\"},\"image\":{\"@id\":\"https:\/\/magdacesti.md\/?p=3187#primaryimage\"},\"thumbnailUrl\":\"https:\/\/magdacesti.md\/wp-content\/uploads\/2018\/09\/AFIS-Magdacesti-2018-var-3-print-.jpeg\",\"articleSection\":[\"Stiri\"],\"inLanguage\":\"en-US\"},{\"@type\":\"WebPage\",\"@id\":\"https:\/\/magdacesti.md\/?p=3187\",\"url\":\"https:\/\/magdacesti.md\/?p=3187\",\"name\":\"V\u0103 poftim la Hramul s. M\u0103gd\u0103ce\u0219ti - M\u0103gd\u0103ce\u0219ti\",\"isPartOf\":{\"@id\":\"https:\/\/magdacesti.md\/#website\"},\"primaryImageOfPage\":{\"@id\":\"https:\/\/magdacesti.md\/?p=3187#primaryimage\"},\"image\":{\"@id\":\"https:\/\/magdacesti.md\/?p=3187#primaryimage\"},\"thumbnailUrl\":\"https:\/\/magdacesti.md\/wp-content\/uploads\/2018\/09\/AFIS-Magdacesti-2018-var-3-print-.jpeg\",\"datePublished\":\"2018-09-17T07:05:08+00:00\",\"dateModified\":\"2018-09-17T07:05:08+00:00\",\"description\":\"Bine ati venit pe pagina oficiala a Primariei Magdacesti.\",\"breadcrumb\":{\"@id\":\"https:\/\/magdacesti.md\/?p=3187#breadcrumb\"},\"inLanguage\":\"en-US\",\"potentialAction\":[{\"@type\":\"ReadAction\",\"target\":[\"https:\/\/magdacesti.md\/?p=3187\"]}]},{\"@type\":\"ImageObject\",\"inLanguage\":\"en-US\",\"@id\":\"https:\/\/magdacesti.md\/?p=3187#primaryimage\",\"url\":\"https:\/\/magdacesti.md\/wp-content\/uploads\/2018\/09\/AFIS-Magdacesti-2018-var-3-print-.jpeg\",\"contentUrl\":\"https:\/\/magdacesti.md\/wp-content\/uploads\/2018\/09\/AFIS-Magdacesti-2018-var-3-print-.jpeg\"},{\"@type\":\"BreadcrumbList\",\"@id\":\"https:\/\/magdacesti.md\/?p=3187#breadcrumb\",\"itemListElement\":[{\"@type\":\"ListItem\",\"position\":1,\"name\":\"Home\",\"item\":\"https:\/\/magdacesti.md\/\"},{\"@type\":\"ListItem\",\"position\":2,\"name\":\"V\u0103 poftim la Hramul s. M\u0103gd\u0103ce\u0219ti\"}]},{\"@type\":\"WebSite\",\"@id\":\"https:\/\/magdacesti.md\/#website\",\"url\":\"https:\/\/magdacesti.md\/\",\"name\":\"M\u0103gd\u0103ce\u0219ti\",\"description\":\"Un or\u0103\u0219el cu condi\u021bii decente de trai!\",\"publisher\":{\"@id\":\"https:\/\/magdacesti.md\/#organization\"},\"potentialAction\":[{\"@type\":\"SearchAction\",\"target\":{\"@type\":\"EntryPoint\",\"urlTemplate\":\"https:\/\/magdacesti.md\/?s={search_term_string}\"},\"query-input\":\"required name=search_term_string\"}],\"inLanguage\":\"en-US\"},{\"@type\":\"Organization\",\"@id\":\"https:\/\/magdacesti.md\/#organization\",\"name\":\"M\u0103gd\u0103ce\u0219ti\",\"url\":\"https:\/\/magdacesti.md\/\",\"logo\":{\"@type\":\"ImageObject\",\"inLanguage\":\"en-US\",\"@id\":\"https:\/\/magdacesti.md\/#\/schema\/logo\/image\/\",\"url\":\"https:\/\/magdacesti.md\/wp-content\/uploads\/2021\/03\/Foto-514-scaled.jpg\",\"contentUrl\":\"https:\/\/magdacesti.md\/wp-content\/uploads\/2021\/03\/Foto-514-scaled.jpg\",\"width\":2560,\"height\":1707,\"caption\":\"M\u0103gd\u0103ce\u0219ti\"},\"image\":{\"@id\":\"https:\/\/magdacesti.md\/#\/schema\/logo\/image\/\"},\"sameAs\":[\"https:\/\/www.facebook.com\/magdacesti.md\/\"]},{\"@type\":\"Person\",\"@id\":\"https:\/\/magdacesti.md\/#\/schema\/person\/0068cad735c7cf3ab41a532515da0575\",\"name\":\"Olga Enachi\",\"url\":\"https:\/\/magdacesti.md\/?author=2\"}]}<\/script>\n<!-- \/ Yoast SEO plugin. -->","yoast_head_json":{"title":"V\u0103 poftim la Hramul s. M\u0103gd\u0103ce\u0219ti - M\u0103gd\u0103ce\u0219ti","description":"Bine ati venit pe pagina oficiala a Primariei Magdacesti.","robots":{"index":"index","follow":"follow","max-snippet":"max-snippet:-1","max-image-preview":"max-image-preview:large","max-video-preview":"max-video-preview:-1"},"canonical":"https:\/\/magdacesti.md\/?p=3187","og_locale":"en_US","og_type":"article","og_title":"V\u0103 poftim la Hramul s. M\u0103gd\u0103ce\u0219ti - M\u0103gd\u0103ce\u0219ti","og_description":"Bine ati venit pe pagina oficiala a Primariei Magdacesti.","og_url":"https:\/\/magdacesti.md\/?p=3187","og_site_name":"M\u0103gd\u0103ce\u0219ti","article_publisher":"https:\/\/www.facebook.com\/magdacesti.md\/","article_published_time":"2018-09-17T07:05:08+00:00","og_image":[{"url":"https:\/\/magdacesti.md\/wp-content\/uploads\/2018\/09\/AFIS-Magdacesti-2018-var-3-print-.jpeg"}],"author":"Olga Enachi","twitter_card":"summary_large_image","twitter_misc":{"Written by":"Olga Enachi","Est. reading time":"1 minute"},"schema":{"@context":"https:\/\/schema.org","@graph":[{"@type":"Article","@id":"https:\/\/magdacesti.md\/?p=3187#article","isPartOf":{"@id":"https:\/\/magdacesti.md\/?p=3187"},"author":{"name":"Olga Enachi","@id":"https:\/\/magdacesti.md\/#\/schema\/person\/0068cad735c7cf3ab41a532515da0575"},"headline":"V\u0103 poftim la Hramul s. M\u0103gd\u0103ce\u0219ti","datePublished":"2018-09-17T07:05:08+00:00","dateModified":"2018-09-17T07:05:08+00:00","mainEntityOfPage":{"@id":"https:\/\/magdacesti.md\/?p=3187"},"wordCount":134,"publisher":{"@id":"https:\/\/magdacesti.md\/#organization"},"image":{"@id":"https:\/\/magdacesti.md\/?p=3187#primaryimage"},"thumbnailUrl":"https:\/\/magdacesti.md\/wp-content\/uploads\/2018\/09\/AFIS-Magdacesti-2018-var-3-print-.jpeg","articleSection":["Stiri"],"inLanguage":"en-US"},{"@type":"WebPage","@id":"https:\/\/magdacesti.md\/?p=3187","url":"https:\/\/magdacesti.md\/?p=3187","name":"V\u0103 poftim la Hramul s. M\u0103gd\u0103ce\u0219ti - M\u0103gd\u0103ce\u0219ti","isPartOf":{"@id":"https:\/\/magdacesti.md\/#website"},"primaryImageOfPage":{"@id":"https:\/\/magdacesti.md\/?p=3187#primaryimage"},"image":{"@id":"https:\/\/magdacesti.md\/?p=3187#primaryimage"},"thumbnailUrl":"https:\/\/magdacesti.md\/wp-content\/uploads\/2018\/09\/AFIS-Magdacesti-2018-var-3-print-.jpeg","datePublished":"2018-09-17T07:05:08+00:00","dateModified":"2018-09-17T07:05:08+00:00","description":"Bine ati venit pe pagina oficiala a Primariei Magdacesti.","breadcrumb":{"@id":"https:\/\/magdacesti.md\/?p=3187#breadcrumb"},"inLanguage":"en-US","potentialAction":[{"@type":"ReadAction","target":["https:\/\/magdacesti.md\/?p=3187"]}]},{"@type":"ImageObject","inLanguage":"en-US","@id":"https:\/\/magdacesti.md\/?p=3187#primaryimage","url":"https:\/\/magdacesti.md\/wp-content\/uploads\/2018\/09\/AFIS-Magdacesti-2018-var-3-print-.jpeg","contentUrl":"https:\/\/magdacesti.md\/wp-content\/uploads\/2018\/09\/AFIS-Magdacesti-2018-var-3-print-.jpeg"},{"@type":"BreadcrumbList","@id":"https:\/\/magdacesti.md\/?p=3187#breadcrumb","itemListElement":[{"@type":"ListItem","position":1,"name":"Home","item":"https:\/\/magdacesti.md\/"},{"@type":"ListItem","position":2,"name":"V\u0103 poftim la Hramul s. M\u0103gd\u0103ce\u0219ti"}]},{"@type":"WebSite","@id":"https:\/\/magdacesti.md\/#website","url":"https:\/\/magdacesti.md\/","name":"M\u0103gd\u0103ce\u0219ti","description":"Un or\u0103\u0219el cu condi\u021bii decente de trai!","publisher":{"@id":"https:\/\/magdacesti.md\/#organization"},"potentialAction":[{"@type":"SearchAction","target":{"@type":"EntryPoint","urlTemplate":"https:\/\/magdacesti.md\/?s={search_term_string}"},"query-input":"required name=search_term_string"}],"inLanguage":"en-US"},{"@type":"Organization","@id":"https:\/\/magdacesti.md\/#organization","name":"M\u0103gd\u0103ce\u0219ti","url":"https:\/\/magdacesti.md\/","logo":{"@type":"ImageObject","inLanguage":"en-US","@id":"https:\/\/magdacesti.md\/#\/schema\/logo\/image\/","url":"https:\/\/magdacesti.md\/wp-content\/uploads\/2021\/03\/Foto-514-scaled.jpg","contentUrl":"https:\/\/magdacesti.md\/wp-content\/uploads\/2021\/03\/Foto-514-scaled.jpg","width":2560,"height":1707,"caption":"M\u0103gd\u0103ce\u0219ti"},"image":{"@id":"https:\/\/magdacesti.md\/#\/schema\/logo\/image\/"},"sameAs":["https:\/\/www.facebook.com\/magdacesti.md\/"]},{"@type":"Person","@id":"https:\/\/magdacesti.md\/#\/schema\/person\/0068cad735c7cf3ab41a532515da0575","name":"Olga Enachi","url":"https:\/\/magdacesti.md\/?author=2"}]}},"_links":{"self":[{"href":"https:\/\/magdacesti.md\/index.php?rest_route=\/wp\/v2\/posts\/3187","targetHints":{"allow":["GET"]}}],"collection":[{"href":"https:\/\/magdacesti.md\/index.php?rest_route=\/wp\/v2\/posts"}],"about":[{"href":"https:\/\/magdacesti.md\/index.php?rest_route=\/wp\/v2\/types\/post"}],"author":[{"embeddable":true,"href":"https:\/\/magdacesti.md\/index.php?rest_route=\/wp\/v2\/users\/2"}],"replies":[{"embeddable":true,"href":"https:\/\/magdacesti.md\/index.php?rest_route=%2Fwp%2Fv2%2Fcomments&post=3187"}],"version-history":[{"count":0,"href":"https:\/\/magdacesti.md\/index.php?rest_route=\/wp\/v2\/posts\/3187\/revisions"}],"wp:attachment":[{"href":"https:\/\/magdacesti.md\/index.php?rest_route=%2Fwp%2Fv2%2Fmedia&parent=3187"}],"wp:term":[{"taxonomy":"category","embeddable":true,"href":"https:\/\/magdacesti.md\/index.php?rest_route=%2Fwp%2Fv2%2Fcategories&post=3187"},{"taxonomy":"post_tag","embeddable":true,"href":"https:\/\/magdacesti.md\/index.php?rest_route=%2Fwp%2Fv2%2Ftags&post=3187"}],"curies":[{"name":"wp","href":"https:\/\/api.w.org\/{rel}","templated":true}]}}