{"id":3200,"date":"2018-09-22T17:06:21","date_gmt":"2018-09-22T14:06:21","guid":{"rendered":"https:\/\/magdacesti.md\/?p=3200"},"modified":"2018-09-22T17:06:21","modified_gmt":"2018-09-22T14:06:21","slug":"veselie-si-voie-buna-la-hramul-s-magdacesti","status":"publish","type":"post","link":"https:\/\/magdacesti.md\/?p=3200","title":{"rendered":"Veselie \u0219i voie bun\u0103 la Hramul s.M\u0103gd\u0103ce\u0219ti"},"content":{"rendered":"<p><strong>S\u0103rb\u0103torirea Zilei satului M\u0103gd\u0103ce\u0219ti a devenit deja tradi\u021bie \u0219i chiar una dintre s\u0103rb\u0103torile preferate, la care particip\u0103 locuitorii \u0219i oaspe\u021bii localit\u0103\u021bii.<\/strong><\/p>\n<p><iframe loading=\"lazy\" src=\"\/\/www.youtube.com\/embed\/BaDkv-HbSFA\" width=\"560\" height=\"314\" allowfullscreen=\"allowfullscreen\"><\/iframe><!--more--><\/p>\n<p>Administra\u021bia public\u0103 local\u0103 a organizat \u0219i de-acest\u0103 dat\u0103 un eveniment grandios, care a adunat \u00een centrul localit\u0103\u021bii sute de petrec\u0103re\u021bi. De la mic la mare, cu to\u021bi au avut parte de surprize frumoase. Pentru cei mici a fost improvizat un mini parc de distrac\u021bie, de unde chicotele \u0219i g\u0103l\u0103gia se auzeau din dep\u0103rtare.<\/p>\n<p><img loading=\"lazy\" decoding=\"async\" class=\"aligncenter\" src=\"https:\/\/magdacesti.md\/wp-content\/uploads\/2018\/09\/IMG_7359.jpg\" alt=\"\" width=\"640\" height=\"480\" \/><br \/>\nDe o primire c\u0103lduroas\u0103 a beneficiat \u0219i reprezentantul legal al re\u021belelor de magazine &#8220;<strong><a class=\"_58cn\" href=\"https:\/\/www.facebook.com\/hashtag\/linella?source=feed_text&amp;__xts__%5B0%5D=68.ARAIhYZ0SyLdaEKVXxgmj23Fm06ABUyIL3BVAodC-8-81-E-rQiNKuVLSjeXVdtkqpigo0sn1O_SYa8CgGQlna9VELrUGqhH533CZGoYvrm4Ij09yY7rdnCyhirFnFg6eBlvzQWRhY6F5ZAcdGQjme2ZIAN3_q4t1AtFgMUBfm99rcTKLTQt&amp;__tn__=%2ANK-R\" data-ft=\"{&quot;type&quot;:104,&quot;tn&quot;:&quot;*N&quot;}\"><span class=\"_5afx\"><span class=\"_58cm\">Linella<\/span><\/span><\/a>&#8220;,<\/strong> care-\u0219i va deschide u\u0219ile \u00een s. M\u0103gd\u0103ce\u0219ti, la 27 septembrie 2018, ora 16.00. Cu aceast\u0103 ocazie, participan\u021bii la eveniment au beneficiat de cadouri \u0219i surprize gastronomice delicioase, dup\u0103 care, au fost imortalizate toate momentele unice \u00een spa\u021biul dedicat pentru Selfie Box.<br \/>\nS\u0103rb\u0103toarea a culminat cu un concert de zile mari, sus\u021binut de marele artist din Rom\u00e2nia, Ion Dol\u0103nescu \u0219i so\u021bia sa, Doini\u021ba, acompania\u021bi de Orchestra de muzic\u0103 popular\u0103 &#8220;Rapsozii Moldovei&#8221;, condus\u0103 de maestrul Vitalie Dorin.<\/p>\n<p><img loading=\"lazy\" decoding=\"async\" class=\"aligncenter\" src=\"https:\/\/magdacesti.md\/wp-content\/uploads\/2018\/09\/IMG_7381.jpg\" alt=\"\" width=\"640\" height=\"427\" \/><\/p>\n<p><img loading=\"lazy\" decoding=\"async\" class=\"aligncenter\" src=\"https:\/\/magdacesti.md\/wp-content\/uploads\/2018\/09\/IMG_7432.jpg\" alt=\"\" width=\"640\" height=\"480\" \/><\/p>\n<p><img loading=\"lazy\" decoding=\"async\" class=\"aligncenter\" src=\"https:\/\/magdacesti.md\/wp-content\/uploads\/2018\/09\/IMG_7460.jpg\" alt=\"\" width=\"640\" height=\"427\" \/><\/p>\n<p><img loading=\"lazy\" decoding=\"async\" class=\"aligncenter\" src=\"https:\/\/magdacesti.md\/wp-content\/uploads\/2018\/09\/IMG_7473.jpg\" alt=\"\" width=\"640\" height=\"428\" \/><\/p>\n<p>Ne-au onorat cu prezen\u021ba: Pre\u0219edintele raionului Criuleni, Veaceslav Burlac \u0219i o delega\u021bie din ora\u0219ul Mioveni, jud Arge\u0219, condus\u0103 de viceprimarul Viorel Costache.<\/p>\n<p><img loading=\"lazy\" decoding=\"async\" class=\"aligncenter\" src=\"https:\/\/magdacesti.md\/wp-content\/uploads\/2018\/09\/IMG_7326-1.jpg\" alt=\"\" width=\"640\" height=\"480\" \/><br \/>\nVa mul\u021bumim tuturor pentru ca a\u021bi fost al\u0103turi de noi!<\/p>\n","protected":false},"excerpt":{"rendered":"<p>S\u0103rb\u0103torirea Zilei satului M\u0103gd\u0103ce\u0219ti a devenit deja tradi\u021bie \u0219i chiar una dintre s\u0103rb\u0103torile preferate, la care particip\u0103 locuitorii \u0219i oaspe\u021bii localit\u0103\u021bii.<\/p>\n","protected":false},"author":2,"featured_media":0,"comment_status":"closed","ping_status":"closed","sticky":false,"template":"","format":"standard","meta":{"ngg_post_thumbnail":0,"footnotes":""},"categories":[4],"tags":[],"class_list":["post-3200","post","type-post","status-publish","format-standard","hentry","category-stiri"],"yoast_head":"<!-- This site is optimized with the Yoast SEO plugin v23.3 - https:\/\/yoast.com\/wordpress\/plugins\/seo\/ -->\n<title>Veselie \u0219i voie bun\u0103 la Hramul s.M\u0103gd\u0103ce\u0219ti - M\u0103gd\u0103ce\u0219ti<\/title>\n<meta name=\"description\" content=\"Bine ati venit pe pagina oficiala a Primariei Magdacesti.\" \/>\n<meta name=\"robots\" content=\"index, follow, max-snippet:-1, max-image-preview:large, max-video-preview:-1\" \/>\n<link rel=\"canonical\" href=\"https:\/\/magdacesti.md\/?p=3200\" \/>\n<meta property=\"og:locale\" content=\"en_US\" \/>\n<meta property=\"og:type\" content=\"article\" \/>\n<meta property=\"og:title\" content=\"Veselie \u0219i voie bun\u0103 la Hramul s.M\u0103gd\u0103ce\u0219ti - M\u0103gd\u0103ce\u0219ti\" \/>\n<meta property=\"og:description\" content=\"Bine ati venit pe pagina oficiala a Primariei Magdacesti.\" \/>\n<meta property=\"og:url\" content=\"https:\/\/magdacesti.md\/?p=3200\" \/>\n<meta property=\"og:site_name\" content=\"M\u0103gd\u0103ce\u0219ti\" \/>\n<meta property=\"article:publisher\" content=\"https:\/\/www.facebook.com\/magdacesti.md\/\" \/>\n<meta property=\"article:published_time\" content=\"2018-09-22T14:06:21+00:00\" \/>\n<meta property=\"og:image\" content=\"https:\/\/magdacesti.md\/wp-content\/uploads\/2018\/09\/IMG_7359.jpg\" \/>\n<meta name=\"author\" content=\"Olga Enachi\" \/>\n<meta name=\"twitter:card\" content=\"summary_large_image\" \/>\n<meta name=\"twitter:label1\" content=\"Written by\" \/>\n\t<meta name=\"twitter:data1\" content=\"Olga Enachi\" \/>\n\t<meta name=\"twitter:label2\" content=\"Est. reading time\" \/>\n\t<meta name=\"twitter:data2\" content=\"1 minute\" \/>\n<script type=\"application\/ld+json\" class=\"yoast-schema-graph\">{\"@context\":\"https:\/\/schema.org\",\"@graph\":[{\"@type\":\"Article\",\"@id\":\"https:\/\/magdacesti.md\/?p=3200#article\",\"isPartOf\":{\"@id\":\"https:\/\/magdacesti.md\/?p=3200\"},\"author\":{\"name\":\"Olga Enachi\",\"@id\":\"https:\/\/magdacesti.md\/#\/schema\/person\/0068cad735c7cf3ab41a532515da0575\"},\"headline\":\"Veselie \u0219i voie bun\u0103 la Hramul s.M\u0103gd\u0103ce\u0219ti\",\"datePublished\":\"2018-09-22T14:06:21+00:00\",\"dateModified\":\"2018-09-22T14:06:21+00:00\",\"mainEntityOfPage\":{\"@id\":\"https:\/\/magdacesti.md\/?p=3200\"},\"wordCount\":246,\"publisher\":{\"@id\":\"https:\/\/magdacesti.md\/#organization\"},\"image\":{\"@id\":\"https:\/\/magdacesti.md\/?p=3200#primaryimage\"},\"thumbnailUrl\":\"https:\/\/magdacesti.md\/wp-content\/uploads\/2018\/09\/IMG_7359.jpg\",\"articleSection\":[\"Stiri\"],\"inLanguage\":\"en-US\"},{\"@type\":\"WebPage\",\"@id\":\"https:\/\/magdacesti.md\/?p=3200\",\"url\":\"https:\/\/magdacesti.md\/?p=3200\",\"name\":\"Veselie \u0219i voie bun\u0103 la Hramul s.M\u0103gd\u0103ce\u0219ti - M\u0103gd\u0103ce\u0219ti\",\"isPartOf\":{\"@id\":\"https:\/\/magdacesti.md\/#website\"},\"primaryImageOfPage\":{\"@id\":\"https:\/\/magdacesti.md\/?p=3200#primaryimage\"},\"image\":{\"@id\":\"https:\/\/magdacesti.md\/?p=3200#primaryimage\"},\"thumbnailUrl\":\"https:\/\/magdacesti.md\/wp-content\/uploads\/2018\/09\/IMG_7359.jpg\",\"datePublished\":\"2018-09-22T14:06:21+00:00\",\"dateModified\":\"2018-09-22T14:06:21+00:00\",\"description\":\"Bine ati venit pe pagina oficiala a Primariei Magdacesti.\",\"breadcrumb\":{\"@id\":\"https:\/\/magdacesti.md\/?p=3200#breadcrumb\"},\"inLanguage\":\"en-US\",\"potentialAction\":[{\"@type\":\"ReadAction\",\"target\":[\"https:\/\/magdacesti.md\/?p=3200\"]}]},{\"@type\":\"ImageObject\",\"inLanguage\":\"en-US\",\"@id\":\"https:\/\/magdacesti.md\/?p=3200#primaryimage\",\"url\":\"https:\/\/magdacesti.md\/wp-content\/uploads\/2018\/09\/IMG_7359.jpg\",\"contentUrl\":\"https:\/\/magdacesti.md\/wp-content\/uploads\/2018\/09\/IMG_7359.jpg\"},{\"@type\":\"BreadcrumbList\",\"@id\":\"https:\/\/magdacesti.md\/?p=3200#breadcrumb\",\"itemListElement\":[{\"@type\":\"ListItem\",\"position\":1,\"name\":\"Home\",\"item\":\"https:\/\/magdacesti.md\/\"},{\"@type\":\"ListItem\",\"position\":2,\"name\":\"Veselie \u0219i voie bun\u0103 la Hramul s.M\u0103gd\u0103ce\u0219ti\"}]},{\"@type\":\"WebSite\",\"@id\":\"https:\/\/magdacesti.md\/#website\",\"url\":\"https:\/\/magdacesti.md\/\",\"name\":\"M\u0103gd\u0103ce\u0219ti\",\"description\":\"Un or\u0103\u0219el cu condi\u021bii decente de trai!\",\"publisher\":{\"@id\":\"https:\/\/magdacesti.md\/#organization\"},\"potentialAction\":[{\"@type\":\"SearchAction\",\"target\":{\"@type\":\"EntryPoint\",\"urlTemplate\":\"https:\/\/magdacesti.md\/?s={search_term_string}\"},\"query-input\":\"required name=search_term_string\"}],\"inLanguage\":\"en-US\"},{\"@type\":\"Organization\",\"@id\":\"https:\/\/magdacesti.md\/#organization\",\"name\":\"M\u0103gd\u0103ce\u0219ti\",\"url\":\"https:\/\/magdacesti.md\/\",\"logo\":{\"@type\":\"ImageObject\",\"inLanguage\":\"en-US\",\"@id\":\"https:\/\/magdacesti.md\/#\/schema\/logo\/image\/\",\"url\":\"https:\/\/magdacesti.md\/wp-content\/uploads\/2021\/03\/Foto-514-scaled.jpg\",\"contentUrl\":\"https:\/\/magdacesti.md\/wp-content\/uploads\/2021\/03\/Foto-514-scaled.jpg\",\"width\":2560,\"height\":1707,\"caption\":\"M\u0103gd\u0103ce\u0219ti\"},\"image\":{\"@id\":\"https:\/\/magdacesti.md\/#\/schema\/logo\/image\/\"},\"sameAs\":[\"https:\/\/www.facebook.com\/magdacesti.md\/\"]},{\"@type\":\"Person\",\"@id\":\"https:\/\/magdacesti.md\/#\/schema\/person\/0068cad735c7cf3ab41a532515da0575\",\"name\":\"Olga Enachi\",\"url\":\"https:\/\/magdacesti.md\/?author=2\"}]}<\/script>\n<!-- \/ Yoast SEO plugin. -->","yoast_head_json":{"title":"Veselie \u0219i voie bun\u0103 la Hramul s.M\u0103gd\u0103ce\u0219ti - M\u0103gd\u0103ce\u0219ti","description":"Bine ati venit pe pagina oficiala a Primariei Magdacesti.","robots":{"index":"index","follow":"follow","max-snippet":"max-snippet:-1","max-image-preview":"max-image-preview:large","max-video-preview":"max-video-preview:-1"},"canonical":"https:\/\/magdacesti.md\/?p=3200","og_locale":"en_US","og_type":"article","og_title":"Veselie \u0219i voie bun\u0103 la Hramul s.M\u0103gd\u0103ce\u0219ti - M\u0103gd\u0103ce\u0219ti","og_description":"Bine ati venit pe pagina oficiala a Primariei Magdacesti.","og_url":"https:\/\/magdacesti.md\/?p=3200","og_site_name":"M\u0103gd\u0103ce\u0219ti","article_publisher":"https:\/\/www.facebook.com\/magdacesti.md\/","article_published_time":"2018-09-22T14:06:21+00:00","og_image":[{"url":"https:\/\/magdacesti.md\/wp-content\/uploads\/2018\/09\/IMG_7359.jpg"}],"author":"Olga Enachi","twitter_card":"summary_large_image","twitter_misc":{"Written by":"Olga Enachi","Est. reading time":"1 minute"},"schema":{"@context":"https:\/\/schema.org","@graph":[{"@type":"Article","@id":"https:\/\/magdacesti.md\/?p=3200#article","isPartOf":{"@id":"https:\/\/magdacesti.md\/?p=3200"},"author":{"name":"Olga Enachi","@id":"https:\/\/magdacesti.md\/#\/schema\/person\/0068cad735c7cf3ab41a532515da0575"},"headline":"Veselie \u0219i voie bun\u0103 la Hramul s.M\u0103gd\u0103ce\u0219ti","datePublished":"2018-09-22T14:06:21+00:00","dateModified":"2018-09-22T14:06:21+00:00","mainEntityOfPage":{"@id":"https:\/\/magdacesti.md\/?p=3200"},"wordCount":246,"publisher":{"@id":"https:\/\/magdacesti.md\/#organization"},"image":{"@id":"https:\/\/magdacesti.md\/?p=3200#primaryimage"},"thumbnailUrl":"https:\/\/magdacesti.md\/wp-content\/uploads\/2018\/09\/IMG_7359.jpg","articleSection":["Stiri"],"inLanguage":"en-US"},{"@type":"WebPage","@id":"https:\/\/magdacesti.md\/?p=3200","url":"https:\/\/magdacesti.md\/?p=3200","name":"Veselie \u0219i voie bun\u0103 la Hramul s.M\u0103gd\u0103ce\u0219ti - M\u0103gd\u0103ce\u0219ti","isPartOf":{"@id":"https:\/\/magdacesti.md\/#website"},"primaryImageOfPage":{"@id":"https:\/\/magdacesti.md\/?p=3200#primaryimage"},"image":{"@id":"https:\/\/magdacesti.md\/?p=3200#primaryimage"},"thumbnailUrl":"https:\/\/magdacesti.md\/wp-content\/uploads\/2018\/09\/IMG_7359.jpg","datePublished":"2018-09-22T14:06:21+00:00","dateModified":"2018-09-22T14:06:21+00:00","description":"Bine ati venit pe pagina oficiala a Primariei Magdacesti.","breadcrumb":{"@id":"https:\/\/magdacesti.md\/?p=3200#breadcrumb"},"inLanguage":"en-US","potentialAction":[{"@type":"ReadAction","target":["https:\/\/magdacesti.md\/?p=3200"]}]},{"@type":"ImageObject","inLanguage":"en-US","@id":"https:\/\/magdacesti.md\/?p=3200#primaryimage","url":"https:\/\/magdacesti.md\/wp-content\/uploads\/2018\/09\/IMG_7359.jpg","contentUrl":"https:\/\/magdacesti.md\/wp-content\/uploads\/2018\/09\/IMG_7359.jpg"},{"@type":"BreadcrumbList","@id":"https:\/\/magdacesti.md\/?p=3200#breadcrumb","itemListElement":[{"@type":"ListItem","position":1,"name":"Home","item":"https:\/\/magdacesti.md\/"},{"@type":"ListItem","position":2,"name":"Veselie \u0219i voie bun\u0103 la Hramul s.M\u0103gd\u0103ce\u0219ti"}]},{"@type":"WebSite","@id":"https:\/\/magdacesti.md\/#website","url":"https:\/\/magdacesti.md\/","name":"M\u0103gd\u0103ce\u0219ti","description":"Un or\u0103\u0219el cu condi\u021bii decente de trai!","publisher":{"@id":"https:\/\/magdacesti.md\/#organization"},"potentialAction":[{"@type":"SearchAction","target":{"@type":"EntryPoint","urlTemplate":"https:\/\/magdacesti.md\/?s={search_term_string}"},"query-input":"required name=search_term_string"}],"inLanguage":"en-US"},{"@type":"Organization","@id":"https:\/\/magdacesti.md\/#organization","name":"M\u0103gd\u0103ce\u0219ti","url":"https:\/\/magdacesti.md\/","logo":{"@type":"ImageObject","inLanguage":"en-US","@id":"https:\/\/magdacesti.md\/#\/schema\/logo\/image\/","url":"https:\/\/magdacesti.md\/wp-content\/uploads\/2021\/03\/Foto-514-scaled.jpg","contentUrl":"https:\/\/magdacesti.md\/wp-content\/uploads\/2021\/03\/Foto-514-scaled.jpg","width":2560,"height":1707,"caption":"M\u0103gd\u0103ce\u0219ti"},"image":{"@id":"https:\/\/magdacesti.md\/#\/schema\/logo\/image\/"},"sameAs":["https:\/\/www.facebook.com\/magdacesti.md\/"]},{"@type":"Person","@id":"https:\/\/magdacesti.md\/#\/schema\/person\/0068cad735c7cf3ab41a532515da0575","name":"Olga Enachi","url":"https:\/\/magdacesti.md\/?author=2"}]}},"_links":{"self":[{"href":"https:\/\/magdacesti.md\/index.php?rest_route=\/wp\/v2\/posts\/3200","targetHints":{"allow":["GET"]}}],"collection":[{"href":"https:\/\/magdacesti.md\/index.php?rest_route=\/wp\/v2\/posts"}],"about":[{"href":"https:\/\/magdacesti.md\/index.php?rest_route=\/wp\/v2\/types\/post"}],"author":[{"embeddable":true,"href":"https:\/\/magdacesti.md\/index.php?rest_route=\/wp\/v2\/users\/2"}],"replies":[{"embeddable":true,"href":"https:\/\/magdacesti.md\/index.php?rest_route=%2Fwp%2Fv2%2Fcomments&post=3200"}],"version-history":[{"count":0,"href":"https:\/\/magdacesti.md\/index.php?rest_route=\/wp\/v2\/posts\/3200\/revisions"}],"wp:attachment":[{"href":"https:\/\/magdacesti.md\/index.php?rest_route=%2Fwp%2Fv2%2Fmedia&parent=3200"}],"wp:term":[{"taxonomy":"category","embeddable":true,"href":"https:\/\/magdacesti.md\/index.php?rest_route=%2Fwp%2Fv2%2Fcategories&post=3200"},{"taxonomy":"post_tag","embeddable":true,"href":"https:\/\/magdacesti.md\/index.php?rest_route=%2Fwp%2Fv2%2Ftags&post=3200"}],"curies":[{"name":"wp","href":"https:\/\/api.w.org\/{rel}","templated":true}]}}